{"id":39878,"date":"2010-11-20T14:26:49","date_gmt":"2010-11-20T13:26:49","guid":{"rendered":"http:\/\/www.visit-ulcinj.com\/blog\/?p=39878"},"modified":"2010-11-20T14:27:15","modified_gmt":"2010-11-20T13:27:15","slug":"tuna-shijon-jeten-e-nates-pa-bashkeshortin-rilindin","status":"publish","type":"post","link":"https:\/\/www.visit-ulcinj.com\/blog\/2010\/11\/20\/tuna-shijon-jeten-e-nates-pa-bashkeshortin-rilindin\/","title":{"rendered":"Tuna shijon jet\u00ebn e nat\u00ebs pa bashk\u00ebshortin, Rilindin"},"content":{"rendered":"<p><a href=\"http:\/\/www.visit-ulcinj.com\/blog\/wp-content\/uploads\/2010\/11\/Altuna-Sejdiu-1.jpg\"><img loading=\"lazy\" class=\"alignleft size-full wp-image-39879\" title=\"Altuna-Sejdiu-1\" src=\"http:\/\/www.visit-ulcinj.com\/blog\/wp-content\/uploads\/2010\/11\/Altuna-Sejdiu-1.jpg\" alt=\"\" width=\"508\" height=\"700\" \/><\/a><\/p>\n<p>P\u00ebr Tuna Sejdiun \u00ebsht\u00eb shkruar shum\u00eb, madje mund t\u00eb thuhet se ajo \u00ebsht\u00eb nj\u00eb nga k\u00ebng\u00ebtaret m\u00eb t\u00eb p\u00ebrfolura n\u00eb media. Por q\u00ebkur \u00ebsht\u00eb martuar, si\u00e7 duket, k\u00ebng\u00ebtarja tregohet m\u00eb e ndrojtur pasi ka filluar pun\u00ebn dhe aktivitetet muzikore tashm\u00eb si e martuar.<\/p>\n<p><a href=\"http:\/\/www.visit-ulcinj.com\/blog\/wp-content\/uploads\/2010\/11\/Altuna-Sejdiu-2.jpg\"><img loading=\"lazy\" class=\"alignleft size-full wp-image-39880\" title=\"Altuna-Sejdiu-2\" src=\"http:\/\/www.visit-ulcinj.com\/blog\/wp-content\/uploads\/2010\/11\/Altuna-Sejdiu-2.jpg\" alt=\"\" width=\"508\" height=\"339\" \/><\/a><\/p>\n<p>Realizimi i disa k\u00ebng\u00ebve t\u00eb reja ka rikthyer Tun\u00ebn n\u00eb qend\u00ebr t\u00eb v\u00ebmendjes n\u00eb ekranet muzikore. Disa koncerte t\u00eb realizuara n\u00eb diaspor\u00eb kan\u00eb shtuar dhe m\u00eb shum\u00eb financ\u00ebn e k\u00ebng\u00ebtares, nd\u00ebrkoh\u00eb flitet se p\u00ebr festat e fundvitit ka shum\u00eb gjasa q\u00eb ajo t\u00eb udh\u00ebtoj\u00eb drejt Shteteve t\u00eb Bashkuara p\u00ebr t\u00eb dh\u00ebn\u00eb koncerte atje dhe shum\u00eb mir\u00eb dihet q\u00eb atje pagesat jan\u00eb akoma m\u00eb t\u00eb larta, p\u00ebrderisa flitet p\u00ebr nj\u00eb k\u00ebng\u00ebtare t\u00eb njohur si Tuna, ku \u00e7mimi as q\u00eb b\u00ebhet fjal\u00eb. T\u00eb shtun\u00ebn e kaluar, Tuna \u00ebsht\u00eb par\u00eb e shoq\u00ebruar nga disa mikesha t\u00eb saj duke shijuar jet\u00ebn e nat\u00ebs pa prezenc\u00ebn e Rilindit, i cili, ndoshta p\u00ebr shkak t\u00eb obligimeve q\u00eb po shfaqen nga martesa, nganj\u00ebher\u00eb edhe nuk ka mund\u00ebsi t\u00eb dal\u00eb shpesh, duke mos e shoq\u00ebruar bashk\u00ebshorten.<\/p>\n<p><a href=\"http:\/\/www.visit-ulcinj.com\/blog\/wp-content\/uploads\/2010\/11\/Altuna-Sejdiu-3.jpg\"><img loading=\"lazy\" class=\"alignleft size-full wp-image-39881\" title=\"Altuna-Sejdiu-3\" src=\"http:\/\/www.visit-ulcinj.com\/blog\/wp-content\/uploads\/2010\/11\/Altuna-Sejdiu-3.jpg\" alt=\"\" width=\"508\" height=\"339\" \/><\/a><\/p>\n<p>Por kjo gj\u00eb nuk i ka sjell\u00eb problem k\u00ebng\u00ebtares seksi, pasi edhe n\u00eb shoq\u00ebri t\u00eb disa vajzave Tuna \u00ebsht\u00eb k\u00ebnaqur n\u00eb at\u00eb atmosfer\u00eb, duke treguar se ka ndryshuar edhe stilin e flok\u00ebve duke sjell\u00eb n\u00eb trend baluket e reja si disa kolege t\u00eb saj. E gjendur n\u00eb nj\u00eb emision televiziv, Tuna ka zbuluar ekskluzivisht disa t\u00eb path\u00ebna nga jeta e saj, duke treguar se p\u00ebr her\u00eb t\u00eb par\u00eb, vjeh\u00ebrrve u ka b\u00ebr\u00eb kafen\u00eb me krip\u00eb, nd\u00ebrsa puthjen e par\u00eb nga Rilindi e ka marr\u00eb n\u00ebn tingujt e nj\u00eb k\u00ebnge t\u00eb p\u00ebrzgjedhur nga \u00e7ifti.<br \/>\n<!--YouTube Error: bad URL entered--><\/p>\n","protected":false},"excerpt":{"rendered":"<p>P\u00ebr Tuna Sejdiun \u00ebsht\u00eb shkruar shum\u00eb, madje mund t\u00eb thuhet se ajo \u00ebsht\u00eb nj\u00eb nga k\u00ebng\u00ebtaret m\u00eb t\u00eb p\u00ebrfolura n\u00eb media. Por q\u00ebkur \u00ebsht\u00eb martuar, si\u00e7 duket, k\u00ebng\u00ebtarja tregohet m\u00eb e ndrojtur pasi ka filluar pun\u00ebn dhe aktivitetet muzikore tashm\u00eb si e martuar. Realizimi i disa k\u00ebng\u00ebve t\u00eb reja ka rikthyer Tun\u00ebn n\u00eb qend\u00ebr t\u00eb [&hellip;]<\/p>\n","protected":false},"author":1,"featured_media":0,"comment_status":"open","ping_status":"closed","sticky":false,"template":"","format":"standard","meta":{"spay_email":"","jetpack_publicize_message":"","jetpack_is_tweetstorm":false,"jetpack_publicize_feature_enabled":true},"categories":[1],"tags":[16133,4972,16380,13348,4970],"jetpack_publicize_connections":[],"yoast_head":"<!-- This site is optimized with the Yoast SEO plugin v19.1 - https:\/\/yoast.com\/wordpress\/plugins\/seo\/ -->\n<title>Tuna shijon jet\u00ebn e nat\u00ebs pa bashk\u00ebshortin, Rilindin - Lajme nga Ulqini<\/title>\n<meta name=\"description\" content=\"P\u00ebr Tuna Sejdiun \u00ebsht\u00eb shkruar shum\u00eb, madje mund t\u00eb thuhet se ajo \u00ebsht\u00eb nj\u00eb nga k\u00ebng\u00ebtaret m\u00eb t\u00eb p\u00ebrfolura n\u00eb media. Por q\u00ebkur \u00ebsht\u00eb martuar, si\u00e7 duket,\" \/>\n<meta name=\"robots\" content=\"index, follow, max-snippet:-1, max-image-preview:large, max-video-preview:-1\" \/>\n<link rel=\"canonical\" href=\"https:\/\/www.visit-ulcinj.com\/blog\/2010\/11\/20\/tuna-shijon-jeten-e-nates-pa-bashkeshortin-rilindin\/\" \/>\n<meta property=\"og:locale\" content=\"en_US\" \/>\n<meta property=\"og:type\" content=\"article\" \/>\n<meta property=\"og:title\" content=\"Tuna shijon jet\u00ebn e nat\u00ebs pa bashk\u00ebshortin, Rilindin - Lajme nga Ulqini\" \/>\n<meta property=\"og:description\" content=\"P\u00ebr Tuna Sejdiun \u00ebsht\u00eb shkruar shum\u00eb, madje mund t\u00eb thuhet se ajo \u00ebsht\u00eb nj\u00eb nga k\u00ebng\u00ebtaret m\u00eb t\u00eb p\u00ebrfolura n\u00eb media. Por q\u00ebkur \u00ebsht\u00eb martuar, si\u00e7 duket,\" \/>\n<meta property=\"og:url\" content=\"https:\/\/www.visit-ulcinj.com\/blog\/2010\/11\/20\/tuna-shijon-jeten-e-nates-pa-bashkeshortin-rilindin\/\" \/>\n<meta property=\"og:site_name\" content=\"Lajme nga Ulqini\" \/>\n<meta property=\"article:published_time\" content=\"2010-11-20T13:26:49+00:00\" \/>\n<meta property=\"article:modified_time\" content=\"2010-11-20T13:27:15+00:00\" \/>\n<meta property=\"og:image\" content=\"http:\/\/www.visit-ulcinj.com\/blog\/wp-content\/uploads\/2010\/11\/Altuna-Sejdiu-1.jpg\" \/>\n<meta name=\"twitter:label1\" content=\"Written by\" \/>\n\t<meta name=\"twitter:data1\" content=\"ulqini\" \/>\n\t<meta name=\"twitter:label2\" content=\"Est. reading time\" \/>\n\t<meta name=\"twitter:data2\" content=\"2 minutes\" \/>\n<script type=\"application\/ld+json\" class=\"yoast-schema-graph\">{\"@context\":\"https:\/\/schema.org\",\"@graph\":[{\"@type\":\"WebSite\",\"@id\":\"https:\/\/www.visit-ulcinj.com\/blog\/#website\",\"url\":\"https:\/\/www.visit-ulcinj.com\/blog\/\",\"name\":\"Lajme nga Ulqini\",\"description\":\"Lajme,Vijesti,Ulqini,Ulqin,Crna Gora,Mali i Zi\",\"potentialAction\":[{\"@type\":\"SearchAction\",\"target\":{\"@type\":\"EntryPoint\",\"urlTemplate\":\"https:\/\/www.visit-ulcinj.com\/blog\/?s={search_term_string}\"},\"query-input\":\"required name=search_term_string\"}],\"inLanguage\":\"en-US\"},{\"@type\":\"ImageObject\",\"inLanguage\":\"en-US\",\"@id\":\"https:\/\/www.visit-ulcinj.com\/blog\/2010\/11\/20\/tuna-shijon-jeten-e-nates-pa-bashkeshortin-rilindin\/#primaryimage\",\"url\":\"http:\/\/www.visit-ulcinj.com\/blog\/wp-content\/uploads\/2010\/11\/Altuna-Sejdiu-1.jpg\",\"contentUrl\":\"http:\/\/www.visit-ulcinj.com\/blog\/wp-content\/uploads\/2010\/11\/Altuna-Sejdiu-1.jpg\"},{\"@type\":\"WebPage\",\"@id\":\"https:\/\/www.visit-ulcinj.com\/blog\/2010\/11\/20\/tuna-shijon-jeten-e-nates-pa-bashkeshortin-rilindin\/#webpage\",\"url\":\"https:\/\/www.visit-ulcinj.com\/blog\/2010\/11\/20\/tuna-shijon-jeten-e-nates-pa-bashkeshortin-rilindin\/\",\"name\":\"Tuna shijon jet\u00ebn e nat\u00ebs pa bashk\u00ebshortin, Rilindin - Lajme nga Ulqini\",\"isPartOf\":{\"@id\":\"https:\/\/www.visit-ulcinj.com\/blog\/#website\"},\"primaryImageOfPage\":{\"@id\":\"https:\/\/www.visit-ulcinj.com\/blog\/2010\/11\/20\/tuna-shijon-jeten-e-nates-pa-bashkeshortin-rilindin\/#primaryimage\"},\"datePublished\":\"2010-11-20T13:26:49+00:00\",\"dateModified\":\"2010-11-20T13:27:15+00:00\",\"author\":{\"@id\":\"https:\/\/www.visit-ulcinj.com\/blog\/#\/schema\/person\/dcab619c614d3038751c63bc2aadc06d\"},\"description\":\"P\u00ebr Tuna Sejdiun \u00ebsht\u00eb shkruar shum\u00eb, madje mund t\u00eb thuhet se ajo \u00ebsht\u00eb nj\u00eb nga k\u00ebng\u00ebtaret m\u00eb t\u00eb p\u00ebrfolura n\u00eb media. Por q\u00ebkur \u00ebsht\u00eb martuar, si\u00e7 duket,\",\"breadcrumb\":{\"@id\":\"https:\/\/www.visit-ulcinj.com\/blog\/2010\/11\/20\/tuna-shijon-jeten-e-nates-pa-bashkeshortin-rilindin\/#breadcrumb\"},\"inLanguage\":\"en-US\",\"potentialAction\":[{\"@type\":\"ReadAction\",\"target\":[\"https:\/\/www.visit-ulcinj.com\/blog\/2010\/11\/20\/tuna-shijon-jeten-e-nates-pa-bashkeshortin-rilindin\/\"]}]},{\"@type\":\"BreadcrumbList\",\"@id\":\"https:\/\/www.visit-ulcinj.com\/blog\/2010\/11\/20\/tuna-shijon-jeten-e-nates-pa-bashkeshortin-rilindin\/#breadcrumb\",\"itemListElement\":[{\"@type\":\"ListItem\",\"position\":1,\"name\":\"Tuna shijon jet\u00ebn e nat\u00ebs pa bashk\u00ebshortin, Rilindin\"}]},{\"@type\":\"Person\",\"@id\":\"https:\/\/www.visit-ulcinj.com\/blog\/#\/schema\/person\/dcab619c614d3038751c63bc2aadc06d\",\"name\":\"ulqini\",\"sameAs\":[\"http:\/\/www.visit-ulcinj.com\"],\"url\":\"https:\/\/www.visit-ulcinj.com\/blog\/author\/admin\/\"}]}<\/script>\n<!-- \/ Yoast SEO plugin. -->","yoast_head_json":{"title":"Tuna shijon jet\u00ebn e nat\u00ebs pa bashk\u00ebshortin, Rilindin - Lajme nga Ulqini","description":"P\u00ebr Tuna Sejdiun \u00ebsht\u00eb shkruar shum\u00eb, madje mund t\u00eb thuhet se ajo \u00ebsht\u00eb nj\u00eb nga k\u00ebng\u00ebtaret m\u00eb t\u00eb p\u00ebrfolura n\u00eb media. Por q\u00ebkur \u00ebsht\u00eb martuar, si\u00e7 duket,","robots":{"index":"index","follow":"follow","max-snippet":"max-snippet:-1","max-image-preview":"max-image-preview:large","max-video-preview":"max-video-preview:-1"},"canonical":"https:\/\/www.visit-ulcinj.com\/blog\/2010\/11\/20\/tuna-shijon-jeten-e-nates-pa-bashkeshortin-rilindin\/","og_locale":"en_US","og_type":"article","og_title":"Tuna shijon jet\u00ebn e nat\u00ebs pa bashk\u00ebshortin, Rilindin - Lajme nga Ulqini","og_description":"P\u00ebr Tuna Sejdiun \u00ebsht\u00eb shkruar shum\u00eb, madje mund t\u00eb thuhet se ajo \u00ebsht\u00eb nj\u00eb nga k\u00ebng\u00ebtaret m\u00eb t\u00eb p\u00ebrfolura n\u00eb media. Por q\u00ebkur \u00ebsht\u00eb martuar, si\u00e7 duket,","og_url":"https:\/\/www.visit-ulcinj.com\/blog\/2010\/11\/20\/tuna-shijon-jeten-e-nates-pa-bashkeshortin-rilindin\/","og_site_name":"Lajme nga Ulqini","article_published_time":"2010-11-20T13:26:49+00:00","article_modified_time":"2010-11-20T13:27:15+00:00","og_image":[{"url":"http:\/\/www.visit-ulcinj.com\/blog\/wp-content\/uploads\/2010\/11\/Altuna-Sejdiu-1.jpg"}],"twitter_misc":{"Written by":"ulqini","Est. reading time":"2 minutes"},"schema":{"@context":"https:\/\/schema.org","@graph":[{"@type":"WebSite","@id":"https:\/\/www.visit-ulcinj.com\/blog\/#website","url":"https:\/\/www.visit-ulcinj.com\/blog\/","name":"Lajme nga Ulqini","description":"Lajme,Vijesti,Ulqini,Ulqin,Crna Gora,Mali i Zi","potentialAction":[{"@type":"SearchAction","target":{"@type":"EntryPoint","urlTemplate":"https:\/\/www.visit-ulcinj.com\/blog\/?s={search_term_string}"},"query-input":"required name=search_term_string"}],"inLanguage":"en-US"},{"@type":"ImageObject","inLanguage":"en-US","@id":"https:\/\/www.visit-ulcinj.com\/blog\/2010\/11\/20\/tuna-shijon-jeten-e-nates-pa-bashkeshortin-rilindin\/#primaryimage","url":"http:\/\/www.visit-ulcinj.com\/blog\/wp-content\/uploads\/2010\/11\/Altuna-Sejdiu-1.jpg","contentUrl":"http:\/\/www.visit-ulcinj.com\/blog\/wp-content\/uploads\/2010\/11\/Altuna-Sejdiu-1.jpg"},{"@type":"WebPage","@id":"https:\/\/www.visit-ulcinj.com\/blog\/2010\/11\/20\/tuna-shijon-jeten-e-nates-pa-bashkeshortin-rilindin\/#webpage","url":"https:\/\/www.visit-ulcinj.com\/blog\/2010\/11\/20\/tuna-shijon-jeten-e-nates-pa-bashkeshortin-rilindin\/","name":"Tuna shijon jet\u00ebn e nat\u00ebs pa bashk\u00ebshortin, Rilindin - Lajme nga Ulqini","isPartOf":{"@id":"https:\/\/www.visit-ulcinj.com\/blog\/#website"},"primaryImageOfPage":{"@id":"https:\/\/www.visit-ulcinj.com\/blog\/2010\/11\/20\/tuna-shijon-jeten-e-nates-pa-bashkeshortin-rilindin\/#primaryimage"},"datePublished":"2010-11-20T13:26:49+00:00","dateModified":"2010-11-20T13:27:15+00:00","author":{"@id":"https:\/\/www.visit-ulcinj.com\/blog\/#\/schema\/person\/dcab619c614d3038751c63bc2aadc06d"},"description":"P\u00ebr Tuna Sejdiun \u00ebsht\u00eb shkruar shum\u00eb, madje mund t\u00eb thuhet se ajo \u00ebsht\u00eb nj\u00eb nga k\u00ebng\u00ebtaret m\u00eb t\u00eb p\u00ebrfolura n\u00eb media. Por q\u00ebkur \u00ebsht\u00eb martuar, si\u00e7 duket,","breadcrumb":{"@id":"https:\/\/www.visit-ulcinj.com\/blog\/2010\/11\/20\/tuna-shijon-jeten-e-nates-pa-bashkeshortin-rilindin\/#breadcrumb"},"inLanguage":"en-US","potentialAction":[{"@type":"ReadAction","target":["https:\/\/www.visit-ulcinj.com\/blog\/2010\/11\/20\/tuna-shijon-jeten-e-nates-pa-bashkeshortin-rilindin\/"]}]},{"@type":"BreadcrumbList","@id":"https:\/\/www.visit-ulcinj.com\/blog\/2010\/11\/20\/tuna-shijon-jeten-e-nates-pa-bashkeshortin-rilindin\/#breadcrumb","itemListElement":[{"@type":"ListItem","position":1,"name":"Tuna shijon jet\u00ebn e nat\u00ebs pa bashk\u00ebshortin, Rilindin"}]},{"@type":"Person","@id":"https:\/\/www.visit-ulcinj.com\/blog\/#\/schema\/person\/dcab619c614d3038751c63bc2aadc06d","name":"ulqini","sameAs":["http:\/\/www.visit-ulcinj.com"],"url":"https:\/\/www.visit-ulcinj.com\/blog\/author\/admin\/"}]}},"jetpack_featured_media_url":"","jetpack_sharing_enabled":true,"jetpack_shortlink":"https:\/\/wp.me\/pe6lTn-anc","_links":{"self":[{"href":"https:\/\/www.visit-ulcinj.com\/blog\/wp-json\/wp\/v2\/posts\/39878"}],"collection":[{"href":"https:\/\/www.visit-ulcinj.com\/blog\/wp-json\/wp\/v2\/posts"}],"about":[{"href":"https:\/\/www.visit-ulcinj.com\/blog\/wp-json\/wp\/v2\/types\/post"}],"author":[{"embeddable":true,"href":"https:\/\/www.visit-ulcinj.com\/blog\/wp-json\/wp\/v2\/users\/1"}],"replies":[{"embeddable":true,"href":"https:\/\/www.visit-ulcinj.com\/blog\/wp-json\/wp\/v2\/comments?post=39878"}],"version-history":[{"count":0,"href":"https:\/\/www.visit-ulcinj.com\/blog\/wp-json\/wp\/v2\/posts\/39878\/revisions"}],"wp:attachment":[{"href":"https:\/\/www.visit-ulcinj.com\/blog\/wp-json\/wp\/v2\/media?parent=39878"}],"wp:term":[{"taxonomy":"category","embeddable":true,"href":"https:\/\/www.visit-ulcinj.com\/blog\/wp-json\/wp\/v2\/categories?post=39878"},{"taxonomy":"post_tag","embeddable":true,"href":"https:\/\/www.visit-ulcinj.com\/blog\/wp-json\/wp\/v2\/tags?post=39878"}],"curies":[{"name":"wp","href":"https:\/\/api.w.org\/{rel}","templated":true}]}}