{"id":39892,"date":"2010-11-20T16:59:11","date_gmt":"2010-11-20T15:59:11","guid":{"rendered":"http:\/\/www.visit-ulcinj.com\/blog\/?p=39892"},"modified":"2010-11-20T17:39:13","modified_gmt":"2010-11-20T16:39:13","slug":"edita-abdieski-prej-nenes-ulqinakefiton-vendin-e-pare-ne-x-factor","status":"publish","type":"post","link":"https:\/\/www.visit-ulcinj.com\/blog\/2010\/11\/20\/edita-abdieski-prej-nenes-ulqinakefiton-vendin-e-pare-ne-x-factor\/","title":{"rendered":"Edita Abdieski prej n\u00ebnes Ulqinake,fiton vendin e par\u00eb n\u00eb X-Factor"},"content":{"rendered":"<p><a href=\"http:\/\/www.visit-ulcinj.com\/blog\/wp-content\/uploads\/2010\/11\/Edita-Abdieski.jpg\"><img loading=\"lazy\" class=\"alignleft size-full wp-image-39893\" title=\"Edita Abdieski\" src=\"http:\/\/www.visit-ulcinj.com\/blog\/wp-content\/uploads\/2010\/11\/Edita-Abdieski.jpg\" alt=\"\" width=\"490\" height=\"390\" \/><\/a>Edita Abdieski nga Maqedonia nga nana e saj Haxhibrahimi nga Ulqini,morri pjes n\u00eb emisionin ma t\u00eb shikuara n\u00eb gjermani \u00a0\u00abX-Factor\u00bb ku shikimi ka tejkaluar 7 million shikues,dhe fitoj\u00eb vendin e par\u00eb nga gjith\u00eb konkurentit q\u00eb ishin aty si pjestar.<\/p>\n<p>P\u00ebr mos ta zgjasim m\u00eb jena duke ndjequr intervisten n\u00eb gjuhen gjermane nga Edita Abdieski p\u00ebr gazet\u00ebn n\u00eb fjal\u00eb.P\u00ebr ma tep\u00ebr mund te shikoni gazet\u00ebn.<\/p>\n<p><a href=\"http:\/\/www.schweizer-illustrierte.ch\/prominente\/edita-abdieski-aus-bern-loft-gekauft-dank-x-factor-wieder-fluessig\" target=\"_blank\">www.schweizer-illustrierte.ch<\/a><\/p>\n<p><strong>Edita Abdieski \u00ab\u2039X-Factor\u203a passt besser zu mir als \u2039DSDS\u203a\u00bb<\/strong><\/p>\n<p>Die Bernerin Edita Abdieski brachte die \u00abX-Factor\u00bb-Jury um Sarah Connor mit ihrem Auftritt zum Schmelzen. SI online verr\u00e4t die S\u00e4ngerin, dass es f\u00fcr sie bei \u00abDeutschland sucht den Superstar\u00bb nicht gereicht hat und warum in ihrem Leben f\u00fcr die Liebe kein Platz ist.<\/p>\n<p>11. November 2010 aktuell: <strong><a href=\"http:\/\/www.schweizer-illustrierte.ch\/prominente\/edita-abdieski-x-factor-gewinnerin-im-interview-ueber-bern-musik-und-liebe\">Das grosse Interview mit Siegerin Edita gibt&#8217;s hier.<\/a><\/strong><\/p>\n<p>\u00abWo warst du die ganze Zeit?\u00bb, fragt Jurorin Sarah Connor, 30, letzten Freitag nach dem Auftritt von Edita Abdieski, 25, bei der Casting-Show \u00abX-Factor\u00bb. \u00abIch hab auf euch gewartet\u00bb, antwortet die Bernerin prompt. Und das meinte sie w\u00f6rtlich, wie sie jetzt gegen\u00fcber SI online erz\u00e4hlt: <strong>\u00abEigentlich hasse ich ja Vorsingen und Castings.\u00bb<\/strong><\/p>\n<p>Auch Casting-Shows habe sie nie gemocht. Trotzdem zieht sie <strong>jetzt ins \u00abBootcamp\u00bb ein und<\/strong> <strong><a href=\"http:\/\/www.schweizer-illustrierte.ch\/tv-shows\/bernerin-edita-schaffts-bei-x-factor-ins-juryhaus\">singt Woche f\u00fcr Woche um einen Plattenvertrag.<\/a> <\/strong>\u00abDas \u2039X-Factor\u203a-Konzept gef\u00e4llt mir.  weiss Edita. <strong><a href=\"http:\/\/www.schweizer-illustrierte.ch\/tv-shows\/x-factor-edita-abdieski-aus-bern-ist-im-finale\">Hier war ich mir von Anfang an sicher, es passt einfach besser zu mir\u00bb,<\/a>Bei \u00abDeutschland sucht den Superstar\u00bb<\/strong> sei das nicht so gewesen. Auch dort versuchte sie ihr Gl\u00fcck, <strong>scheiterte aber bereits in den Vorcastings.<\/strong><\/p>\n<p>Die Vollblut-Musikerin scheint <strong><a href=\"http:\/\/www.schweizer-illustrierte.ch\/tv-shows\/die-jury-ist-ein-klasse-team-noch\">bei Connor und Co. <\/a><\/strong>Eindruck gemacht zu haben. Das hat Edita schon w\u00e4hrend des Singens gemerkt:\u00a0\u00abIch war zwar total nerv\u00f6s, aber habe schnell gemerkt, dass es der Jury gef\u00e4llt.\u00bb Kein Wunder:\u00a0<strong>Die Bernerin hat eine Musical-Ausbildung, <\/strong>singt regelm\u00e4ssig mit Bands und lebt nur f\u00fcr die Musik. Deshalb sei sie auch nach K\u00f6ln gezogen, erz\u00e4hlt sie, <a href=\"http:\/\/www.schweizer-illustrierte.ch\/tv-shows\/x-factor-edita-abdieski-%C3%BCber-fans-und-die-schweiz\"><strong>\u00abdaf\u00fcr dass mir die Musik das liebste ist, <\/strong><strong>war Bern einfach zu klein\u00bb.<\/strong><\/a> Genau wie ihr Herz. \u00abF\u00fcr einen Freund bleibt im Moment schlicht kein Platz, f\u00fcr die Musik w\u00fcrde ich alles aufgeben und ich vermisse nichts.\u00bb<\/p>\n<p><em>Die ersten Eindr\u00fccke aus dem \u00abBootcamp\u00bb sind ab Dienstag, 31. August 2010 bei \u00abX-Factor\u00bb auf VOX zu sehen. Am 21. September 2010 beginnen die Live-Shows, in denen jeweils 3 Kandidaten aus 3 Camps gegeneinander antreten.<\/em><a href=\"http:\/\/www.schweizer-illustrierte.ch\/prominente\/edita-abdieski-aus-bern-loft-gekauft-dank-x-factor-wieder-fluessig\" target=\"_blank\"><em><\/em><\/a><\/p>\n<p><a href=\"http:\/\/www.schweizer-illustrierte.ch\/prominente\/edita-abdieski-aus-bern-loft-gekauft-dank-x-factor-wieder-fluessig\" target=\"_blank\"><em><\/em><strong>www.schweizer-illustrierte.ch<\/strong><\/a><\/p>\n<p><br \/>\n<!--YouTube Error: bad URL entered--><\/p>\n","protected":false},"excerpt":{"rendered":"<p>Edita Abdieski nga Maqedonia nga nana e saj Haxhibrahimi nga Ulqini,morri pjes n\u00eb emisionin ma t\u00eb shikuara n\u00eb gjermani \u00a0\u00abX-Factor\u00bb ku shikimi ka tejkaluar 7 million shikues,dhe fitoj\u00eb vendin e par\u00eb nga gjith\u00eb konkurentit q\u00eb ishin aty si pjestar. P\u00ebr mos ta zgjasim m\u00eb jena duke ndjequr intervisten n\u00eb gjuhen gjermane nga Edita Abdieski p\u00ebr [&hellip;]<\/p>\n","protected":false},"author":1,"featured_media":0,"comment_status":"open","ping_status":"closed","sticky":false,"template":"","format":"standard","meta":{"spay_email":"","jetpack_publicize_message":"","jetpack_is_tweetstorm":false,"jetpack_publicize_feature_enabled":true},"categories":[1],"tags":[16381,16382],"jetpack_publicize_connections":[],"yoast_head":"<!-- This site is optimized with the Yoast SEO plugin v19.1 - https:\/\/yoast.com\/wordpress\/plugins\/seo\/ -->\n<title>Edita Abdieski prej n\u00ebnes Ulqinake,fiton vendin e par\u00eb n\u00eb X-Factor - Lajme nga Ulqini<\/title>\n<meta name=\"description\" content=\"Edita Abdieski nga Maqedonia nga nana e saj Haxhibrahimi nga Ulqini,morri pjes n\u00eb emisionin ma t\u00eb shikuara n\u00eb gjermani \u00a0\u00abX-Factor\u00bb ku shikimi ka tejkaluar\" \/>\n<meta name=\"robots\" content=\"index, follow, max-snippet:-1, max-image-preview:large, max-video-preview:-1\" \/>\n<link rel=\"canonical\" href=\"https:\/\/www.visit-ulcinj.com\/blog\/2010\/11\/20\/edita-abdieski-prej-nenes-ulqinakefiton-vendin-e-pare-ne-x-factor\/\" \/>\n<meta property=\"og:locale\" content=\"en_US\" \/>\n<meta property=\"og:type\" content=\"article\" \/>\n<meta property=\"og:title\" content=\"Edita Abdieski prej n\u00ebnes Ulqinake,fiton vendin e par\u00eb n\u00eb X-Factor - Lajme nga Ulqini\" \/>\n<meta property=\"og:description\" content=\"Edita Abdieski nga Maqedonia nga nana e saj Haxhibrahimi nga Ulqini,morri pjes n\u00eb emisionin ma t\u00eb shikuara n\u00eb gjermani \u00a0\u00abX-Factor\u00bb ku shikimi ka tejkaluar\" \/>\n<meta property=\"og:url\" content=\"https:\/\/www.visit-ulcinj.com\/blog\/2010\/11\/20\/edita-abdieski-prej-nenes-ulqinakefiton-vendin-e-pare-ne-x-factor\/\" \/>\n<meta property=\"og:site_name\" content=\"Lajme nga Ulqini\" \/>\n<meta property=\"article:published_time\" content=\"2010-11-20T15:59:11+00:00\" \/>\n<meta property=\"article:modified_time\" content=\"2010-11-20T16:39:13+00:00\" \/>\n<meta property=\"og:image\" content=\"https:\/\/www.visit-ulcinj.com\/blog\/wp-content\/uploads\/2010\/11\/Edita-Abdieski-150x150.jpg\" \/>\n<meta name=\"twitter:label1\" content=\"Written by\" \/>\n\t<meta name=\"twitter:data1\" content=\"ulqini\" \/>\n\t<meta name=\"twitter:label2\" content=\"Est. reading time\" \/>\n\t<meta name=\"twitter:data2\" content=\"2 minutes\" \/>\n<script type=\"application\/ld+json\" class=\"yoast-schema-graph\">{\"@context\":\"https:\/\/schema.org\",\"@graph\":[{\"@type\":\"WebSite\",\"@id\":\"https:\/\/www.visit-ulcinj.com\/blog\/#website\",\"url\":\"https:\/\/www.visit-ulcinj.com\/blog\/\",\"name\":\"Lajme nga Ulqini\",\"description\":\"Lajme,Vijesti,Ulqini,Ulqin,Crna Gora,Mali i Zi\",\"potentialAction\":[{\"@type\":\"SearchAction\",\"target\":{\"@type\":\"EntryPoint\",\"urlTemplate\":\"https:\/\/www.visit-ulcinj.com\/blog\/?s={search_term_string}\"},\"query-input\":\"required name=search_term_string\"}],\"inLanguage\":\"en-US\"},{\"@type\":\"ImageObject\",\"inLanguage\":\"en-US\",\"@id\":\"https:\/\/www.visit-ulcinj.com\/blog\/2010\/11\/20\/edita-abdieski-prej-nenes-ulqinakefiton-vendin-e-pare-ne-x-factor\/#primaryimage\",\"url\":\"http:\/\/www.visit-ulcinj.com\/blog\/wp-content\/uploads\/2010\/11\/Edita-Abdieski.jpg\",\"contentUrl\":\"http:\/\/www.visit-ulcinj.com\/blog\/wp-content\/uploads\/2010\/11\/Edita-Abdieski.jpg\"},{\"@type\":\"WebPage\",\"@id\":\"https:\/\/www.visit-ulcinj.com\/blog\/2010\/11\/20\/edita-abdieski-prej-nenes-ulqinakefiton-vendin-e-pare-ne-x-factor\/#webpage\",\"url\":\"https:\/\/www.visit-ulcinj.com\/blog\/2010\/11\/20\/edita-abdieski-prej-nenes-ulqinakefiton-vendin-e-pare-ne-x-factor\/\",\"name\":\"Edita Abdieski prej n\u00ebnes Ulqinake,fiton vendin e par\u00eb n\u00eb X-Factor - Lajme nga Ulqini\",\"isPartOf\":{\"@id\":\"https:\/\/www.visit-ulcinj.com\/blog\/#website\"},\"primaryImageOfPage\":{\"@id\":\"https:\/\/www.visit-ulcinj.com\/blog\/2010\/11\/20\/edita-abdieski-prej-nenes-ulqinakefiton-vendin-e-pare-ne-x-factor\/#primaryimage\"},\"datePublished\":\"2010-11-20T15:59:11+00:00\",\"dateModified\":\"2010-11-20T16:39:13+00:00\",\"author\":{\"@id\":\"https:\/\/www.visit-ulcinj.com\/blog\/#\/schema\/person\/dcab619c614d3038751c63bc2aadc06d\"},\"description\":\"Edita Abdieski nga Maqedonia nga nana e saj Haxhibrahimi nga Ulqini,morri pjes n\u00eb emisionin ma t\u00eb shikuara n\u00eb gjermani \u00a0\u00abX-Factor\u00bb ku shikimi ka tejkaluar\",\"breadcrumb\":{\"@id\":\"https:\/\/www.visit-ulcinj.com\/blog\/2010\/11\/20\/edita-abdieski-prej-nenes-ulqinakefiton-vendin-e-pare-ne-x-factor\/#breadcrumb\"},\"inLanguage\":\"en-US\",\"potentialAction\":[{\"@type\":\"ReadAction\",\"target\":[\"https:\/\/www.visit-ulcinj.com\/blog\/2010\/11\/20\/edita-abdieski-prej-nenes-ulqinakefiton-vendin-e-pare-ne-x-factor\/\"]}]},{\"@type\":\"BreadcrumbList\",\"@id\":\"https:\/\/www.visit-ulcinj.com\/blog\/2010\/11\/20\/edita-abdieski-prej-nenes-ulqinakefiton-vendin-e-pare-ne-x-factor\/#breadcrumb\",\"itemListElement\":[{\"@type\":\"ListItem\",\"position\":1,\"name\":\"Edita Abdieski prej n\u00ebnes Ulqinake,fiton vendin e par\u00eb n\u00eb X-Factor\"}]},{\"@type\":\"Person\",\"@id\":\"https:\/\/www.visit-ulcinj.com\/blog\/#\/schema\/person\/dcab619c614d3038751c63bc2aadc06d\",\"name\":\"ulqini\",\"sameAs\":[\"http:\/\/www.visit-ulcinj.com\"],\"url\":\"https:\/\/www.visit-ulcinj.com\/blog\/author\/admin\/\"}]}<\/script>\n<!-- \/ Yoast SEO plugin. -->","yoast_head_json":{"title":"Edita Abdieski prej n\u00ebnes Ulqinake,fiton vendin e par\u00eb n\u00eb X-Factor - Lajme nga Ulqini","description":"Edita Abdieski nga Maqedonia nga nana e saj Haxhibrahimi nga Ulqini,morri pjes n\u00eb emisionin ma t\u00eb shikuara n\u00eb gjermani \u00a0\u00abX-Factor\u00bb ku shikimi ka tejkaluar","robots":{"index":"index","follow":"follow","max-snippet":"max-snippet:-1","max-image-preview":"max-image-preview:large","max-video-preview":"max-video-preview:-1"},"canonical":"https:\/\/www.visit-ulcinj.com\/blog\/2010\/11\/20\/edita-abdieski-prej-nenes-ulqinakefiton-vendin-e-pare-ne-x-factor\/","og_locale":"en_US","og_type":"article","og_title":"Edita Abdieski prej n\u00ebnes Ulqinake,fiton vendin e par\u00eb n\u00eb X-Factor - Lajme nga Ulqini","og_description":"Edita Abdieski nga Maqedonia nga nana e saj Haxhibrahimi nga Ulqini,morri pjes n\u00eb emisionin ma t\u00eb shikuara n\u00eb gjermani \u00a0\u00abX-Factor\u00bb ku shikimi ka tejkaluar","og_url":"https:\/\/www.visit-ulcinj.com\/blog\/2010\/11\/20\/edita-abdieski-prej-nenes-ulqinakefiton-vendin-e-pare-ne-x-factor\/","og_site_name":"Lajme nga Ulqini","article_published_time":"2010-11-20T15:59:11+00:00","article_modified_time":"2010-11-20T16:39:13+00:00","og_image":[{"url":"https:\/\/www.visit-ulcinj.com\/blog\/wp-content\/uploads\/2010\/11\/Edita-Abdieski-150x150.jpg"}],"twitter_misc":{"Written by":"ulqini","Est. reading time":"2 minutes"},"schema":{"@context":"https:\/\/schema.org","@graph":[{"@type":"WebSite","@id":"https:\/\/www.visit-ulcinj.com\/blog\/#website","url":"https:\/\/www.visit-ulcinj.com\/blog\/","name":"Lajme nga Ulqini","description":"Lajme,Vijesti,Ulqini,Ulqin,Crna Gora,Mali i Zi","potentialAction":[{"@type":"SearchAction","target":{"@type":"EntryPoint","urlTemplate":"https:\/\/www.visit-ulcinj.com\/blog\/?s={search_term_string}"},"query-input":"required name=search_term_string"}],"inLanguage":"en-US"},{"@type":"ImageObject","inLanguage":"en-US","@id":"https:\/\/www.visit-ulcinj.com\/blog\/2010\/11\/20\/edita-abdieski-prej-nenes-ulqinakefiton-vendin-e-pare-ne-x-factor\/#primaryimage","url":"http:\/\/www.visit-ulcinj.com\/blog\/wp-content\/uploads\/2010\/11\/Edita-Abdieski.jpg","contentUrl":"http:\/\/www.visit-ulcinj.com\/blog\/wp-content\/uploads\/2010\/11\/Edita-Abdieski.jpg"},{"@type":"WebPage","@id":"https:\/\/www.visit-ulcinj.com\/blog\/2010\/11\/20\/edita-abdieski-prej-nenes-ulqinakefiton-vendin-e-pare-ne-x-factor\/#webpage","url":"https:\/\/www.visit-ulcinj.com\/blog\/2010\/11\/20\/edita-abdieski-prej-nenes-ulqinakefiton-vendin-e-pare-ne-x-factor\/","name":"Edita Abdieski prej n\u00ebnes Ulqinake,fiton vendin e par\u00eb n\u00eb X-Factor - Lajme nga Ulqini","isPartOf":{"@id":"https:\/\/www.visit-ulcinj.com\/blog\/#website"},"primaryImageOfPage":{"@id":"https:\/\/www.visit-ulcinj.com\/blog\/2010\/11\/20\/edita-abdieski-prej-nenes-ulqinakefiton-vendin-e-pare-ne-x-factor\/#primaryimage"},"datePublished":"2010-11-20T15:59:11+00:00","dateModified":"2010-11-20T16:39:13+00:00","author":{"@id":"https:\/\/www.visit-ulcinj.com\/blog\/#\/schema\/person\/dcab619c614d3038751c63bc2aadc06d"},"description":"Edita Abdieski nga Maqedonia nga nana e saj Haxhibrahimi nga Ulqini,morri pjes n\u00eb emisionin ma t\u00eb shikuara n\u00eb gjermani \u00a0\u00abX-Factor\u00bb ku shikimi ka tejkaluar","breadcrumb":{"@id":"https:\/\/www.visit-ulcinj.com\/blog\/2010\/11\/20\/edita-abdieski-prej-nenes-ulqinakefiton-vendin-e-pare-ne-x-factor\/#breadcrumb"},"inLanguage":"en-US","potentialAction":[{"@type":"ReadAction","target":["https:\/\/www.visit-ulcinj.com\/blog\/2010\/11\/20\/edita-abdieski-prej-nenes-ulqinakefiton-vendin-e-pare-ne-x-factor\/"]}]},{"@type":"BreadcrumbList","@id":"https:\/\/www.visit-ulcinj.com\/blog\/2010\/11\/20\/edita-abdieski-prej-nenes-ulqinakefiton-vendin-e-pare-ne-x-factor\/#breadcrumb","itemListElement":[{"@type":"ListItem","position":1,"name":"Edita Abdieski prej n\u00ebnes Ulqinake,fiton vendin e par\u00eb n\u00eb X-Factor"}]},{"@type":"Person","@id":"https:\/\/www.visit-ulcinj.com\/blog\/#\/schema\/person\/dcab619c614d3038751c63bc2aadc06d","name":"ulqini","sameAs":["http:\/\/www.visit-ulcinj.com"],"url":"https:\/\/www.visit-ulcinj.com\/blog\/author\/admin\/"}]}},"jetpack_featured_media_url":"","jetpack_sharing_enabled":true,"jetpack_shortlink":"https:\/\/wp.me\/pe6lTn-anq","_links":{"self":[{"href":"https:\/\/www.visit-ulcinj.com\/blog\/wp-json\/wp\/v2\/posts\/39892"}],"collection":[{"href":"https:\/\/www.visit-ulcinj.com\/blog\/wp-json\/wp\/v2\/posts"}],"about":[{"href":"https:\/\/www.visit-ulcinj.com\/blog\/wp-json\/wp\/v2\/types\/post"}],"author":[{"embeddable":true,"href":"https:\/\/www.visit-ulcinj.com\/blog\/wp-json\/wp\/v2\/users\/1"}],"replies":[{"embeddable":true,"href":"https:\/\/www.visit-ulcinj.com\/blog\/wp-json\/wp\/v2\/comments?post=39892"}],"version-history":[{"count":0,"href":"https:\/\/www.visit-ulcinj.com\/blog\/wp-json\/wp\/v2\/posts\/39892\/revisions"}],"wp:attachment":[{"href":"https:\/\/www.visit-ulcinj.com\/blog\/wp-json\/wp\/v2\/media?parent=39892"}],"wp:term":[{"taxonomy":"category","embeddable":true,"href":"https:\/\/www.visit-ulcinj.com\/blog\/wp-json\/wp\/v2\/categories?post=39892"},{"taxonomy":"post_tag","embeddable":true,"href":"https:\/\/www.visit-ulcinj.com\/blog\/wp-json\/wp\/v2\/tags?post=39892"}],"curies":[{"name":"wp","href":"https:\/\/api.w.org\/{rel}","templated":true}]}}