{"id":39911,"date":"2010-11-20T17:52:02","date_gmt":"2010-11-20T16:52:02","guid":{"rendered":"http:\/\/www.visit-ulcinj.com\/blog\/?p=39911"},"modified":"2010-11-20T17:54:33","modified_gmt":"2010-11-20T16:54:33","slug":"poceli-radovi-na-port-mileni","status":"publish","type":"post","link":"https:\/\/www.visit-ulcinj.com\/blog\/2010\/11\/20\/poceli-radovi-na-port-mileni\/","title":{"rendered":"Po\u010deli radovi na Port Mileni"},"content":{"rendered":"<p><strong><a href=\"http:\/\/www.visit-ulcinj.com\/blog\/wp-content\/uploads\/2010\/11\/Kryetari-Hajdinaga-dhe-Kryeministri-Gjukanoviq-duke-vendosur-gurthemelin-ne-Port-Milen_Ulqin.jpg\"><img loading=\"lazy\" class=\"alignleft size-full wp-image-39913\" title=\"Kryetari Hajdinaga dhe Kryeministri Gjukanoviq duke vendosur gurthemelin ne Port Milen_Ulqin\" src=\"http:\/\/www.visit-ulcinj.com\/blog\/wp-content\/uploads\/2010\/11\/Kryetari-Hajdinaga-dhe-Kryeministri-Gjukanoviq-duke-vendosur-gurthemelin-ne-Port-Milen_Ulqin.jpg\" alt=\"\" width=\"490\" height=\"380\" \/><\/a>Novi most na prolje\u0107e 2012.<br \/>\n<\/strong>Ulcinj &#8211; Slovena\u010dka kompanija \u201ePrimorje\u201c po\u010dela je gradnju novog mosta na Port Mileni, vrijednog oko 14 miliona eura.<br \/>\nPristupna trasa bulevara iz pravca grada ka Port Mileni potpuno je ra\u0161\u010di\u0161\u0107ena, a iz Slovenije je pristigla i specijalna ma\u0161ina za \u0161ipove, te\u0161ka 90 tona.<br \/>\n\u201cRadovi su po\u010deli, ma\u0161ine su stigle i to je najbolji dokaz da je u pitanju ozbiljan posao koji \u0107e biti okon\u010dan u za to predvi\u0111enom roku\u201d, kazao je ju\u010de za \u201eVijesti\u201c gradona\u010delnik Gzim Hajdinaga.<br \/>\nKamen-temeljac za izgradnju novog mosta na Port Mileni, neposredno prije vanrednih loklanih izbora 17. decembra, postavili su premijer Milo \u0110ukanovi\u0107 i Hajdinaga \u0161to je u dijelu opozicije izazavalo o\u0161tre osude.<\/p>\n<p><a href=\"http:\/\/www.visit-ulcinj.com\/blog\/wp-content\/uploads\/2010\/11\/POCELI-RADOVI-NA-PORT-MILENI.jpg\"><img loading=\"lazy\" class=\"alignleft size-medium wp-image-39916\" title=\"POCELI RADOVI NA PORT MILENI\" src=\"http:\/\/www.visit-ulcinj.com\/blog\/wp-content\/uploads\/2010\/11\/POCELI-RADOVI-NA-PORT-MILENI-300x196.jpg\" alt=\"\" width=\"300\" height=\"196\" srcset=\"https:\/\/www.visit-ulcinj.com\/blog\/wp-content\/uploads\/2010\/11\/POCELI-RADOVI-NA-PORT-MILENI-300x196.jpg 300w, https:\/\/www.visit-ulcinj.com\/blog\/wp-content\/uploads\/2010\/11\/POCELI-RADOVI-NA-PORT-MILENI.jpg 390w\" sizes=\"(max-width: 300px) 100vw, 300px\" \/><\/a>Pojedine partije \u0110ukanovi\u0107a su tada optu\u017eile da je zloupotrijebio svoju funkciju i direktno se umije\u0161ao u predizbornu kampanju.<br \/>\nKa\u0161njenje gradnje mosta, kako je \u201eVijestima\u201c ranije kazao koordinator posla Du\u0161an Koki\u0107 iz Direkcije za saobra\u0107aj, prouzrokavao je \u0161trajk i zastoj saobra\u0107aja u Bosni, koji je blokirao ma\u0161inu za \u0161ipove.<br \/>\nOn tvrdi da ka\u0161njenje od 20-30 dana ne\u0107e poremetiti planiranu dinamiku.<br \/>\n\u201cU pitanju je renomirani izvo\u0111a\u010d radova koji je po svom profesionalizmu i preciznosti poznat \u0161irom regiona\u201d, kazao je tada Koki\u0107.<br \/>\nPrilikom polaganja kamena- temeljca, \u0110ukanovi\u0107, Hajdinaga i direktor Direkcije za saobra\u0107aj Veselin Grbovi\u0107 najavili su da \u0107e most biti pu\u0161ten u funkciju za 18 mjeseci.<\/p>\n<p><strong>S.A.<br \/>\n<a href=\"http:\/\/www.vijesti.me\/\" target=\"_blank\">Vijesti<\/a><\/strong><\/p>\n","protected":false},"excerpt":{"rendered":"<p>Novi most na prolje\u0107e 2012. Ulcinj &#8211; Slovena\u010dka kompanija \u201ePrimorje\u201c po\u010dela je gradnju novog mosta na Port Mileni, vrijednog oko 14 miliona eura. Pristupna trasa bulevara iz pravca grada ka Port Mileni potpuno je ra\u0161\u010di\u0161\u0107ena, a iz Slovenije je pristigla i specijalna ma\u0161ina za \u0161ipove, te\u0161ka 90 tona. \u201cRadovi su po\u010deli, ma\u0161ine su stigle i [&hellip;]<\/p>\n","protected":false},"author":1,"featured_media":0,"comment_status":"open","ping_status":"closed","sticky":false,"template":"","format":"standard","meta":{"spay_email":"","jetpack_publicize_message":"","jetpack_is_tweetstorm":false,"jetpack_publicize_feature_enabled":true},"categories":[8337],"tags":[5074,295,16384,19],"jetpack_publicize_connections":[],"yoast_head":"<!-- This site is optimized with the Yoast SEO plugin v19.1 - https:\/\/yoast.com\/wordpress\/plugins\/seo\/ -->\n<title>Po\u010deli radovi na Port Mileni - Lajme nga Ulqini<\/title>\n<meta name=\"description\" content=\"Novi most na prolje\u0107e 2012. Ulcinj - Slovena\u010dka kompanija \u201ePrimorje\u201c po\u010dela je gradnju novog mosta na Port Mileni, vrijednog oko 14 miliona eura.\" \/>\n<meta name=\"robots\" content=\"index, follow, max-snippet:-1, max-image-preview:large, max-video-preview:-1\" \/>\n<link rel=\"canonical\" href=\"https:\/\/www.visit-ulcinj.com\/blog\/2010\/11\/20\/poceli-radovi-na-port-mileni\/\" \/>\n<meta property=\"og:locale\" content=\"en_US\" \/>\n<meta property=\"og:type\" content=\"article\" \/>\n<meta property=\"og:title\" content=\"Po\u010deli radovi na Port Mileni - Lajme nga Ulqini\" \/>\n<meta property=\"og:description\" content=\"Novi most na prolje\u0107e 2012. Ulcinj - Slovena\u010dka kompanija \u201ePrimorje\u201c po\u010dela je gradnju novog mosta na Port Mileni, vrijednog oko 14 miliona eura.\" \/>\n<meta property=\"og:url\" content=\"https:\/\/www.visit-ulcinj.com\/blog\/2010\/11\/20\/poceli-radovi-na-port-mileni\/\" \/>\n<meta property=\"og:site_name\" content=\"Lajme nga Ulqini\" \/>\n<meta property=\"article:published_time\" content=\"2010-11-20T16:52:02+00:00\" \/>\n<meta property=\"article:modified_time\" content=\"2010-11-20T16:54:33+00:00\" \/>\n<meta property=\"og:image\" content=\"http:\/\/www.visit-ulcinj.com\/blog\/wp-content\/uploads\/2010\/11\/Kryetari-Hajdinaga-dhe-Kryeministri-Gjukanoviq-duke-vendosur-gurthemelin-ne-Port-Milen_Ulqin.jpg\" \/>\n<meta name=\"twitter:label1\" content=\"Written by\" \/>\n\t<meta name=\"twitter:data1\" content=\"ulqini\" \/>\n\t<meta name=\"twitter:label2\" content=\"Est. reading time\" \/>\n\t<meta name=\"twitter:data2\" content=\"1 minute\" \/>\n<script type=\"application\/ld+json\" class=\"yoast-schema-graph\">{\"@context\":\"https:\/\/schema.org\",\"@graph\":[{\"@type\":\"WebSite\",\"@id\":\"https:\/\/www.visit-ulcinj.com\/blog\/#website\",\"url\":\"https:\/\/www.visit-ulcinj.com\/blog\/\",\"name\":\"Lajme nga Ulqini\",\"description\":\"Lajme,Vijesti,Ulqini,Ulqin,Crna Gora,Mali i Zi\",\"potentialAction\":[{\"@type\":\"SearchAction\",\"target\":{\"@type\":\"EntryPoint\",\"urlTemplate\":\"https:\/\/www.visit-ulcinj.com\/blog\/?s={search_term_string}\"},\"query-input\":\"required name=search_term_string\"}],\"inLanguage\":\"en-US\"},{\"@type\":\"ImageObject\",\"inLanguage\":\"en-US\",\"@id\":\"https:\/\/www.visit-ulcinj.com\/blog\/2010\/11\/20\/poceli-radovi-na-port-mileni\/#primaryimage\",\"url\":\"https:\/\/www.visit-ulcinj.com\/blog\/wp-content\/uploads\/2010\/11\/Kryetari-Hajdinaga-dhe-Kryeministri-Gjukanoviq-duke-vendosur-gurthemelin-ne-Port-Milen_Ulqin.jpg\",\"contentUrl\":\"https:\/\/www.visit-ulcinj.com\/blog\/wp-content\/uploads\/2010\/11\/Kryetari-Hajdinaga-dhe-Kryeministri-Gjukanoviq-duke-vendosur-gurthemelin-ne-Port-Milen_Ulqin.jpg\",\"width\":\"720\",\"height\":\"480\"},{\"@type\":\"WebPage\",\"@id\":\"https:\/\/www.visit-ulcinj.com\/blog\/2010\/11\/20\/poceli-radovi-na-port-mileni\/#webpage\",\"url\":\"https:\/\/www.visit-ulcinj.com\/blog\/2010\/11\/20\/poceli-radovi-na-port-mileni\/\",\"name\":\"Po\u010deli radovi na Port Mileni - Lajme nga Ulqini\",\"isPartOf\":{\"@id\":\"https:\/\/www.visit-ulcinj.com\/blog\/#website\"},\"primaryImageOfPage\":{\"@id\":\"https:\/\/www.visit-ulcinj.com\/blog\/2010\/11\/20\/poceli-radovi-na-port-mileni\/#primaryimage\"},\"datePublished\":\"2010-11-20T16:52:02+00:00\",\"dateModified\":\"2010-11-20T16:54:33+00:00\",\"author\":{\"@id\":\"https:\/\/www.visit-ulcinj.com\/blog\/#\/schema\/person\/dcab619c614d3038751c63bc2aadc06d\"},\"description\":\"Novi most na prolje\u0107e 2012. Ulcinj - Slovena\u010dka kompanija \u201ePrimorje\u201c po\u010dela je gradnju novog mosta na Port Mileni, vrijednog oko 14 miliona eura.\",\"breadcrumb\":{\"@id\":\"https:\/\/www.visit-ulcinj.com\/blog\/2010\/11\/20\/poceli-radovi-na-port-mileni\/#breadcrumb\"},\"inLanguage\":\"en-US\",\"potentialAction\":[{\"@type\":\"ReadAction\",\"target\":[\"https:\/\/www.visit-ulcinj.com\/blog\/2010\/11\/20\/poceli-radovi-na-port-mileni\/\"]}]},{\"@type\":\"BreadcrumbList\",\"@id\":\"https:\/\/www.visit-ulcinj.com\/blog\/2010\/11\/20\/poceli-radovi-na-port-mileni\/#breadcrumb\",\"itemListElement\":[{\"@type\":\"ListItem\",\"position\":1,\"name\":\"Po\u010deli radovi na Port Mileni\"}]},{\"@type\":\"Person\",\"@id\":\"https:\/\/www.visit-ulcinj.com\/blog\/#\/schema\/person\/dcab619c614d3038751c63bc2aadc06d\",\"name\":\"ulqini\",\"sameAs\":[\"http:\/\/www.visit-ulcinj.com\"],\"url\":\"https:\/\/www.visit-ulcinj.com\/blog\/author\/admin\/\"}]}<\/script>\n<!-- \/ Yoast SEO plugin. -->","yoast_head_json":{"title":"Po\u010deli radovi na Port Mileni - Lajme nga Ulqini","description":"Novi most na prolje\u0107e 2012. Ulcinj - Slovena\u010dka kompanija \u201ePrimorje\u201c po\u010dela je gradnju novog mosta na Port Mileni, vrijednog oko 14 miliona eura.","robots":{"index":"index","follow":"follow","max-snippet":"max-snippet:-1","max-image-preview":"max-image-preview:large","max-video-preview":"max-video-preview:-1"},"canonical":"https:\/\/www.visit-ulcinj.com\/blog\/2010\/11\/20\/poceli-radovi-na-port-mileni\/","og_locale":"en_US","og_type":"article","og_title":"Po\u010deli radovi na Port Mileni - Lajme nga Ulqini","og_description":"Novi most na prolje\u0107e 2012. Ulcinj - Slovena\u010dka kompanija \u201ePrimorje\u201c po\u010dela je gradnju novog mosta na Port Mileni, vrijednog oko 14 miliona eura.","og_url":"https:\/\/www.visit-ulcinj.com\/blog\/2010\/11\/20\/poceli-radovi-na-port-mileni\/","og_site_name":"Lajme nga Ulqini","article_published_time":"2010-11-20T16:52:02+00:00","article_modified_time":"2010-11-20T16:54:33+00:00","og_image":[{"url":"http:\/\/www.visit-ulcinj.com\/blog\/wp-content\/uploads\/2010\/11\/Kryetari-Hajdinaga-dhe-Kryeministri-Gjukanoviq-duke-vendosur-gurthemelin-ne-Port-Milen_Ulqin.jpg"}],"twitter_misc":{"Written by":"ulqini","Est. reading time":"1 minute"},"schema":{"@context":"https:\/\/schema.org","@graph":[{"@type":"WebSite","@id":"https:\/\/www.visit-ulcinj.com\/blog\/#website","url":"https:\/\/www.visit-ulcinj.com\/blog\/","name":"Lajme nga Ulqini","description":"Lajme,Vijesti,Ulqini,Ulqin,Crna Gora,Mali i Zi","potentialAction":[{"@type":"SearchAction","target":{"@type":"EntryPoint","urlTemplate":"https:\/\/www.visit-ulcinj.com\/blog\/?s={search_term_string}"},"query-input":"required name=search_term_string"}],"inLanguage":"en-US"},{"@type":"ImageObject","inLanguage":"en-US","@id":"https:\/\/www.visit-ulcinj.com\/blog\/2010\/11\/20\/poceli-radovi-na-port-mileni\/#primaryimage","url":"https:\/\/www.visit-ulcinj.com\/blog\/wp-content\/uploads\/2010\/11\/Kryetari-Hajdinaga-dhe-Kryeministri-Gjukanoviq-duke-vendosur-gurthemelin-ne-Port-Milen_Ulqin.jpg","contentUrl":"https:\/\/www.visit-ulcinj.com\/blog\/wp-content\/uploads\/2010\/11\/Kryetari-Hajdinaga-dhe-Kryeministri-Gjukanoviq-duke-vendosur-gurthemelin-ne-Port-Milen_Ulqin.jpg","width":"720","height":"480"},{"@type":"WebPage","@id":"https:\/\/www.visit-ulcinj.com\/blog\/2010\/11\/20\/poceli-radovi-na-port-mileni\/#webpage","url":"https:\/\/www.visit-ulcinj.com\/blog\/2010\/11\/20\/poceli-radovi-na-port-mileni\/","name":"Po\u010deli radovi na Port Mileni - Lajme nga Ulqini","isPartOf":{"@id":"https:\/\/www.visit-ulcinj.com\/blog\/#website"},"primaryImageOfPage":{"@id":"https:\/\/www.visit-ulcinj.com\/blog\/2010\/11\/20\/poceli-radovi-na-port-mileni\/#primaryimage"},"datePublished":"2010-11-20T16:52:02+00:00","dateModified":"2010-11-20T16:54:33+00:00","author":{"@id":"https:\/\/www.visit-ulcinj.com\/blog\/#\/schema\/person\/dcab619c614d3038751c63bc2aadc06d"},"description":"Novi most na prolje\u0107e 2012. Ulcinj - Slovena\u010dka kompanija \u201ePrimorje\u201c po\u010dela je gradnju novog mosta na Port Mileni, vrijednog oko 14 miliona eura.","breadcrumb":{"@id":"https:\/\/www.visit-ulcinj.com\/blog\/2010\/11\/20\/poceli-radovi-na-port-mileni\/#breadcrumb"},"inLanguage":"en-US","potentialAction":[{"@type":"ReadAction","target":["https:\/\/www.visit-ulcinj.com\/blog\/2010\/11\/20\/poceli-radovi-na-port-mileni\/"]}]},{"@type":"BreadcrumbList","@id":"https:\/\/www.visit-ulcinj.com\/blog\/2010\/11\/20\/poceli-radovi-na-port-mileni\/#breadcrumb","itemListElement":[{"@type":"ListItem","position":1,"name":"Po\u010deli radovi na Port Mileni"}]},{"@type":"Person","@id":"https:\/\/www.visit-ulcinj.com\/blog\/#\/schema\/person\/dcab619c614d3038751c63bc2aadc06d","name":"ulqini","sameAs":["http:\/\/www.visit-ulcinj.com"],"url":"https:\/\/www.visit-ulcinj.com\/blog\/author\/admin\/"}]}},"jetpack_featured_media_url":"","jetpack_sharing_enabled":true,"jetpack_shortlink":"https:\/\/wp.me\/pe6lTn-anJ","_links":{"self":[{"href":"https:\/\/www.visit-ulcinj.com\/blog\/wp-json\/wp\/v2\/posts\/39911"}],"collection":[{"href":"https:\/\/www.visit-ulcinj.com\/blog\/wp-json\/wp\/v2\/posts"}],"about":[{"href":"https:\/\/www.visit-ulcinj.com\/blog\/wp-json\/wp\/v2\/types\/post"}],"author":[{"embeddable":true,"href":"https:\/\/www.visit-ulcinj.com\/blog\/wp-json\/wp\/v2\/users\/1"}],"replies":[{"embeddable":true,"href":"https:\/\/www.visit-ulcinj.com\/blog\/wp-json\/wp\/v2\/comments?post=39911"}],"version-history":[{"count":0,"href":"https:\/\/www.visit-ulcinj.com\/blog\/wp-json\/wp\/v2\/posts\/39911\/revisions"}],"wp:attachment":[{"href":"https:\/\/www.visit-ulcinj.com\/blog\/wp-json\/wp\/v2\/media?parent=39911"}],"wp:term":[{"taxonomy":"category","embeddable":true,"href":"https:\/\/www.visit-ulcinj.com\/blog\/wp-json\/wp\/v2\/categories?post=39911"},{"taxonomy":"post_tag","embeddable":true,"href":"https:\/\/www.visit-ulcinj.com\/blog\/wp-json\/wp\/v2\/tags?post=39911"}],"curies":[{"name":"wp","href":"https:\/\/api.w.org\/{rel}","templated":true}]}}