{"id":39918,"date":"2010-11-20T18:46:16","date_gmt":"2010-11-20T17:46:16","guid":{"rendered":"http:\/\/www.visit-ulcinj.com\/blog\/?p=39918"},"modified":"2010-11-25T09:08:35","modified_gmt":"2010-11-25T08:08:35","slug":"ulcinj-brige-ribara-pokazale-se-kao-opravdane","status":"publish","type":"post","link":"https:\/\/www.visit-ulcinj.com\/blog\/2010\/11\/20\/ulcinj-brige-ribara-pokazale-se-kao-opravdane\/","title":{"rendered":"Ulcinj : Brige ribara pokazale se kao opravdane"},"content":{"rendered":"<h3><a href=\"http:\/\/www.visit-ulcinj.com\/blog\/wp-content\/uploads\/2010\/11\/Marina-Kacema-Ulcinj.jpg\"><img loading=\"lazy\" class=\"alignleft size-full wp-image-39919\" title=\"Marina Kacema Ulcinj\" src=\"http:\/\/www.visit-ulcinj.com\/blog\/wp-content\/uploads\/2010\/11\/Marina-Kacema-Ulcinj.jpg\" alt=\"\" width=\"490\" height=\"380\" \/><\/a>Proklju\u010dala Kacema<\/h3>\n<p>Brige ulcinjskih ribara, koji svoje \u010damce i brodi\u0107e ve\u017eu u jo\u0161 nezavr\u0161enoj lu\u010dici Kacema, ponovo su se pokazale sasvim opravdanim. Protekle nedjelje, \u010ditavo Crnogorsko primorje bilo je zahva\u0107eno jakim jugom, a jedino su Ulcinjani de\u017eurali kraj svojih plovila. Uzburkano more i jak vjetar nisu po\u0161tjedeli malu lu\u010dicu podno Starog grada, u kojoj je voda proklju\u010dala kao u loncu. Lukobran koji bi trebalo da za\u0161titi plovila u prostoru koji mnogi nazivaju i mini-marinom, jo\u0161 jednom se pokazao kao potpuno neefikasan. Talasi su lako prodirali i opasno ljuljali \u010damce prijete\u0107i da ih razbiju o mol. O tome najbolje svjedo\u010de fotografije koje je u trenutcima nevremena na\u010dinio profesor Ismet Karamanaga iz NVO \u201eKaljaja&#8221;<\/p>\n<p><a href=\"http:\/\/www.dan.co.me\/?nivo=3&amp;rubrika=Regioni&amp;clanak=256115&amp;najdatum=2010-11-19&amp;datum=2010-11-20\" target=\"_blank\"><strong>DAN<\/strong><\/a><br \/>\n\n\t\t<style type=\"text\/css\">\n\t\t\t#gallery-1 {\n\t\t\t\tmargin: auto;\n\t\t\t}\n\t\t\t#gallery-1 .gallery-item {\n\t\t\t\tfloat: left;\n\t\t\t\tmargin-top: 10px;\n\t\t\t\ttext-align: center;\n\t\t\t\twidth: 25%;\n\t\t\t}\n\t\t\t#gallery-1 img {\n\t\t\t\tborder: 2px solid #cfcfcf;\n\t\t\t}\n\t\t\t#gallery-1 .gallery-caption {\n\t\t\t\tmargin-left: 0;\n\t\t\t}\n\t\t\t\/* see gallery_shortcode() in wp-includes\/media.php *\/\n\t\t<\/style>\n\t\t<div id='gallery-1' class='gallery galleryid-39918 gallery-columns-4 gallery-size-thumbnail'><dl class='gallery-item'>\n\t\t\t<dt class='gallery-icon landscape'>\n\t\t\t\t<a href='https:\/\/www.visit-ulcinj.com\/blog\/wp-content\/uploads\/2010\/11\/Marina-Kacema-Ulcinj.jpg'><img width=\"150\" height=\"150\" src=\"https:\/\/www.visit-ulcinj.com\/blog\/wp-content\/uploads\/2010\/11\/Marina-Kacema-Ulcinj-150x150.jpg\" class=\"attachment-thumbnail size-thumbnail\" alt=\"\" loading=\"lazy\" \/><\/a>\n\t\t\t<\/dt><\/dl><dl class='gallery-item'>\n\t\t\t<dt class='gallery-icon landscape'>\n\t\t\t\t<a href='https:\/\/www.visit-ulcinj.com\/blog\/wp-content\/uploads\/2010\/11\/Marina-Kacema-Ulcinj_1.jpg'><img width=\"150\" height=\"150\" src=\"https:\/\/www.visit-ulcinj.com\/blog\/wp-content\/uploads\/2010\/11\/Marina-Kacema-Ulcinj_1-150x150.jpg\" class=\"attachment-thumbnail size-thumbnail\" alt=\"\" loading=\"lazy\" \/><\/a>\n\t\t\t<\/dt><\/dl><dl class='gallery-item'>\n\t\t\t<dt class='gallery-icon landscape'>\n\t\t\t\t<a href='https:\/\/www.visit-ulcinj.com\/blog\/wp-content\/uploads\/2010\/11\/Marina-Kacema-Ulcinj_2.jpg'><img width=\"150\" height=\"150\" src=\"https:\/\/www.visit-ulcinj.com\/blog\/wp-content\/uploads\/2010\/11\/Marina-Kacema-Ulcinj_2-150x150.jpg\" class=\"attachment-thumbnail size-thumbnail\" alt=\"\" loading=\"lazy\" \/><\/a>\n\t\t\t<\/dt><\/dl>\n\t\t\t<br style='clear: both' \/>\n\t\t<\/div>\n<br \/>\n<!--YouTube Error: bad URL entered--><\/p>\n","protected":false},"excerpt":{"rendered":"<p>Proklju\u010dala Kacema Brige ulcinjskih ribara, koji svoje \u010damce i brodi\u0107e ve\u017eu u jo\u0161 nezavr\u0161enoj lu\u010dici Kacema, ponovo su se pokazale sasvim opravdanim. Protekle nedjelje, \u010ditavo Crnogorsko primorje bilo je zahva\u0107eno jakim jugom, a jedino su Ulcinjani de\u017eurali kraj svojih plovila. Uzburkano more i jak vjetar nisu po\u0161tjedeli malu lu\u010dicu podno Starog grada, u kojoj je [&hellip;]<\/p>\n","protected":false},"author":1,"featured_media":0,"comment_status":"open","ping_status":"closed","sticky":false,"template":"","format":"standard","meta":{"spay_email":"","jetpack_publicize_message":"","jetpack_is_tweetstorm":false,"jetpack_publicize_feature_enabled":true},"categories":[8337],"tags":[14689,12499],"jetpack_publicize_connections":[],"yoast_head":"<!-- This site is optimized with the Yoast SEO plugin v19.1 - https:\/\/yoast.com\/wordpress\/plugins\/seo\/ -->\n<title>Ulcinj : Brige ribara pokazale se kao opravdane - Lajme nga Ulqini<\/title>\n<meta name=\"description\" content=\"Proklju\u010dala Kacema Brige ulcinjskih ribara, koji svoje \u010damce i brodi\u0107e ve\u017eu u jo\u0161 nezavr\u0161enoj lu\u010dici Kacema, ponovo su se pokazale sasvim opravdanim.\" \/>\n<meta name=\"robots\" content=\"index, follow, max-snippet:-1, max-image-preview:large, max-video-preview:-1\" \/>\n<link rel=\"canonical\" href=\"https:\/\/www.visit-ulcinj.com\/blog\/2010\/11\/20\/ulcinj-brige-ribara-pokazale-se-kao-opravdane\/\" \/>\n<meta property=\"og:locale\" content=\"en_US\" \/>\n<meta property=\"og:type\" content=\"article\" \/>\n<meta property=\"og:title\" content=\"Ulcinj : Brige ribara pokazale se kao opravdane - Lajme nga Ulqini\" \/>\n<meta property=\"og:description\" content=\"Proklju\u010dala Kacema Brige ulcinjskih ribara, koji svoje \u010damce i brodi\u0107e ve\u017eu u jo\u0161 nezavr\u0161enoj lu\u010dici Kacema, ponovo su se pokazale sasvim opravdanim.\" \/>\n<meta property=\"og:url\" content=\"https:\/\/www.visit-ulcinj.com\/blog\/2010\/11\/20\/ulcinj-brige-ribara-pokazale-se-kao-opravdane\/\" \/>\n<meta property=\"og:site_name\" content=\"Lajme nga Ulqini\" \/>\n<meta property=\"article:published_time\" content=\"2010-11-20T17:46:16+00:00\" \/>\n<meta property=\"article:modified_time\" content=\"2010-11-25T08:08:35+00:00\" \/>\n<meta property=\"og:image\" content=\"https:\/\/www.visit-ulcinj.com\/blog\/wp-content\/uploads\/2010\/11\/Marina-Kacema-Ulcinj-150x150.jpg\" \/>\n<meta name=\"twitter:label1\" content=\"Written by\" \/>\n\t<meta name=\"twitter:data1\" content=\"ulqini\" \/>\n\t<meta name=\"twitter:label2\" content=\"Est. reading time\" \/>\n\t<meta name=\"twitter:data2\" content=\"1 minute\" \/>\n<script type=\"application\/ld+json\" class=\"yoast-schema-graph\">{\"@context\":\"https:\/\/schema.org\",\"@graph\":[{\"@type\":\"WebSite\",\"@id\":\"https:\/\/www.visit-ulcinj.com\/blog\/#website\",\"url\":\"https:\/\/www.visit-ulcinj.com\/blog\/\",\"name\":\"Lajme nga Ulqini\",\"description\":\"Lajme,Vijesti,Ulqini,Ulqin,Crna Gora,Mali i Zi\",\"potentialAction\":[{\"@type\":\"SearchAction\",\"target\":{\"@type\":\"EntryPoint\",\"urlTemplate\":\"https:\/\/www.visit-ulcinj.com\/blog\/?s={search_term_string}\"},\"query-input\":\"required name=search_term_string\"}],\"inLanguage\":\"en-US\"},{\"@type\":\"ImageObject\",\"inLanguage\":\"en-US\",\"@id\":\"https:\/\/www.visit-ulcinj.com\/blog\/2010\/11\/20\/ulcinj-brige-ribara-pokazale-se-kao-opravdane\/#primaryimage\",\"url\":\"https:\/\/www.visit-ulcinj.com\/blog\/wp-content\/uploads\/2010\/11\/Marina-Kacema-Ulcinj.jpg\",\"contentUrl\":\"https:\/\/www.visit-ulcinj.com\/blog\/wp-content\/uploads\/2010\/11\/Marina-Kacema-Ulcinj.jpg\",\"width\":\"720\",\"height\":\"540\"},{\"@type\":\"WebPage\",\"@id\":\"https:\/\/www.visit-ulcinj.com\/blog\/2010\/11\/20\/ulcinj-brige-ribara-pokazale-se-kao-opravdane\/#webpage\",\"url\":\"https:\/\/www.visit-ulcinj.com\/blog\/2010\/11\/20\/ulcinj-brige-ribara-pokazale-se-kao-opravdane\/\",\"name\":\"Ulcinj : Brige ribara pokazale se kao opravdane - Lajme nga Ulqini\",\"isPartOf\":{\"@id\":\"https:\/\/www.visit-ulcinj.com\/blog\/#website\"},\"primaryImageOfPage\":{\"@id\":\"https:\/\/www.visit-ulcinj.com\/blog\/2010\/11\/20\/ulcinj-brige-ribara-pokazale-se-kao-opravdane\/#primaryimage\"},\"datePublished\":\"2010-11-20T17:46:16+00:00\",\"dateModified\":\"2010-11-25T08:08:35+00:00\",\"author\":{\"@id\":\"https:\/\/www.visit-ulcinj.com\/blog\/#\/schema\/person\/dcab619c614d3038751c63bc2aadc06d\"},\"description\":\"Proklju\u010dala Kacema Brige ulcinjskih ribara, koji svoje \u010damce i brodi\u0107e ve\u017eu u jo\u0161 nezavr\u0161enoj lu\u010dici Kacema, ponovo su se pokazale sasvim opravdanim.\",\"breadcrumb\":{\"@id\":\"https:\/\/www.visit-ulcinj.com\/blog\/2010\/11\/20\/ulcinj-brige-ribara-pokazale-se-kao-opravdane\/#breadcrumb\"},\"inLanguage\":\"en-US\",\"potentialAction\":[{\"@type\":\"ReadAction\",\"target\":[\"https:\/\/www.visit-ulcinj.com\/blog\/2010\/11\/20\/ulcinj-brige-ribara-pokazale-se-kao-opravdane\/\"]}]},{\"@type\":\"BreadcrumbList\",\"@id\":\"https:\/\/www.visit-ulcinj.com\/blog\/2010\/11\/20\/ulcinj-brige-ribara-pokazale-se-kao-opravdane\/#breadcrumb\",\"itemListElement\":[{\"@type\":\"ListItem\",\"position\":1,\"name\":\"Ulcinj : Brige ribara pokazale se kao opravdane\"}]},{\"@type\":\"Person\",\"@id\":\"https:\/\/www.visit-ulcinj.com\/blog\/#\/schema\/person\/dcab619c614d3038751c63bc2aadc06d\",\"name\":\"ulqini\",\"sameAs\":[\"http:\/\/www.visit-ulcinj.com\"],\"url\":\"https:\/\/www.visit-ulcinj.com\/blog\/author\/admin\/\"}]}<\/script>\n<!-- \/ Yoast SEO plugin. -->","yoast_head_json":{"title":"Ulcinj : Brige ribara pokazale se kao opravdane - Lajme nga Ulqini","description":"Proklju\u010dala Kacema Brige ulcinjskih ribara, koji svoje \u010damce i brodi\u0107e ve\u017eu u jo\u0161 nezavr\u0161enoj lu\u010dici Kacema, ponovo su se pokazale sasvim opravdanim.","robots":{"index":"index","follow":"follow","max-snippet":"max-snippet:-1","max-image-preview":"max-image-preview:large","max-video-preview":"max-video-preview:-1"},"canonical":"https:\/\/www.visit-ulcinj.com\/blog\/2010\/11\/20\/ulcinj-brige-ribara-pokazale-se-kao-opravdane\/","og_locale":"en_US","og_type":"article","og_title":"Ulcinj : Brige ribara pokazale se kao opravdane - Lajme nga Ulqini","og_description":"Proklju\u010dala Kacema Brige ulcinjskih ribara, koji svoje \u010damce i brodi\u0107e ve\u017eu u jo\u0161 nezavr\u0161enoj lu\u010dici Kacema, ponovo su se pokazale sasvim opravdanim.","og_url":"https:\/\/www.visit-ulcinj.com\/blog\/2010\/11\/20\/ulcinj-brige-ribara-pokazale-se-kao-opravdane\/","og_site_name":"Lajme nga Ulqini","article_published_time":"2010-11-20T17:46:16+00:00","article_modified_time":"2010-11-25T08:08:35+00:00","og_image":[{"url":"https:\/\/www.visit-ulcinj.com\/blog\/wp-content\/uploads\/2010\/11\/Marina-Kacema-Ulcinj-150x150.jpg"}],"twitter_misc":{"Written by":"ulqini","Est. reading time":"1 minute"},"schema":{"@context":"https:\/\/schema.org","@graph":[{"@type":"WebSite","@id":"https:\/\/www.visit-ulcinj.com\/blog\/#website","url":"https:\/\/www.visit-ulcinj.com\/blog\/","name":"Lajme nga Ulqini","description":"Lajme,Vijesti,Ulqini,Ulqin,Crna Gora,Mali i Zi","potentialAction":[{"@type":"SearchAction","target":{"@type":"EntryPoint","urlTemplate":"https:\/\/www.visit-ulcinj.com\/blog\/?s={search_term_string}"},"query-input":"required name=search_term_string"}],"inLanguage":"en-US"},{"@type":"ImageObject","inLanguage":"en-US","@id":"https:\/\/www.visit-ulcinj.com\/blog\/2010\/11\/20\/ulcinj-brige-ribara-pokazale-se-kao-opravdane\/#primaryimage","url":"https:\/\/www.visit-ulcinj.com\/blog\/wp-content\/uploads\/2010\/11\/Marina-Kacema-Ulcinj.jpg","contentUrl":"https:\/\/www.visit-ulcinj.com\/blog\/wp-content\/uploads\/2010\/11\/Marina-Kacema-Ulcinj.jpg","width":"720","height":"540"},{"@type":"WebPage","@id":"https:\/\/www.visit-ulcinj.com\/blog\/2010\/11\/20\/ulcinj-brige-ribara-pokazale-se-kao-opravdane\/#webpage","url":"https:\/\/www.visit-ulcinj.com\/blog\/2010\/11\/20\/ulcinj-brige-ribara-pokazale-se-kao-opravdane\/","name":"Ulcinj : Brige ribara pokazale se kao opravdane - Lajme nga Ulqini","isPartOf":{"@id":"https:\/\/www.visit-ulcinj.com\/blog\/#website"},"primaryImageOfPage":{"@id":"https:\/\/www.visit-ulcinj.com\/blog\/2010\/11\/20\/ulcinj-brige-ribara-pokazale-se-kao-opravdane\/#primaryimage"},"datePublished":"2010-11-20T17:46:16+00:00","dateModified":"2010-11-25T08:08:35+00:00","author":{"@id":"https:\/\/www.visit-ulcinj.com\/blog\/#\/schema\/person\/dcab619c614d3038751c63bc2aadc06d"},"description":"Proklju\u010dala Kacema Brige ulcinjskih ribara, koji svoje \u010damce i brodi\u0107e ve\u017eu u jo\u0161 nezavr\u0161enoj lu\u010dici Kacema, ponovo su se pokazale sasvim opravdanim.","breadcrumb":{"@id":"https:\/\/www.visit-ulcinj.com\/blog\/2010\/11\/20\/ulcinj-brige-ribara-pokazale-se-kao-opravdane\/#breadcrumb"},"inLanguage":"en-US","potentialAction":[{"@type":"ReadAction","target":["https:\/\/www.visit-ulcinj.com\/blog\/2010\/11\/20\/ulcinj-brige-ribara-pokazale-se-kao-opravdane\/"]}]},{"@type":"BreadcrumbList","@id":"https:\/\/www.visit-ulcinj.com\/blog\/2010\/11\/20\/ulcinj-brige-ribara-pokazale-se-kao-opravdane\/#breadcrumb","itemListElement":[{"@type":"ListItem","position":1,"name":"Ulcinj : Brige ribara pokazale se kao opravdane"}]},{"@type":"Person","@id":"https:\/\/www.visit-ulcinj.com\/blog\/#\/schema\/person\/dcab619c614d3038751c63bc2aadc06d","name":"ulqini","sameAs":["http:\/\/www.visit-ulcinj.com"],"url":"https:\/\/www.visit-ulcinj.com\/blog\/author\/admin\/"}]}},"jetpack_featured_media_url":"","jetpack_sharing_enabled":true,"jetpack_shortlink":"https:\/\/wp.me\/pe6lTn-anQ","_links":{"self":[{"href":"https:\/\/www.visit-ulcinj.com\/blog\/wp-json\/wp\/v2\/posts\/39918"}],"collection":[{"href":"https:\/\/www.visit-ulcinj.com\/blog\/wp-json\/wp\/v2\/posts"}],"about":[{"href":"https:\/\/www.visit-ulcinj.com\/blog\/wp-json\/wp\/v2\/types\/post"}],"author":[{"embeddable":true,"href":"https:\/\/www.visit-ulcinj.com\/blog\/wp-json\/wp\/v2\/users\/1"}],"replies":[{"embeddable":true,"href":"https:\/\/www.visit-ulcinj.com\/blog\/wp-json\/wp\/v2\/comments?post=39918"}],"version-history":[{"count":0,"href":"https:\/\/www.visit-ulcinj.com\/blog\/wp-json\/wp\/v2\/posts\/39918\/revisions"}],"wp:attachment":[{"href":"https:\/\/www.visit-ulcinj.com\/blog\/wp-json\/wp\/v2\/media?parent=39918"}],"wp:term":[{"taxonomy":"category","embeddable":true,"href":"https:\/\/www.visit-ulcinj.com\/blog\/wp-json\/wp\/v2\/categories?post=39918"},{"taxonomy":"post_tag","embeddable":true,"href":"https:\/\/www.visit-ulcinj.com\/blog\/wp-json\/wp\/v2\/tags?post=39918"}],"curies":[{"name":"wp","href":"https:\/\/api.w.org\/{rel}","templated":true}]}}