{"id":39941,"date":"2010-11-21T19:47:21","date_gmt":"2010-11-21T18:47:21","guid":{"rendered":"http:\/\/www.visit-ulcinj.com\/blog\/?p=39941"},"modified":"2010-11-23T19:35:13","modified_gmt":"2010-11-23T18:35:13","slug":"vallja-e-shestanit-si-shoqat-kremtoi-pesembedhjete-vjetorin-e-themelimit","status":"publish","type":"post","link":"https:\/\/www.visit-ulcinj.com\/blog\/2010\/11\/21\/vallja-e-shestanit-si-shoqat-kremtoi-pesembedhjete-vjetorin-e-themelimit\/","title":{"rendered":"Vallja e Shestanit si Shoqat kremtoi pes\u00ebmb\u00ebdhjet\u00eb vjetorin e themelimit"},"content":{"rendered":"<p><strong><a href=\"http:\/\/www.visit-ulcinj.com\/blog\/wp-content\/uploads\/2010\/11\/Shoqata_Don-Gjon-Buzuku_kremtoi-pesembedhjet-vjetorin.jpg\"><img loading=\"lazy\" class=\"alignleft size-full wp-image-39942\" title=\"Shoqata_Don Gjon Buzuku_kremtoi pesembedhjet vjetorin\" src=\"http:\/\/www.visit-ulcinj.com\/blog\/wp-content\/uploads\/2010\/11\/Shoqata_Don-Gjon-Buzuku_kremtoi-pesembedhjet-vjetorin.jpg\" alt=\"\" width=\"490\" height=\"380\" \/><\/a>Dalja historike e &#8220;Valles s\u00eb Shestanit &#8221; n\u00eb Ulqin<\/strong><br \/>\nUlqin, 22 n\u00ebntor &#8211; Shoqata \u201cDon Gjon Buzuku\u201dn\u00eb Ulqin\u00a0 me nj\u00eb veprimtari simpatike kulturore, sh\u00ebnoi 15- vjetorin e themelimit t\u00eb saj, njofton KosovaLive.<\/p>\n<p>E ve\u00e7anta e k\u00ebsaj mbr\u00ebmjeje ishte se p\u00ebr her\u00eb t\u00eb par\u00eb Forumi rinor i k\u00ebsaj shoqate nxori n\u00eb sken\u00eb formacionin koreografik si\u00e7 e kishin quajtur \u201cVallja e Shestanit\u201d, nga organizatori u quajt ngjarje kulturore historike, sepse p\u00ebrt\u00ebrin\u00eb tradit\u00ebn e lasht\u00eb iliro- shqiptare, t\u00eb mbetur n\u00eb harres\u00eb edhe t\u00eb anashkaluar.<\/p>\n<p>Dr. Sim\u00eb Dobreci, kryeredaktor i revist\u00ebs \u201cBuzuku\u201d, nj\u00ebri prej kreator\u00ebve t\u00eb shoqat\u00ebs dhe veprimtaris\u00eb s\u00eb saj, foli mbi t\u00eb kaluar\u00ebn e Shestanit, duke n\u00ebnvizuar se \u201cpushtuesit vazhdimisht kan\u00eb ndikuar negativisht n\u00eb asimilimin dhe tradit\u00ebn ton\u00eb.\u201d<\/p>\n<p>Shestani, si pjes\u00eb integrale e zon\u00ebs s\u00eb Kraj\u00ebs s\u00eb Sip\u00ebrme, komuna e Tivarit, me popullat\u00eb shumic\u00eb t\u00eb ritit katolik shqiptar, jan\u00eb p\u00ebrfshir\u00eb nga nj\u00eb asimilim i jasht\u00ebzakonsh\u00ebm dhe i plot\u00eb.<\/p>\n<p>Shumica e tyre jan\u00eb shp\u00ebrngulur n\u00eb Tivar edhe n\u00eb Ulqin edhe ndonj\u00eb p\u00ebrqindje shum\u00eb simbolike n\u00eb Ulqin shfaq gatishm\u00ebrin\u00eb t\u00eb ndjek m\u00ebsimin \u201cn\u00eb gjuh\u00ebn e t\u00eb par\u00ebve.\u201d<\/p>\n<p>\u201cVeshja tradicionale e Shestanit, jo vet\u00ebm se \u00ebsht\u00eb nj\u00eb perl\u00eb e etnografis\u00eb s\u00eb lasht\u00eb shqiptare, por rron edhe sot e k\u00ebsaj dite, \u00ebsht\u00eb t\u00ebrheq\u00ebse edhe p\u00ebr rinin\u00eb e k\u00ebsaj zone. Kjo ka nj\u00eb dometh\u00ebnie t\u00eb madhe p\u00ebr ruajtjen e tradit\u00ebs, t\u00eb historis\u00eb s\u00eb trev\u00ebs s\u00eb tyre, por edhe t\u00eb identitetit\u201d,- thekson Dr. Sima, nj\u00eb njoh\u00ebs dhe hulumtues i devotsh\u00ebm i trash\u00ebgimis\u00eb kulturore t\u00eb Shestanit.<\/p>\n<p><strong>KOHA NET<\/strong><\/p>\n<p><a href=\"http:\/\/www.visit-ulcinj.com\/blog\/wp-content\/uploads\/2010\/11\/Shoqata_Don-Gjon-Buzuku_kremtoi-pesembedhjet-vjetorin_23.jpg\"><img loading=\"lazy\" class=\"alignleft size-full wp-image-39958\" title=\"Shoqata_Don Gjon Buzuku_kremtoi pesembedhjet vjetorin_23\" src=\"http:\/\/www.visit-ulcinj.com\/blog\/wp-content\/uploads\/2010\/11\/Shoqata_Don-Gjon-Buzuku_kremtoi-pesembedhjet-vjetorin_23.jpg\" alt=\"\" width=\"490\" height=\"380\" \/><\/a><\/p>\n<p><strong>T\u00eb shtun\u00ebn, me 20 n\u00ebntor 2010, shoqata\u00a0 &#8220;Don Gjon Buzuku&#8221; kremtoi 15 vjetorin e themelimit t\u00eb shoqat\u00ebs.<\/strong><\/p>\n<p>Salla e qendr\u00ebs p\u00ebr kultur\u00eb ishte e vog\u00ebl q\u00eb t\u00eb pranonte t\u00eb gjith\u00eb dashamir\u00ebsit e artit, kultur\u00ebs dhe librit. Organizator\u00ebt kishin g\u00ebrshetuar n\u00eb m\u00ebnyr\u00eb t\u00eb p\u00ebrkryer t\u00eb gjitha k\u00ebto elemente duk\u00eb i dh\u00ebn\u00eb k\u00ebsaj mbr\u00ebmje nj\u00eb ndjenj\u00eb t\u00eb cil\u00ebn ka koh\u00eb q\u00eb se kishim ndjer\u00eb.<\/p>\n<p>Mbr\u00ebmjen e hapi kryetari i shoqat\u00ebs, z. Zef Llukiqi i cili foli p\u00ebr aktivitetin 15 vje\u00e7ar t\u00eb shoqat\u00ebs.<\/p>\n<p>N\u00eb lidhje me historin\u00eb e Shestanit foli nj\u00ebriu q\u00eb i ka dh\u00ebn\u00eb frym\u00eb dhe jete shoqat\u00ebs, doktori i njojhur jo vet\u00ebm n\u00eb Ulqin por edhe me gj\u00ebr\u00eb, dr. Sim\u00eb Dobreci. Doktor Sim\u00eb Dobreci, studiues dhe njoh\u00ebs i mir\u00eb i tradites dhe kultures s\u00eb Shestanit shprehet se pushtuesit cdo her\u00eb kan\u00eb ndikuar negativisht n\u00eb asimilimin dhe n\u00eb traditen ton\u00eb. Veshja e shestanit \u00ebsht\u00eb karakteristike dhe p\u00ebr rinin\u00eb e k\u00ebsaj zone ka nj\u00eb dometh\u00ebnie t\u00eb madhe, p\u00ebr ruajtjen e tradites, dhe t\u00eb historis\u00eb s\u00eb treves s\u00eb tyre por edhe t\u00eb identitetit.<\/p>\n<p>N\u00eb em\u00ebr t\u00eb forumit rinor t\u00eb shoqat\u00ebs foli z. Dominik Llukiq.<\/p>\n<p>Me interes t\u00eb posa\u00e7em u prit vallja e Shestanit e cila u ekzekutua p\u00ebr her\u00eb t\u00eb par\u00eb. Vallja n\u00eb fjal\u00eb \u00e7oi pesh\u00eb t\u00eb pranishmit dhe isht\u00eb ndoshta pika kulmore e mbr\u00ebmjes. Vallet dh\u00eb k\u00ebng\u00ebt e Shestanit datojn\u00eb q\u00eb nga ko\u00ebhrat e her\u00ebshme, tradita tregon se k\u00ebto jan\u00eb ruajtur brez pas brezi jan\u00eb k\u00ebng\u00eb q\u00eb k\u00ebndohen pa muzik\u00eb dhe po k\u00ebshtu vall\u00ebzohen.<\/p>\n<p>N\u00eb vazdhim u b\u00eb p\u00ebrurimi i tri veprave publicistike t\u00eb gazetarit dhe studiuesit t\u00eb palodhsh\u00ebm Gjek\u00eb Gjonaj. P\u00ebr librat n\u00eb fjal\u00eb fol\u00ebn profesorat e nderuar: Daut Bori\u00e7i, Bahri Brisku dhe Gjovalin Shkurtaj. Prof. Gjovalin Shkurtaj theksoi vler\u00ebn shum\u00eb t\u00eb madhe t\u00eb librave duke i kaluar kufijt\u00eb t\u00eb zon\u00ebs por q\u00eb jan\u00eb t\u00eb dobishme edhe n\u00eb rrafshin mbar\u00ebkomb\u00ebtar.<\/p>\n<p>Mbr\u00ebmjen e zbukuruan edhe folkloret &#8220;Ulqini&#8221; dhe &#8220;Shtoji&#8221; si dhe k\u00ebng\u00ebtaret Shaban Gjekaj, Viktor Ndrekiqi dhe Luigj Llukiq.<\/p>\n<p>N\u00eb fund t\u00eb pranishmeve iu drejtua autori i librave, z Gjek\u00eb Gjonaj duke falenderuar p\u00ebrzem\u00ebrsisht publikun p\u00ebr pjesmarrjen n\u00eb k\u00ebt\u00eb mbr\u00ebmje. Z. Gjonaj falenderoi edhe donator\u00ebt q\u00eb mund\u00ebsuan botimin e librave.<\/p>\n<p><strong>Burimi <\/strong><strong>PROMUL Ulqin<br \/>\nFotografijat nga\u00a0 <a href=\"http:\/\/www.facebook.com\/profile.php?id=1431341925\">Grabanica  Gabriel<\/a><\/strong> <strong>Facebook<\/strong><br \/>\n<strong>\n\t\t<style type=\"text\/css\">\n\t\t\t#gallery-1 {\n\t\t\t\tmargin: auto;\n\t\t\t}\n\t\t\t#gallery-1 .gallery-item {\n\t\t\t\tfloat: left;\n\t\t\t\tmargin-top: 10px;\n\t\t\t\ttext-align: center;\n\t\t\t\twidth: 33%;\n\t\t\t}\n\t\t\t#gallery-1 img {\n\t\t\t\tborder: 2px solid #cfcfcf;\n\t\t\t}\n\t\t\t#gallery-1 .gallery-caption {\n\t\t\t\tmargin-left: 0;\n\t\t\t}\n\t\t\t\/* see gallery_shortcode() in wp-includes\/media.php *\/\n\t\t<\/style>\n\t\t<div id='gallery-1' class='gallery galleryid-39941 gallery-columns-3 gallery-size-thumbnail'><dl class='gallery-item'>\n\t\t\t<dt class='gallery-icon landscape'>\n\t\t\t\t<a href='https:\/\/www.visit-ulcinj.com\/blog\/wp-content\/uploads\/2010\/11\/Shoqata_Don-Gjon-Buzuku_kremtoi-pesembedhjet-vjetorin.jpg'><img width=\"150\" height=\"150\" src=\"https:\/\/www.visit-ulcinj.com\/blog\/wp-content\/uploads\/2010\/11\/Shoqata_Don-Gjon-Buzuku_kremtoi-pesembedhjet-vjetorin-150x150.jpg\" class=\"attachment-thumbnail size-thumbnail\" alt=\"\" loading=\"lazy\" \/><\/a>\n\t\t\t<\/dt><\/dl><dl class='gallery-item'>\n\t\t\t<dt class='gallery-icon landscape'>\n\t\t\t\t<a href='https:\/\/www.visit-ulcinj.com\/blog\/wp-content\/uploads\/2010\/11\/Shoqata_Don-Gjon-Buzuku_kremtoi-pesembedhjet-vjetorin_1.jpg'><img width=\"150\" height=\"150\" src=\"https:\/\/www.visit-ulcinj.com\/blog\/wp-content\/uploads\/2010\/11\/Shoqata_Don-Gjon-Buzuku_kremtoi-pesembedhjet-vjetorin_1-150x150.jpg\" class=\"attachment-thumbnail size-thumbnail\" alt=\"\" loading=\"lazy\" \/><\/a>\n\t\t\t<\/dt><\/dl><dl class='gallery-item'>\n\t\t\t<dt class='gallery-icon landscape'>\n\t\t\t\t<a href='https:\/\/www.visit-ulcinj.com\/blog\/wp-content\/uploads\/2010\/11\/Shoqata_Don-Gjon-Buzuku_kremtoi-pesembedhjet-vjetorin_2.jpg'><img width=\"150\" height=\"150\" src=\"https:\/\/www.visit-ulcinj.com\/blog\/wp-content\/uploads\/2010\/11\/Shoqata_Don-Gjon-Buzuku_kremtoi-pesembedhjet-vjetorin_2-150x150.jpg\" class=\"attachment-thumbnail size-thumbnail\" alt=\"\" loading=\"lazy\" \/><\/a>\n\t\t\t<\/dt><\/dl><br style=\"clear: both\" \/><dl class='gallery-item'>\n\t\t\t<dt class='gallery-icon landscape'>\n\t\t\t\t<a href='https:\/\/www.visit-ulcinj.com\/blog\/wp-content\/uploads\/2010\/11\/Shoqata_Don-Gjon-Buzuku_kremtoi-pesembedhjet-vjetorin_4.jpg'><img width=\"150\" height=\"150\" src=\"https:\/\/www.visit-ulcinj.com\/blog\/wp-content\/uploads\/2010\/11\/Shoqata_Don-Gjon-Buzuku_kremtoi-pesembedhjet-vjetorin_4-150x150.jpg\" class=\"attachment-thumbnail size-thumbnail\" alt=\"\" loading=\"lazy\" \/><\/a>\n\t\t\t<\/dt><\/dl><dl class='gallery-item'>\n\t\t\t<dt class='gallery-icon landscape'>\n\t\t\t\t<a href='https:\/\/www.visit-ulcinj.com\/blog\/wp-content\/uploads\/2010\/11\/Shoqata_Don-Gjon-Buzuku_kremtoi-pesembedhjet-vjetorin_5.jpg'><img width=\"150\" height=\"150\" src=\"https:\/\/www.visit-ulcinj.com\/blog\/wp-content\/uploads\/2010\/11\/Shoqata_Don-Gjon-Buzuku_kremtoi-pesembedhjet-vjetorin_5-150x150.jpg\" class=\"attachment-thumbnail size-thumbnail\" alt=\"\" loading=\"lazy\" \/><\/a>\n\t\t\t<\/dt><\/dl><dl class='gallery-item'>\n\t\t\t<dt class='gallery-icon landscape'>\n\t\t\t\t<a href='https:\/\/www.visit-ulcinj.com\/blog\/wp-content\/uploads\/2010\/11\/Shoqata_Don-Gjon-Buzuku_kremtoi-pesembedhjet-vjetorin_7.jpg'><img width=\"150\" height=\"150\" src=\"https:\/\/www.visit-ulcinj.com\/blog\/wp-content\/uploads\/2010\/11\/Shoqata_Don-Gjon-Buzuku_kremtoi-pesembedhjet-vjetorin_7-150x150.jpg\" class=\"attachment-thumbnail size-thumbnail\" alt=\"\" loading=\"lazy\" \/><\/a>\n\t\t\t<\/dt><\/dl><br style=\"clear: both\" \/><dl class='gallery-item'>\n\t\t\t<dt class='gallery-icon landscape'>\n\t\t\t\t<a href='https:\/\/www.visit-ulcinj.com\/blog\/wp-content\/uploads\/2010\/11\/Shoqata_Don-Gjon-Buzuku_kremtoi-pesembedhjet-vjetorin_9.jpg'><img width=\"150\" height=\"150\" src=\"https:\/\/www.visit-ulcinj.com\/blog\/wp-content\/uploads\/2010\/11\/Shoqata_Don-Gjon-Buzuku_kremtoi-pesembedhjet-vjetorin_9-150x150.jpg\" class=\"attachment-thumbnail size-thumbnail\" alt=\"\" loading=\"lazy\" \/><\/a>\n\t\t\t<\/dt><\/dl><dl class='gallery-item'>\n\t\t\t<dt class='gallery-icon landscape'>\n\t\t\t\t<a href='https:\/\/www.visit-ulcinj.com\/blog\/wp-content\/uploads\/2010\/11\/Shoqata_Don-Gjon-Buzuku_kremtoi-pesembedhjet-vjetorin_12.jpg'><img width=\"150\" height=\"150\" src=\"https:\/\/www.visit-ulcinj.com\/blog\/wp-content\/uploads\/2010\/11\/Shoqata_Don-Gjon-Buzuku_kremtoi-pesembedhjet-vjetorin_12-150x150.jpg\" class=\"attachment-thumbnail size-thumbnail\" alt=\"\" loading=\"lazy\" \/><\/a>\n\t\t\t<\/dt><\/dl><dl class='gallery-item'>\n\t\t\t<dt class='gallery-icon landscape'>\n\t\t\t\t<a href='https:\/\/www.visit-ulcinj.com\/blog\/wp-content\/uploads\/2010\/11\/Shoqata_Don-Gjon-Buzuku_kremtoi-pesembedhjet-vjetorin_13.jpg'><img width=\"150\" height=\"150\" src=\"https:\/\/www.visit-ulcinj.com\/blog\/wp-content\/uploads\/2010\/11\/Shoqata_Don-Gjon-Buzuku_kremtoi-pesembedhjet-vjetorin_13-150x150.jpg\" class=\"attachment-thumbnail size-thumbnail\" alt=\"\" loading=\"lazy\" \/><\/a>\n\t\t\t<\/dt><\/dl><br style=\"clear: both\" \/><dl class='gallery-item'>\n\t\t\t<dt class='gallery-icon landscape'>\n\t\t\t\t<a href='https:\/\/www.visit-ulcinj.com\/blog\/wp-content\/uploads\/2010\/11\/Shoqata_Don-Gjon-Buzuku_kremtoi-pesembedhjet-vjetorin_14.jpg'><img width=\"150\" height=\"150\" src=\"https:\/\/www.visit-ulcinj.com\/blog\/wp-content\/uploads\/2010\/11\/Shoqata_Don-Gjon-Buzuku_kremtoi-pesembedhjet-vjetorin_14-150x150.jpg\" class=\"attachment-thumbnail size-thumbnail\" alt=\"\" loading=\"lazy\" \/><\/a>\n\t\t\t<\/dt><\/dl><dl class='gallery-item'>\n\t\t\t<dt class='gallery-icon landscape'>\n\t\t\t\t<a href='https:\/\/www.visit-ulcinj.com\/blog\/wp-content\/uploads\/2010\/11\/Shoqata_Don-Gjon-Buzuku_kremtoi-pesembedhjet-vjetorin_15.jpg'><img width=\"150\" height=\"150\" src=\"https:\/\/www.visit-ulcinj.com\/blog\/wp-content\/uploads\/2010\/11\/Shoqata_Don-Gjon-Buzuku_kremtoi-pesembedhjet-vjetorin_15-150x150.jpg\" class=\"attachment-thumbnail size-thumbnail\" alt=\"\" loading=\"lazy\" \/><\/a>\n\t\t\t<\/dt><\/dl><dl class='gallery-item'>\n\t\t\t<dt class='gallery-icon landscape'>\n\t\t\t\t<a href='https:\/\/www.visit-ulcinj.com\/blog\/wp-content\/uploads\/2010\/11\/Shoqata_Don-Gjon-Buzuku_kremtoi-pesembedhjet-vjetorin_16.jpg'><img width=\"150\" height=\"150\" src=\"https:\/\/www.visit-ulcinj.com\/blog\/wp-content\/uploads\/2010\/11\/Shoqata_Don-Gjon-Buzuku_kremtoi-pesembedhjet-vjetorin_16-150x150.jpg\" class=\"attachment-thumbnail size-thumbnail\" alt=\"\" loading=\"lazy\" \/><\/a>\n\t\t\t<\/dt><\/dl><br style=\"clear: both\" \/><dl class='gallery-item'>\n\t\t\t<dt class='gallery-icon landscape'>\n\t\t\t\t<a href='https:\/\/www.visit-ulcinj.com\/blog\/wp-content\/uploads\/2010\/11\/Shoqata_Don-Gjon-Buzuku_kremtoi-pesembedhjet-vjetorin_18.jpg'><img width=\"150\" height=\"150\" src=\"https:\/\/www.visit-ulcinj.com\/blog\/wp-content\/uploads\/2010\/11\/Shoqata_Don-Gjon-Buzuku_kremtoi-pesembedhjet-vjetorin_18-150x150.jpg\" class=\"attachment-thumbnail size-thumbnail\" alt=\"\" loading=\"lazy\" \/><\/a>\n\t\t\t<\/dt><\/dl><dl class='gallery-item'>\n\t\t\t<dt class='gallery-icon landscape'>\n\t\t\t\t<a href='https:\/\/www.visit-ulcinj.com\/blog\/wp-content\/uploads\/2010\/11\/Shoqata_Don-Gjon-Buzuku_kremtoi-pesembedhjet-vjetorin_19.jpg'><img width=\"150\" height=\"150\" src=\"https:\/\/www.visit-ulcinj.com\/blog\/wp-content\/uploads\/2010\/11\/Shoqata_Don-Gjon-Buzuku_kremtoi-pesembedhjet-vjetorin_19-150x150.jpg\" class=\"attachment-thumbnail size-thumbnail\" alt=\"\" loading=\"lazy\" \/><\/a>\n\t\t\t<\/dt><\/dl><dl class='gallery-item'>\n\t\t\t<dt class='gallery-icon landscape'>\n\t\t\t\t<a href='https:\/\/www.visit-ulcinj.com\/blog\/wp-content\/uploads\/2010\/11\/Shoqata_Don-Gjon-Buzuku_kremtoi-pesembedhjet-vjetorin_21.jpg'><img width=\"150\" height=\"150\" src=\"https:\/\/www.visit-ulcinj.com\/blog\/wp-content\/uploads\/2010\/11\/Shoqata_Don-Gjon-Buzuku_kremtoi-pesembedhjet-vjetorin_21-150x150.jpg\" class=\"attachment-thumbnail size-thumbnail\" alt=\"\" loading=\"lazy\" \/><\/a>\n\t\t\t<\/dt><\/dl><br style=\"clear: both\" \/><dl class='gallery-item'>\n\t\t\t<dt class='gallery-icon landscape'>\n\t\t\t\t<a href='https:\/\/www.visit-ulcinj.com\/blog\/wp-content\/uploads\/2010\/11\/Shoqata_Don-Gjon-Buzuku_kremtoi-pesembedhjet-vjetorin_22.jpg'><img width=\"150\" height=\"150\" src=\"https:\/\/www.visit-ulcinj.com\/blog\/wp-content\/uploads\/2010\/11\/Shoqata_Don-Gjon-Buzuku_kremtoi-pesembedhjet-vjetorin_22-150x150.jpg\" class=\"attachment-thumbnail size-thumbnail\" alt=\"\" loading=\"lazy\" \/><\/a>\n\t\t\t<\/dt><\/dl><dl class='gallery-item'>\n\t\t\t<dt class='gallery-icon landscape'>\n\t\t\t\t<a href='https:\/\/www.visit-ulcinj.com\/blog\/wp-content\/uploads\/2010\/11\/Shoqata_Don-Gjon-Buzuku_kremtoi-pesembedhjet-vjetorin_23.jpg'><img width=\"150\" height=\"150\" src=\"https:\/\/www.visit-ulcinj.com\/blog\/wp-content\/uploads\/2010\/11\/Shoqata_Don-Gjon-Buzuku_kremtoi-pesembedhjet-vjetorin_23-150x150.jpg\" class=\"attachment-thumbnail size-thumbnail\" alt=\"\" loading=\"lazy\" \/><\/a>\n\t\t\t<\/dt><\/dl><dl class='gallery-item'>\n\t\t\t<dt class='gallery-icon landscape'>\n\t\t\t\t<a href='https:\/\/www.visit-ulcinj.com\/blog\/wp-content\/uploads\/2010\/11\/Shoqata_Don-Gjon-Buzuku_kremtoi-pesembedhjet-vjetorin_24.jpg'><img width=\"150\" height=\"150\" src=\"https:\/\/www.visit-ulcinj.com\/blog\/wp-content\/uploads\/2010\/11\/Shoqata_Don-Gjon-Buzuku_kremtoi-pesembedhjet-vjetorin_24-150x150.jpg\" class=\"attachment-thumbnail size-thumbnail\" alt=\"\" loading=\"lazy\" \/><\/a>\n\t\t\t<\/dt><\/dl><br style=\"clear: both\" \/><dl class='gallery-item'>\n\t\t\t<dt class='gallery-icon portrait'>\n\t\t\t\t<a href='https:\/\/www.visit-ulcinj.com\/blog\/wp-content\/uploads\/2010\/11\/Shoqata_Don-Gjon-Buzuku_kremtoi-pesembedhjet-vjetorin_25.jpg'><img width=\"150\" height=\"150\" src=\"https:\/\/www.visit-ulcinj.com\/blog\/wp-content\/uploads\/2010\/11\/Shoqata_Don-Gjon-Buzuku_kremtoi-pesembedhjet-vjetorin_25-150x150.jpg\" class=\"attachment-thumbnail size-thumbnail\" alt=\"\" loading=\"lazy\" \/><\/a>\n\t\t\t<\/dt><\/dl><dl class='gallery-item'>\n\t\t\t<dt class='gallery-icon landscape'>\n\t\t\t\t<a href='https:\/\/www.visit-ulcinj.com\/blog\/wp-content\/uploads\/2010\/11\/Shoqata_Don-Gjon-Buzuku_kremtoi-pesembedhjet-vjetorin_27.jpg'><img width=\"150\" height=\"150\" src=\"https:\/\/www.visit-ulcinj.com\/blog\/wp-content\/uploads\/2010\/11\/Shoqata_Don-Gjon-Buzuku_kremtoi-pesembedhjet-vjetorin_27-150x150.jpg\" class=\"attachment-thumbnail size-thumbnail\" alt=\"\" loading=\"lazy\" \/><\/a>\n\t\t\t<\/dt><\/dl><dl class='gallery-item'>\n\t\t\t<dt class='gallery-icon landscape'>\n\t\t\t\t<a href='https:\/\/www.visit-ulcinj.com\/blog\/wp-content\/uploads\/2010\/11\/Shoqata_Don-Gjon-Buzuku_kremtoi-pesembedhjet-vjetorin_28.jpg'><img width=\"150\" height=\"150\" src=\"https:\/\/www.visit-ulcinj.com\/blog\/wp-content\/uploads\/2010\/11\/Shoqata_Don-Gjon-Buzuku_kremtoi-pesembedhjet-vjetorin_28-150x150.jpg\" class=\"attachment-thumbnail size-thumbnail\" alt=\"\" loading=\"lazy\" \/><\/a>\n\t\t\t<\/dt><\/dl><br style=\"clear: both\" \/>\n\t\t<\/div>\n<\/p>\n<p><\/strong><\/p>\n<p><strong> <\/strong><\/p>\n<p><strong> <\/strong><\/p>\n<p><strong> <\/strong><br \/>\n<object classid=\"clsid:d27cdb6e-ae6d-11cf-96b8-444553540000\" width=\"490\" height=\"368\" codebase=\"http:\/\/download.macromedia.com\/pub\/shockwave\/cabs\/flash\/swflash.cab#version=6,0,40,0\"><param name=\"allowFullScreen\" value=\"true\" \/><param name=\"allowScriptAccess\" value=\"always\" \/><param name=\"src\" value=\"http:\/\/www.dailymotion.com\/swf\/video\/xfpt0h?width=480&amp;theme=none&amp;foreground=%23F7FFFD&amp;highlight=%23FFC300&amp;background=%23171D1B&amp;autoPlay=1&amp;start=&amp;animatedTitle=&amp;iframe=0&amp;additionalInfos=0&amp;hideInfos=0\" \/><param name=\"allowfullscreen\" value=\"true\" \/><\/object><\/p>\n","protected":false},"excerpt":{"rendered":"<p>Dalja historike e &#8220;Valles s\u00eb Shestanit &#8221; n\u00eb Ulqin Ulqin, 22 n\u00ebntor &#8211; Shoqata \u201cDon Gjon Buzuku\u201dn\u00eb Ulqin\u00a0 me nj\u00eb veprimtari simpatike kulturore, sh\u00ebnoi 15- vjetorin e themelimit t\u00eb saj, njofton KosovaLive. E ve\u00e7anta e k\u00ebsaj mbr\u00ebmjeje ishte se p\u00ebr her\u00eb t\u00eb par\u00eb Forumi rinor i k\u00ebsaj shoqate nxori n\u00eb sken\u00eb formacionin koreografik si\u00e7 e [&hellip;]<\/p>\n","protected":false},"author":1,"featured_media":0,"comment_status":"open","ping_status":"closed","sticky":false,"template":"","format":"standard","meta":{"spay_email":"","jetpack_publicize_message":"","jetpack_is_tweetstorm":false,"jetpack_publicize_feature_enabled":true},"categories":[4,1],"tags":[714,16392,3509,12959,16388,16391,200,18,16389,16390],"jetpack_publicize_connections":[],"yoast_head":"<!-- This site is optimized with the Yoast SEO plugin v19.1 - https:\/\/yoast.com\/wordpress\/plugins\/seo\/ -->\n<title>Vallja e Shestanit si Shoqat kremtoi pes\u00ebmb\u00ebdhjet\u00eb vjetorin e themelimit - Lajme nga Ulqini<\/title>\n<meta name=\"description\" content=\"Dalja historike e &quot;Valles s\u00eb Shestanit &quot; n\u00eb Ulqin Ulqin, 22 n\u00ebntor - Shoqata \u201cDon Gjon Buzuku\u201dn\u00eb Ulqin\u00a0 me nj\u00eb veprimtari simpatike kulturore, sh\u00ebnoi 15-\" \/>\n<meta name=\"robots\" content=\"index, follow, max-snippet:-1, max-image-preview:large, max-video-preview:-1\" \/>\n<link rel=\"canonical\" href=\"https:\/\/www.visit-ulcinj.com\/blog\/2010\/11\/21\/vallja-e-shestanit-si-shoqat-kremtoi-pesembedhjete-vjetorin-e-themelimit\/\" \/>\n<meta property=\"og:locale\" content=\"en_US\" \/>\n<meta property=\"og:type\" content=\"article\" \/>\n<meta property=\"og:title\" content=\"Vallja e Shestanit si Shoqat kremtoi pes\u00ebmb\u00ebdhjet\u00eb vjetorin e themelimit - Lajme nga Ulqini\" \/>\n<meta property=\"og:description\" content=\"Dalja historike e &quot;Valles s\u00eb Shestanit &quot; n\u00eb Ulqin Ulqin, 22 n\u00ebntor - Shoqata \u201cDon Gjon Buzuku\u201dn\u00eb Ulqin\u00a0 me nj\u00eb veprimtari simpatike kulturore, sh\u00ebnoi 15-\" \/>\n<meta property=\"og:url\" content=\"https:\/\/www.visit-ulcinj.com\/blog\/2010\/11\/21\/vallja-e-shestanit-si-shoqat-kremtoi-pesembedhjete-vjetorin-e-themelimit\/\" \/>\n<meta property=\"og:site_name\" content=\"Lajme nga Ulqini\" \/>\n<meta property=\"article:published_time\" content=\"2010-11-21T18:47:21+00:00\" \/>\n<meta property=\"article:modified_time\" content=\"2010-11-23T18:35:13+00:00\" \/>\n<meta property=\"og:image\" content=\"https:\/\/www.visit-ulcinj.com\/blog\/wp-content\/uploads\/2010\/11\/Shoqata_Don-Gjon-Buzuku_kremtoi-pesembedhjet-vjetorin-150x150.jpg\" \/>\n<meta name=\"twitter:label1\" content=\"Written by\" \/>\n\t<meta name=\"twitter:data1\" content=\"ulqini\" \/>\n\t<meta name=\"twitter:label2\" content=\"Est. reading time\" \/>\n\t<meta name=\"twitter:data2\" content=\"4 minutes\" \/>\n<script type=\"application\/ld+json\" class=\"yoast-schema-graph\">{\"@context\":\"https:\/\/schema.org\",\"@graph\":[{\"@type\":\"WebSite\",\"@id\":\"https:\/\/www.visit-ulcinj.com\/blog\/#website\",\"url\":\"https:\/\/www.visit-ulcinj.com\/blog\/\",\"name\":\"Lajme nga Ulqini\",\"description\":\"Lajme,Vijesti,Ulqini,Ulqin,Crna Gora,Mali i Zi\",\"potentialAction\":[{\"@type\":\"SearchAction\",\"target\":{\"@type\":\"EntryPoint\",\"urlTemplate\":\"https:\/\/www.visit-ulcinj.com\/blog\/?s={search_term_string}\"},\"query-input\":\"required name=search_term_string\"}],\"inLanguage\":\"en-US\"},{\"@type\":\"ImageObject\",\"inLanguage\":\"en-US\",\"@id\":\"https:\/\/www.visit-ulcinj.com\/blog\/2010\/11\/21\/vallja-e-shestanit-si-shoqat-kremtoi-pesembedhjete-vjetorin-e-themelimit\/#primaryimage\",\"url\":\"https:\/\/www.visit-ulcinj.com\/blog\/wp-content\/uploads\/2010\/11\/Shoqata_Don-Gjon-Buzuku_kremtoi-pesembedhjet-vjetorin.jpg\",\"contentUrl\":\"https:\/\/www.visit-ulcinj.com\/blog\/wp-content\/uploads\/2010\/11\/Shoqata_Don-Gjon-Buzuku_kremtoi-pesembedhjet-vjetorin.jpg\",\"width\":\"720\",\"height\":\"482\"},{\"@type\":\"WebPage\",\"@id\":\"https:\/\/www.visit-ulcinj.com\/blog\/2010\/11\/21\/vallja-e-shestanit-si-shoqat-kremtoi-pesembedhjete-vjetorin-e-themelimit\/#webpage\",\"url\":\"https:\/\/www.visit-ulcinj.com\/blog\/2010\/11\/21\/vallja-e-shestanit-si-shoqat-kremtoi-pesembedhjete-vjetorin-e-themelimit\/\",\"name\":\"Vallja e Shestanit si Shoqat kremtoi pes\u00ebmb\u00ebdhjet\u00eb vjetorin e themelimit - Lajme nga Ulqini\",\"isPartOf\":{\"@id\":\"https:\/\/www.visit-ulcinj.com\/blog\/#website\"},\"primaryImageOfPage\":{\"@id\":\"https:\/\/www.visit-ulcinj.com\/blog\/2010\/11\/21\/vallja-e-shestanit-si-shoqat-kremtoi-pesembedhjete-vjetorin-e-themelimit\/#primaryimage\"},\"datePublished\":\"2010-11-21T18:47:21+00:00\",\"dateModified\":\"2010-11-23T18:35:13+00:00\",\"author\":{\"@id\":\"https:\/\/www.visit-ulcinj.com\/blog\/#\/schema\/person\/dcab619c614d3038751c63bc2aadc06d\"},\"description\":\"Dalja historike e \\\"Valles s\u00eb Shestanit \\\" n\u00eb Ulqin Ulqin, 22 n\u00ebntor - Shoqata \u201cDon Gjon Buzuku\u201dn\u00eb Ulqin\u00a0 me nj\u00eb veprimtari simpatike kulturore, sh\u00ebnoi 15-\",\"breadcrumb\":{\"@id\":\"https:\/\/www.visit-ulcinj.com\/blog\/2010\/11\/21\/vallja-e-shestanit-si-shoqat-kremtoi-pesembedhjete-vjetorin-e-themelimit\/#breadcrumb\"},\"inLanguage\":\"en-US\",\"potentialAction\":[{\"@type\":\"ReadAction\",\"target\":[\"https:\/\/www.visit-ulcinj.com\/blog\/2010\/11\/21\/vallja-e-shestanit-si-shoqat-kremtoi-pesembedhjete-vjetorin-e-themelimit\/\"]}]},{\"@type\":\"BreadcrumbList\",\"@id\":\"https:\/\/www.visit-ulcinj.com\/blog\/2010\/11\/21\/vallja-e-shestanit-si-shoqat-kremtoi-pesembedhjete-vjetorin-e-themelimit\/#breadcrumb\",\"itemListElement\":[{\"@type\":\"ListItem\",\"position\":1,\"name\":\"Vallja e Shestanit si Shoqat kremtoi pes\u00ebmb\u00ebdhjet\u00eb vjetorin e themelimit\"}]},{\"@type\":\"Person\",\"@id\":\"https:\/\/www.visit-ulcinj.com\/blog\/#\/schema\/person\/dcab619c614d3038751c63bc2aadc06d\",\"name\":\"ulqini\",\"sameAs\":[\"http:\/\/www.visit-ulcinj.com\"],\"url\":\"https:\/\/www.visit-ulcinj.com\/blog\/author\/admin\/\"}]}<\/script>\n<!-- \/ Yoast SEO plugin. -->","yoast_head_json":{"title":"Vallja e Shestanit si Shoqat kremtoi pes\u00ebmb\u00ebdhjet\u00eb vjetorin e themelimit - Lajme nga Ulqini","description":"Dalja historike e \"Valles s\u00eb Shestanit \" n\u00eb Ulqin Ulqin, 22 n\u00ebntor - Shoqata \u201cDon Gjon Buzuku\u201dn\u00eb Ulqin\u00a0 me nj\u00eb veprimtari simpatike kulturore, sh\u00ebnoi 15-","robots":{"index":"index","follow":"follow","max-snippet":"max-snippet:-1","max-image-preview":"max-image-preview:large","max-video-preview":"max-video-preview:-1"},"canonical":"https:\/\/www.visit-ulcinj.com\/blog\/2010\/11\/21\/vallja-e-shestanit-si-shoqat-kremtoi-pesembedhjete-vjetorin-e-themelimit\/","og_locale":"en_US","og_type":"article","og_title":"Vallja e Shestanit si Shoqat kremtoi pes\u00ebmb\u00ebdhjet\u00eb vjetorin e themelimit - Lajme nga Ulqini","og_description":"Dalja historike e \"Valles s\u00eb Shestanit \" n\u00eb Ulqin Ulqin, 22 n\u00ebntor - Shoqata \u201cDon Gjon Buzuku\u201dn\u00eb Ulqin\u00a0 me nj\u00eb veprimtari simpatike kulturore, sh\u00ebnoi 15-","og_url":"https:\/\/www.visit-ulcinj.com\/blog\/2010\/11\/21\/vallja-e-shestanit-si-shoqat-kremtoi-pesembedhjete-vjetorin-e-themelimit\/","og_site_name":"Lajme nga Ulqini","article_published_time":"2010-11-21T18:47:21+00:00","article_modified_time":"2010-11-23T18:35:13+00:00","og_image":[{"url":"https:\/\/www.visit-ulcinj.com\/blog\/wp-content\/uploads\/2010\/11\/Shoqata_Don-Gjon-Buzuku_kremtoi-pesembedhjet-vjetorin-150x150.jpg"}],"twitter_misc":{"Written by":"ulqini","Est. reading time":"4 minutes"},"schema":{"@context":"https:\/\/schema.org","@graph":[{"@type":"WebSite","@id":"https:\/\/www.visit-ulcinj.com\/blog\/#website","url":"https:\/\/www.visit-ulcinj.com\/blog\/","name":"Lajme nga Ulqini","description":"Lajme,Vijesti,Ulqini,Ulqin,Crna Gora,Mali i Zi","potentialAction":[{"@type":"SearchAction","target":{"@type":"EntryPoint","urlTemplate":"https:\/\/www.visit-ulcinj.com\/blog\/?s={search_term_string}"},"query-input":"required name=search_term_string"}],"inLanguage":"en-US"},{"@type":"ImageObject","inLanguage":"en-US","@id":"https:\/\/www.visit-ulcinj.com\/blog\/2010\/11\/21\/vallja-e-shestanit-si-shoqat-kremtoi-pesembedhjete-vjetorin-e-themelimit\/#primaryimage","url":"https:\/\/www.visit-ulcinj.com\/blog\/wp-content\/uploads\/2010\/11\/Shoqata_Don-Gjon-Buzuku_kremtoi-pesembedhjet-vjetorin.jpg","contentUrl":"https:\/\/www.visit-ulcinj.com\/blog\/wp-content\/uploads\/2010\/11\/Shoqata_Don-Gjon-Buzuku_kremtoi-pesembedhjet-vjetorin.jpg","width":"720","height":"482"},{"@type":"WebPage","@id":"https:\/\/www.visit-ulcinj.com\/blog\/2010\/11\/21\/vallja-e-shestanit-si-shoqat-kremtoi-pesembedhjete-vjetorin-e-themelimit\/#webpage","url":"https:\/\/www.visit-ulcinj.com\/blog\/2010\/11\/21\/vallja-e-shestanit-si-shoqat-kremtoi-pesembedhjete-vjetorin-e-themelimit\/","name":"Vallja e Shestanit si Shoqat kremtoi pes\u00ebmb\u00ebdhjet\u00eb vjetorin e themelimit - Lajme nga Ulqini","isPartOf":{"@id":"https:\/\/www.visit-ulcinj.com\/blog\/#website"},"primaryImageOfPage":{"@id":"https:\/\/www.visit-ulcinj.com\/blog\/2010\/11\/21\/vallja-e-shestanit-si-shoqat-kremtoi-pesembedhjete-vjetorin-e-themelimit\/#primaryimage"},"datePublished":"2010-11-21T18:47:21+00:00","dateModified":"2010-11-23T18:35:13+00:00","author":{"@id":"https:\/\/www.visit-ulcinj.com\/blog\/#\/schema\/person\/dcab619c614d3038751c63bc2aadc06d"},"description":"Dalja historike e \"Valles s\u00eb Shestanit \" n\u00eb Ulqin Ulqin, 22 n\u00ebntor - Shoqata \u201cDon Gjon Buzuku\u201dn\u00eb Ulqin\u00a0 me nj\u00eb veprimtari simpatike kulturore, sh\u00ebnoi 15-","breadcrumb":{"@id":"https:\/\/www.visit-ulcinj.com\/blog\/2010\/11\/21\/vallja-e-shestanit-si-shoqat-kremtoi-pesembedhjete-vjetorin-e-themelimit\/#breadcrumb"},"inLanguage":"en-US","potentialAction":[{"@type":"ReadAction","target":["https:\/\/www.visit-ulcinj.com\/blog\/2010\/11\/21\/vallja-e-shestanit-si-shoqat-kremtoi-pesembedhjete-vjetorin-e-themelimit\/"]}]},{"@type":"BreadcrumbList","@id":"https:\/\/www.visit-ulcinj.com\/blog\/2010\/11\/21\/vallja-e-shestanit-si-shoqat-kremtoi-pesembedhjete-vjetorin-e-themelimit\/#breadcrumb","itemListElement":[{"@type":"ListItem","position":1,"name":"Vallja e Shestanit si Shoqat kremtoi pes\u00ebmb\u00ebdhjet\u00eb vjetorin e themelimit"}]},{"@type":"Person","@id":"https:\/\/www.visit-ulcinj.com\/blog\/#\/schema\/person\/dcab619c614d3038751c63bc2aadc06d","name":"ulqini","sameAs":["http:\/\/www.visit-ulcinj.com"],"url":"https:\/\/www.visit-ulcinj.com\/blog\/author\/admin\/"}]}},"jetpack_featured_media_url":"","jetpack_sharing_enabled":true,"jetpack_shortlink":"https:\/\/wp.me\/pe6lTn-aod","_links":{"self":[{"href":"https:\/\/www.visit-ulcinj.com\/blog\/wp-json\/wp\/v2\/posts\/39941"}],"collection":[{"href":"https:\/\/www.visit-ulcinj.com\/blog\/wp-json\/wp\/v2\/posts"}],"about":[{"href":"https:\/\/www.visit-ulcinj.com\/blog\/wp-json\/wp\/v2\/types\/post"}],"author":[{"embeddable":true,"href":"https:\/\/www.visit-ulcinj.com\/blog\/wp-json\/wp\/v2\/users\/1"}],"replies":[{"embeddable":true,"href":"https:\/\/www.visit-ulcinj.com\/blog\/wp-json\/wp\/v2\/comments?post=39941"}],"version-history":[{"count":0,"href":"https:\/\/www.visit-ulcinj.com\/blog\/wp-json\/wp\/v2\/posts\/39941\/revisions"}],"wp:attachment":[{"href":"https:\/\/www.visit-ulcinj.com\/blog\/wp-json\/wp\/v2\/media?parent=39941"}],"wp:term":[{"taxonomy":"category","embeddable":true,"href":"https:\/\/www.visit-ulcinj.com\/blog\/wp-json\/wp\/v2\/categories?post=39941"},{"taxonomy":"post_tag","embeddable":true,"href":"https:\/\/www.visit-ulcinj.com\/blog\/wp-json\/wp\/v2\/tags?post=39941"}],"curies":[{"name":"wp","href":"https:\/\/api.w.org\/{rel}","templated":true}]}}