{"id":39975,"date":"2010-11-22T17:34:46","date_gmt":"2010-11-22T16:34:46","guid":{"rendered":"http:\/\/www.visit-ulcinj.com\/blog\/?p=39975"},"modified":"2010-11-22T17:37:41","modified_gmt":"2010-11-22T16:37:41","slug":"klubi-i-karatese-ulqini-shtate-medalje-te-arta","status":"publish","type":"post","link":"https:\/\/www.visit-ulcinj.com\/blog\/2010\/11\/22\/klubi-i-karatese-ulqini-shtate-medalje-te-arta\/","title":{"rendered":"Klubi i karates\u00eb Ulqini: Shtat\u00eb  medalje  t\u00eb  arta"},"content":{"rendered":"<p><strong><a href=\"http:\/\/www.visit-ulcinj.com\/blog\/wp-content\/uploads\/2010\/11\/KK_ULQINI_ELBASANI-OPEN-2010.4_picnik.jpg\"><img loading=\"lazy\" class=\"alignleft size-full wp-image-39976\" title=\"KK_ULQINI_ELBASANI OPEN 2010.4_picnik\" src=\"http:\/\/www.visit-ulcinj.com\/blog\/wp-content\/uploads\/2010\/11\/KK_ULQINI_ELBASANI-OPEN-2010.4_picnik.jpg\" alt=\"\" width=\"490\" height=\"390\" \/><\/a>Klubi i karates\u00eb \u201cUlqini\u201d mori pjes\u00eb n\u00eb turneun e x t\u00eb karates\u00eb \u201cElbasani Open 2010\u201d<\/strong><\/p>\n<p><strong>Shtat\u00eb\u00a0 medalje\u00a0 t\u00eb\u00a0 arta<\/strong><\/p>\n<p>T\u00eb diel\u00ebn, m\u00eb 14 n\u00ebntor 2010 n\u00eb Elbasan, Shqip\u00ebri, u mbajt Turneu i 10-t\u00eb i karates\u00eb \u201cElbasani Open 2010\u201d, n\u00eb t\u00eb cilin mor\u00ebn pjes\u00eb garues nga Shqip\u00ebria, Maqedonia,\u00a0 Kosova dhe ne nga Ulqini.<\/p>\n<p>Klubi i Karates\u00eb \u201cUlqini\u201d mori pjes\u00eb me 6 garues, t\u00eb cil\u00ebt\u00a0 u kuror\u00ebzuan me gjithsej 10 medalje: 7 t\u00eb arta, 1 t\u00eb argjendt\u00eb, 2 t\u00eb bronzta dhe 1 kup\u00eb.<br \/>\nN\u00eb disiplinat individuale me nga dy medalje t\u00eb arta u kuror\u00ebzuan: Antigona Rama, Xhemale Elezi dhe Diell\u00ebza Rama, me nj\u00eb medalje t\u00eb art\u00eb n\u00eb luft\u00ebra individuale u kuror\u00ebzua Petar Barlloviq, me nj\u00eb medalje t\u00eb argjendt\u00eb dhe nj\u00eb t\u00eb bronzt\u00eb u kuror\u00ebzua Radica Dashiq, kurse me nj\u00eb t\u00eb bronzt\u00eb u kuror\u00ebzua Dardan Ceka.<\/p>\n<p>Udh\u00ebheq\u00ebsia m\u00eb e lart\u00eb e klubit shprehet e k\u00ebnaqur me rezultatet e arrituara, si n\u00eb k\u00ebt\u00eb, ashtu edhe n\u00eb \u00e7do gar\u00eb q\u00eb marrin pjes\u00eb garuesit e tyre dhe pasi q\u00eb p\u00ebrkrahja \u00ebsht\u00eb shum\u00eb e vog\u00ebl, p\u00ebrs\u00ebri apelojn\u00eb te t\u00eb gjith\u00eb q\u00eb t\u00eb ndihmohen k\u00ebta t\u00eb rinj, t\u00eb cil\u00ebt vazhdimisht n\u00eb vend dhe jasht\u00eb vendit po na p\u00ebrfaq\u00ebsojn\u00eb me dinjitet, duke qen\u00eb gjithmon\u00eb m\u00eb t\u00eb mir\u00ebt.<\/p>\n<p>Ata fal\u00ebnderojn\u00eb po ashtu p\u00ebr ftes\u00ebn organizatorin Mirand Backa dhe sponzor\u00ebt \u201cElita Group\u201d, \u00a0burektoren \u201cPelivan\u201d dhe \u201cB-Market\u201d.<\/p>\n<p><strong>Sh\u00ebrbimi informativ i klubit t\u00eb karates\u00eb \u201c<\/strong><strong>Ulqini\u201d<br \/>\n\n\t\t<style type=\"text\/css\">\n\t\t\t#gallery-1 {\n\t\t\t\tmargin: auto;\n\t\t\t}\n\t\t\t#gallery-1 .gallery-item {\n\t\t\t\tfloat: left;\n\t\t\t\tmargin-top: 10px;\n\t\t\t\ttext-align: center;\n\t\t\t\twidth: 33%;\n\t\t\t}\n\t\t\t#gallery-1 img {\n\t\t\t\tborder: 2px solid #cfcfcf;\n\t\t\t}\n\t\t\t#gallery-1 .gallery-caption {\n\t\t\t\tmargin-left: 0;\n\t\t\t}\n\t\t\t\/* see gallery_shortcode() in wp-includes\/media.php *\/\n\t\t<\/style>\n\t\t<div id='gallery-1' class='gallery galleryid-39975 gallery-columns-3 gallery-size-thumbnail'><dl class='gallery-item'>\n\t\t\t<dt class='gallery-icon landscape'>\n\t\t\t\t<a href='https:\/\/www.visit-ulcinj.com\/blog\/wp-content\/uploads\/2010\/11\/KK_ULQINI_ELBASANI-OPEN-2010.4_picnik.jpg'><img width=\"150\" height=\"150\" src=\"https:\/\/www.visit-ulcinj.com\/blog\/wp-content\/uploads\/2010\/11\/KK_ULQINI_ELBASANI-OPEN-2010.4_picnik-150x150.jpg\" class=\"attachment-thumbnail size-thumbnail\" alt=\"\" loading=\"lazy\" \/><\/a>\n\t\t\t<\/dt><\/dl><dl class='gallery-item'>\n\t\t\t<dt class='gallery-icon landscape'>\n\t\t\t\t<a href='https:\/\/www.visit-ulcinj.com\/blog\/wp-content\/uploads\/2010\/11\/KK_ULQINI_ELBASANI-OPEN-2010_picnik.jpg'><img width=\"150\" height=\"150\" src=\"https:\/\/www.visit-ulcinj.com\/blog\/wp-content\/uploads\/2010\/11\/KK_ULQINI_ELBASANI-OPEN-2010_picnik-150x150.jpg\" class=\"attachment-thumbnail size-thumbnail\" alt=\"\" loading=\"lazy\" \/><\/a>\n\t\t\t<\/dt><\/dl><dl class='gallery-item'>\n\t\t\t<dt class='gallery-icon landscape'>\n\t\t\t\t<a href='https:\/\/www.visit-ulcinj.com\/blog\/wp-content\/uploads\/2010\/11\/KK_ULQINI_ELBASANI-OPEN-2010.1_picnik.jpg'><img width=\"150\" height=\"150\" src=\"https:\/\/www.visit-ulcinj.com\/blog\/wp-content\/uploads\/2010\/11\/KK_ULQINI_ELBASANI-OPEN-2010.1_picnik-150x150.jpg\" class=\"attachment-thumbnail size-thumbnail\" alt=\"\" loading=\"lazy\" \/><\/a>\n\t\t\t<\/dt><\/dl><br style=\"clear: both\" \/><dl class='gallery-item'>\n\t\t\t<dt class='gallery-icon landscape'>\n\t\t\t\t<a href='https:\/\/www.visit-ulcinj.com\/blog\/wp-content\/uploads\/2010\/11\/KK_ULQINI_ELBASANI-OPEN-2010.2_picnik.jpg'><img width=\"150\" height=\"150\" src=\"https:\/\/www.visit-ulcinj.com\/blog\/wp-content\/uploads\/2010\/11\/KK_ULQINI_ELBASANI-OPEN-2010.2_picnik-150x150.jpg\" class=\"attachment-thumbnail size-thumbnail\" alt=\"\" loading=\"lazy\" \/><\/a>\n\t\t\t<\/dt><\/dl><dl class='gallery-item'>\n\t\t\t<dt class='gallery-icon landscape'>\n\t\t\t\t<a href='https:\/\/www.visit-ulcinj.com\/blog\/wp-content\/uploads\/2010\/11\/KK_ULQINI_ELBASANI-OPEN-2010.3_picnik.jpg'><img width=\"150\" height=\"150\" src=\"https:\/\/www.visit-ulcinj.com\/blog\/wp-content\/uploads\/2010\/11\/KK_ULQINI_ELBASANI-OPEN-2010.3_picnik-150x150.jpg\" class=\"attachment-thumbnail size-thumbnail\" alt=\"\" loading=\"lazy\" \/><\/a>\n\t\t\t<\/dt><\/dl><dl class='gallery-item'>\n\t\t\t<dt class='gallery-icon portrait'>\n\t\t\t\t<a href='https:\/\/www.visit-ulcinj.com\/blog\/wp-content\/uploads\/2010\/11\/KK_ULQINI_ELBASANI-OPEN-2010.5_picnik.jpg'><img width=\"150\" height=\"150\" src=\"https:\/\/www.visit-ulcinj.com\/blog\/wp-content\/uploads\/2010\/11\/KK_ULQINI_ELBASANI-OPEN-2010.5_picnik-150x150.jpg\" class=\"attachment-thumbnail size-thumbnail\" alt=\"\" loading=\"lazy\" \/><\/a>\n\t\t\t<\/dt><\/dl><br style=\"clear: both\" \/><dl class='gallery-item'>\n\t\t\t<dt class='gallery-icon landscape'>\n\t\t\t\t<a href='https:\/\/www.visit-ulcinj.com\/blog\/wp-content\/uploads\/2010\/11\/KK_ULQINI_ELBASANI-OPEN-2010.6_picnik.jpg'><img width=\"150\" height=\"150\" src=\"https:\/\/www.visit-ulcinj.com\/blog\/wp-content\/uploads\/2010\/11\/KK_ULQINI_ELBASANI-OPEN-2010.6_picnik-150x150.jpg\" class=\"attachment-thumbnail size-thumbnail\" alt=\"\" loading=\"lazy\" \/><\/a>\n\t\t\t<\/dt><\/dl><dl class='gallery-item'>\n\t\t\t<dt class='gallery-icon portrait'>\n\t\t\t\t<a href='https:\/\/www.visit-ulcinj.com\/blog\/wp-content\/uploads\/2010\/11\/KK_ULQINI_ELBASANI-OPEN-2010.7.jpg'><img width=\"150\" height=\"150\" src=\"https:\/\/www.visit-ulcinj.com\/blog\/wp-content\/uploads\/2010\/11\/KK_ULQINI_ELBASANI-OPEN-2010.7-150x150.jpg\" class=\"attachment-thumbnail size-thumbnail\" alt=\"\" loading=\"lazy\" \/><\/a>\n\t\t\t<\/dt><\/dl>\n\t\t\t<br style='clear: both' \/>\n\t\t<\/div>\n<\/p>\n<p><\/strong><\/p>\n<p><strong> <\/strong><\/p>\n","protected":false},"excerpt":{"rendered":"<p>Klubi i karates\u00eb \u201cUlqini\u201d mori pjes\u00eb n\u00eb turneun e x t\u00eb karates\u00eb \u201cElbasani Open 2010\u201d Shtat\u00eb\u00a0 medalje\u00a0 t\u00eb\u00a0 arta T\u00eb diel\u00ebn, m\u00eb 14 n\u00ebntor 2010 n\u00eb Elbasan, Shqip\u00ebri, u mbajt Turneu i 10-t\u00eb i karates\u00eb \u201cElbasani Open 2010\u201d, n\u00eb t\u00eb cilin mor\u00ebn pjes\u00eb garues nga Shqip\u00ebria, Maqedonia,\u00a0 Kosova dhe ne nga Ulqini. Klubi i Karates\u00eb [&hellip;]<\/p>\n","protected":false},"author":1,"featured_media":0,"comment_status":"open","ping_status":"closed","sticky":false,"template":"","format":"standard","meta":{"spay_email":"","jetpack_publicize_message":"","jetpack_is_tweetstorm":false,"jetpack_publicize_feature_enabled":true},"categories":[3],"tags":[2065,5821,5831,16393,49,95,2754,2073,10576,354,18,2066],"jetpack_publicize_connections":[],"yoast_head":"<!-- This site is optimized with the Yoast SEO plugin v19.1 - https:\/\/yoast.com\/wordpress\/plugins\/seo\/ -->\n<title>Klubi i karates\u00eb Ulqini: Shtat\u00eb medalje t\u00eb arta - Lajme nga Ulqini<\/title>\n<meta name=\"description\" content=\"Klubi i karates\u00eb \u201cUlqini\u201d mori pjes\u00eb n\u00eb turneun e x t\u00eb karates\u00eb \u201cElbasani Open 2010\u201d Shtat\u00eb\u00a0 medalje\u00a0 t\u00eb\u00a0 arta T\u00eb diel\u00ebn, m\u00eb 14 n\u00ebntor 2010 n\u00eb Elbasan,\" \/>\n<meta name=\"robots\" content=\"index, follow, max-snippet:-1, max-image-preview:large, max-video-preview:-1\" \/>\n<link rel=\"canonical\" href=\"https:\/\/www.visit-ulcinj.com\/blog\/2010\/11\/22\/klubi-i-karatese-ulqini-shtate-medalje-te-arta\/\" \/>\n<meta property=\"og:locale\" content=\"en_US\" \/>\n<meta property=\"og:type\" content=\"article\" \/>\n<meta property=\"og:title\" content=\"Klubi i karates\u00eb Ulqini: Shtat\u00eb medalje t\u00eb arta - Lajme nga Ulqini\" \/>\n<meta property=\"og:description\" content=\"Klubi i karates\u00eb \u201cUlqini\u201d mori pjes\u00eb n\u00eb turneun e x t\u00eb karates\u00eb \u201cElbasani Open 2010\u201d Shtat\u00eb\u00a0 medalje\u00a0 t\u00eb\u00a0 arta T\u00eb diel\u00ebn, m\u00eb 14 n\u00ebntor 2010 n\u00eb Elbasan,\" \/>\n<meta property=\"og:url\" content=\"https:\/\/www.visit-ulcinj.com\/blog\/2010\/11\/22\/klubi-i-karatese-ulqini-shtate-medalje-te-arta\/\" \/>\n<meta property=\"og:site_name\" content=\"Lajme nga Ulqini\" \/>\n<meta property=\"article:published_time\" content=\"2010-11-22T16:34:46+00:00\" \/>\n<meta property=\"article:modified_time\" content=\"2010-11-22T16:37:41+00:00\" \/>\n<meta property=\"og:image\" content=\"https:\/\/www.visit-ulcinj.com\/blog\/wp-content\/uploads\/2010\/11\/KK_ULQINI_ELBASANI-OPEN-2010.4_picnik-150x150.jpg\" \/>\n<meta name=\"twitter:label1\" content=\"Written by\" \/>\n\t<meta name=\"twitter:data1\" content=\"ulqini\" \/>\n\t<meta name=\"twitter:label2\" content=\"Est. reading time\" \/>\n\t<meta name=\"twitter:data2\" content=\"1 minute\" \/>\n<script type=\"application\/ld+json\" class=\"yoast-schema-graph\">{\"@context\":\"https:\/\/schema.org\",\"@graph\":[{\"@type\":\"WebSite\",\"@id\":\"https:\/\/www.visit-ulcinj.com\/blog\/#website\",\"url\":\"https:\/\/www.visit-ulcinj.com\/blog\/\",\"name\":\"Lajme nga Ulqini\",\"description\":\"Lajme,Vijesti,Ulqini,Ulqin,Crna Gora,Mali i Zi\",\"potentialAction\":[{\"@type\":\"SearchAction\",\"target\":{\"@type\":\"EntryPoint\",\"urlTemplate\":\"https:\/\/www.visit-ulcinj.com\/blog\/?s={search_term_string}\"},\"query-input\":\"required name=search_term_string\"}],\"inLanguage\":\"en-US\"},{\"@type\":\"ImageObject\",\"inLanguage\":\"en-US\",\"@id\":\"https:\/\/www.visit-ulcinj.com\/blog\/2010\/11\/22\/klubi-i-karatese-ulqini-shtate-medalje-te-arta\/#primaryimage\",\"url\":\"https:\/\/www.visit-ulcinj.com\/blog\/wp-content\/uploads\/2010\/11\/KK_ULQINI_ELBASANI-OPEN-2010.4_picnik.jpg\",\"contentUrl\":\"https:\/\/www.visit-ulcinj.com\/blog\/wp-content\/uploads\/2010\/11\/KK_ULQINI_ELBASANI-OPEN-2010.4_picnik.jpg\",\"width\":\"1092\",\"height\":\"819\"},{\"@type\":\"WebPage\",\"@id\":\"https:\/\/www.visit-ulcinj.com\/blog\/2010\/11\/22\/klubi-i-karatese-ulqini-shtate-medalje-te-arta\/#webpage\",\"url\":\"https:\/\/www.visit-ulcinj.com\/blog\/2010\/11\/22\/klubi-i-karatese-ulqini-shtate-medalje-te-arta\/\",\"name\":\"Klubi i karates\u00eb Ulqini: Shtat\u00eb medalje t\u00eb arta - Lajme nga Ulqini\",\"isPartOf\":{\"@id\":\"https:\/\/www.visit-ulcinj.com\/blog\/#website\"},\"primaryImageOfPage\":{\"@id\":\"https:\/\/www.visit-ulcinj.com\/blog\/2010\/11\/22\/klubi-i-karatese-ulqini-shtate-medalje-te-arta\/#primaryimage\"},\"datePublished\":\"2010-11-22T16:34:46+00:00\",\"dateModified\":\"2010-11-22T16:37:41+00:00\",\"author\":{\"@id\":\"https:\/\/www.visit-ulcinj.com\/blog\/#\/schema\/person\/dcab619c614d3038751c63bc2aadc06d\"},\"description\":\"Klubi i karates\u00eb \u201cUlqini\u201d mori pjes\u00eb n\u00eb turneun e x t\u00eb karates\u00eb \u201cElbasani Open 2010\u201d Shtat\u00eb\u00a0 medalje\u00a0 t\u00eb\u00a0 arta T\u00eb diel\u00ebn, m\u00eb 14 n\u00ebntor 2010 n\u00eb Elbasan,\",\"breadcrumb\":{\"@id\":\"https:\/\/www.visit-ulcinj.com\/blog\/2010\/11\/22\/klubi-i-karatese-ulqini-shtate-medalje-te-arta\/#breadcrumb\"},\"inLanguage\":\"en-US\",\"potentialAction\":[{\"@type\":\"ReadAction\",\"target\":[\"https:\/\/www.visit-ulcinj.com\/blog\/2010\/11\/22\/klubi-i-karatese-ulqini-shtate-medalje-te-arta\/\"]}]},{\"@type\":\"BreadcrumbList\",\"@id\":\"https:\/\/www.visit-ulcinj.com\/blog\/2010\/11\/22\/klubi-i-karatese-ulqini-shtate-medalje-te-arta\/#breadcrumb\",\"itemListElement\":[{\"@type\":\"ListItem\",\"position\":1,\"name\":\"Klubi i karates\u00eb Ulqini: Shtat\u00eb medalje t\u00eb arta\"}]},{\"@type\":\"Person\",\"@id\":\"https:\/\/www.visit-ulcinj.com\/blog\/#\/schema\/person\/dcab619c614d3038751c63bc2aadc06d\",\"name\":\"ulqini\",\"sameAs\":[\"http:\/\/www.visit-ulcinj.com\"],\"url\":\"https:\/\/www.visit-ulcinj.com\/blog\/author\/admin\/\"}]}<\/script>\n<!-- \/ Yoast SEO plugin. -->","yoast_head_json":{"title":"Klubi i karates\u00eb Ulqini: Shtat\u00eb medalje t\u00eb arta - Lajme nga Ulqini","description":"Klubi i karates\u00eb \u201cUlqini\u201d mori pjes\u00eb n\u00eb turneun e x t\u00eb karates\u00eb \u201cElbasani Open 2010\u201d Shtat\u00eb\u00a0 medalje\u00a0 t\u00eb\u00a0 arta T\u00eb diel\u00ebn, m\u00eb 14 n\u00ebntor 2010 n\u00eb Elbasan,","robots":{"index":"index","follow":"follow","max-snippet":"max-snippet:-1","max-image-preview":"max-image-preview:large","max-video-preview":"max-video-preview:-1"},"canonical":"https:\/\/www.visit-ulcinj.com\/blog\/2010\/11\/22\/klubi-i-karatese-ulqini-shtate-medalje-te-arta\/","og_locale":"en_US","og_type":"article","og_title":"Klubi i karates\u00eb Ulqini: Shtat\u00eb medalje t\u00eb arta - Lajme nga Ulqini","og_description":"Klubi i karates\u00eb \u201cUlqini\u201d mori pjes\u00eb n\u00eb turneun e x t\u00eb karates\u00eb \u201cElbasani Open 2010\u201d Shtat\u00eb\u00a0 medalje\u00a0 t\u00eb\u00a0 arta T\u00eb diel\u00ebn, m\u00eb 14 n\u00ebntor 2010 n\u00eb Elbasan,","og_url":"https:\/\/www.visit-ulcinj.com\/blog\/2010\/11\/22\/klubi-i-karatese-ulqini-shtate-medalje-te-arta\/","og_site_name":"Lajme nga Ulqini","article_published_time":"2010-11-22T16:34:46+00:00","article_modified_time":"2010-11-22T16:37:41+00:00","og_image":[{"url":"https:\/\/www.visit-ulcinj.com\/blog\/wp-content\/uploads\/2010\/11\/KK_ULQINI_ELBASANI-OPEN-2010.4_picnik-150x150.jpg"}],"twitter_misc":{"Written by":"ulqini","Est. reading time":"1 minute"},"schema":{"@context":"https:\/\/schema.org","@graph":[{"@type":"WebSite","@id":"https:\/\/www.visit-ulcinj.com\/blog\/#website","url":"https:\/\/www.visit-ulcinj.com\/blog\/","name":"Lajme nga Ulqini","description":"Lajme,Vijesti,Ulqini,Ulqin,Crna Gora,Mali i Zi","potentialAction":[{"@type":"SearchAction","target":{"@type":"EntryPoint","urlTemplate":"https:\/\/www.visit-ulcinj.com\/blog\/?s={search_term_string}"},"query-input":"required name=search_term_string"}],"inLanguage":"en-US"},{"@type":"ImageObject","inLanguage":"en-US","@id":"https:\/\/www.visit-ulcinj.com\/blog\/2010\/11\/22\/klubi-i-karatese-ulqini-shtate-medalje-te-arta\/#primaryimage","url":"https:\/\/www.visit-ulcinj.com\/blog\/wp-content\/uploads\/2010\/11\/KK_ULQINI_ELBASANI-OPEN-2010.4_picnik.jpg","contentUrl":"https:\/\/www.visit-ulcinj.com\/blog\/wp-content\/uploads\/2010\/11\/KK_ULQINI_ELBASANI-OPEN-2010.4_picnik.jpg","width":"1092","height":"819"},{"@type":"WebPage","@id":"https:\/\/www.visit-ulcinj.com\/blog\/2010\/11\/22\/klubi-i-karatese-ulqini-shtate-medalje-te-arta\/#webpage","url":"https:\/\/www.visit-ulcinj.com\/blog\/2010\/11\/22\/klubi-i-karatese-ulqini-shtate-medalje-te-arta\/","name":"Klubi i karates\u00eb Ulqini: Shtat\u00eb medalje t\u00eb arta - Lajme nga Ulqini","isPartOf":{"@id":"https:\/\/www.visit-ulcinj.com\/blog\/#website"},"primaryImageOfPage":{"@id":"https:\/\/www.visit-ulcinj.com\/blog\/2010\/11\/22\/klubi-i-karatese-ulqini-shtate-medalje-te-arta\/#primaryimage"},"datePublished":"2010-11-22T16:34:46+00:00","dateModified":"2010-11-22T16:37:41+00:00","author":{"@id":"https:\/\/www.visit-ulcinj.com\/blog\/#\/schema\/person\/dcab619c614d3038751c63bc2aadc06d"},"description":"Klubi i karates\u00eb \u201cUlqini\u201d mori pjes\u00eb n\u00eb turneun e x t\u00eb karates\u00eb \u201cElbasani Open 2010\u201d Shtat\u00eb\u00a0 medalje\u00a0 t\u00eb\u00a0 arta T\u00eb diel\u00ebn, m\u00eb 14 n\u00ebntor 2010 n\u00eb Elbasan,","breadcrumb":{"@id":"https:\/\/www.visit-ulcinj.com\/blog\/2010\/11\/22\/klubi-i-karatese-ulqini-shtate-medalje-te-arta\/#breadcrumb"},"inLanguage":"en-US","potentialAction":[{"@type":"ReadAction","target":["https:\/\/www.visit-ulcinj.com\/blog\/2010\/11\/22\/klubi-i-karatese-ulqini-shtate-medalje-te-arta\/"]}]},{"@type":"BreadcrumbList","@id":"https:\/\/www.visit-ulcinj.com\/blog\/2010\/11\/22\/klubi-i-karatese-ulqini-shtate-medalje-te-arta\/#breadcrumb","itemListElement":[{"@type":"ListItem","position":1,"name":"Klubi i karates\u00eb Ulqini: Shtat\u00eb medalje t\u00eb arta"}]},{"@type":"Person","@id":"https:\/\/www.visit-ulcinj.com\/blog\/#\/schema\/person\/dcab619c614d3038751c63bc2aadc06d","name":"ulqini","sameAs":["http:\/\/www.visit-ulcinj.com"],"url":"https:\/\/www.visit-ulcinj.com\/blog\/author\/admin\/"}]}},"jetpack_featured_media_url":"","jetpack_sharing_enabled":true,"jetpack_shortlink":"https:\/\/wp.me\/pe6lTn-aoL","_links":{"self":[{"href":"https:\/\/www.visit-ulcinj.com\/blog\/wp-json\/wp\/v2\/posts\/39975"}],"collection":[{"href":"https:\/\/www.visit-ulcinj.com\/blog\/wp-json\/wp\/v2\/posts"}],"about":[{"href":"https:\/\/www.visit-ulcinj.com\/blog\/wp-json\/wp\/v2\/types\/post"}],"author":[{"embeddable":true,"href":"https:\/\/www.visit-ulcinj.com\/blog\/wp-json\/wp\/v2\/users\/1"}],"replies":[{"embeddable":true,"href":"https:\/\/www.visit-ulcinj.com\/blog\/wp-json\/wp\/v2\/comments?post=39975"}],"version-history":[{"count":0,"href":"https:\/\/www.visit-ulcinj.com\/blog\/wp-json\/wp\/v2\/posts\/39975\/revisions"}],"wp:attachment":[{"href":"https:\/\/www.visit-ulcinj.com\/blog\/wp-json\/wp\/v2\/media?parent=39975"}],"wp:term":[{"taxonomy":"category","embeddable":true,"href":"https:\/\/www.visit-ulcinj.com\/blog\/wp-json\/wp\/v2\/categories?post=39975"},{"taxonomy":"post_tag","embeddable":true,"href":"https:\/\/www.visit-ulcinj.com\/blog\/wp-json\/wp\/v2\/tags?post=39975"}],"curies":[{"name":"wp","href":"https:\/\/api.w.org\/{rel}","templated":true}]}}