{"id":39997,"date":"2010-11-23T19:33:58","date_gmt":"2010-11-23T18:33:58","guid":{"rendered":"http:\/\/www.visit-ulcinj.com\/blog\/?p=39997"},"modified":"2010-11-23T19:33:58","modified_gmt":"2010-11-23T18:33:58","slug":"mali-i-zi-kandidat-ne-be-video","status":"publish","type":"post","link":"https:\/\/www.visit-ulcinj.com\/blog\/2010\/11\/23\/mali-i-zi-kandidat-ne-be-video\/","title":{"rendered":"Mali i Zi, kandidat n\u00eb BE &#8211; Video"},"content":{"rendered":"<p><strong><a href=\"http:\/\/www.visit-ulcinj.com\/blog\/wp-content\/uploads\/2010\/11\/mali-i-zi-ne-europ.jpg\"><img loading=\"lazy\" class=\"alignleft size-full wp-image-39998\" title=\"mali i zi ne europ\" src=\"http:\/\/www.visit-ulcinj.com\/blog\/wp-content\/uploads\/2010\/11\/mali-i-zi-ne-europ.jpg\" alt=\"\" width=\"490\" height=\"390\" \/><\/a>Bashkimi Europian do t\u00eb konfirmoj\u00eb statusin kandidat ndaj Malit t\u00eb Zi n\u00eb samitin e dhjetorit.<\/strong><\/p>\n<p>Kete deklaron Sekretarja e Shtetit Slloven Andreja Jerina, ne perfundim te mbledhjes se ministrave europiane. Sipas saj, ne takim u bisedua mbi kandidaturen e Malit te Zi, ne kuader te pergatitjeve per samitin e fundit te Presidences belge.<\/p>\n<p>&#8220;Ne diskutuam per aplikimin e Malit te Zi dhe shume shtete europiane perkrahen idene e konfirmimit te statusit te kandidatit qe ne dhjetor. Nuk pashe te kishte as dyshime e as rezerva per kete\u201d, tha Jerina.<\/p>\n<p>Pas rekomandimit te Komisionit Europian, vendimi per dhenien e statusit kandidat duhet te merret nga niveli me i larte politik. Deri tani vleresohej se shefat e shteteve dhe qeverive te vendeve anetare. Do t\u00eb shqyrtonin kete ceshtje ne samitin e pare te vitit te ardhshem, ne mars 2011. Kjo meqenese kancelarja gjermane Merkel, sipas procedurave, nuk mund te jepte pelqim per ceshtje qe lidhen me zgjerimin, pa konsultuar me pare Bundestagun.<\/p>\n<p>Por, burime diplomatike rrefejne se Berlini nuk ka shfaqur ndonje pakenaqesi deri tani per kandidaturen e Podgorices, dhe se e vetmja pengese mund te jete Hollanda, shtet ky qe insiston ne permbushjen e rrepte te kushteve per procesin e zgjerimit.<\/p>\n<p>Celja e bisedimeve per antaresimin e plote te Malit te Zi ne BE kushtezohet nga plotesimi i 7 prioriteteve kyce sipas Komisionit Europian. Ne te njejten pakete, Komisioni u shpreh se Shqiperia duhej te permbushte 12 prioritete te tilla dhe vleresoi se vendi nuk meritonte ende statusin kandidat.<\/p>\n<p><strong>Top Channel<br \/>\n[flv width=&#8221;490&#8243; height=&#8221;390&#8243;]http:\/\/video1.top-channel.tv\/18754796\/flv\/kronika\/MALIIZI23.flv[\/flv]<\/strong><\/p>\n","protected":false},"excerpt":{"rendered":"<p>Bashkimi Europian do t\u00eb konfirmoj\u00eb statusin kandidat ndaj Malit t\u00eb Zi n\u00eb samitin e dhjetorit. Kete deklaron Sekretarja e Shtetit Slloven Andreja Jerina, ne perfundim te mbledhjes se ministrave europiane. Sipas saj, ne takim u bisedua mbi kandidaturen e Malit te Zi, ne kuader te pergatitjeve per samitin e fundit te Presidences belge. &#8220;Ne diskutuam [&hellip;]<\/p>\n","protected":false},"author":1,"featured_media":0,"comment_status":"open","ping_status":"closed","sticky":false,"template":"","format":"standard","meta":{"spay_email":"","jetpack_publicize_message":"","jetpack_is_tweetstorm":false,"jetpack_publicize_feature_enabled":true},"categories":[1],"tags":[16397,95],"jetpack_publicize_connections":[],"yoast_head":"<!-- This site is optimized with the Yoast SEO plugin v19.1 - https:\/\/yoast.com\/wordpress\/plugins\/seo\/ -->\n<title>Mali i Zi, kandidat n\u00eb BE - Video - Lajme nga Ulqini<\/title>\n<meta name=\"description\" content=\"Bashkimi Europian do t\u00eb konfirmoj\u00eb statusin kandidat ndaj Malit t\u00eb Zi n\u00eb samitin e dhjetorit. Kete deklaron Sekretarja e Shtetit Slloven Andreja Jerina,\" \/>\n<meta name=\"robots\" content=\"index, follow, max-snippet:-1, max-image-preview:large, max-video-preview:-1\" \/>\n<link rel=\"canonical\" href=\"https:\/\/www.visit-ulcinj.com\/blog\/2010\/11\/23\/mali-i-zi-kandidat-ne-be-video\/\" \/>\n<meta property=\"og:locale\" content=\"en_US\" \/>\n<meta property=\"og:type\" content=\"article\" \/>\n<meta property=\"og:title\" content=\"Mali i Zi, kandidat n\u00eb BE - Video - Lajme nga Ulqini\" \/>\n<meta property=\"og:description\" content=\"Bashkimi Europian do t\u00eb konfirmoj\u00eb statusin kandidat ndaj Malit t\u00eb Zi n\u00eb samitin e dhjetorit. Kete deklaron Sekretarja e Shtetit Slloven Andreja Jerina,\" \/>\n<meta property=\"og:url\" content=\"https:\/\/www.visit-ulcinj.com\/blog\/2010\/11\/23\/mali-i-zi-kandidat-ne-be-video\/\" \/>\n<meta property=\"og:site_name\" content=\"Lajme nga Ulqini\" \/>\n<meta property=\"article:published_time\" content=\"2010-11-23T18:33:58+00:00\" \/>\n<meta property=\"og:image\" content=\"http:\/\/www.visit-ulcinj.com\/blog\/wp-content\/uploads\/2010\/11\/mali-i-zi-ne-europ.jpg\" \/>\n<meta name=\"twitter:label1\" content=\"Written by\" \/>\n\t<meta name=\"twitter:data1\" content=\"ulqini\" \/>\n\t<meta name=\"twitter:label2\" content=\"Est. reading time\" \/>\n\t<meta name=\"twitter:data2\" content=\"1 minute\" \/>\n<script type=\"application\/ld+json\" class=\"yoast-schema-graph\">{\"@context\":\"https:\/\/schema.org\",\"@graph\":[{\"@type\":\"WebSite\",\"@id\":\"https:\/\/www.visit-ulcinj.com\/blog\/#website\",\"url\":\"https:\/\/www.visit-ulcinj.com\/blog\/\",\"name\":\"Lajme nga Ulqini\",\"description\":\"Lajme,Vijesti,Ulqini,Ulqin,Crna Gora,Mali i Zi\",\"potentialAction\":[{\"@type\":\"SearchAction\",\"target\":{\"@type\":\"EntryPoint\",\"urlTemplate\":\"https:\/\/www.visit-ulcinj.com\/blog\/?s={search_term_string}\"},\"query-input\":\"required name=search_term_string\"}],\"inLanguage\":\"en-US\"},{\"@type\":\"ImageObject\",\"inLanguage\":\"en-US\",\"@id\":\"https:\/\/www.visit-ulcinj.com\/blog\/2010\/11\/23\/mali-i-zi-kandidat-ne-be-video\/#primaryimage\",\"url\":\"https:\/\/www.visit-ulcinj.com\/blog\/wp-content\/uploads\/2010\/11\/mali-i-zi-ne-europ.jpg\",\"contentUrl\":\"https:\/\/www.visit-ulcinj.com\/blog\/wp-content\/uploads\/2010\/11\/mali-i-zi-ne-europ.jpg\",\"width\":\"632\",\"height\":\"424\"},{\"@type\":\"WebPage\",\"@id\":\"https:\/\/www.visit-ulcinj.com\/blog\/2010\/11\/23\/mali-i-zi-kandidat-ne-be-video\/#webpage\",\"url\":\"https:\/\/www.visit-ulcinj.com\/blog\/2010\/11\/23\/mali-i-zi-kandidat-ne-be-video\/\",\"name\":\"Mali i Zi, kandidat n\u00eb BE - Video - Lajme nga Ulqini\",\"isPartOf\":{\"@id\":\"https:\/\/www.visit-ulcinj.com\/blog\/#website\"},\"primaryImageOfPage\":{\"@id\":\"https:\/\/www.visit-ulcinj.com\/blog\/2010\/11\/23\/mali-i-zi-kandidat-ne-be-video\/#primaryimage\"},\"datePublished\":\"2010-11-23T18:33:58+00:00\",\"dateModified\":\"2010-11-23T18:33:58+00:00\",\"author\":{\"@id\":\"https:\/\/www.visit-ulcinj.com\/blog\/#\/schema\/person\/dcab619c614d3038751c63bc2aadc06d\"},\"description\":\"Bashkimi Europian do t\u00eb konfirmoj\u00eb statusin kandidat ndaj Malit t\u00eb Zi n\u00eb samitin e dhjetorit. Kete deklaron Sekretarja e Shtetit Slloven Andreja Jerina,\",\"breadcrumb\":{\"@id\":\"https:\/\/www.visit-ulcinj.com\/blog\/2010\/11\/23\/mali-i-zi-kandidat-ne-be-video\/#breadcrumb\"},\"inLanguage\":\"en-US\",\"potentialAction\":[{\"@type\":\"ReadAction\",\"target\":[\"https:\/\/www.visit-ulcinj.com\/blog\/2010\/11\/23\/mali-i-zi-kandidat-ne-be-video\/\"]}]},{\"@type\":\"BreadcrumbList\",\"@id\":\"https:\/\/www.visit-ulcinj.com\/blog\/2010\/11\/23\/mali-i-zi-kandidat-ne-be-video\/#breadcrumb\",\"itemListElement\":[{\"@type\":\"ListItem\",\"position\":1,\"name\":\"Mali i Zi, kandidat n\u00eb BE &#8211; Video\"}]},{\"@type\":\"Person\",\"@id\":\"https:\/\/www.visit-ulcinj.com\/blog\/#\/schema\/person\/dcab619c614d3038751c63bc2aadc06d\",\"name\":\"ulqini\",\"sameAs\":[\"http:\/\/www.visit-ulcinj.com\"],\"url\":\"https:\/\/www.visit-ulcinj.com\/blog\/author\/admin\/\"}]}<\/script>\n<!-- \/ Yoast SEO plugin. -->","yoast_head_json":{"title":"Mali i Zi, kandidat n\u00eb BE - Video - Lajme nga Ulqini","description":"Bashkimi Europian do t\u00eb konfirmoj\u00eb statusin kandidat ndaj Malit t\u00eb Zi n\u00eb samitin e dhjetorit. Kete deklaron Sekretarja e Shtetit Slloven Andreja Jerina,","robots":{"index":"index","follow":"follow","max-snippet":"max-snippet:-1","max-image-preview":"max-image-preview:large","max-video-preview":"max-video-preview:-1"},"canonical":"https:\/\/www.visit-ulcinj.com\/blog\/2010\/11\/23\/mali-i-zi-kandidat-ne-be-video\/","og_locale":"en_US","og_type":"article","og_title":"Mali i Zi, kandidat n\u00eb BE - Video - Lajme nga Ulqini","og_description":"Bashkimi Europian do t\u00eb konfirmoj\u00eb statusin kandidat ndaj Malit t\u00eb Zi n\u00eb samitin e dhjetorit. Kete deklaron Sekretarja e Shtetit Slloven Andreja Jerina,","og_url":"https:\/\/www.visit-ulcinj.com\/blog\/2010\/11\/23\/mali-i-zi-kandidat-ne-be-video\/","og_site_name":"Lajme nga Ulqini","article_published_time":"2010-11-23T18:33:58+00:00","og_image":[{"url":"http:\/\/www.visit-ulcinj.com\/blog\/wp-content\/uploads\/2010\/11\/mali-i-zi-ne-europ.jpg"}],"twitter_misc":{"Written by":"ulqini","Est. reading time":"1 minute"},"schema":{"@context":"https:\/\/schema.org","@graph":[{"@type":"WebSite","@id":"https:\/\/www.visit-ulcinj.com\/blog\/#website","url":"https:\/\/www.visit-ulcinj.com\/blog\/","name":"Lajme nga Ulqini","description":"Lajme,Vijesti,Ulqini,Ulqin,Crna Gora,Mali i Zi","potentialAction":[{"@type":"SearchAction","target":{"@type":"EntryPoint","urlTemplate":"https:\/\/www.visit-ulcinj.com\/blog\/?s={search_term_string}"},"query-input":"required name=search_term_string"}],"inLanguage":"en-US"},{"@type":"ImageObject","inLanguage":"en-US","@id":"https:\/\/www.visit-ulcinj.com\/blog\/2010\/11\/23\/mali-i-zi-kandidat-ne-be-video\/#primaryimage","url":"https:\/\/www.visit-ulcinj.com\/blog\/wp-content\/uploads\/2010\/11\/mali-i-zi-ne-europ.jpg","contentUrl":"https:\/\/www.visit-ulcinj.com\/blog\/wp-content\/uploads\/2010\/11\/mali-i-zi-ne-europ.jpg","width":"632","height":"424"},{"@type":"WebPage","@id":"https:\/\/www.visit-ulcinj.com\/blog\/2010\/11\/23\/mali-i-zi-kandidat-ne-be-video\/#webpage","url":"https:\/\/www.visit-ulcinj.com\/blog\/2010\/11\/23\/mali-i-zi-kandidat-ne-be-video\/","name":"Mali i Zi, kandidat n\u00eb BE - Video - Lajme nga Ulqini","isPartOf":{"@id":"https:\/\/www.visit-ulcinj.com\/blog\/#website"},"primaryImageOfPage":{"@id":"https:\/\/www.visit-ulcinj.com\/blog\/2010\/11\/23\/mali-i-zi-kandidat-ne-be-video\/#primaryimage"},"datePublished":"2010-11-23T18:33:58+00:00","dateModified":"2010-11-23T18:33:58+00:00","author":{"@id":"https:\/\/www.visit-ulcinj.com\/blog\/#\/schema\/person\/dcab619c614d3038751c63bc2aadc06d"},"description":"Bashkimi Europian do t\u00eb konfirmoj\u00eb statusin kandidat ndaj Malit t\u00eb Zi n\u00eb samitin e dhjetorit. Kete deklaron Sekretarja e Shtetit Slloven Andreja Jerina,","breadcrumb":{"@id":"https:\/\/www.visit-ulcinj.com\/blog\/2010\/11\/23\/mali-i-zi-kandidat-ne-be-video\/#breadcrumb"},"inLanguage":"en-US","potentialAction":[{"@type":"ReadAction","target":["https:\/\/www.visit-ulcinj.com\/blog\/2010\/11\/23\/mali-i-zi-kandidat-ne-be-video\/"]}]},{"@type":"BreadcrumbList","@id":"https:\/\/www.visit-ulcinj.com\/blog\/2010\/11\/23\/mali-i-zi-kandidat-ne-be-video\/#breadcrumb","itemListElement":[{"@type":"ListItem","position":1,"name":"Mali i Zi, kandidat n\u00eb BE &#8211; Video"}]},{"@type":"Person","@id":"https:\/\/www.visit-ulcinj.com\/blog\/#\/schema\/person\/dcab619c614d3038751c63bc2aadc06d","name":"ulqini","sameAs":["http:\/\/www.visit-ulcinj.com"],"url":"https:\/\/www.visit-ulcinj.com\/blog\/author\/admin\/"}]}},"jetpack_featured_media_url":"","jetpack_sharing_enabled":true,"jetpack_shortlink":"https:\/\/wp.me\/pe6lTn-ap7","_links":{"self":[{"href":"https:\/\/www.visit-ulcinj.com\/blog\/wp-json\/wp\/v2\/posts\/39997"}],"collection":[{"href":"https:\/\/www.visit-ulcinj.com\/blog\/wp-json\/wp\/v2\/posts"}],"about":[{"href":"https:\/\/www.visit-ulcinj.com\/blog\/wp-json\/wp\/v2\/types\/post"}],"author":[{"embeddable":true,"href":"https:\/\/www.visit-ulcinj.com\/blog\/wp-json\/wp\/v2\/users\/1"}],"replies":[{"embeddable":true,"href":"https:\/\/www.visit-ulcinj.com\/blog\/wp-json\/wp\/v2\/comments?post=39997"}],"version-history":[{"count":0,"href":"https:\/\/www.visit-ulcinj.com\/blog\/wp-json\/wp\/v2\/posts\/39997\/revisions"}],"wp:attachment":[{"href":"https:\/\/www.visit-ulcinj.com\/blog\/wp-json\/wp\/v2\/media?parent=39997"}],"wp:term":[{"taxonomy":"category","embeddable":true,"href":"https:\/\/www.visit-ulcinj.com\/blog\/wp-json\/wp\/v2\/categories?post=39997"},{"taxonomy":"post_tag","embeddable":true,"href":"https:\/\/www.visit-ulcinj.com\/blog\/wp-json\/wp\/v2\/tags?post=39997"}],"curies":[{"name":"wp","href":"https:\/\/api.w.org\/{rel}","templated":true}]}}