{"id":4,"date":"2008-01-02T11:20:28","date_gmt":"2008-01-02T16:20:28","guid":{"rendered":"http:\/\/www.visit-ulcinj.com\/blog\/?p=4"},"modified":"2008-02-12T17:52:50","modified_gmt":"2008-02-12T22:52:50","slug":"predstavnici-crnogorske-vlade-i-svjetske-banke-u-vili-gorica-potpisali-ugovore-o-kreditiranju","status":"publish","type":"post","link":"https:\/\/www.visit-ulcinj.com\/blog\/2008\/01\/02\/predstavnici-crnogorske-vlade-i-svjetske-banke-u-vili-gorica-potpisali-ugovore-o-kreditiranju\/","title":{"rendered":"Predstavnici crnogorske Vlade i Svjetske banke u Vili Gorica potpisali ugovore o kreditiranju"},"content":{"rendered":"<p><font style=\"font-size: 10pt; font-family: Arial\"><strong><font style=\"font-size: 13pt; font-family: Arial\"><img loading=\"lazy\" src=\"http:\/\/www.visit-ulcinj.com\/blog\/wp-content\/uploads\/2008\/01\/ulqini_sot17.thumbnail.jpg\" style=\"width: 141px; height: 103px\" align=\"left\" border=\"0\" height=\"88\" hspace=\"1\" vspace=\"1\" width=\"128\" \/>Za razvoj turizma 19 miliona dolara<\/font><\/strong><\/font><\/p>\n<p><font style=\"font-size: 8pt; font-family: Arial\">Za turizam obezbije?eno 10 miliona dolara a za snabdijevanje elektri?nom energijom devet miliona. Crna Gora ima potencijal i neophodne pretpostavke da odr\u017ei dinami?nu stopu rasta i pobolj\u0161a standard gra?ana, ocijenio predstavnik Svjetske banke.<\/font><font style=\"font-size: 8pt; font-family: Arial\">Odr\u017eivi razvoj turizma u Crnoj Gori i kvalitetnije<!--more--> snabdijevanje elektri?nom energijom Svjetska banka ?e kreditirati sa 19 miliona dolara ili 14 miliiona eura. Ugovore o finansiranju danas su u Vili Gorica u Podogrici potpisali ministar finansija Crne Gore dr Igor Luk\u0161i?, stalni predstavnike Svjetske banke u Crnoj Gori Jan Peter Olters, gradona?elnik Ulcinja Gzim Hajdinaga i izvr\u0161ni direktor Javnog preduze?a Regionalni vodovod Crnogorsko primorje Zoran Bo\u0161njak.<br \/>\nDanas potpisani ugovor o finansiranju prvi u<\/font><font style=\"font-size: 8pt; font-family: Arial\"> nezavisnoj Crnoj Gori zapravo su nastavak dosada\u0161nje saradnje u oblastima od klju?nog zna?aja za dru\u0161tveno ekonomski razvoj Crne Gore. To je podr\u0161ka reformama koje ?e omogu?iti razvoj odr\u017eivog turizma sigurnost vodosnabdijevanja kao i snabdijevanje elektri?nom energijom, kazao je ministar finansija Luk\u0161i? podsje?aju?i da je za turizma Svjetska banka obezbijedila 10 miliona dolara da je rok dospije?a 20 godina a grejs period 10 godina. Projekat ?e finansirati pobolj\u0161anje u planiranju kori\u0161?enja prostora i za\u0161titi delte rijeke Bojane kako bi se onemogu?ila nekontrolisana gradnja i investicije u kontinentalni i ju\u017eni dio Regionalnog vodosnabdijevanja, kojim ?e se obezbijediti voda iz Skadarskog jezera i za op\u0161tinu Bar. Svjetska banka ?e finansirati gradnju ju\u017enog kraka Regionalnog vodovoda odnosno do Ulcinja i turisti?kih zona Valdanos i Velika pla\u017ea, koji treba da bude zavr\u0161en do 2010.godine. Sjeverni krak ?e finansirati Evropska inesticiona banka.<br \/>\nMinistar Luk\u0161i? je objasnio da je za snabdijevanje elektri?nom energijom obezbije?eno devet miliona dolara pod istim uslovima kao za odr\u017eivi razvoj turizma. To bi trebalo da pomogne, odnosno pobolj\u0161a snabdijevanje elektri?nom energijom jer u Svjetskoj banci procjenjuju da ?e snabdijevanje strujom biti prili?no ote\u017eano u narednom periodu. Investicije podrazumijevaju projekte za pobolj\u0161anje stanja u Sektoru energetike, dostizanje fiksalne odr\u017eivosti i podsti?u razvoj privatnog sektora. Do sada je saradnja crnogorske vlade i Svjetske banke ovim sektorom bila veoma dobra. Budu?a saradnja trebalo bi da bude pobolj\u0161ana i zasnovana na iskustvima ste?enim prilikom realizacije dosada\u0161njih projekata, kazao je ministar Luk\u0161i?.<br \/>\nFinansiranje ovih projekata rezultat su bliske i kontinuirane saradnje Svjetske banke i partnera u Crnoj Gori, kazao je Jan Petar Olters. Crna Gora ima zna?ajan potencijal za razvoj turizma. Prepoznajemo klju?ni zna?aj ove oblasti za ekonomski rast i razvoj zbog ?ega Svjetska banka namjerava da podr\u017ei Vladu Crne Gore u uspje\u0161noj izradi i implementaciji objedinjenog pristupa u upravljanju obalnim podru?jem. Cilj je da se smanji degradacija prostora i podr\u017ei razvoj visoko kvalitetnog turizma u skladu sa principima za\u0161tite \u017eivotne sredine. Kontinuirana reforma energetskog sektora od klju?nog je zna?aja u kreiranju politike koja ?e omogu?iti dru\u0161tveno ekonomski razvoj Crne Gore. Investicije koja obuhata projekat u ovoj oblasti treba da pomogne obezbje?enje sigurnog i pouzdanog snabdjevanja stanovni\u0161tva elektri?nom energijom, kazao je Olters ocijeniv\u0161i da ?e ja?ati bilateralna saradnja Svjetske banke i Crnogorske vlade. To ?e pomo?i da se ostvare osnovni ciljevi ekonomske politike u Crnoj Gor &#8211; pove?anje produktivnosti i osiguranje, odr\u017eavanje visoke stope rasta i pove?anje prihoda od kojih korist treba da osjeti i veliki dio dru\u0161tva u Crnoj Gori kazao je Olters nakon potpisivanja ugovora sa crnogorskim ministrom finansija.<\/font><\/p>\n<p><font style=\"font-size: 8pt; font-family: Arial\">Odr\u017eati dinami?an ekonomski rast<\/font><\/p>\n<p><font style=\"font-size: 8pt; font-family: Arial\">Osnovni izazov u kreiranju ekonomske politike u Crnoj Gori je da se obezbijedi okru\u017eenje koje ?e podsta?i rast produktivnosti i odr\u017eivu stopu ekonomskog rasta gledano na srednji i dugi rok, kazao je predstavnik Svjetske banke Jan Peter Olters. Crna Gora ima zana?ajan potencijal i neophodne sastojke da bi odr\u017eala dinami?nu stopu rasta i osigurala pobolj\u0161anje standarda. Klju?ni izazovi su obezbje?enje odr\u017eivog razvoja turizma, dovoljne koli?ine elektri?ne energije, kvalitetno vodosnabdijevanje. Ekonomski rast u Crnoj Gori podstakli su obnova dr\u017eavnosti, privatizacija i direktne strane investicije uklju?uju?i i promet nepokretnosti, koji ?e ukoliko izostanu komplementarne reforme po?eti da slabi. Upravo ove neuralgi?ne ta?ke crnogorske ekonomije Svjetska banka podr\u017eala novim projektima.<\/font><\/p>\n<p align=\"right\"><font style=\"font-size: 8pt; font-family: Arial\"><em>Mr.Milovi?<\/em><\/font><\/p>\n<p align=\"justify\"><a href=\"http:\/\/www.pobjeda.co.yu\/\">http:\/\/www.pobjeda.co.yu\/<\/a><\/p>\n<p align=\"justify\">&nbsp;<\/p>\n<p align=\"justify\"><strong>Ma?ari bi  gradili  crnogorski Dubai u Ulcinju<\/strong><\/p>\n<p style=\"float: left\" class=\"mosimage\" align=\"center\"><font style=\"font-size: 8pt; font-family: Arial\"> <\/font><\/p>\n<p style=\"float: left\" class=\"mosimage\" align=\"center\"><font style=\"font-size: 8pt; font-family: Arial\"><img loading=\"lazy\" src=\"http:\/\/www.e-turizam.com\/images\/stories\/ulcinj.jpg\" alt=\"Ulcinj\" title=\"Ulcinj\" border=\"0\" height=\"147\" hspace=\"6\" width=\"220\" \/><\/font><\/p>\n<p style=\"text-align: left\" class=\"mosimage_caption\" align=\"left\"><font style=\"font-size: 8pt; font-family: Arial\">Ulcinj<\/font><\/p>\n<p><font style=\"font-size: 8pt; font-family: Arial\">Ma?arska kompanija &#8220;Trigranit&#8221; najavila je da bi, po uzoru na Dubai, ulo\u017eila tri milijarde eura u izgradnju ekstravagantnog turisti?kog naselja na Velikoj pla\u017ei i u\u0161?u Bojane kod Ulcinja. Kompanija je objavila idejni projekt po kome bi najju\u017eniji dio crnogorske obale bio pretvoren u &#8220;europski Dubai&#8221;, u svijetu prepoznat po modernim gra?evinama i atraktivnosti turisti?kih i hotelskih objekata.<\/font><\/p>\n<p><font style=\"font-size: 8pt; font-family: Arial\">Velika pla\u017ea se prostire na povr\u0161ini oko 1.950 hektara, od ?ega je u dr\u017eavnom vlasni\u0161tvu oko 1.400 hektara, a ostatak posjeduju privatnici. Projektom Trigranita predvi?ena je izgradnja hotelsko-turisti?kog naselja sa sadr\u017eajima koje obuhva?aju samo najmoderniji centri u svijetu.<br \/>\nTrigranit ?iji su vlasnici \u0160andor ?anji, Piter Mank, Natanijel Rot\u0161ild i \u0160andor Demijan, predvidio je i gradnju hotela (Twin Towers &#8211; kule blizanci, na Velikoj pla\u017ei.<\/font><\/p>\n<p style=\"float: right\" class=\"mosimage\" align=\"center\"><font style=\"font-size: 8pt; font-family: Arial\"><img loading=\"lazy\" src=\"http:\/\/www.e-turizam.com\/images\/stories\/bojana.jpg\" alt=\"Bojana\" title=\"Bojana\" border=\"0\" height=\"200\" hspace=\"6\" width=\"200\" \/><\/font><\/p>\n<p style=\"text-align: right\" class=\"mosimage_caption\" align=\"right\"><font style=\"font-size: 8pt; font-family: Arial\">Bojana<\/font><\/p>\n<p><font style=\"font-size: 8pt; font-family: Arial\">Zami\u0161ljeno je i prokopavanje novog rukavca Bojane koji bi prelazio kroz novo naselje i ulijevao se u more. Tender za izgradnju turisti?kog naselja na Velikoj pla\u017ei bit ?e objavljen narednih mjeseci. Ranije je najavljeno da ?e glavni uvjet za izbor stranog investitora biti partnerstvo sa dr\u017eavom.<\/font><\/p>\n<p><font style=\"font-size: 8pt; font-family: Arial\">Za investiranje u Ulcinj, Veliku pla\u017eu i Adu Bojanu zainteresirana je kompanija kraljevske arapske obitelji u Emiratima, ?iji su predstavnici nedavno boravili u Podgorici i objavili da namjeravaju za ula\u017eu u kompleks kod Ulcinja.<\/font><\/p>\n<p style=\"float: left\" class=\"mosimage\" align=\"center\"><font style=\"font-size: 8pt; font-family: Arial\"><img loading=\"lazy\" src=\"http:\/\/www.e-turizam.com\/images\/stories\/Riveira_Ada.jpg\" alt=\"Ada Riviera\" title=\"Ada Riviera\" border=\"0\" height=\"131\" hspace=\"6\" width=\"200\" \/><\/font><\/p>\n<p style=\"text-align: left\" class=\"mosimage_caption\" align=\"left\"><font style=\"font-size: 8pt; font-family: Arial\">Ada Riviera<\/font><\/p>\n<p><font style=\"font-size: 8pt; font-family: Arial\">Velika pla\u017ea, poznata o svojoj ljepoti, toplom moru i sitnom pijesku, duga je vi\u0161e od 13 kilometara i sastavlja Ulcinj i Adu Bojanu, na kojoj je planirana gradnja luksuznog turisti?kih ljetovali\u0161ta. <\/font><font style=\"font-size: 8pt; font-family: Arial\"><\/font><\/p>\n<p align=\"right\"><font style=\"font-size: 8pt; font-family: Arial\"><em> <\/em><\/font><\/p>\n","protected":false},"excerpt":{"rendered":"<p><img loading=\"lazy\" src=\"http:\/\/www.visit-ulcinj.com\/blog\/wp-content\/uploads\/2008\/01\/ulqini_sot17.thumbnail.jpg\" alt=\"Ulqini\" height=\"140\" width=\"140\" \/><\/p>\n","protected":false},"author":1,"featured_media":0,"comment_status":"open","ping_status":"closed","sticky":false,"template":"","format":"standard","meta":{"spay_email":"","jetpack_publicize_message":"","jetpack_is_tweetstorm":false,"jetpack_publicize_feature_enabled":true},"categories":[15],"tags":[1152,20,144,143,140,147,362,148,146,145,359,142],"jetpack_publicize_connections":[],"yoast_head":"<!-- This site is optimized with the Yoast SEO plugin v19.1 - https:\/\/yoast.com\/wordpress\/plugins\/seo\/ -->\n<title>Predstavnici crnogorske Vlade i Svjetske banke u Vili Gorica potpisali ugovore o kreditiranju - Lajme nga Ulqini<\/title>\n<meta name=\"robots\" content=\"index, follow, max-snippet:-1, max-image-preview:large, max-video-preview:-1\" \/>\n<link rel=\"canonical\" href=\"https:\/\/www.visit-ulcinj.com\/blog\/2008\/01\/02\/predstavnici-crnogorske-vlade-i-svjetske-banke-u-vili-gorica-potpisali-ugovore-o-kreditiranju\/\" \/>\n<meta property=\"og:locale\" content=\"en_US\" \/>\n<meta property=\"og:type\" content=\"article\" \/>\n<meta property=\"og:title\" content=\"Predstavnici crnogorske Vlade i Svjetske banke u Vili Gorica potpisali ugovore o kreditiranju - Lajme nga Ulqini\" \/>\n<meta property=\"og:url\" content=\"https:\/\/www.visit-ulcinj.com\/blog\/2008\/01\/02\/predstavnici-crnogorske-vlade-i-svjetske-banke-u-vili-gorica-potpisali-ugovore-o-kreditiranju\/\" \/>\n<meta property=\"og:site_name\" content=\"Lajme nga Ulqini\" \/>\n<meta property=\"article:published_time\" content=\"2008-01-02T16:20:28+00:00\" \/>\n<meta property=\"article:modified_time\" content=\"2008-02-12T22:52:50+00:00\" \/>\n<meta property=\"og:image\" content=\"http:\/\/www.visit-ulcinj.com\/blog\/wp-content\/uploads\/2008\/01\/ulqini_sot17.thumbnail.jpg\" \/>\n<meta name=\"twitter:label1\" content=\"Written by\" \/>\n\t<meta name=\"twitter:data1\" content=\"ulqini\" \/>\n\t<meta name=\"twitter:label2\" content=\"Est. reading time\" \/>\n\t<meta name=\"twitter:data2\" content=\"5 minutes\" \/>\n<script type=\"application\/ld+json\" class=\"yoast-schema-graph\">{\"@context\":\"https:\/\/schema.org\",\"@graph\":[{\"@type\":\"WebSite\",\"@id\":\"https:\/\/www.visit-ulcinj.com\/blog\/#website\",\"url\":\"https:\/\/www.visit-ulcinj.com\/blog\/\",\"name\":\"Lajme nga Ulqini\",\"description\":\"Lajme,Vijesti,Ulqini,Ulqin,Crna Gora,Mali i Zi\",\"potentialAction\":[{\"@type\":\"SearchAction\",\"target\":{\"@type\":\"EntryPoint\",\"urlTemplate\":\"https:\/\/www.visit-ulcinj.com\/blog\/?s={search_term_string}\"},\"query-input\":\"required name=search_term_string\"}],\"inLanguage\":\"en-US\"},{\"@type\":\"ImageObject\",\"inLanguage\":\"en-US\",\"@id\":\"https:\/\/www.visit-ulcinj.com\/blog\/2008\/01\/02\/predstavnici-crnogorske-vlade-i-svjetske-banke-u-vili-gorica-potpisali-ugovore-o-kreditiranju\/#primaryimage\",\"url\":\"http:\/\/www.visit-ulcinj.com\/blog\/wp-content\/uploads\/2008\/01\/ulqini_sot17.thumbnail.jpg\",\"contentUrl\":\"http:\/\/www.visit-ulcinj.com\/blog\/wp-content\/uploads\/2008\/01\/ulqini_sot17.thumbnail.jpg\"},{\"@type\":\"WebPage\",\"@id\":\"https:\/\/www.visit-ulcinj.com\/blog\/2008\/01\/02\/predstavnici-crnogorske-vlade-i-svjetske-banke-u-vili-gorica-potpisali-ugovore-o-kreditiranju\/#webpage\",\"url\":\"https:\/\/www.visit-ulcinj.com\/blog\/2008\/01\/02\/predstavnici-crnogorske-vlade-i-svjetske-banke-u-vili-gorica-potpisali-ugovore-o-kreditiranju\/\",\"name\":\"Predstavnici crnogorske Vlade i Svjetske banke u Vili Gorica potpisali ugovore o kreditiranju - Lajme nga Ulqini\",\"isPartOf\":{\"@id\":\"https:\/\/www.visit-ulcinj.com\/blog\/#website\"},\"primaryImageOfPage\":{\"@id\":\"https:\/\/www.visit-ulcinj.com\/blog\/2008\/01\/02\/predstavnici-crnogorske-vlade-i-svjetske-banke-u-vili-gorica-potpisali-ugovore-o-kreditiranju\/#primaryimage\"},\"datePublished\":\"2008-01-02T16:20:28+00:00\",\"dateModified\":\"2008-02-12T22:52:50+00:00\",\"author\":{\"@id\":\"https:\/\/www.visit-ulcinj.com\/blog\/#\/schema\/person\/dcab619c614d3038751c63bc2aadc06d\"},\"breadcrumb\":{\"@id\":\"https:\/\/www.visit-ulcinj.com\/blog\/2008\/01\/02\/predstavnici-crnogorske-vlade-i-svjetske-banke-u-vili-gorica-potpisali-ugovore-o-kreditiranju\/#breadcrumb\"},\"inLanguage\":\"en-US\",\"potentialAction\":[{\"@type\":\"ReadAction\",\"target\":[\"https:\/\/www.visit-ulcinj.com\/blog\/2008\/01\/02\/predstavnici-crnogorske-vlade-i-svjetske-banke-u-vili-gorica-potpisali-ugovore-o-kreditiranju\/\"]}]},{\"@type\":\"BreadcrumbList\",\"@id\":\"https:\/\/www.visit-ulcinj.com\/blog\/2008\/01\/02\/predstavnici-crnogorske-vlade-i-svjetske-banke-u-vili-gorica-potpisali-ugovore-o-kreditiranju\/#breadcrumb\",\"itemListElement\":[{\"@type\":\"ListItem\",\"position\":1,\"name\":\"Predstavnici crnogorske Vlade i Svjetske banke u Vili Gorica potpisali ugovore o kreditiranju\"}]},{\"@type\":\"Person\",\"@id\":\"https:\/\/www.visit-ulcinj.com\/blog\/#\/schema\/person\/dcab619c614d3038751c63bc2aadc06d\",\"name\":\"ulqini\",\"sameAs\":[\"http:\/\/www.visit-ulcinj.com\"],\"url\":\"https:\/\/www.visit-ulcinj.com\/blog\/author\/admin\/\"}]}<\/script>\n<!-- \/ Yoast SEO plugin. -->","yoast_head_json":{"title":"Predstavnici crnogorske Vlade i Svjetske banke u Vili Gorica potpisali ugovore o kreditiranju - Lajme nga Ulqini","robots":{"index":"index","follow":"follow","max-snippet":"max-snippet:-1","max-image-preview":"max-image-preview:large","max-video-preview":"max-video-preview:-1"},"canonical":"https:\/\/www.visit-ulcinj.com\/blog\/2008\/01\/02\/predstavnici-crnogorske-vlade-i-svjetske-banke-u-vili-gorica-potpisali-ugovore-o-kreditiranju\/","og_locale":"en_US","og_type":"article","og_title":"Predstavnici crnogorske Vlade i Svjetske banke u Vili Gorica potpisali ugovore o kreditiranju - Lajme nga Ulqini","og_url":"https:\/\/www.visit-ulcinj.com\/blog\/2008\/01\/02\/predstavnici-crnogorske-vlade-i-svjetske-banke-u-vili-gorica-potpisali-ugovore-o-kreditiranju\/","og_site_name":"Lajme nga Ulqini","article_published_time":"2008-01-02T16:20:28+00:00","article_modified_time":"2008-02-12T22:52:50+00:00","og_image":[{"url":"http:\/\/www.visit-ulcinj.com\/blog\/wp-content\/uploads\/2008\/01\/ulqini_sot17.thumbnail.jpg"}],"twitter_misc":{"Written by":"ulqini","Est. reading time":"5 minutes"},"schema":{"@context":"https:\/\/schema.org","@graph":[{"@type":"WebSite","@id":"https:\/\/www.visit-ulcinj.com\/blog\/#website","url":"https:\/\/www.visit-ulcinj.com\/blog\/","name":"Lajme nga Ulqini","description":"Lajme,Vijesti,Ulqini,Ulqin,Crna Gora,Mali i Zi","potentialAction":[{"@type":"SearchAction","target":{"@type":"EntryPoint","urlTemplate":"https:\/\/www.visit-ulcinj.com\/blog\/?s={search_term_string}"},"query-input":"required name=search_term_string"}],"inLanguage":"en-US"},{"@type":"ImageObject","inLanguage":"en-US","@id":"https:\/\/www.visit-ulcinj.com\/blog\/2008\/01\/02\/predstavnici-crnogorske-vlade-i-svjetske-banke-u-vili-gorica-potpisali-ugovore-o-kreditiranju\/#primaryimage","url":"http:\/\/www.visit-ulcinj.com\/blog\/wp-content\/uploads\/2008\/01\/ulqini_sot17.thumbnail.jpg","contentUrl":"http:\/\/www.visit-ulcinj.com\/blog\/wp-content\/uploads\/2008\/01\/ulqini_sot17.thumbnail.jpg"},{"@type":"WebPage","@id":"https:\/\/www.visit-ulcinj.com\/blog\/2008\/01\/02\/predstavnici-crnogorske-vlade-i-svjetske-banke-u-vili-gorica-potpisali-ugovore-o-kreditiranju\/#webpage","url":"https:\/\/www.visit-ulcinj.com\/blog\/2008\/01\/02\/predstavnici-crnogorske-vlade-i-svjetske-banke-u-vili-gorica-potpisali-ugovore-o-kreditiranju\/","name":"Predstavnici crnogorske Vlade i Svjetske banke u Vili Gorica potpisali ugovore o kreditiranju - Lajme nga Ulqini","isPartOf":{"@id":"https:\/\/www.visit-ulcinj.com\/blog\/#website"},"primaryImageOfPage":{"@id":"https:\/\/www.visit-ulcinj.com\/blog\/2008\/01\/02\/predstavnici-crnogorske-vlade-i-svjetske-banke-u-vili-gorica-potpisali-ugovore-o-kreditiranju\/#primaryimage"},"datePublished":"2008-01-02T16:20:28+00:00","dateModified":"2008-02-12T22:52:50+00:00","author":{"@id":"https:\/\/www.visit-ulcinj.com\/blog\/#\/schema\/person\/dcab619c614d3038751c63bc2aadc06d"},"breadcrumb":{"@id":"https:\/\/www.visit-ulcinj.com\/blog\/2008\/01\/02\/predstavnici-crnogorske-vlade-i-svjetske-banke-u-vili-gorica-potpisali-ugovore-o-kreditiranju\/#breadcrumb"},"inLanguage":"en-US","potentialAction":[{"@type":"ReadAction","target":["https:\/\/www.visit-ulcinj.com\/blog\/2008\/01\/02\/predstavnici-crnogorske-vlade-i-svjetske-banke-u-vili-gorica-potpisali-ugovore-o-kreditiranju\/"]}]},{"@type":"BreadcrumbList","@id":"https:\/\/www.visit-ulcinj.com\/blog\/2008\/01\/02\/predstavnici-crnogorske-vlade-i-svjetske-banke-u-vili-gorica-potpisali-ugovore-o-kreditiranju\/#breadcrumb","itemListElement":[{"@type":"ListItem","position":1,"name":"Predstavnici crnogorske Vlade i Svjetske banke u Vili Gorica potpisali ugovore o kreditiranju"}]},{"@type":"Person","@id":"https:\/\/www.visit-ulcinj.com\/blog\/#\/schema\/person\/dcab619c614d3038751c63bc2aadc06d","name":"ulqini","sameAs":["http:\/\/www.visit-ulcinj.com"],"url":"https:\/\/www.visit-ulcinj.com\/blog\/author\/admin\/"}]}},"jetpack_featured_media_url":"","jetpack_sharing_enabled":true,"jetpack_shortlink":"https:\/\/wp.me\/pe6lTn-4","_links":{"self":[{"href":"https:\/\/www.visit-ulcinj.com\/blog\/wp-json\/wp\/v2\/posts\/4"}],"collection":[{"href":"https:\/\/www.visit-ulcinj.com\/blog\/wp-json\/wp\/v2\/posts"}],"about":[{"href":"https:\/\/www.visit-ulcinj.com\/blog\/wp-json\/wp\/v2\/types\/post"}],"author":[{"embeddable":true,"href":"https:\/\/www.visit-ulcinj.com\/blog\/wp-json\/wp\/v2\/users\/1"}],"replies":[{"embeddable":true,"href":"https:\/\/www.visit-ulcinj.com\/blog\/wp-json\/wp\/v2\/comments?post=4"}],"version-history":[{"count":0,"href":"https:\/\/www.visit-ulcinj.com\/blog\/wp-json\/wp\/v2\/posts\/4\/revisions"}],"wp:attachment":[{"href":"https:\/\/www.visit-ulcinj.com\/blog\/wp-json\/wp\/v2\/media?parent=4"}],"wp:term":[{"taxonomy":"category","embeddable":true,"href":"https:\/\/www.visit-ulcinj.com\/blog\/wp-json\/wp\/v2\/categories?post=4"},{"taxonomy":"post_tag","embeddable":true,"href":"https:\/\/www.visit-ulcinj.com\/blog\/wp-json\/wp\/v2\/tags?post=4"}],"curies":[{"name":"wp","href":"https:\/\/api.w.org\/{rel}","templated":true}]}}