{"id":400,"date":"2008-02-06T04:49:20","date_gmt":"2008-02-06T09:49:20","guid":{"rendered":"http:\/\/www.visit-ulcinj.com\/blog\/2008\/02\/06\/cute-dok-nam-vlada-kroji-sudbinu\/"},"modified":"2008-02-12T15:15:08","modified_gmt":"2008-02-12T20:15:08","slug":"cute-dok-nam-vlada-kroji-sudbinu","status":"publish","type":"post","link":"https:\/\/www.visit-ulcinj.com\/blog\/2008\/02\/06\/cute-dok-nam-vlada-kroji-sudbinu\/","title":{"rendered":"?ute dok nam Vlada kroji sudbinu"},"content":{"rendered":"<p><a href=\"http:\/\/www.visit-ulcinj.com\/blog\/2008\/02\/06\/cute-dok-nam-vlada-kroji-sudbinu\/genc-nimanbegu\/\" rel=\"attachment wp-att-401\" title=\"Genc Nimanbegu\"><img loading=\"lazy\" src=\"http:\/\/www.visit-ulcinj.com\/blog\/wp-content\/uploads\/2008\/02\/genci-nimanbegu.jpg\" alt=\"Genc Nimanbegu\" align=\"left\" height=\"201\" hspace=\"2\" vspace=\"2\" width=\"148\" \/><\/a><a href=\"http:\/\/forcaere.org\/sq\/Info\/Info\/Genc-Nimanbegu.html\" target=\"_blank\">Ulcinj &#8211; Potpredsjednik &#8220;Force&#8221; Genci Nimanbegu<\/a> optu\u017eio je izvr\u0161nu vlast Ulcinja, na ?elu sa gradona?elnikom Gzimom Hajdinagom, &#8220;da varaju gra?ane jer ne namjeravaju da ispune obe?anja iz predizborne kampanje prije godinu i po&#8221;.<br \/>\n&#8211; Obe?anje da ?e granica morskog dobra biti povu?ena u zakonske okvire samo je jedna u nizu propagandnih parola kojom aktuelna vlast vara svoje gra?ane. Istovremeno, pitanje je da li ?e maslinjaci i zemlji\u0161te u Valdanosu biti vra?eni biv\u0161im vlasnicima &#8211; kazao je Nimanbegu na ju?era\u0161njoj konferenciji za novinare. <!--more--><br \/>\nDa je to ta?no, kako je rekao, potvr?uje i rije\u0161enost biv\u0161e i sada\u0161nje Vlade da isklju?ivo ona obavlja poslove planiranja prostora, odnosno &#8220;najvrednijih podru?ja ulcinjske op\u0161tine&#8221;.<br \/>\n&#8211; Vlada to potvr?uje odlukama o izradi studija lokacije za Valdanos, zatim za Stari grad Ulcinj i poluostrvo Jadran, Rt ?erane i Port Milenu, kao i za turisti?ki kompleks na Velikoj pla\u017ei &#8211; istakao je Nimanbegu.<br \/>\nKonstatovao je da su ta podru?ja od posebnog zna?aja za op\u0161tinu i gra?ane &#8220;koji zasu\u017euju da sami odlu?uju kako, kada i na koji na?in ?e se razvijati&#8221;.<br \/>\n&#8211; Ponavljam da jedino u ulcinjskoj op\u0161tini Vlada namjerava planiranje na 30 kvadratnih kolometara. Koalicija na vlasti na lokalnom nivou to pre?utkuje kao da se ne radi o najatraktivnijim zonama u na\u0161oj op\u0161tini. Aktuelna vlast, posebno Hajdinaga, obe?ali su druga?ije. On svoje obe?anje nije ispunio, niti ima namjeru da to uradi &#8211; kazao je Nimanbegu.<br \/>\nNi 16 mjeseci nakon izbora, dodao je on, koalicija &#8220;Za evropski Ulcinj&#8221; nije donijela nijedan urbanisti?ki plan \u0161to je preduslov za legalnu gradnju u op\u0161tini.<br \/>\n&#8220;Vijesti&#8221; ju?e nijesu uspjele da kontaktiraju Hajdinagu jer mu je telefon bio van dometa.<br \/>\nS.A.<\/p>\n<p>www.vijesti.cg.yu<br \/>\nNIMANBEGU: MALE SU \u0160ANSE ZA ZAJEDNI?KOG KANDIDATA<br \/>\nNimanbegu je osporio legitimitet aktuelne op\u0161tinske komisije budu?i da je, kako je kazao, ?lanove birao biv\u0161i predsjednik Op\u0161tine Fuad Nimani.<br \/>\n&#8211; Novu komisiju trebalo bi birati zbog po\u0161tovanja odnosa sa prethodnih izbora, kao i zbog legitimiteta potpisivanja podr\u0161ke predsjedni?kim kandidatima. Stoga pozivam predsjednika SO da preduzme sve korake i ovaj problem rije\u0161i u lokalnom parlamentu &#8211; kazao je Nimanbegu.<br \/>\nOn je kazao da &#8220;Forca&#8221; jo\u0161 nije donijela odluku o tome kako ?e nastupiti na predstoje\u0161im predsjedni?kim izborima.<br \/>\n&#8211; \u0160ansa da albanske partije imaju zajedni?kog predsjedni?kog kandidata je vrlo mala, iako jo\u0161 u opticaju. Mogu?e je da ?emo podr\u017eati nekog od prijavljenih kandidata, a u igri je i solucija da na\u0161im bira?ima prepustimo izbor. U svakom slu?aju, odluku o tome donije?emo uskoro &#8211; kazao je Nimanbegu.<\/p>\n","protected":false},"excerpt":{"rendered":"<p><img loading=\"lazy\" src=\"http:\/\/www.visit-ulcinj.com\/blog\/wp-content\/uploads\/2008\/02\/genci-nimanbegu.jpg\" alt=\"Genc Nimanbegu\" height=\"140\" width=\"140\" \/><\/p>\n","protected":false},"author":1,"featured_media":0,"comment_status":"open","ping_status":"closed","sticky":false,"template":"","format":"standard","meta":{"spay_email":"","jetpack_publicize_message":"","jetpack_is_tweetstorm":false,"jetpack_publicize_feature_enabled":true},"categories":[6],"tags":[1148,1075,1074,1073,140,295,1076,850,19,136],"jetpack_publicize_connections":[],"yoast_head":"<!-- This site is optimized with the Yoast SEO plugin v19.1 - https:\/\/yoast.com\/wordpress\/plugins\/seo\/ -->\n<title>?ute dok nam Vlada kroji sudbinu - Lajme nga Ulqini<\/title>\n<meta name=\"robots\" content=\"index, follow, max-snippet:-1, max-image-preview:large, max-video-preview:-1\" \/>\n<link rel=\"canonical\" href=\"https:\/\/www.visit-ulcinj.com\/blog\/2008\/02\/06\/cute-dok-nam-vlada-kroji-sudbinu\/\" \/>\n<meta property=\"og:locale\" content=\"en_US\" \/>\n<meta property=\"og:type\" content=\"article\" \/>\n<meta property=\"og:title\" content=\"?ute dok nam Vlada kroji sudbinu - Lajme nga Ulqini\" \/>\n<meta property=\"og:url\" content=\"https:\/\/www.visit-ulcinj.com\/blog\/2008\/02\/06\/cute-dok-nam-vlada-kroji-sudbinu\/\" \/>\n<meta property=\"og:site_name\" content=\"Lajme nga Ulqini\" \/>\n<meta property=\"article:published_time\" content=\"2008-02-06T09:49:20+00:00\" \/>\n<meta property=\"article:modified_time\" content=\"2008-02-12T20:15:08+00:00\" \/>\n<meta property=\"og:image\" content=\"http:\/\/www.visit-ulcinj.com\/blog\/wp-content\/uploads\/2008\/02\/genci-nimanbegu.jpg\" \/>\n<meta name=\"twitter:label1\" content=\"Written by\" \/>\n\t<meta name=\"twitter:data1\" content=\"ulqini\" \/>\n\t<meta name=\"twitter:label2\" content=\"Est. reading time\" \/>\n\t<meta name=\"twitter:data2\" content=\"2 minutes\" \/>\n<script type=\"application\/ld+json\" class=\"yoast-schema-graph\">{\"@context\":\"https:\/\/schema.org\",\"@graph\":[{\"@type\":\"WebSite\",\"@id\":\"https:\/\/www.visit-ulcinj.com\/blog\/#website\",\"url\":\"https:\/\/www.visit-ulcinj.com\/blog\/\",\"name\":\"Lajme nga Ulqini\",\"description\":\"Lajme,Vijesti,Ulqini,Ulqin,Crna Gora,Mali i Zi\",\"potentialAction\":[{\"@type\":\"SearchAction\",\"target\":{\"@type\":\"EntryPoint\",\"urlTemplate\":\"https:\/\/www.visit-ulcinj.com\/blog\/?s={search_term_string}\"},\"query-input\":\"required name=search_term_string\"}],\"inLanguage\":\"en-US\"},{\"@type\":\"ImageObject\",\"inLanguage\":\"en-US\",\"@id\":\"https:\/\/www.visit-ulcinj.com\/blog\/2008\/02\/06\/cute-dok-nam-vlada-kroji-sudbinu\/#primaryimage\",\"url\":\"http:\/\/www.visit-ulcinj.com\/blog\/wp-content\/uploads\/2008\/02\/genci-nimanbegu.jpg\",\"contentUrl\":\"http:\/\/www.visit-ulcinj.com\/blog\/wp-content\/uploads\/2008\/02\/genci-nimanbegu.jpg\"},{\"@type\":\"WebPage\",\"@id\":\"https:\/\/www.visit-ulcinj.com\/blog\/2008\/02\/06\/cute-dok-nam-vlada-kroji-sudbinu\/#webpage\",\"url\":\"https:\/\/www.visit-ulcinj.com\/blog\/2008\/02\/06\/cute-dok-nam-vlada-kroji-sudbinu\/\",\"name\":\"?ute dok nam Vlada kroji sudbinu - Lajme nga Ulqini\",\"isPartOf\":{\"@id\":\"https:\/\/www.visit-ulcinj.com\/blog\/#website\"},\"primaryImageOfPage\":{\"@id\":\"https:\/\/www.visit-ulcinj.com\/blog\/2008\/02\/06\/cute-dok-nam-vlada-kroji-sudbinu\/#primaryimage\"},\"datePublished\":\"2008-02-06T09:49:20+00:00\",\"dateModified\":\"2008-02-12T20:15:08+00:00\",\"author\":{\"@id\":\"https:\/\/www.visit-ulcinj.com\/blog\/#\/schema\/person\/dcab619c614d3038751c63bc2aadc06d\"},\"breadcrumb\":{\"@id\":\"https:\/\/www.visit-ulcinj.com\/blog\/2008\/02\/06\/cute-dok-nam-vlada-kroji-sudbinu\/#breadcrumb\"},\"inLanguage\":\"en-US\",\"potentialAction\":[{\"@type\":\"ReadAction\",\"target\":[\"https:\/\/www.visit-ulcinj.com\/blog\/2008\/02\/06\/cute-dok-nam-vlada-kroji-sudbinu\/\"]}]},{\"@type\":\"BreadcrumbList\",\"@id\":\"https:\/\/www.visit-ulcinj.com\/blog\/2008\/02\/06\/cute-dok-nam-vlada-kroji-sudbinu\/#breadcrumb\",\"itemListElement\":[{\"@type\":\"ListItem\",\"position\":1,\"name\":\"?ute dok nam Vlada kroji sudbinu\"}]},{\"@type\":\"Person\",\"@id\":\"https:\/\/www.visit-ulcinj.com\/blog\/#\/schema\/person\/dcab619c614d3038751c63bc2aadc06d\",\"name\":\"ulqini\",\"sameAs\":[\"http:\/\/www.visit-ulcinj.com\"],\"url\":\"https:\/\/www.visit-ulcinj.com\/blog\/author\/admin\/\"}]}<\/script>\n<!-- \/ Yoast SEO plugin. -->","yoast_head_json":{"title":"?ute dok nam Vlada kroji sudbinu - Lajme nga Ulqini","robots":{"index":"index","follow":"follow","max-snippet":"max-snippet:-1","max-image-preview":"max-image-preview:large","max-video-preview":"max-video-preview:-1"},"canonical":"https:\/\/www.visit-ulcinj.com\/blog\/2008\/02\/06\/cute-dok-nam-vlada-kroji-sudbinu\/","og_locale":"en_US","og_type":"article","og_title":"?ute dok nam Vlada kroji sudbinu - Lajme nga Ulqini","og_url":"https:\/\/www.visit-ulcinj.com\/blog\/2008\/02\/06\/cute-dok-nam-vlada-kroji-sudbinu\/","og_site_name":"Lajme nga Ulqini","article_published_time":"2008-02-06T09:49:20+00:00","article_modified_time":"2008-02-12T20:15:08+00:00","og_image":[{"url":"http:\/\/www.visit-ulcinj.com\/blog\/wp-content\/uploads\/2008\/02\/genci-nimanbegu.jpg"}],"twitter_misc":{"Written by":"ulqini","Est. reading time":"2 minutes"},"schema":{"@context":"https:\/\/schema.org","@graph":[{"@type":"WebSite","@id":"https:\/\/www.visit-ulcinj.com\/blog\/#website","url":"https:\/\/www.visit-ulcinj.com\/blog\/","name":"Lajme nga Ulqini","description":"Lajme,Vijesti,Ulqini,Ulqin,Crna Gora,Mali i Zi","potentialAction":[{"@type":"SearchAction","target":{"@type":"EntryPoint","urlTemplate":"https:\/\/www.visit-ulcinj.com\/blog\/?s={search_term_string}"},"query-input":"required name=search_term_string"}],"inLanguage":"en-US"},{"@type":"ImageObject","inLanguage":"en-US","@id":"https:\/\/www.visit-ulcinj.com\/blog\/2008\/02\/06\/cute-dok-nam-vlada-kroji-sudbinu\/#primaryimage","url":"http:\/\/www.visit-ulcinj.com\/blog\/wp-content\/uploads\/2008\/02\/genci-nimanbegu.jpg","contentUrl":"http:\/\/www.visit-ulcinj.com\/blog\/wp-content\/uploads\/2008\/02\/genci-nimanbegu.jpg"},{"@type":"WebPage","@id":"https:\/\/www.visit-ulcinj.com\/blog\/2008\/02\/06\/cute-dok-nam-vlada-kroji-sudbinu\/#webpage","url":"https:\/\/www.visit-ulcinj.com\/blog\/2008\/02\/06\/cute-dok-nam-vlada-kroji-sudbinu\/","name":"?ute dok nam Vlada kroji sudbinu - Lajme nga Ulqini","isPartOf":{"@id":"https:\/\/www.visit-ulcinj.com\/blog\/#website"},"primaryImageOfPage":{"@id":"https:\/\/www.visit-ulcinj.com\/blog\/2008\/02\/06\/cute-dok-nam-vlada-kroji-sudbinu\/#primaryimage"},"datePublished":"2008-02-06T09:49:20+00:00","dateModified":"2008-02-12T20:15:08+00:00","author":{"@id":"https:\/\/www.visit-ulcinj.com\/blog\/#\/schema\/person\/dcab619c614d3038751c63bc2aadc06d"},"breadcrumb":{"@id":"https:\/\/www.visit-ulcinj.com\/blog\/2008\/02\/06\/cute-dok-nam-vlada-kroji-sudbinu\/#breadcrumb"},"inLanguage":"en-US","potentialAction":[{"@type":"ReadAction","target":["https:\/\/www.visit-ulcinj.com\/blog\/2008\/02\/06\/cute-dok-nam-vlada-kroji-sudbinu\/"]}]},{"@type":"BreadcrumbList","@id":"https:\/\/www.visit-ulcinj.com\/blog\/2008\/02\/06\/cute-dok-nam-vlada-kroji-sudbinu\/#breadcrumb","itemListElement":[{"@type":"ListItem","position":1,"name":"?ute dok nam Vlada kroji sudbinu"}]},{"@type":"Person","@id":"https:\/\/www.visit-ulcinj.com\/blog\/#\/schema\/person\/dcab619c614d3038751c63bc2aadc06d","name":"ulqini","sameAs":["http:\/\/www.visit-ulcinj.com"],"url":"https:\/\/www.visit-ulcinj.com\/blog\/author\/admin\/"}]}},"jetpack_featured_media_url":"","jetpack_sharing_enabled":true,"jetpack_shortlink":"https:\/\/wp.me\/pe6lTn-6s","_links":{"self":[{"href":"https:\/\/www.visit-ulcinj.com\/blog\/wp-json\/wp\/v2\/posts\/400"}],"collection":[{"href":"https:\/\/www.visit-ulcinj.com\/blog\/wp-json\/wp\/v2\/posts"}],"about":[{"href":"https:\/\/www.visit-ulcinj.com\/blog\/wp-json\/wp\/v2\/types\/post"}],"author":[{"embeddable":true,"href":"https:\/\/www.visit-ulcinj.com\/blog\/wp-json\/wp\/v2\/users\/1"}],"replies":[{"embeddable":true,"href":"https:\/\/www.visit-ulcinj.com\/blog\/wp-json\/wp\/v2\/comments?post=400"}],"version-history":[{"count":0,"href":"https:\/\/www.visit-ulcinj.com\/blog\/wp-json\/wp\/v2\/posts\/400\/revisions"}],"wp:attachment":[{"href":"https:\/\/www.visit-ulcinj.com\/blog\/wp-json\/wp\/v2\/media?parent=400"}],"wp:term":[{"taxonomy":"category","embeddable":true,"href":"https:\/\/www.visit-ulcinj.com\/blog\/wp-json\/wp\/v2\/categories?post=400"},{"taxonomy":"post_tag","embeddable":true,"href":"https:\/\/www.visit-ulcinj.com\/blog\/wp-json\/wp\/v2\/tags?post=400"}],"curies":[{"name":"wp","href":"https:\/\/api.w.org\/{rel}","templated":true}]}}