{"id":40004,"date":"2010-11-24T15:57:24","date_gmt":"2010-11-24T14:57:24","guid":{"rendered":"http:\/\/www.visit-ulcinj.com\/blog\/?p=40004"},"modified":"2010-11-24T15:58:23","modified_gmt":"2010-11-24T14:58:23","slug":"otvaranje-hotel-klinika-sa-high-tech-rehabilitacijom-u-ulcinju","status":"publish","type":"post","link":"https:\/\/www.visit-ulcinj.com\/blog\/2010\/11\/24\/otvaranje-hotel-klinika-sa-high-tech-rehabilitacijom-u-ulcinju\/","title":{"rendered":"Otvaranje Hotel-Klinika sa High-Tech-Rehabilitacijom u Ulcinju"},"content":{"rendered":"<p><a href=\"http:\/\/www.visit-ulcinj.com\/blog\/wp-content\/uploads\/2010\/11\/Dolphins-Therapy_Ulcinj-_Montenegro.1.jpg\"><img loading=\"lazy\" class=\"alignleft size-full wp-image-40005\" title=\"Dolphins Therapy_Ulcinj _Montenegro.1\" src=\"http:\/\/www.visit-ulcinj.com\/blog\/wp-content\/uploads\/2010\/11\/Dolphins-Therapy_Ulcinj-_Montenegro.1.jpg\" alt=\"\" width=\"490\" height=\"197\" \/><\/a>Nas gradjanin, zdravstveni radnik Rifat Stankovic je stupio u kontakt i pregovara sa investitorima koji su najavili da zele da realizuju vise milionski projekat<\/p>\n<p>&#8221; Hotel-Klinika&#8221; sa High-Tech-Rehabilitacijom,\u00a0 u Ulcinju.<\/p>\n<p><a href=\"http:\/\/www.visit-ulcinj.com\/blog\/wp-content\/uploads\/2010\/11\/Rifat-Stankovic-Ulcinj.jpg\"><img loading=\"lazy\" class=\"alignleft size-medium wp-image-40008\" title=\"Rifat-Stankovic-Ulcinj\" src=\"http:\/\/www.visit-ulcinj.com\/blog\/wp-content\/uploads\/2010\/11\/Rifat-Stankovic-Ulcinj-288x300.jpg\" alt=\"\" width=\"288\" height=\"300\" srcset=\"https:\/\/www.visit-ulcinj.com\/blog\/wp-content\/uploads\/2010\/11\/Rifat-Stankovic-Ulcinj-288x300.jpg 288w, https:\/\/www.visit-ulcinj.com\/blog\/wp-content\/uploads\/2010\/11\/Rifat-Stankovic-Ulcinj.jpg 943w\" sizes=\"(max-width: 288px) 100vw, 288px\" \/><\/a>Rifat Stankovic kaze da to nije novinarska patka vec je realitet.<\/p>\n<p>Da potraznja postoji,\u00a0govori i to\u00a0\u00a0da je i zahtjev Ministarstvu zdravlja upucen 1.11.10 \u00a0iz Njemacke za izgradnju internacionalnog centra za rehabilitaciju djece sa posebnim potrebama,sa cerbralnom paralizom, pacijenata sa ostecenom funkcijom kostano-zglobnog sistema, sa bolestima lokomotornog sistema, kao i za pacijente sa posledicama sloga.<\/p>\n<p>Centar \u0107e biti namijenjen pacijentima iz zapadne i isto\u010dne Europe i iz Crne Gore.<\/p>\n<p>Uradi\u0107e se rekonstrukcija postojeceg objekta i izgradnja dodatnih \u00a0prostorija u skladu sa sanitarnim i tehni\u010dkim standardima, koji se tra\u017ee od ambulatnog centra. Kupi\u0107e se neophodna oprema.<\/p>\n<p>Rad \u0107e se sprovoditi od strane lokalnih stru\u010dnjaka, koji su pro\u0161li dopunsku obuku u svjetski poznatim centrima u inostranstvu. Dodatno \u0107emo uklju\u010diti inostrane specijaliste u onim oblastima, gdje nije potrebna licenca.<\/p>\n<p>U po\u010detku planiramo da zaposlimo 25 \u2013 30 lokanih specijalista i 8 \u2013 10 inostranih.<\/p>\n<p>To treba da izraste u savremeni centar za rehabilitaciju sa 200 \u2013 250 kreveta.<\/p>\n<p>Trenutno se ceka\u00a0odgovor od ministarstva zdravlja za pocetak\u00a0realizacije ovog projekta.<\/p>\n<p>Ne treba\u00a0smetnuti s uma\u00a0da ovaj centar treba preko cijele godine da prima pacijente i da je zbog toga od opsteg znacaja za opstinu Ulcinj pa i sire .Birokratske prepreke se trebaju svesti na minimum da se ne bi rasterali ozbiljni investitori.<\/p>\n<p>Dodao \u00a0je jos sa puno nade i velikih ocekivanja :&#8221;da ovakvu instituciju zasluzuje Ulcinj jer je po razvoju i koriscenju svojih resursa nazalost jedna od najzaostalih opstina u Crnoj Gori.&#8221;<\/p>\n<p><strong> <\/strong><\/p>\n<p><strong>Rifat Stankovic<\/strong><strong><br \/>\nLajme nga Ulqini<br \/>\n\n\t\t<style type=\"text\/css\">\n\t\t\t#gallery-1 {\n\t\t\t\tmargin: auto;\n\t\t\t}\n\t\t\t#gallery-1 .gallery-item {\n\t\t\t\tfloat: left;\n\t\t\t\tmargin-top: 10px;\n\t\t\t\ttext-align: center;\n\t\t\t\twidth: 33%;\n\t\t\t}\n\t\t\t#gallery-1 img {\n\t\t\t\tborder: 2px solid #cfcfcf;\n\t\t\t}\n\t\t\t#gallery-1 .gallery-caption {\n\t\t\t\tmargin-left: 0;\n\t\t\t}\n\t\t\t\/* see gallery_shortcode() in wp-includes\/media.php *\/\n\t\t<\/style>\n\t\t<div id='gallery-1' class='gallery galleryid-40004 gallery-columns-3 gallery-size-thumbnail'><dl class='gallery-item'>\n\t\t\t<dt class='gallery-icon landscape'>\n\t\t\t\t<a href='https:\/\/www.visit-ulcinj.com\/blog\/wp-content\/uploads\/2010\/11\/Dolphins-Therapy_Ulcinj-_Montenegro.1.jpg'><img width=\"150\" height=\"150\" src=\"https:\/\/www.visit-ulcinj.com\/blog\/wp-content\/uploads\/2010\/11\/Dolphins-Therapy_Ulcinj-_Montenegro.1-150x150.jpg\" class=\"attachment-thumbnail size-thumbnail\" alt=\"\" loading=\"lazy\" \/><\/a>\n\t\t\t<\/dt><\/dl><dl class='gallery-item'>\n\t\t\t<dt class='gallery-icon landscape'>\n\t\t\t\t<a href='https:\/\/www.visit-ulcinj.com\/blog\/wp-content\/uploads\/2010\/11\/Dolphins-Therapy_Ulcinj-_Montenegro.2.jpg'><img width=\"150\" height=\"150\" src=\"https:\/\/www.visit-ulcinj.com\/blog\/wp-content\/uploads\/2010\/11\/Dolphins-Therapy_Ulcinj-_Montenegro.2-150x150.jpg\" class=\"attachment-thumbnail size-thumbnail\" alt=\"\" loading=\"lazy\" \/><\/a>\n\t\t\t<\/dt><\/dl><dl class='gallery-item'>\n\t\t\t<dt class='gallery-icon landscape'>\n\t\t\t\t<a href='https:\/\/www.visit-ulcinj.com\/blog\/wp-content\/uploads\/2010\/11\/Dolphins-Therapy_Ulcinj-_Montenegro.3.jpg'><img width=\"150\" height=\"150\" src=\"https:\/\/www.visit-ulcinj.com\/blog\/wp-content\/uploads\/2010\/11\/Dolphins-Therapy_Ulcinj-_Montenegro.3-150x150.jpg\" class=\"attachment-thumbnail size-thumbnail\" alt=\"\" loading=\"lazy\" \/><\/a>\n\t\t\t<\/dt><\/dl><br style=\"clear: both\" \/><dl class='gallery-item'>\n\t\t\t<dt class='gallery-icon portrait'>\n\t\t\t\t<a href='https:\/\/www.visit-ulcinj.com\/blog\/wp-content\/uploads\/2010\/11\/Rifat-Stankovic-Ulcinj.jpg'><img width=\"150\" height=\"150\" src=\"https:\/\/www.visit-ulcinj.com\/blog\/wp-content\/uploads\/2010\/11\/Rifat-Stankovic-Ulcinj-150x150.jpg\" class=\"attachment-thumbnail size-thumbnail\" alt=\"\" loading=\"lazy\" \/><\/a>\n\t\t\t<\/dt><\/dl><dl class='gallery-item'>\n\t\t\t<dt class='gallery-icon portrait'>\n\t\t\t\t<a href='https:\/\/www.visit-ulcinj.com\/blog\/wp-content\/uploads\/2010\/11\/Dolphins-Therapy_Ulcinj-_Montenegro.4_picnik.jpg'><img width=\"150\" height=\"150\" src=\"https:\/\/www.visit-ulcinj.com\/blog\/wp-content\/uploads\/2010\/11\/Dolphins-Therapy_Ulcinj-_Montenegro.4_picnik-150x150.jpg\" class=\"attachment-thumbnail size-thumbnail\" alt=\"\" loading=\"lazy\" \/><\/a>\n\t\t\t<\/dt><\/dl><dl class='gallery-item'>\n\t\t\t<dt class='gallery-icon portrait'>\n\t\t\t\t<a href='https:\/\/www.visit-ulcinj.com\/blog\/wp-content\/uploads\/2010\/11\/Dolphins-Therapy_Ulcinj-_Montenegro.5_picnik.jpg'><img width=\"150\" height=\"150\" src=\"https:\/\/www.visit-ulcinj.com\/blog\/wp-content\/uploads\/2010\/11\/Dolphins-Therapy_Ulcinj-_Montenegro.5_picnik-150x150.jpg\" class=\"attachment-thumbnail size-thumbnail\" alt=\"\" loading=\"lazy\" \/><\/a>\n\t\t\t<\/dt><\/dl><br style=\"clear: both\" \/><dl class='gallery-item'>\n\t\t\t<dt class='gallery-icon portrait'>\n\t\t\t\t<a href='https:\/\/www.visit-ulcinj.com\/blog\/wp-content\/uploads\/2010\/11\/Hotel-La-Rosa-Negra7.jpg'><img width=\"150\" height=\"150\" src=\"https:\/\/www.visit-ulcinj.com\/blog\/wp-content\/uploads\/2010\/11\/Hotel-La-Rosa-Negra7-150x150.jpg\" class=\"attachment-thumbnail size-thumbnail\" alt=\"\" loading=\"lazy\" \/><\/a>\n\t\t\t<\/dt><\/dl><dl class='gallery-item'>\n\t\t\t<dt class='gallery-icon landscape'>\n\t\t\t\t<a href='https:\/\/www.visit-ulcinj.com\/blog\/wp-content\/uploads\/2010\/11\/Hotel-La-Rosa-Negra7_.1.jpg'><img width=\"150\" height=\"150\" src=\"https:\/\/www.visit-ulcinj.com\/blog\/wp-content\/uploads\/2010\/11\/Hotel-La-Rosa-Negra7_.1-150x150.jpg\" class=\"attachment-thumbnail size-thumbnail\" alt=\"\" loading=\"lazy\" \/><\/a>\n\t\t\t<\/dt><\/dl><dl class='gallery-item'>\n\t\t\t<dt class='gallery-icon portrait'>\n\t\t\t\t<a href='https:\/\/www.visit-ulcinj.com\/blog\/wp-content\/uploads\/2010\/11\/Hotel-La-Rosa-Negra7_.2.jpg'><img width=\"150\" height=\"150\" src=\"https:\/\/www.visit-ulcinj.com\/blog\/wp-content\/uploads\/2010\/11\/Hotel-La-Rosa-Negra7_.2-150x150.jpg\" class=\"attachment-thumbnail size-thumbnail\" alt=\"\" loading=\"lazy\" \/><\/a>\n\t\t\t<\/dt><\/dl><br style=\"clear: both\" \/>\n\t\t<\/div>\n<br \/>\n<!--YouTube Error: bad URL entered--><\/p>\n","protected":false},"excerpt":{"rendered":"<p>Nas gradjanin, zdravstveni radnik Rifat Stankovic je stupio u kontakt i pregovara sa investitorima koji su najavili da zele da realizuju vise milionski projekat &#8221; Hotel-Klinika&#8221; sa High-Tech-Rehabilitacijom,\u00a0 u Ulcinju. Rifat Stankovic kaze da to nije novinarska patka vec je realitet. Da potraznja postoji,\u00a0govori i to\u00a0\u00a0da je i zahtjev Ministarstvu zdravlja upucen 1.11.10 \u00a0iz Njemacke [&hellip;]<\/p>\n","protected":false},"author":1,"featured_media":0,"comment_status":"open","ping_status":"closed","sticky":false,"template":"","format":"standard","meta":{"spay_email":"","jetpack_publicize_message":"","jetpack_is_tweetstorm":false,"jetpack_publicize_feature_enabled":true},"categories":[15],"tags":[16398,16399,16400,16402,16401],"jetpack_publicize_connections":[],"yoast_head":"<!-- This site is optimized with the Yoast SEO plugin v19.1 - https:\/\/yoast.com\/wordpress\/plugins\/seo\/ -->\n<title>Otvaranje Hotel-Klinika sa High-Tech-Rehabilitacijom u Ulcinju - Lajme nga Ulqini<\/title>\n<meta name=\"description\" content=\"Nas gradjanin, zdravstveni radnik Rifat Stankovic je stupio u kontakt i pregovara sa investitorima koji su najavili da zele da realizuju vise milionski\" \/>\n<meta name=\"robots\" content=\"index, follow, max-snippet:-1, max-image-preview:large, max-video-preview:-1\" \/>\n<link rel=\"canonical\" href=\"https:\/\/www.visit-ulcinj.com\/blog\/2010\/11\/24\/otvaranje-hotel-klinika-sa-high-tech-rehabilitacijom-u-ulcinju\/\" \/>\n<meta property=\"og:locale\" content=\"en_US\" \/>\n<meta property=\"og:type\" content=\"article\" \/>\n<meta property=\"og:title\" content=\"Otvaranje Hotel-Klinika sa High-Tech-Rehabilitacijom u Ulcinju - Lajme nga Ulqini\" \/>\n<meta property=\"og:description\" content=\"Nas gradjanin, zdravstveni radnik Rifat Stankovic je stupio u kontakt i pregovara sa investitorima koji su najavili da zele da realizuju vise milionski\" \/>\n<meta property=\"og:url\" content=\"https:\/\/www.visit-ulcinj.com\/blog\/2010\/11\/24\/otvaranje-hotel-klinika-sa-high-tech-rehabilitacijom-u-ulcinju\/\" \/>\n<meta property=\"og:site_name\" content=\"Lajme nga Ulqini\" \/>\n<meta property=\"article:published_time\" content=\"2010-11-24T14:57:24+00:00\" \/>\n<meta property=\"article:modified_time\" content=\"2010-11-24T14:58:23+00:00\" \/>\n<meta property=\"og:image\" content=\"https:\/\/www.visit-ulcinj.com\/blog\/wp-content\/uploads\/2010\/11\/Dolphins-Therapy_Ulcinj-_Montenegro.1-150x150.jpg\" \/>\n<meta name=\"twitter:label1\" content=\"Written by\" \/>\n\t<meta name=\"twitter:data1\" content=\"ulqini\" \/>\n\t<meta name=\"twitter:label2\" content=\"Est. reading time\" \/>\n\t<meta name=\"twitter:data2\" content=\"1 minute\" \/>\n<script type=\"application\/ld+json\" class=\"yoast-schema-graph\">{\"@context\":\"https:\/\/schema.org\",\"@graph\":[{\"@type\":\"WebSite\",\"@id\":\"https:\/\/www.visit-ulcinj.com\/blog\/#website\",\"url\":\"https:\/\/www.visit-ulcinj.com\/blog\/\",\"name\":\"Lajme nga Ulqini\",\"description\":\"Lajme,Vijesti,Ulqini,Ulqin,Crna Gora,Mali i Zi\",\"potentialAction\":[{\"@type\":\"SearchAction\",\"target\":{\"@type\":\"EntryPoint\",\"urlTemplate\":\"https:\/\/www.visit-ulcinj.com\/blog\/?s={search_term_string}\"},\"query-input\":\"required name=search_term_string\"}],\"inLanguage\":\"en-US\"},{\"@type\":\"ImageObject\",\"inLanguage\":\"en-US\",\"@id\":\"https:\/\/www.visit-ulcinj.com\/blog\/2010\/11\/24\/otvaranje-hotel-klinika-sa-high-tech-rehabilitacijom-u-ulcinju\/#primaryimage\",\"url\":\"https:\/\/www.visit-ulcinj.com\/blog\/wp-content\/uploads\/2010\/11\/Dolphins-Therapy_Ulcinj-_Montenegro.1.jpg\",\"contentUrl\":\"https:\/\/www.visit-ulcinj.com\/blog\/wp-content\/uploads\/2010\/11\/Dolphins-Therapy_Ulcinj-_Montenegro.1.jpg\",\"width\":\"639\",\"height\":\"197\"},{\"@type\":\"WebPage\",\"@id\":\"https:\/\/www.visit-ulcinj.com\/blog\/2010\/11\/24\/otvaranje-hotel-klinika-sa-high-tech-rehabilitacijom-u-ulcinju\/#webpage\",\"url\":\"https:\/\/www.visit-ulcinj.com\/blog\/2010\/11\/24\/otvaranje-hotel-klinika-sa-high-tech-rehabilitacijom-u-ulcinju\/\",\"name\":\"Otvaranje Hotel-Klinika sa High-Tech-Rehabilitacijom u Ulcinju - Lajme nga Ulqini\",\"isPartOf\":{\"@id\":\"https:\/\/www.visit-ulcinj.com\/blog\/#website\"},\"primaryImageOfPage\":{\"@id\":\"https:\/\/www.visit-ulcinj.com\/blog\/2010\/11\/24\/otvaranje-hotel-klinika-sa-high-tech-rehabilitacijom-u-ulcinju\/#primaryimage\"},\"datePublished\":\"2010-11-24T14:57:24+00:00\",\"dateModified\":\"2010-11-24T14:58:23+00:00\",\"author\":{\"@id\":\"https:\/\/www.visit-ulcinj.com\/blog\/#\/schema\/person\/dcab619c614d3038751c63bc2aadc06d\"},\"description\":\"Nas gradjanin, zdravstveni radnik Rifat Stankovic je stupio u kontakt i pregovara sa investitorima koji su najavili da zele da realizuju vise milionski\",\"breadcrumb\":{\"@id\":\"https:\/\/www.visit-ulcinj.com\/blog\/2010\/11\/24\/otvaranje-hotel-klinika-sa-high-tech-rehabilitacijom-u-ulcinju\/#breadcrumb\"},\"inLanguage\":\"en-US\",\"potentialAction\":[{\"@type\":\"ReadAction\",\"target\":[\"https:\/\/www.visit-ulcinj.com\/blog\/2010\/11\/24\/otvaranje-hotel-klinika-sa-high-tech-rehabilitacijom-u-ulcinju\/\"]}]},{\"@type\":\"BreadcrumbList\",\"@id\":\"https:\/\/www.visit-ulcinj.com\/blog\/2010\/11\/24\/otvaranje-hotel-klinika-sa-high-tech-rehabilitacijom-u-ulcinju\/#breadcrumb\",\"itemListElement\":[{\"@type\":\"ListItem\",\"position\":1,\"name\":\"Otvaranje Hotel-Klinika sa High-Tech-Rehabilitacijom u Ulcinju\"}]},{\"@type\":\"Person\",\"@id\":\"https:\/\/www.visit-ulcinj.com\/blog\/#\/schema\/person\/dcab619c614d3038751c63bc2aadc06d\",\"name\":\"ulqini\",\"sameAs\":[\"http:\/\/www.visit-ulcinj.com\"],\"url\":\"https:\/\/www.visit-ulcinj.com\/blog\/author\/admin\/\"}]}<\/script>\n<!-- \/ Yoast SEO plugin. -->","yoast_head_json":{"title":"Otvaranje Hotel-Klinika sa High-Tech-Rehabilitacijom u Ulcinju - Lajme nga Ulqini","description":"Nas gradjanin, zdravstveni radnik Rifat Stankovic je stupio u kontakt i pregovara sa investitorima koji su najavili da zele da realizuju vise milionski","robots":{"index":"index","follow":"follow","max-snippet":"max-snippet:-1","max-image-preview":"max-image-preview:large","max-video-preview":"max-video-preview:-1"},"canonical":"https:\/\/www.visit-ulcinj.com\/blog\/2010\/11\/24\/otvaranje-hotel-klinika-sa-high-tech-rehabilitacijom-u-ulcinju\/","og_locale":"en_US","og_type":"article","og_title":"Otvaranje Hotel-Klinika sa High-Tech-Rehabilitacijom u Ulcinju - Lajme nga Ulqini","og_description":"Nas gradjanin, zdravstveni radnik Rifat Stankovic je stupio u kontakt i pregovara sa investitorima koji su najavili da zele da realizuju vise milionski","og_url":"https:\/\/www.visit-ulcinj.com\/blog\/2010\/11\/24\/otvaranje-hotel-klinika-sa-high-tech-rehabilitacijom-u-ulcinju\/","og_site_name":"Lajme nga Ulqini","article_published_time":"2010-11-24T14:57:24+00:00","article_modified_time":"2010-11-24T14:58:23+00:00","og_image":[{"url":"https:\/\/www.visit-ulcinj.com\/blog\/wp-content\/uploads\/2010\/11\/Dolphins-Therapy_Ulcinj-_Montenegro.1-150x150.jpg"}],"twitter_misc":{"Written by":"ulqini","Est. reading time":"1 minute"},"schema":{"@context":"https:\/\/schema.org","@graph":[{"@type":"WebSite","@id":"https:\/\/www.visit-ulcinj.com\/blog\/#website","url":"https:\/\/www.visit-ulcinj.com\/blog\/","name":"Lajme nga Ulqini","description":"Lajme,Vijesti,Ulqini,Ulqin,Crna Gora,Mali i Zi","potentialAction":[{"@type":"SearchAction","target":{"@type":"EntryPoint","urlTemplate":"https:\/\/www.visit-ulcinj.com\/blog\/?s={search_term_string}"},"query-input":"required name=search_term_string"}],"inLanguage":"en-US"},{"@type":"ImageObject","inLanguage":"en-US","@id":"https:\/\/www.visit-ulcinj.com\/blog\/2010\/11\/24\/otvaranje-hotel-klinika-sa-high-tech-rehabilitacijom-u-ulcinju\/#primaryimage","url":"https:\/\/www.visit-ulcinj.com\/blog\/wp-content\/uploads\/2010\/11\/Dolphins-Therapy_Ulcinj-_Montenegro.1.jpg","contentUrl":"https:\/\/www.visit-ulcinj.com\/blog\/wp-content\/uploads\/2010\/11\/Dolphins-Therapy_Ulcinj-_Montenegro.1.jpg","width":"639","height":"197"},{"@type":"WebPage","@id":"https:\/\/www.visit-ulcinj.com\/blog\/2010\/11\/24\/otvaranje-hotel-klinika-sa-high-tech-rehabilitacijom-u-ulcinju\/#webpage","url":"https:\/\/www.visit-ulcinj.com\/blog\/2010\/11\/24\/otvaranje-hotel-klinika-sa-high-tech-rehabilitacijom-u-ulcinju\/","name":"Otvaranje Hotel-Klinika sa High-Tech-Rehabilitacijom u Ulcinju - Lajme nga Ulqini","isPartOf":{"@id":"https:\/\/www.visit-ulcinj.com\/blog\/#website"},"primaryImageOfPage":{"@id":"https:\/\/www.visit-ulcinj.com\/blog\/2010\/11\/24\/otvaranje-hotel-klinika-sa-high-tech-rehabilitacijom-u-ulcinju\/#primaryimage"},"datePublished":"2010-11-24T14:57:24+00:00","dateModified":"2010-11-24T14:58:23+00:00","author":{"@id":"https:\/\/www.visit-ulcinj.com\/blog\/#\/schema\/person\/dcab619c614d3038751c63bc2aadc06d"},"description":"Nas gradjanin, zdravstveni radnik Rifat Stankovic je stupio u kontakt i pregovara sa investitorima koji su najavili da zele da realizuju vise milionski","breadcrumb":{"@id":"https:\/\/www.visit-ulcinj.com\/blog\/2010\/11\/24\/otvaranje-hotel-klinika-sa-high-tech-rehabilitacijom-u-ulcinju\/#breadcrumb"},"inLanguage":"en-US","potentialAction":[{"@type":"ReadAction","target":["https:\/\/www.visit-ulcinj.com\/blog\/2010\/11\/24\/otvaranje-hotel-klinika-sa-high-tech-rehabilitacijom-u-ulcinju\/"]}]},{"@type":"BreadcrumbList","@id":"https:\/\/www.visit-ulcinj.com\/blog\/2010\/11\/24\/otvaranje-hotel-klinika-sa-high-tech-rehabilitacijom-u-ulcinju\/#breadcrumb","itemListElement":[{"@type":"ListItem","position":1,"name":"Otvaranje Hotel-Klinika sa High-Tech-Rehabilitacijom u Ulcinju"}]},{"@type":"Person","@id":"https:\/\/www.visit-ulcinj.com\/blog\/#\/schema\/person\/dcab619c614d3038751c63bc2aadc06d","name":"ulqini","sameAs":["http:\/\/www.visit-ulcinj.com"],"url":"https:\/\/www.visit-ulcinj.com\/blog\/author\/admin\/"}]}},"jetpack_featured_media_url":"","jetpack_sharing_enabled":true,"jetpack_shortlink":"https:\/\/wp.me\/pe6lTn-ape","_links":{"self":[{"href":"https:\/\/www.visit-ulcinj.com\/blog\/wp-json\/wp\/v2\/posts\/40004"}],"collection":[{"href":"https:\/\/www.visit-ulcinj.com\/blog\/wp-json\/wp\/v2\/posts"}],"about":[{"href":"https:\/\/www.visit-ulcinj.com\/blog\/wp-json\/wp\/v2\/types\/post"}],"author":[{"embeddable":true,"href":"https:\/\/www.visit-ulcinj.com\/blog\/wp-json\/wp\/v2\/users\/1"}],"replies":[{"embeddable":true,"href":"https:\/\/www.visit-ulcinj.com\/blog\/wp-json\/wp\/v2\/comments?post=40004"}],"version-history":[{"count":0,"href":"https:\/\/www.visit-ulcinj.com\/blog\/wp-json\/wp\/v2\/posts\/40004\/revisions"}],"wp:attachment":[{"href":"https:\/\/www.visit-ulcinj.com\/blog\/wp-json\/wp\/v2\/media?parent=40004"}],"wp:term":[{"taxonomy":"category","embeddable":true,"href":"https:\/\/www.visit-ulcinj.com\/blog\/wp-json\/wp\/v2\/categories?post=40004"},{"taxonomy":"post_tag","embeddable":true,"href":"https:\/\/www.visit-ulcinj.com\/blog\/wp-json\/wp\/v2\/tags?post=40004"}],"curies":[{"name":"wp","href":"https:\/\/api.w.org\/{rel}","templated":true}]}}