{"id":40017,"date":"2010-11-24T18:11:46","date_gmt":"2010-11-24T17:11:46","guid":{"rendered":"http:\/\/www.visit-ulcinj.com\/blog\/?p=40017"},"modified":"2010-11-25T09:06:14","modified_gmt":"2010-11-25T08:06:14","slug":"leter-e-hapur-te-lidhjes-demokratike-ne-mal-te-zi","status":"publish","type":"post","link":"https:\/\/www.visit-ulcinj.com\/blog\/2010\/11\/24\/leter-e-hapur-te-lidhjes-demokratike-ne-mal-te-zi\/","title":{"rendered":"Let\u00ebr e hapur t\u00eb Lidhjes Demokratike n\u00eb Mal t\u00eb Zi"},"content":{"rendered":"<p><a href=\"http:\/\/www.visit-ulcinj.com\/blog\/wp-content\/uploads\/2010\/11\/Lidhja-Demokratike-ne-mal-te-Zi.jpg\"><img loading=\"lazy\" class=\"alignleft size-full wp-image-40018\" title=\"Lidhja Demokratike ne mal te Zi\" src=\"http:\/\/www.visit-ulcinj.com\/blog\/wp-content\/uploads\/2010\/11\/Lidhja-Demokratike-ne-mal-te-Zi.jpg\" alt=\"\" width=\"320\" height=\"420\" \/><\/a>Lidhja Demokratike n\u00eb mal t\u00eb Zi, respektivisht dega e k\u00ebsaj partie p\u00ebr Mal\u00ebsin\u00eb, u dergoi let\u00ebr t\u00eb hapur ministris\u00eb p\u00ebr punh\u00eb t\u00eb brendshme dhe administrat\u00eb publike t\u00eb Malit t\u00eb Zi , ministris\u00eb p\u00ebr mbrojtjen e t\u00eb drejtave t\u00eb njeriut dhe t\u00eb pakicave, kryetarit t\u00eb Kuvendit t\u00eb Malit t\u00eb Zi, deputetve t\u00eb partive nacionale n\u00eb Kuvendin e Malit t\u00eb Zi , klubeve t\u00eb deputet\u00ebve, kryebashkiakut t\u00eb Podgoric\u00ebs si dhe udh\u00ebheq\u00ebsve t\u00eb komunave urgane t\u00eb Tuzit dhe Gollubovcit.<\/p>\n<p>N\u00eb k\u00ebt\u00eb let\u00ebr t\u00eb hapur potencohet p\u00ebrmir\u00ebsimi i propozimit t\u00eb ligjit p\u00ebr kryeqytetin. N\u00eb letr\u00ebn e hapur t\u00eb n\u00ebshkruar nga kryetari i deg\u00ebs t\u00eb LDn\u00ebMZ p\u00ebr mal\u00ebsin\u00eb Nikoll\u00eb Camaj, nd\u00ebrmjet tjerash tuhet;<\/p>\n<p>LDn\u00ebMZ prej formimit t\u00eb vet, me programin dhe aktivitetet e veta nuk ka pushuar t\u00eb angazhuari p\u00ebr realizimin e t\u00eb drejtave t\u00eb shqiptar\u00ebve n\u00eb Mal t\u00eb Zi , p\u00ebrve\u00e7 tjerash edhe p\u00ebr formimin e Komun\u00ebs s\u00eb plot\u00eb p\u00ebr rajonin e Mal\u00ebsis\u00eb. N\u00eb let\u00ebr theksohet se kjo e drejt\u00eb del nga korpusi i t\u00eb drejtave elementare njer\u00ebzore e nacionale n\u00eb vet\u00ebqeverisje lokale t\u00eb ngjashme me mjediset tjera n\u00eb Malin e Zi..<\/p>\n<p>K\u00ebt\u00eb, si\u00e7 theksohet n\u00eb let\u00ebr, e arsyetojn\u00eb kushtet e volitshme ekonomik, politike, gjeografike, demografike, natyrore, kulturore etj. N\u00eb let\u00ebr m\u00eb posht\u00eb thuhet se kjo k\u00ebrkes\u00eb u drejtohet subjekteve t\u00eb lartp\u00ebrmendura n\u00eb m\u00ebnyr\u00eb q\u00eb t\u00eb marrin masa konkrete p\u00ebr prodhimin e ndryshimeve sa ma kualtitetive t\u00eb ligjit n\u00eb fjal\u00eb.<\/p>\n<p>N\u00eb let\u00ebr m\u00eb posht\u00eb theksohet se p\u00ebr LDn\u00ebMZ, Komuna urbane ka qen\u00eb dhe mbetet e pa pranueshme, kurse ligji ekzistues p\u00ebr kryeqytetin e ka zhvlersuar at\u00eb edhe m\u00eb tep\u00ebr , andaj e shefoim t\u00eb domosdoshme q\u00eb n\u00eb ligj t\u00eb futen ndryshimet t\u00eb cilat do ti zgjeronin kompetencat e KU me q\u00ebllim q\u00eb kjo zgjidhe e p\u00ebrkohshme , derisa t\u00eb ekzistoj\u00eb, t\u00eb funksionoj\u00eb ngjash\u00ebm me komunat tjera urbane n\u00eb rajon.<\/p>\n<p>Sipas hartuesit t\u00eb letr\u00ebs se hapur kjo do t\u00eb mund\u00ebsonte edhe formimin e nj\u00eb administrate profesionale p\u00ebr themelimin e vet\u00ebqeverisjes s\u00eb plot\u00eb lokale. Theksohet se varianti m\u00eb i mir\u00eb do t\u00eb ishte t\u00ebrheqja e propozim ligjit nga procedura dhe ndryshimi m\u00eb kualitativ i tij. Kjo parti referendumin p\u00ebr vet\u00ebqeverisjen e Mal\u00ebsis\u00eb nuk e shef t\u00eb domosdosh\u00ebm, por n\u00ebse do t\u00eb mbahet at\u00ebher\u00eb duhet caktuar data e mbajtjes s\u00eb tij .<\/p>\n<p>Po ashtu propozohet formimi i nj\u00eb grupi punues t\u00eb posa\u00e7\u00ebm me p\u00ebrfaq\u00ebsuesit e qeveris\u00eb dhe t\u00eb kryeqytetit si dhe t\u00eb komunave urbane me q\u00ebllim q\u00eb t\u00eb gjendet zgjidhje sa m\u00eb e pranushme.<\/p>\n<p>N\u00ebnshkuresi i letr\u00ebs s\u00eb hapur Nikoll Camaj mendon se pun\u00ebt m\u00eb s\u00eb miri do ti koordinonte kryetari i Kuvendit t\u00eb Malit t\u00eb Zi mir\u00ebpo, n\u00ebse t\u00eb tjer\u00ebt shohin se kjo nuk \u00ebsht\u00eb e domosdoshme do t\u00eb ken\u00eb p\u00ebrkrahjen e LDMZ, thuhet n\u00eb letr\u00ebn e hapur t\u00eb LDn\u00ebMZ, dega p\u00ebr Mal\u00ebsin\u00eb.<\/p>\n<p><strong>RTCG<\/strong><\/p>\n","protected":false},"excerpt":{"rendered":"<p>Lidhja Demokratike n\u00eb mal t\u00eb Zi, respektivisht dega e k\u00ebsaj partie p\u00ebr Mal\u00ebsin\u00eb, u dergoi let\u00ebr t\u00eb hapur ministris\u00eb p\u00ebr punh\u00eb t\u00eb brendshme dhe administrat\u00eb publike t\u00eb Malit t\u00eb Zi , ministris\u00eb p\u00ebr mbrojtjen e t\u00eb drejtave t\u00eb njeriut dhe t\u00eb pakicave, kryetarit t\u00eb Kuvendit t\u00eb Malit t\u00eb Zi, deputetve t\u00eb partive nacionale n\u00eb Kuvendin [&hellip;]<\/p>\n","protected":false},"author":1,"featured_media":0,"comment_status":"open","ping_status":"closed","sticky":false,"template":"","format":"standard","meta":{"spay_email":"","jetpack_publicize_message":"","jetpack_is_tweetstorm":false,"jetpack_publicize_feature_enabled":true},"categories":[14],"tags":[1940,16403],"jetpack_publicize_connections":[],"yoast_head":"<!-- This site is optimized with the Yoast SEO plugin v19.1 - https:\/\/yoast.com\/wordpress\/plugins\/seo\/ -->\n<title>Let\u00ebr e hapur t\u00eb Lidhjes Demokratike n\u00eb Mal t\u00eb Zi - Lajme nga Ulqini<\/title>\n<meta name=\"description\" content=\"Lidhja Demokratike n\u00eb mal t\u00eb Zi, respektivisht dega e k\u00ebsaj partie p\u00ebr Mal\u00ebsin\u00eb, u dergoi let\u00ebr t\u00eb hapur ministris\u00eb p\u00ebr punh\u00eb t\u00eb brendshme dhe\" \/>\n<meta name=\"robots\" content=\"index, follow, max-snippet:-1, max-image-preview:large, max-video-preview:-1\" \/>\n<link rel=\"canonical\" href=\"https:\/\/www.visit-ulcinj.com\/blog\/2010\/11\/24\/leter-e-hapur-te-lidhjes-demokratike-ne-mal-te-zi\/\" \/>\n<meta property=\"og:locale\" content=\"en_US\" \/>\n<meta property=\"og:type\" content=\"article\" \/>\n<meta property=\"og:title\" content=\"Let\u00ebr e hapur t\u00eb Lidhjes Demokratike n\u00eb Mal t\u00eb Zi - Lajme nga Ulqini\" \/>\n<meta property=\"og:description\" content=\"Lidhja Demokratike n\u00eb mal t\u00eb Zi, respektivisht dega e k\u00ebsaj partie p\u00ebr Mal\u00ebsin\u00eb, u dergoi let\u00ebr t\u00eb hapur ministris\u00eb p\u00ebr punh\u00eb t\u00eb brendshme dhe\" \/>\n<meta property=\"og:url\" content=\"https:\/\/www.visit-ulcinj.com\/blog\/2010\/11\/24\/leter-e-hapur-te-lidhjes-demokratike-ne-mal-te-zi\/\" \/>\n<meta property=\"og:site_name\" content=\"Lajme nga Ulqini\" \/>\n<meta property=\"article:published_time\" content=\"2010-11-24T17:11:46+00:00\" \/>\n<meta property=\"article:modified_time\" content=\"2010-11-25T08:06:14+00:00\" \/>\n<meta property=\"og:image\" content=\"http:\/\/www.visit-ulcinj.com\/blog\/wp-content\/uploads\/2010\/11\/Lidhja-Demokratike-ne-mal-te-Zi.jpg\" \/>\n<meta name=\"twitter:label1\" content=\"Written by\" \/>\n\t<meta name=\"twitter:data1\" content=\"ulqini\" \/>\n\t<meta name=\"twitter:label2\" content=\"Est. reading time\" \/>\n\t<meta name=\"twitter:data2\" content=\"3 minutes\" \/>\n<script type=\"application\/ld+json\" class=\"yoast-schema-graph\">{\"@context\":\"https:\/\/schema.org\",\"@graph\":[{\"@type\":\"WebSite\",\"@id\":\"https:\/\/www.visit-ulcinj.com\/blog\/#website\",\"url\":\"https:\/\/www.visit-ulcinj.com\/blog\/\",\"name\":\"Lajme nga Ulqini\",\"description\":\"Lajme,Vijesti,Ulqini,Ulqin,Crna Gora,Mali i Zi\",\"potentialAction\":[{\"@type\":\"SearchAction\",\"target\":{\"@type\":\"EntryPoint\",\"urlTemplate\":\"https:\/\/www.visit-ulcinj.com\/blog\/?s={search_term_string}\"},\"query-input\":\"required name=search_term_string\"}],\"inLanguage\":\"en-US\"},{\"@type\":\"ImageObject\",\"inLanguage\":\"en-US\",\"@id\":\"https:\/\/www.visit-ulcinj.com\/blog\/2010\/11\/24\/leter-e-hapur-te-lidhjes-demokratike-ne-mal-te-zi\/#primaryimage\",\"url\":\"https:\/\/www.visit-ulcinj.com\/blog\/wp-content\/uploads\/2010\/11\/Lidhja-Demokratike-ne-mal-te-Zi.jpg\",\"contentUrl\":\"https:\/\/www.visit-ulcinj.com\/blog\/wp-content\/uploads\/2010\/11\/Lidhja-Demokratike-ne-mal-te-Zi.jpg\",\"width\":\"599\",\"height\":\"720\"},{\"@type\":\"WebPage\",\"@id\":\"https:\/\/www.visit-ulcinj.com\/blog\/2010\/11\/24\/leter-e-hapur-te-lidhjes-demokratike-ne-mal-te-zi\/#webpage\",\"url\":\"https:\/\/www.visit-ulcinj.com\/blog\/2010\/11\/24\/leter-e-hapur-te-lidhjes-demokratike-ne-mal-te-zi\/\",\"name\":\"Let\u00ebr e hapur t\u00eb Lidhjes Demokratike n\u00eb Mal t\u00eb Zi - Lajme nga Ulqini\",\"isPartOf\":{\"@id\":\"https:\/\/www.visit-ulcinj.com\/blog\/#website\"},\"primaryImageOfPage\":{\"@id\":\"https:\/\/www.visit-ulcinj.com\/blog\/2010\/11\/24\/leter-e-hapur-te-lidhjes-demokratike-ne-mal-te-zi\/#primaryimage\"},\"datePublished\":\"2010-11-24T17:11:46+00:00\",\"dateModified\":\"2010-11-25T08:06:14+00:00\",\"author\":{\"@id\":\"https:\/\/www.visit-ulcinj.com\/blog\/#\/schema\/person\/dcab619c614d3038751c63bc2aadc06d\"},\"description\":\"Lidhja Demokratike n\u00eb mal t\u00eb Zi, respektivisht dega e k\u00ebsaj partie p\u00ebr Mal\u00ebsin\u00eb, u dergoi let\u00ebr t\u00eb hapur ministris\u00eb p\u00ebr punh\u00eb t\u00eb brendshme dhe\",\"breadcrumb\":{\"@id\":\"https:\/\/www.visit-ulcinj.com\/blog\/2010\/11\/24\/leter-e-hapur-te-lidhjes-demokratike-ne-mal-te-zi\/#breadcrumb\"},\"inLanguage\":\"en-US\",\"potentialAction\":[{\"@type\":\"ReadAction\",\"target\":[\"https:\/\/www.visit-ulcinj.com\/blog\/2010\/11\/24\/leter-e-hapur-te-lidhjes-demokratike-ne-mal-te-zi\/\"]}]},{\"@type\":\"BreadcrumbList\",\"@id\":\"https:\/\/www.visit-ulcinj.com\/blog\/2010\/11\/24\/leter-e-hapur-te-lidhjes-demokratike-ne-mal-te-zi\/#breadcrumb\",\"itemListElement\":[{\"@type\":\"ListItem\",\"position\":1,\"name\":\"Let\u00ebr e hapur t\u00eb Lidhjes Demokratike n\u00eb Mal t\u00eb Zi\"}]},{\"@type\":\"Person\",\"@id\":\"https:\/\/www.visit-ulcinj.com\/blog\/#\/schema\/person\/dcab619c614d3038751c63bc2aadc06d\",\"name\":\"ulqini\",\"sameAs\":[\"http:\/\/www.visit-ulcinj.com\"],\"url\":\"https:\/\/www.visit-ulcinj.com\/blog\/author\/admin\/\"}]}<\/script>\n<!-- \/ Yoast SEO plugin. -->","yoast_head_json":{"title":"Let\u00ebr e hapur t\u00eb Lidhjes Demokratike n\u00eb Mal t\u00eb Zi - Lajme nga Ulqini","description":"Lidhja Demokratike n\u00eb mal t\u00eb Zi, respektivisht dega e k\u00ebsaj partie p\u00ebr Mal\u00ebsin\u00eb, u dergoi let\u00ebr t\u00eb hapur ministris\u00eb p\u00ebr punh\u00eb t\u00eb brendshme dhe","robots":{"index":"index","follow":"follow","max-snippet":"max-snippet:-1","max-image-preview":"max-image-preview:large","max-video-preview":"max-video-preview:-1"},"canonical":"https:\/\/www.visit-ulcinj.com\/blog\/2010\/11\/24\/leter-e-hapur-te-lidhjes-demokratike-ne-mal-te-zi\/","og_locale":"en_US","og_type":"article","og_title":"Let\u00ebr e hapur t\u00eb Lidhjes Demokratike n\u00eb Mal t\u00eb Zi - Lajme nga Ulqini","og_description":"Lidhja Demokratike n\u00eb mal t\u00eb Zi, respektivisht dega e k\u00ebsaj partie p\u00ebr Mal\u00ebsin\u00eb, u dergoi let\u00ebr t\u00eb hapur ministris\u00eb p\u00ebr punh\u00eb t\u00eb brendshme dhe","og_url":"https:\/\/www.visit-ulcinj.com\/blog\/2010\/11\/24\/leter-e-hapur-te-lidhjes-demokratike-ne-mal-te-zi\/","og_site_name":"Lajme nga Ulqini","article_published_time":"2010-11-24T17:11:46+00:00","article_modified_time":"2010-11-25T08:06:14+00:00","og_image":[{"url":"http:\/\/www.visit-ulcinj.com\/blog\/wp-content\/uploads\/2010\/11\/Lidhja-Demokratike-ne-mal-te-Zi.jpg"}],"twitter_misc":{"Written by":"ulqini","Est. reading time":"3 minutes"},"schema":{"@context":"https:\/\/schema.org","@graph":[{"@type":"WebSite","@id":"https:\/\/www.visit-ulcinj.com\/blog\/#website","url":"https:\/\/www.visit-ulcinj.com\/blog\/","name":"Lajme nga Ulqini","description":"Lajme,Vijesti,Ulqini,Ulqin,Crna Gora,Mali i Zi","potentialAction":[{"@type":"SearchAction","target":{"@type":"EntryPoint","urlTemplate":"https:\/\/www.visit-ulcinj.com\/blog\/?s={search_term_string}"},"query-input":"required name=search_term_string"}],"inLanguage":"en-US"},{"@type":"ImageObject","inLanguage":"en-US","@id":"https:\/\/www.visit-ulcinj.com\/blog\/2010\/11\/24\/leter-e-hapur-te-lidhjes-demokratike-ne-mal-te-zi\/#primaryimage","url":"https:\/\/www.visit-ulcinj.com\/blog\/wp-content\/uploads\/2010\/11\/Lidhja-Demokratike-ne-mal-te-Zi.jpg","contentUrl":"https:\/\/www.visit-ulcinj.com\/blog\/wp-content\/uploads\/2010\/11\/Lidhja-Demokratike-ne-mal-te-Zi.jpg","width":"599","height":"720"},{"@type":"WebPage","@id":"https:\/\/www.visit-ulcinj.com\/blog\/2010\/11\/24\/leter-e-hapur-te-lidhjes-demokratike-ne-mal-te-zi\/#webpage","url":"https:\/\/www.visit-ulcinj.com\/blog\/2010\/11\/24\/leter-e-hapur-te-lidhjes-demokratike-ne-mal-te-zi\/","name":"Let\u00ebr e hapur t\u00eb Lidhjes Demokratike n\u00eb Mal t\u00eb Zi - Lajme nga Ulqini","isPartOf":{"@id":"https:\/\/www.visit-ulcinj.com\/blog\/#website"},"primaryImageOfPage":{"@id":"https:\/\/www.visit-ulcinj.com\/blog\/2010\/11\/24\/leter-e-hapur-te-lidhjes-demokratike-ne-mal-te-zi\/#primaryimage"},"datePublished":"2010-11-24T17:11:46+00:00","dateModified":"2010-11-25T08:06:14+00:00","author":{"@id":"https:\/\/www.visit-ulcinj.com\/blog\/#\/schema\/person\/dcab619c614d3038751c63bc2aadc06d"},"description":"Lidhja Demokratike n\u00eb mal t\u00eb Zi, respektivisht dega e k\u00ebsaj partie p\u00ebr Mal\u00ebsin\u00eb, u dergoi let\u00ebr t\u00eb hapur ministris\u00eb p\u00ebr punh\u00eb t\u00eb brendshme dhe","breadcrumb":{"@id":"https:\/\/www.visit-ulcinj.com\/blog\/2010\/11\/24\/leter-e-hapur-te-lidhjes-demokratike-ne-mal-te-zi\/#breadcrumb"},"inLanguage":"en-US","potentialAction":[{"@type":"ReadAction","target":["https:\/\/www.visit-ulcinj.com\/blog\/2010\/11\/24\/leter-e-hapur-te-lidhjes-demokratike-ne-mal-te-zi\/"]}]},{"@type":"BreadcrumbList","@id":"https:\/\/www.visit-ulcinj.com\/blog\/2010\/11\/24\/leter-e-hapur-te-lidhjes-demokratike-ne-mal-te-zi\/#breadcrumb","itemListElement":[{"@type":"ListItem","position":1,"name":"Let\u00ebr e hapur t\u00eb Lidhjes Demokratike n\u00eb Mal t\u00eb Zi"}]},{"@type":"Person","@id":"https:\/\/www.visit-ulcinj.com\/blog\/#\/schema\/person\/dcab619c614d3038751c63bc2aadc06d","name":"ulqini","sameAs":["http:\/\/www.visit-ulcinj.com"],"url":"https:\/\/www.visit-ulcinj.com\/blog\/author\/admin\/"}]}},"jetpack_featured_media_url":"","jetpack_sharing_enabled":true,"jetpack_shortlink":"https:\/\/wp.me\/pe6lTn-apr","_links":{"self":[{"href":"https:\/\/www.visit-ulcinj.com\/blog\/wp-json\/wp\/v2\/posts\/40017"}],"collection":[{"href":"https:\/\/www.visit-ulcinj.com\/blog\/wp-json\/wp\/v2\/posts"}],"about":[{"href":"https:\/\/www.visit-ulcinj.com\/blog\/wp-json\/wp\/v2\/types\/post"}],"author":[{"embeddable":true,"href":"https:\/\/www.visit-ulcinj.com\/blog\/wp-json\/wp\/v2\/users\/1"}],"replies":[{"embeddable":true,"href":"https:\/\/www.visit-ulcinj.com\/blog\/wp-json\/wp\/v2\/comments?post=40017"}],"version-history":[{"count":0,"href":"https:\/\/www.visit-ulcinj.com\/blog\/wp-json\/wp\/v2\/posts\/40017\/revisions"}],"wp:attachment":[{"href":"https:\/\/www.visit-ulcinj.com\/blog\/wp-json\/wp\/v2\/media?parent=40017"}],"wp:term":[{"taxonomy":"category","embeddable":true,"href":"https:\/\/www.visit-ulcinj.com\/blog\/wp-json\/wp\/v2\/categories?post=40017"},{"taxonomy":"post_tag","embeddable":true,"href":"https:\/\/www.visit-ulcinj.com\/blog\/wp-json\/wp\/v2\/tags?post=40017"}],"curies":[{"name":"wp","href":"https:\/\/api.w.org\/{rel}","templated":true}]}}