{"id":40022,"date":"2010-11-24T19:09:48","date_gmt":"2010-11-24T18:09:48","guid":{"rendered":"http:\/\/www.visit-ulcinj.com\/blog\/?p=40022"},"modified":"2010-11-24T21:04:17","modified_gmt":"2010-11-24T20:04:17","slug":"dyert-e-hapura-te-shkolles-austrijake-ne-shkoder","status":"publish","type":"post","link":"https:\/\/www.visit-ulcinj.com\/blog\/2010\/11\/24\/dyert-e-hapura-te-shkolles-austrijake-ne-shkoder\/","title":{"rendered":"Dyert e hapura te shkolles Austrijake ne Shkoder"},"content":{"rendered":"<p><strong><a href=\"http:\/\/www.visit-ulcinj.com\/blog\/wp-content\/uploads\/2010\/11\/shkolla-Austrijake-shkoder.jpg\"><img loading=\"lazy\" class=\"alignleft size-full wp-image-40032\" title=\"shkolla Austrijake shkoder\" src=\"http:\/\/www.visit-ulcinj.com\/blog\/wp-content\/uploads\/2010\/11\/shkolla-Austrijake-shkoder.jpg\" alt=\"\" width=\"490\" height=\"199\" \/><\/a>Nxensit nga Mali i Zi se shpejti do te kene mundesin e regjistrimit ne shkollen e mesme profesionale Austrijake \u201ePeter Mahringer\u201d ne Shkoder.<\/strong><\/p>\n<p>Ne aktivitetet qe u mbajten ne Vjene ne tetor te vitit 2010 nder tjerash mund te vecojme pjesmarrjen e nenkryetarit te shoqats \u201cAustrijako-Malazeze\u201d z. Sejdin Dino Mehmetit ne prezentimin e kultures shqipetare ne Parlamentin Vijenez. Ne kuader te ketij aktiviteti i cili u zhvillua me rastin e 100-vjetorit te lindjes se Nene Terezes , Kryetarja e Kuvendit te Shqiperis Znj Topalli se bashku me homologen austriake znj. Barbara Prammer, muari pjese ne inaugurimin e ekspozites fotografike \u201cAlbanien im Gegenlicht\u201d si dhe zhvilloje takime me studente dhe personalitete shqiptare ne Vjene.<\/p>\n<p>Ne nje bisede te shkurter me zonj. Topalli si dhe me ambasadorin Shqipetar ne Austri z. Vili Minarolli, z. Mehmeti presentoi aktivitetet e shoqates, viziten e nje delegazioni Austrijak ne shkollen e mesme teknike \u201cPeter Mahringer\u201d ne Shkoder si dhe projektet tjera te cilat do te hyjne ne favor te bashkepunimit te mirefillt Austri-Mali i Zi-Shqiperi.<\/p>\n<p>Z. Mehmeti takoi dhe drejtoreshen e shkolles Austrijake ne Shkoder zonj. Tagini, ku ne nje ambient miqesore, nder tjerash u diskutua edhe per shkollimin e nxensve shqipetar nga Mali i Zi, mu ne kete shkolle austrijake. Ky ishte edhe takimi i dyte I tyre ku ne bisedimet ne vijim, zonja Tagini me nje krenari theksoi qe pjesa m\u00eb e madhe e t\u00eb diplomuarve pasi mbarojn\u00eb shkoll\u00ebn, jan\u00eb t\u00eb angazhuar n\u00eb pozicione t\u00eb r\u00ebndesishme ekonomike, kulturore dhe sociale n\u00eb v\u00ebndin e tyre t\u00eb lindjes si edhe jasht\u00eb tij . P\u00ebrmes formimit t\u00eb tyre shkollor t\u00eb gjithansh\u00ebm, ata mund t\u00eb japin nj\u00eb kontribut t\u00eb r\u00ebnd\u00ebsish\u00ebm n\u00eb marr\u00ebdheniet midis Austris\u00eb dhe vendit mikprit\u00ebs. K\u00ebrkesat e nx\u00ebn\u00ebsve jan\u00eb t\u00eb larta, duke q\u00ebn\u00eb se maturat n\u00eb k\u00ebte shkolle eshte e barazvlefshme me maturen e shkollave austriake.<\/p>\n<p>Per informata me te gjera <a href=\"http:\/\/www.htl-shkoder.com\/de\/startseite\/startseite\/\" target=\"_blank\"><strong>http:\/\/www.htl-shkoder.com\/de\/startseite\/startseite\/<\/strong><\/a><\/p>\n<p>Gjat koktejit dhe prezentimit te specialiteteve shqipetare, ambijentin e freskuan grupi folklorik i bashkevedasve Shqipetar ne Austri si dhe ansambli muzikor \u201cQerimaj\u201d nga Tirana.<\/p>\n<p><strong>P\u00ebr Lajme nga Ulqini<br \/>\nMelisa Mehmeti<br \/>\n\n\t\t<style type=\"text\/css\">\n\t\t\t#gallery-1 {\n\t\t\t\tmargin: auto;\n\t\t\t}\n\t\t\t#gallery-1 .gallery-item {\n\t\t\t\tfloat: left;\n\t\t\t\tmargin-top: 10px;\n\t\t\t\ttext-align: center;\n\t\t\t\twidth: 33%;\n\t\t\t}\n\t\t\t#gallery-1 img {\n\t\t\t\tborder: 2px solid #cfcfcf;\n\t\t\t}\n\t\t\t#gallery-1 .gallery-caption {\n\t\t\t\tmargin-left: 0;\n\t\t\t}\n\t\t\t\/* see gallery_shortcode() in wp-includes\/media.php *\/\n\t\t<\/style>\n\t\t<div id='gallery-1' class='gallery galleryid-40022 gallery-columns-3 gallery-size-thumbnail'><dl class='gallery-item'>\n\t\t\t<dt class='gallery-icon landscape'>\n\t\t\t\t<a href='https:\/\/www.visit-ulcinj.com\/blog\/wp-content\/uploads\/2010\/11\/Topalli_Minarolli_Mehmeti.jpg'><img width=\"150\" height=\"150\" src=\"https:\/\/www.visit-ulcinj.com\/blog\/wp-content\/uploads\/2010\/11\/Topalli_Minarolli_Mehmeti-150x150.jpg\" class=\"attachment-thumbnail size-thumbnail\" alt=\"\" loading=\"lazy\" \/><\/a>\n\t\t\t<\/dt><\/dl><dl class='gallery-item'>\n\t\t\t<dt class='gallery-icon landscape'>\n\t\t\t\t<a href='https:\/\/www.visit-ulcinj.com\/blog\/wp-content\/uploads\/2010\/11\/Topalli_Minarolli_Mehmeti.1.jpg'><img width=\"150\" height=\"150\" src=\"https:\/\/www.visit-ulcinj.com\/blog\/wp-content\/uploads\/2010\/11\/Topalli_Minarolli_Mehmeti.1-150x150.jpg\" class=\"attachment-thumbnail size-thumbnail\" alt=\"\" loading=\"lazy\" \/><\/a>\n\t\t\t<\/dt><\/dl><dl class='gallery-item'>\n\t\t\t<dt class='gallery-icon portrait'>\n\t\t\t\t<a href='https:\/\/www.visit-ulcinj.com\/blog\/wp-content\/uploads\/2010\/11\/Dino-Mehmeti.jpg'><img width=\"150\" height=\"150\" src=\"https:\/\/www.visit-ulcinj.com\/blog\/wp-content\/uploads\/2010\/11\/Dino-Mehmeti-150x150.jpg\" class=\"attachment-thumbnail size-thumbnail\" alt=\"\" loading=\"lazy\" \/><\/a>\n\t\t\t<\/dt><\/dl><br style=\"clear: both\" \/><dl class='gallery-item'>\n\t\t\t<dt class='gallery-icon landscape'>\n\t\t\t\t<a href='https:\/\/www.visit-ulcinj.com\/blog\/wp-content\/uploads\/2010\/11\/ansambli-muzikor-_Qerimaj_picnik.jpg'><img width=\"150\" height=\"150\" src=\"https:\/\/www.visit-ulcinj.com\/blog\/wp-content\/uploads\/2010\/11\/ansambli-muzikor-_Qerimaj_picnik-150x150.jpg\" class=\"attachment-thumbnail size-thumbnail\" alt=\"\" loading=\"lazy\" \/><\/a>\n\t\t\t<\/dt><\/dl><dl class='gallery-item'>\n\t\t\t<dt class='gallery-icon portrait'>\n\t\t\t\t<a href='https:\/\/www.visit-ulcinj.com\/blog\/wp-content\/uploads\/2010\/11\/ansambli-muzikor-_Qerimaj.1_picnik.jpg'><img width=\"150\" height=\"150\" src=\"https:\/\/www.visit-ulcinj.com\/blog\/wp-content\/uploads\/2010\/11\/ansambli-muzikor-_Qerimaj.1_picnik-150x150.jpg\" class=\"attachment-thumbnail size-thumbnail\" alt=\"\" loading=\"lazy\" \/><\/a>\n\t\t\t<\/dt><\/dl><dl class='gallery-item'>\n\t\t\t<dt class='gallery-icon landscape'>\n\t\t\t\t<a href='https:\/\/www.visit-ulcinj.com\/blog\/wp-content\/uploads\/2010\/11\/shkolla-Austrijake-shkoder.jpg'><img width=\"150\" height=\"150\" src=\"https:\/\/www.visit-ulcinj.com\/blog\/wp-content\/uploads\/2010\/11\/shkolla-Austrijake-shkoder-150x150.jpg\" class=\"attachment-thumbnail size-thumbnail\" alt=\"\" loading=\"lazy\" \/><\/a>\n\t\t\t<\/dt><\/dl><br style=\"clear: both\" \/>\n\t\t<\/div>\n<\/p>\n<p><\/strong><\/p>\n<p><strong> <\/strong><\/p>\n<p><strong> <\/strong><\/p>\n","protected":false},"excerpt":{"rendered":"<p>Nxensit nga Mali i Zi se shpejti do te kene mundesin e regjistrimit ne shkollen e mesme profesionale Austrijake \u201ePeter Mahringer\u201d ne Shkoder. Ne aktivitetet qe u mbajten ne Vjene ne tetor te vitit 2010 nder tjerash mund te vecojme pjesmarrjen e nenkryetarit te shoqats \u201cAustrijako-Malazeze\u201d z. Sejdin Dino Mehmetit ne prezentimin e kultures shqipetare [&hellip;]<\/p>\n","protected":false},"author":1,"featured_media":0,"comment_status":"open","ping_status":"closed","sticky":false,"template":"","format":"standard","meta":{"spay_email":"","jetpack_publicize_message":"","jetpack_is_tweetstorm":false,"jetpack_publicize_feature_enabled":true},"categories":[11],"tags":[],"jetpack_publicize_connections":[],"yoast_head":"<!-- This site is optimized with the Yoast SEO plugin v19.1 - https:\/\/yoast.com\/wordpress\/plugins\/seo\/ -->\n<title>Dyert e hapura te shkolles Austrijake ne Shkoder - Lajme nga Ulqini<\/title>\n<meta name=\"description\" content=\"Nxensit nga Mali i Zi se shpejti do te kene mundesin e regjistrimit ne shkollen e mesme profesionale Austrijake \u201ePeter Mahringer\u201d ne Shkoder. Ne\" \/>\n<meta name=\"robots\" content=\"index, follow, max-snippet:-1, max-image-preview:large, max-video-preview:-1\" \/>\n<link rel=\"canonical\" href=\"https:\/\/www.visit-ulcinj.com\/blog\/2010\/11\/24\/dyert-e-hapura-te-shkolles-austrijake-ne-shkoder\/\" \/>\n<meta property=\"og:locale\" content=\"en_US\" \/>\n<meta property=\"og:type\" content=\"article\" \/>\n<meta property=\"og:title\" content=\"Dyert e hapura te shkolles Austrijake ne Shkoder - Lajme nga Ulqini\" \/>\n<meta property=\"og:description\" content=\"Nxensit nga Mali i Zi se shpejti do te kene mundesin e regjistrimit ne shkollen e mesme profesionale Austrijake \u201ePeter Mahringer\u201d ne Shkoder. Ne\" \/>\n<meta property=\"og:url\" content=\"https:\/\/www.visit-ulcinj.com\/blog\/2010\/11\/24\/dyert-e-hapura-te-shkolles-austrijake-ne-shkoder\/\" \/>\n<meta property=\"og:site_name\" content=\"Lajme nga Ulqini\" \/>\n<meta property=\"article:published_time\" content=\"2010-11-24T18:09:48+00:00\" \/>\n<meta property=\"article:modified_time\" content=\"2010-11-24T20:04:17+00:00\" \/>\n<meta property=\"og:image\" content=\"https:\/\/www.visit-ulcinj.com\/blog\/wp-content\/uploads\/2010\/11\/Topalli_Minarolli_Mehmeti-150x150.jpg\" \/>\n<meta name=\"twitter:label1\" content=\"Written by\" \/>\n\t<meta name=\"twitter:data1\" content=\"ulqini\" \/>\n\t<meta name=\"twitter:label2\" content=\"Est. reading time\" \/>\n\t<meta name=\"twitter:data2\" content=\"2 minutes\" \/>\n<script type=\"application\/ld+json\" class=\"yoast-schema-graph\">{\"@context\":\"https:\/\/schema.org\",\"@graph\":[{\"@type\":\"WebSite\",\"@id\":\"https:\/\/www.visit-ulcinj.com\/blog\/#website\",\"url\":\"https:\/\/www.visit-ulcinj.com\/blog\/\",\"name\":\"Lajme nga Ulqini\",\"description\":\"Lajme,Vijesti,Ulqini,Ulqin,Crna Gora,Mali i Zi\",\"potentialAction\":[{\"@type\":\"SearchAction\",\"target\":{\"@type\":\"EntryPoint\",\"urlTemplate\":\"https:\/\/www.visit-ulcinj.com\/blog\/?s={search_term_string}\"},\"query-input\":\"required name=search_term_string\"}],\"inLanguage\":\"en-US\"},{\"@type\":\"ImageObject\",\"inLanguage\":\"en-US\",\"@id\":\"https:\/\/www.visit-ulcinj.com\/blog\/2010\/11\/24\/dyert-e-hapura-te-shkolles-austrijake-ne-shkoder\/#primaryimage\",\"url\":\"https:\/\/www.visit-ulcinj.com\/blog\/wp-content\/uploads\/2010\/11\/shkolla-Austrijake-shkoder.jpg\",\"contentUrl\":\"https:\/\/www.visit-ulcinj.com\/blog\/wp-content\/uploads\/2010\/11\/shkolla-Austrijake-shkoder.jpg\",\"width\":\"985\",\"height\":\"155\"},{\"@type\":\"WebPage\",\"@id\":\"https:\/\/www.visit-ulcinj.com\/blog\/2010\/11\/24\/dyert-e-hapura-te-shkolles-austrijake-ne-shkoder\/#webpage\",\"url\":\"https:\/\/www.visit-ulcinj.com\/blog\/2010\/11\/24\/dyert-e-hapura-te-shkolles-austrijake-ne-shkoder\/\",\"name\":\"Dyert e hapura te shkolles Austrijake ne Shkoder - Lajme nga Ulqini\",\"isPartOf\":{\"@id\":\"https:\/\/www.visit-ulcinj.com\/blog\/#website\"},\"primaryImageOfPage\":{\"@id\":\"https:\/\/www.visit-ulcinj.com\/blog\/2010\/11\/24\/dyert-e-hapura-te-shkolles-austrijake-ne-shkoder\/#primaryimage\"},\"datePublished\":\"2010-11-24T18:09:48+00:00\",\"dateModified\":\"2010-11-24T20:04:17+00:00\",\"author\":{\"@id\":\"https:\/\/www.visit-ulcinj.com\/blog\/#\/schema\/person\/dcab619c614d3038751c63bc2aadc06d\"},\"description\":\"Nxensit nga Mali i Zi se shpejti do te kene mundesin e regjistrimit ne shkollen e mesme profesionale Austrijake \u201ePeter Mahringer\u201d ne Shkoder. Ne\",\"breadcrumb\":{\"@id\":\"https:\/\/www.visit-ulcinj.com\/blog\/2010\/11\/24\/dyert-e-hapura-te-shkolles-austrijake-ne-shkoder\/#breadcrumb\"},\"inLanguage\":\"en-US\",\"potentialAction\":[{\"@type\":\"ReadAction\",\"target\":[\"https:\/\/www.visit-ulcinj.com\/blog\/2010\/11\/24\/dyert-e-hapura-te-shkolles-austrijake-ne-shkoder\/\"]}]},{\"@type\":\"BreadcrumbList\",\"@id\":\"https:\/\/www.visit-ulcinj.com\/blog\/2010\/11\/24\/dyert-e-hapura-te-shkolles-austrijake-ne-shkoder\/#breadcrumb\",\"itemListElement\":[{\"@type\":\"ListItem\",\"position\":1,\"name\":\"Dyert e hapura te shkolles Austrijake ne Shkoder\"}]},{\"@type\":\"Person\",\"@id\":\"https:\/\/www.visit-ulcinj.com\/blog\/#\/schema\/person\/dcab619c614d3038751c63bc2aadc06d\",\"name\":\"ulqini\",\"sameAs\":[\"http:\/\/www.visit-ulcinj.com\"],\"url\":\"https:\/\/www.visit-ulcinj.com\/blog\/author\/admin\/\"}]}<\/script>\n<!-- \/ Yoast SEO plugin. -->","yoast_head_json":{"title":"Dyert e hapura te shkolles Austrijake ne Shkoder - Lajme nga Ulqini","description":"Nxensit nga Mali i Zi se shpejti do te kene mundesin e regjistrimit ne shkollen e mesme profesionale Austrijake \u201ePeter Mahringer\u201d ne Shkoder. Ne","robots":{"index":"index","follow":"follow","max-snippet":"max-snippet:-1","max-image-preview":"max-image-preview:large","max-video-preview":"max-video-preview:-1"},"canonical":"https:\/\/www.visit-ulcinj.com\/blog\/2010\/11\/24\/dyert-e-hapura-te-shkolles-austrijake-ne-shkoder\/","og_locale":"en_US","og_type":"article","og_title":"Dyert e hapura te shkolles Austrijake ne Shkoder - Lajme nga Ulqini","og_description":"Nxensit nga Mali i Zi se shpejti do te kene mundesin e regjistrimit ne shkollen e mesme profesionale Austrijake \u201ePeter Mahringer\u201d ne Shkoder. Ne","og_url":"https:\/\/www.visit-ulcinj.com\/blog\/2010\/11\/24\/dyert-e-hapura-te-shkolles-austrijake-ne-shkoder\/","og_site_name":"Lajme nga Ulqini","article_published_time":"2010-11-24T18:09:48+00:00","article_modified_time":"2010-11-24T20:04:17+00:00","og_image":[{"url":"https:\/\/www.visit-ulcinj.com\/blog\/wp-content\/uploads\/2010\/11\/Topalli_Minarolli_Mehmeti-150x150.jpg"}],"twitter_misc":{"Written by":"ulqini","Est. reading time":"2 minutes"},"schema":{"@context":"https:\/\/schema.org","@graph":[{"@type":"WebSite","@id":"https:\/\/www.visit-ulcinj.com\/blog\/#website","url":"https:\/\/www.visit-ulcinj.com\/blog\/","name":"Lajme nga Ulqini","description":"Lajme,Vijesti,Ulqini,Ulqin,Crna Gora,Mali i Zi","potentialAction":[{"@type":"SearchAction","target":{"@type":"EntryPoint","urlTemplate":"https:\/\/www.visit-ulcinj.com\/blog\/?s={search_term_string}"},"query-input":"required name=search_term_string"}],"inLanguage":"en-US"},{"@type":"ImageObject","inLanguage":"en-US","@id":"https:\/\/www.visit-ulcinj.com\/blog\/2010\/11\/24\/dyert-e-hapura-te-shkolles-austrijake-ne-shkoder\/#primaryimage","url":"https:\/\/www.visit-ulcinj.com\/blog\/wp-content\/uploads\/2010\/11\/shkolla-Austrijake-shkoder.jpg","contentUrl":"https:\/\/www.visit-ulcinj.com\/blog\/wp-content\/uploads\/2010\/11\/shkolla-Austrijake-shkoder.jpg","width":"985","height":"155"},{"@type":"WebPage","@id":"https:\/\/www.visit-ulcinj.com\/blog\/2010\/11\/24\/dyert-e-hapura-te-shkolles-austrijake-ne-shkoder\/#webpage","url":"https:\/\/www.visit-ulcinj.com\/blog\/2010\/11\/24\/dyert-e-hapura-te-shkolles-austrijake-ne-shkoder\/","name":"Dyert e hapura te shkolles Austrijake ne Shkoder - Lajme nga Ulqini","isPartOf":{"@id":"https:\/\/www.visit-ulcinj.com\/blog\/#website"},"primaryImageOfPage":{"@id":"https:\/\/www.visit-ulcinj.com\/blog\/2010\/11\/24\/dyert-e-hapura-te-shkolles-austrijake-ne-shkoder\/#primaryimage"},"datePublished":"2010-11-24T18:09:48+00:00","dateModified":"2010-11-24T20:04:17+00:00","author":{"@id":"https:\/\/www.visit-ulcinj.com\/blog\/#\/schema\/person\/dcab619c614d3038751c63bc2aadc06d"},"description":"Nxensit nga Mali i Zi se shpejti do te kene mundesin e regjistrimit ne shkollen e mesme profesionale Austrijake \u201ePeter Mahringer\u201d ne Shkoder. Ne","breadcrumb":{"@id":"https:\/\/www.visit-ulcinj.com\/blog\/2010\/11\/24\/dyert-e-hapura-te-shkolles-austrijake-ne-shkoder\/#breadcrumb"},"inLanguage":"en-US","potentialAction":[{"@type":"ReadAction","target":["https:\/\/www.visit-ulcinj.com\/blog\/2010\/11\/24\/dyert-e-hapura-te-shkolles-austrijake-ne-shkoder\/"]}]},{"@type":"BreadcrumbList","@id":"https:\/\/www.visit-ulcinj.com\/blog\/2010\/11\/24\/dyert-e-hapura-te-shkolles-austrijake-ne-shkoder\/#breadcrumb","itemListElement":[{"@type":"ListItem","position":1,"name":"Dyert e hapura te shkolles Austrijake ne Shkoder"}]},{"@type":"Person","@id":"https:\/\/www.visit-ulcinj.com\/blog\/#\/schema\/person\/dcab619c614d3038751c63bc2aadc06d","name":"ulqini","sameAs":["http:\/\/www.visit-ulcinj.com"],"url":"https:\/\/www.visit-ulcinj.com\/blog\/author\/admin\/"}]}},"jetpack_featured_media_url":"","jetpack_sharing_enabled":true,"jetpack_shortlink":"https:\/\/wp.me\/pe6lTn-apw","_links":{"self":[{"href":"https:\/\/www.visit-ulcinj.com\/blog\/wp-json\/wp\/v2\/posts\/40022"}],"collection":[{"href":"https:\/\/www.visit-ulcinj.com\/blog\/wp-json\/wp\/v2\/posts"}],"about":[{"href":"https:\/\/www.visit-ulcinj.com\/blog\/wp-json\/wp\/v2\/types\/post"}],"author":[{"embeddable":true,"href":"https:\/\/www.visit-ulcinj.com\/blog\/wp-json\/wp\/v2\/users\/1"}],"replies":[{"embeddable":true,"href":"https:\/\/www.visit-ulcinj.com\/blog\/wp-json\/wp\/v2\/comments?post=40022"}],"version-history":[{"count":0,"href":"https:\/\/www.visit-ulcinj.com\/blog\/wp-json\/wp\/v2\/posts\/40022\/revisions"}],"wp:attachment":[{"href":"https:\/\/www.visit-ulcinj.com\/blog\/wp-json\/wp\/v2\/media?parent=40022"}],"wp:term":[{"taxonomy":"category","embeddable":true,"href":"https:\/\/www.visit-ulcinj.com\/blog\/wp-json\/wp\/v2\/categories?post=40022"},{"taxonomy":"post_tag","embeddable":true,"href":"https:\/\/www.visit-ulcinj.com\/blog\/wp-json\/wp\/v2\/tags?post=40022"}],"curies":[{"name":"wp","href":"https:\/\/api.w.org\/{rel}","templated":true}]}}