{"id":40034,"date":"2010-11-24T20:07:09","date_gmt":"2010-11-24T19:07:09","guid":{"rendered":"http:\/\/www.visit-ulcinj.com\/blog\/?p=40034"},"modified":"2010-11-24T20:07:09","modified_gmt":"2010-11-24T19:07:09","slug":"tuna-sejdiu-ne-depresion","status":"publish","type":"post","link":"https:\/\/www.visit-ulcinj.com\/blog\/2010\/11\/24\/tuna-sejdiu-ne-depresion\/","title":{"rendered":"Tuna Sejdiu n\u00eb depresion?"},"content":{"rendered":"<p><a href=\"http:\/\/www.visit-ulcinj.com\/blog\/wp-content\/uploads\/2010\/11\/ALTUuna-Sejdiu.jpg\"><img loading=\"lazy\" class=\"alignleft size-medium wp-image-40035\" title=\"ALTUuna Sejdiu\" src=\"http:\/\/www.visit-ulcinj.com\/blog\/wp-content\/uploads\/2010\/11\/ALTUuna-Sejdiu-218x300.jpg\" alt=\"\" width=\"218\" height=\"300\" \/><\/a>K\u00ebng\u00ebtarja e suksesshme me origjin\u00eb maqedonase, Tuna Sejdiu, duket se nuk po kalon koh\u00eb t\u00eb mira n\u00eb Prishtin\u00eb, qytet n\u00eb t\u00eb cilin u vendos p\u00ebrfundimisht pas martes\u00ebs tejet t\u00eb p\u00ebrfolur n\u00eb media me djaloshin simpatik, Rilind Rek\u00ebn\u2026 Burime t\u00eb af\u00ebrta pran\u00eb k\u00ebng\u00ebtares s\u00eb famshme tregojn\u00eb se ajo \u00ebsht\u00eb duke kaluar nj\u00eb periudh\u00eb depresive, si pasoj\u00eb munges\u00ebs s\u00eb familjar\u00ebve dhe rrethit t\u00eb ngusht\u00eb shoq\u00ebror, t\u00eb cil\u00ebt fatkeq\u00ebsisht nuk i ka n\u00eb Kosov\u00eb&#8230; \u201cTun\u00ebn e ka marr\u00eb shum\u00eb malli p\u00ebr Maqedonin\u00eb, vendin ku lindi dhe u rrit, p\u00ebr miqt\u00eb dhe t\u00eb af\u00ebrmit q\u00eb ka atje, por edhe Prishtin\u00ebn ajo e do fort\u201d, tregojn\u00eb ata, &#8211; \u201cthjesht e ka t\u00eb pamundur gjith\u00eb k\u00ebt\u00eb tension&#8230;\u201d Nj\u00eb tjet\u00ebr mikesh\u00eb e k\u00ebng\u00ebtares na thot\u00eb se: \u201cNormalisht q\u00eb Tuna mund t\u2019i vizitoj\u00eb sa her\u00eb t\u00eb doj\u00eb familjar\u00ebt e saj n\u00eb Maqedoni, por zhvendosja e aktivitetit artistik n\u00eb Kosov\u00eb, ia b\u00ebn ndonj\u00ebher\u00eb t\u00eb pamundur k\u00ebt\u00eb&#8230;\u201d P\u00ebrpos k\u00ebsaj q\u00eb thon\u00eb miqt\u00eb e saj prishtinali ne dim\u00eb q\u00eb Tun\u00ebn publiku kosovar e do fort, dhe i mir\u00ebpret gjithmon\u00eb me k\u00ebnaq\u00ebsi k\u00ebng\u00ebt e saj. Nd\u00ebrkaq duke mbetur tek jeta private, pak jav\u00eb m\u00eb par\u00eb ju b\u00ebm\u00eb t\u00eb ditur se Tuna dhe Rilindi jan\u00eb zhvendosur n\u00eb nj\u00eb apartament t\u00eb ri n\u00eb Prishtin\u00eb, t\u00eb cilin e kan\u00eb arreduar sipas shijeve t\u00eb tyre personale&#8230; N\u00eb p\u00ebrfundim sa i takon jet\u00ebs muzikore, Tun\u00ebn e kemi par\u00eb t\u00eb shfaqet n\u00eb ekranet shqiptare me klipin e saj m\u00eb t\u00eb ri, n\u00ebn titullin \u201cPse jo\u201d, i cili po ka nj\u00eb sukses shum\u00eb t\u00eb madh dhe po pritet mjaft mir\u00eb n\u00eb rradh\u00ebt e publikut t\u00eb gjer\u00eb, sikund\u00ebr po pritet dhe vet\u00eb ajo n\u00eb \u00e7do koncert ku \u00ebsht\u00eb e ftuar&#8230;<\/p>\n<p><strong>ORA NEWS<br \/>\n<br \/>\n<!--YouTube Error: bad URL entered--><\/strong><\/p>\n","protected":false},"excerpt":{"rendered":"<p>K\u00ebng\u00ebtarja e suksesshme me origjin\u00eb maqedonase, Tuna Sejdiu, duket se nuk po kalon koh\u00eb t\u00eb mira n\u00eb Prishtin\u00eb, qytet n\u00eb t\u00eb cilin u vendos p\u00ebrfundimisht pas martes\u00ebs tejet t\u00eb p\u00ebrfolur n\u00eb media me djaloshin simpatik, Rilind Rek\u00ebn\u2026 Burime t\u00eb af\u00ebrta pran\u00eb k\u00ebng\u00ebtares s\u00eb famshme tregojn\u00eb se ajo \u00ebsht\u00eb duke kaluar nj\u00eb periudh\u00eb depresive, si pasoj\u00eb [&hellip;]<\/p>\n","protected":false},"author":1,"featured_media":0,"comment_status":"open","ping_status":"closed","sticky":false,"template":"","format":"standard","meta":{"spay_email":"","jetpack_publicize_message":"","jetpack_is_tweetstorm":false,"jetpack_publicize_feature_enabled":true},"categories":[1],"tags":[4972],"jetpack_publicize_connections":[],"yoast_head":"<!-- This site is optimized with the Yoast SEO plugin v19.1 - https:\/\/yoast.com\/wordpress\/plugins\/seo\/ -->\n<title>Tuna Sejdiu n\u00eb depresion? - Lajme nga Ulqini<\/title>\n<meta name=\"description\" content=\"K\u00ebng\u00ebtarja e suksesshme me origjin\u00eb maqedonase, Tuna Sejdiu, duket se nuk po kalon koh\u00eb t\u00eb mira n\u00eb Prishtin\u00eb, qytet n\u00eb t\u00eb cilin u vendos p\u00ebrfundimisht pas\" \/>\n<meta name=\"robots\" content=\"index, follow, max-snippet:-1, max-image-preview:large, max-video-preview:-1\" \/>\n<link rel=\"canonical\" href=\"https:\/\/www.visit-ulcinj.com\/blog\/2010\/11\/24\/tuna-sejdiu-ne-depresion\/\" \/>\n<meta property=\"og:locale\" content=\"en_US\" \/>\n<meta property=\"og:type\" content=\"article\" \/>\n<meta property=\"og:title\" content=\"Tuna Sejdiu n\u00eb depresion? - Lajme nga Ulqini\" \/>\n<meta property=\"og:description\" content=\"K\u00ebng\u00ebtarja e suksesshme me origjin\u00eb maqedonase, Tuna Sejdiu, duket se nuk po kalon koh\u00eb t\u00eb mira n\u00eb Prishtin\u00eb, qytet n\u00eb t\u00eb cilin u vendos p\u00ebrfundimisht pas\" \/>\n<meta property=\"og:url\" content=\"https:\/\/www.visit-ulcinj.com\/blog\/2010\/11\/24\/tuna-sejdiu-ne-depresion\/\" \/>\n<meta property=\"og:site_name\" content=\"Lajme nga Ulqini\" \/>\n<meta property=\"article:published_time\" content=\"2010-11-24T19:07:09+00:00\" \/>\n<meta property=\"og:image\" content=\"https:\/\/www.visit-ulcinj.com\/blog\/wp-content\/uploads\/2010\/11\/ALTUuna-Sejdiu-150x150.jpg\" \/>\n<meta name=\"twitter:label1\" content=\"Written by\" \/>\n\t<meta name=\"twitter:data1\" content=\"ulqini\" \/>\n\t<meta name=\"twitter:label2\" content=\"Est. reading time\" \/>\n\t<meta name=\"twitter:data2\" content=\"2 minutes\" \/>\n<script type=\"application\/ld+json\" class=\"yoast-schema-graph\">{\"@context\":\"https:\/\/schema.org\",\"@graph\":[{\"@type\":\"WebSite\",\"@id\":\"https:\/\/www.visit-ulcinj.com\/blog\/#website\",\"url\":\"https:\/\/www.visit-ulcinj.com\/blog\/\",\"name\":\"Lajme nga Ulqini\",\"description\":\"Lajme,Vijesti,Ulqini,Ulqin,Crna Gora,Mali i Zi\",\"potentialAction\":[{\"@type\":\"SearchAction\",\"target\":{\"@type\":\"EntryPoint\",\"urlTemplate\":\"https:\/\/www.visit-ulcinj.com\/blog\/?s={search_term_string}\"},\"query-input\":\"required name=search_term_string\"}],\"inLanguage\":\"en-US\"},{\"@type\":\"ImageObject\",\"inLanguage\":\"en-US\",\"@id\":\"https:\/\/www.visit-ulcinj.com\/blog\/2010\/11\/24\/tuna-sejdiu-ne-depresion\/#primaryimage\",\"url\":\"http:\/\/www.visit-ulcinj.com\/blog\/wp-content\/uploads\/2010\/11\/ALTUuna-Sejdiu-218x300.jpg\",\"contentUrl\":\"http:\/\/www.visit-ulcinj.com\/blog\/wp-content\/uploads\/2010\/11\/ALTUuna-Sejdiu-218x300.jpg\"},{\"@type\":\"WebPage\",\"@id\":\"https:\/\/www.visit-ulcinj.com\/blog\/2010\/11\/24\/tuna-sejdiu-ne-depresion\/#webpage\",\"url\":\"https:\/\/www.visit-ulcinj.com\/blog\/2010\/11\/24\/tuna-sejdiu-ne-depresion\/\",\"name\":\"Tuna Sejdiu n\u00eb depresion? - Lajme nga Ulqini\",\"isPartOf\":{\"@id\":\"https:\/\/www.visit-ulcinj.com\/blog\/#website\"},\"primaryImageOfPage\":{\"@id\":\"https:\/\/www.visit-ulcinj.com\/blog\/2010\/11\/24\/tuna-sejdiu-ne-depresion\/#primaryimage\"},\"datePublished\":\"2010-11-24T19:07:09+00:00\",\"dateModified\":\"2010-11-24T19:07:09+00:00\",\"author\":{\"@id\":\"https:\/\/www.visit-ulcinj.com\/blog\/#\/schema\/person\/dcab619c614d3038751c63bc2aadc06d\"},\"description\":\"K\u00ebng\u00ebtarja e suksesshme me origjin\u00eb maqedonase, Tuna Sejdiu, duket se nuk po kalon koh\u00eb t\u00eb mira n\u00eb Prishtin\u00eb, qytet n\u00eb t\u00eb cilin u vendos p\u00ebrfundimisht pas\",\"breadcrumb\":{\"@id\":\"https:\/\/www.visit-ulcinj.com\/blog\/2010\/11\/24\/tuna-sejdiu-ne-depresion\/#breadcrumb\"},\"inLanguage\":\"en-US\",\"potentialAction\":[{\"@type\":\"ReadAction\",\"target\":[\"https:\/\/www.visit-ulcinj.com\/blog\/2010\/11\/24\/tuna-sejdiu-ne-depresion\/\"]}]},{\"@type\":\"BreadcrumbList\",\"@id\":\"https:\/\/www.visit-ulcinj.com\/blog\/2010\/11\/24\/tuna-sejdiu-ne-depresion\/#breadcrumb\",\"itemListElement\":[{\"@type\":\"ListItem\",\"position\":1,\"name\":\"Tuna Sejdiu n\u00eb depresion?\"}]},{\"@type\":\"Person\",\"@id\":\"https:\/\/www.visit-ulcinj.com\/blog\/#\/schema\/person\/dcab619c614d3038751c63bc2aadc06d\",\"name\":\"ulqini\",\"sameAs\":[\"http:\/\/www.visit-ulcinj.com\"],\"url\":\"https:\/\/www.visit-ulcinj.com\/blog\/author\/admin\/\"}]}<\/script>\n<!-- \/ Yoast SEO plugin. -->","yoast_head_json":{"title":"Tuna Sejdiu n\u00eb depresion? - Lajme nga Ulqini","description":"K\u00ebng\u00ebtarja e suksesshme me origjin\u00eb maqedonase, Tuna Sejdiu, duket se nuk po kalon koh\u00eb t\u00eb mira n\u00eb Prishtin\u00eb, qytet n\u00eb t\u00eb cilin u vendos p\u00ebrfundimisht pas","robots":{"index":"index","follow":"follow","max-snippet":"max-snippet:-1","max-image-preview":"max-image-preview:large","max-video-preview":"max-video-preview:-1"},"canonical":"https:\/\/www.visit-ulcinj.com\/blog\/2010\/11\/24\/tuna-sejdiu-ne-depresion\/","og_locale":"en_US","og_type":"article","og_title":"Tuna Sejdiu n\u00eb depresion? - Lajme nga Ulqini","og_description":"K\u00ebng\u00ebtarja e suksesshme me origjin\u00eb maqedonase, Tuna Sejdiu, duket se nuk po kalon koh\u00eb t\u00eb mira n\u00eb Prishtin\u00eb, qytet n\u00eb t\u00eb cilin u vendos p\u00ebrfundimisht pas","og_url":"https:\/\/www.visit-ulcinj.com\/blog\/2010\/11\/24\/tuna-sejdiu-ne-depresion\/","og_site_name":"Lajme nga Ulqini","article_published_time":"2010-11-24T19:07:09+00:00","og_image":[{"url":"https:\/\/www.visit-ulcinj.com\/blog\/wp-content\/uploads\/2010\/11\/ALTUuna-Sejdiu-150x150.jpg"}],"twitter_misc":{"Written by":"ulqini","Est. reading time":"2 minutes"},"schema":{"@context":"https:\/\/schema.org","@graph":[{"@type":"WebSite","@id":"https:\/\/www.visit-ulcinj.com\/blog\/#website","url":"https:\/\/www.visit-ulcinj.com\/blog\/","name":"Lajme nga Ulqini","description":"Lajme,Vijesti,Ulqini,Ulqin,Crna Gora,Mali i Zi","potentialAction":[{"@type":"SearchAction","target":{"@type":"EntryPoint","urlTemplate":"https:\/\/www.visit-ulcinj.com\/blog\/?s={search_term_string}"},"query-input":"required name=search_term_string"}],"inLanguage":"en-US"},{"@type":"ImageObject","inLanguage":"en-US","@id":"https:\/\/www.visit-ulcinj.com\/blog\/2010\/11\/24\/tuna-sejdiu-ne-depresion\/#primaryimage","url":"http:\/\/www.visit-ulcinj.com\/blog\/wp-content\/uploads\/2010\/11\/ALTUuna-Sejdiu-218x300.jpg","contentUrl":"http:\/\/www.visit-ulcinj.com\/blog\/wp-content\/uploads\/2010\/11\/ALTUuna-Sejdiu-218x300.jpg"},{"@type":"WebPage","@id":"https:\/\/www.visit-ulcinj.com\/blog\/2010\/11\/24\/tuna-sejdiu-ne-depresion\/#webpage","url":"https:\/\/www.visit-ulcinj.com\/blog\/2010\/11\/24\/tuna-sejdiu-ne-depresion\/","name":"Tuna Sejdiu n\u00eb depresion? - Lajme nga Ulqini","isPartOf":{"@id":"https:\/\/www.visit-ulcinj.com\/blog\/#website"},"primaryImageOfPage":{"@id":"https:\/\/www.visit-ulcinj.com\/blog\/2010\/11\/24\/tuna-sejdiu-ne-depresion\/#primaryimage"},"datePublished":"2010-11-24T19:07:09+00:00","dateModified":"2010-11-24T19:07:09+00:00","author":{"@id":"https:\/\/www.visit-ulcinj.com\/blog\/#\/schema\/person\/dcab619c614d3038751c63bc2aadc06d"},"description":"K\u00ebng\u00ebtarja e suksesshme me origjin\u00eb maqedonase, Tuna Sejdiu, duket se nuk po kalon koh\u00eb t\u00eb mira n\u00eb Prishtin\u00eb, qytet n\u00eb t\u00eb cilin u vendos p\u00ebrfundimisht pas","breadcrumb":{"@id":"https:\/\/www.visit-ulcinj.com\/blog\/2010\/11\/24\/tuna-sejdiu-ne-depresion\/#breadcrumb"},"inLanguage":"en-US","potentialAction":[{"@type":"ReadAction","target":["https:\/\/www.visit-ulcinj.com\/blog\/2010\/11\/24\/tuna-sejdiu-ne-depresion\/"]}]},{"@type":"BreadcrumbList","@id":"https:\/\/www.visit-ulcinj.com\/blog\/2010\/11\/24\/tuna-sejdiu-ne-depresion\/#breadcrumb","itemListElement":[{"@type":"ListItem","position":1,"name":"Tuna Sejdiu n\u00eb depresion?"}]},{"@type":"Person","@id":"https:\/\/www.visit-ulcinj.com\/blog\/#\/schema\/person\/dcab619c614d3038751c63bc2aadc06d","name":"ulqini","sameAs":["http:\/\/www.visit-ulcinj.com"],"url":"https:\/\/www.visit-ulcinj.com\/blog\/author\/admin\/"}]}},"jetpack_featured_media_url":"","jetpack_sharing_enabled":true,"jetpack_shortlink":"https:\/\/wp.me\/pe6lTn-apI","_links":{"self":[{"href":"https:\/\/www.visit-ulcinj.com\/blog\/wp-json\/wp\/v2\/posts\/40034"}],"collection":[{"href":"https:\/\/www.visit-ulcinj.com\/blog\/wp-json\/wp\/v2\/posts"}],"about":[{"href":"https:\/\/www.visit-ulcinj.com\/blog\/wp-json\/wp\/v2\/types\/post"}],"author":[{"embeddable":true,"href":"https:\/\/www.visit-ulcinj.com\/blog\/wp-json\/wp\/v2\/users\/1"}],"replies":[{"embeddable":true,"href":"https:\/\/www.visit-ulcinj.com\/blog\/wp-json\/wp\/v2\/comments?post=40034"}],"version-history":[{"count":0,"href":"https:\/\/www.visit-ulcinj.com\/blog\/wp-json\/wp\/v2\/posts\/40034\/revisions"}],"wp:attachment":[{"href":"https:\/\/www.visit-ulcinj.com\/blog\/wp-json\/wp\/v2\/media?parent=40034"}],"wp:term":[{"taxonomy":"category","embeddable":true,"href":"https:\/\/www.visit-ulcinj.com\/blog\/wp-json\/wp\/v2\/categories?post=40034"},{"taxonomy":"post_tag","embeddable":true,"href":"https:\/\/www.visit-ulcinj.com\/blog\/wp-json\/wp\/v2\/tags?post=40034"}],"curies":[{"name":"wp","href":"https:\/\/api.w.org\/{rel}","templated":true}]}}