{"id":40041,"date":"2010-11-24T20:30:17","date_gmt":"2010-11-24T19:30:17","guid":{"rendered":"http:\/\/www.visit-ulcinj.com\/blog\/?p=40041"},"modified":"2010-11-24T20:30:17","modified_gmt":"2010-11-24T19:30:17","slug":"vesa-luma-kengetarja-me-glamur","status":"publish","type":"post","link":"https:\/\/www.visit-ulcinj.com\/blog\/2010\/11\/24\/vesa-luma-kengetarja-me-glamur\/","title":{"rendered":"Vesa Luma, k\u00ebng\u00ebtarja m\u00eb Glamur"},"content":{"rendered":"<p><a href=\"http:\/\/www.visit-ulcinj.com\/blog\/wp-content\/uploads\/2010\/11\/Vesa-Luma_-Glamur.jpg\"><img loading=\"lazy\" class=\"alignleft size-full wp-image-40042\" title=\"Vesa Luma_ Glamur\" src=\"http:\/\/www.visit-ulcinj.com\/blog\/wp-content\/uploads\/2010\/11\/Vesa-Luma_-Glamur.jpg\" alt=\"\" width=\"320\" height=\"460\" \/><\/a>P\u00ebrve\u00e7 konkurrimit t\u00eb k\u00ebng\u00ebve, \u201cK\u00ebnga magjike\u201d \u00ebsht\u00eb edhe nj\u00eb show, nj\u00eb konkurs veshjesh dhe performancash mes artist\u00ebve. Kjo duket shpesh e m\u00eb shpesh nga edicioni n\u00eb edicion, ku k\u00ebng\u00ebtar\u00ebt femra, sidomos, shpenzojn\u00eb jo pak para p\u00ebr t\u00eb sjell\u00eb, n\u00eb rreth 4 minuta k\u00ebng\u00eb, paraqitje nga m\u00eb t\u00eb paharrueshmet. K\u00ebshtu q\u00eb nga veshja, balerin\u00ebt dhe bashk\u00ebveprimi i tyre me nj\u00ebri-tjetrin, i b\u00ebn k\u00ebng\u00ebtar\u00ebt shum\u00eb pjes\u00ebmarr\u00ebs n\u00eb show-n koreografik. Pa m\u00ebdyshjen m\u00eb t\u00eb vog\u00ebl, Vesa Luma nuk kishte nevoj\u00eb p\u00ebr asnj\u00ebr\u00ebn prej tyre. Gjith\u00eb v\u00ebmendjen e p\u00ebrqendroi tek vetja. Pa balerin\u00eb n\u00eb sken\u00eb, pa veprim, kjo edhe p\u00ebr arsyen se k\u00ebnga e saj ishte nj\u00eb balad\u00eb. Dhe si e till\u00eb, mjaftonte nj\u00eb ndri\u00e7im, si\u00e7 edhe u realizua, dhe k\u00ebnga fliste vet\u00eb. Sigurisht ajo meriton pik\u00ebt maksimale, p\u00ebr sa i p\u00ebrket veshjes, ku mund t\u00eb cil\u00ebsohet si e veshura m\u00eb Glamur e k\u00ebtij festivali. T\u00eb dyja veshjet, si n\u00eb nat\u00ebn e dyt\u00eb gjysm\u00ebfinale, ku mbante t\u00eb veshur nj\u00eb pallto t\u00eb leht\u00eb, t\u00eb zez\u00eb me xixa dhe supet t\u00eb ngritur, po ashtu edhe fustani i nat\u00ebs finale bust, i fryr\u00eb dhe i gjat\u00eb deri posht\u00eb gjurit, me xixa dhe lule t\u00eb vogla ngjyr\u00eb roz\u00eb, ishin t\u00eb mrekullueshme. Veshja e saj b\u00ebnte mjaft diferenc\u00eb me fustanet e tjer\u00eb t\u00eb k\u00ebng\u00ebtareve dhe t\u00eb jepte iden\u00eb e kompeticioneve bot\u00ebrore. N\u00eb fakt, Luma gjithmon\u00eb ka r\u00ebn\u00eb n\u00eb sy p\u00ebr stilin e ve\u00e7ant\u00eb. K\u00ebt\u00eb her\u00eb ajo meriton komplimente, si p\u00ebr k\u00ebng\u00ebn e ve\u00e7ant\u00eb, ashtu edhe p\u00ebr paraqitjen e saj madh\u00ebshtore!<\/p>\n<p><strong>\u00a9 Mapo<br \/>\n<!--YouTube Error: bad URL entered--><\/strong><\/p>\n","protected":false},"excerpt":{"rendered":"<p>P\u00ebrve\u00e7 konkurrimit t\u00eb k\u00ebng\u00ebve, \u201cK\u00ebnga magjike\u201d \u00ebsht\u00eb edhe nj\u00eb show, nj\u00eb konkurs veshjesh dhe performancash mes artist\u00ebve. Kjo duket shpesh e m\u00eb shpesh nga edicioni n\u00eb edicion, ku k\u00ebng\u00ebtar\u00ebt femra, sidomos, shpenzojn\u00eb jo pak para p\u00ebr t\u00eb sjell\u00eb, n\u00eb rreth 4 minuta k\u00ebng\u00eb, paraqitje nga m\u00eb t\u00eb paharrueshmet. K\u00ebshtu q\u00eb nga veshja, balerin\u00ebt dhe bashk\u00ebveprimi [&hellip;]<\/p>\n","protected":false},"author":1,"featured_media":0,"comment_status":"open","ping_status":"closed","sticky":false,"template":"","format":"standard","meta":{"spay_email":"","jetpack_publicize_message":"","jetpack_is_tweetstorm":false,"jetpack_publicize_feature_enabled":true},"categories":[1],"tags":[5017],"jetpack_publicize_connections":[],"yoast_head":"<!-- This site is optimized with the Yoast SEO plugin v19.1 - https:\/\/yoast.com\/wordpress\/plugins\/seo\/ -->\n<title>Vesa Luma, k\u00ebng\u00ebtarja m\u00eb Glamur  - Lajme nga Ulqini<\/title>\n<meta name=\"description\" content=\"P\u00ebrve\u00e7 konkurrimit t\u00eb k\u00ebng\u00ebve, \u201cK\u00ebnga magjike\u201d \u00ebsht\u00eb edhe nj\u00eb show, nj\u00eb konkurs veshjesh dhe performancash mes artist\u00ebve. Kjo duket shpesh e m\u00eb shpesh nga\" \/>\n<meta name=\"robots\" content=\"index, follow, max-snippet:-1, max-image-preview:large, max-video-preview:-1\" \/>\n<link rel=\"canonical\" href=\"https:\/\/www.visit-ulcinj.com\/blog\/2010\/11\/24\/vesa-luma-kengetarja-me-glamur\/\" \/>\n<meta property=\"og:locale\" content=\"en_US\" \/>\n<meta property=\"og:type\" content=\"article\" \/>\n<meta property=\"og:title\" content=\"Vesa Luma, k\u00ebng\u00ebtarja m\u00eb Glamur  - Lajme nga Ulqini\" \/>\n<meta property=\"og:description\" content=\"P\u00ebrve\u00e7 konkurrimit t\u00eb k\u00ebng\u00ebve, \u201cK\u00ebnga magjike\u201d \u00ebsht\u00eb edhe nj\u00eb show, nj\u00eb konkurs veshjesh dhe performancash mes artist\u00ebve. Kjo duket shpesh e m\u00eb shpesh nga\" \/>\n<meta property=\"og:url\" content=\"https:\/\/www.visit-ulcinj.com\/blog\/2010\/11\/24\/vesa-luma-kengetarja-me-glamur\/\" \/>\n<meta property=\"og:site_name\" content=\"Lajme nga Ulqini\" \/>\n<meta property=\"article:published_time\" content=\"2010-11-24T19:30:17+00:00\" \/>\n<meta property=\"og:image\" content=\"http:\/\/www.visit-ulcinj.com\/blog\/wp-content\/uploads\/2010\/11\/Vesa-Luma_-Glamur.jpg\" \/>\n<meta name=\"twitter:label1\" content=\"Written by\" \/>\n\t<meta name=\"twitter:data1\" content=\"ulqini\" \/>\n\t<meta name=\"twitter:label2\" content=\"Est. reading time\" \/>\n\t<meta name=\"twitter:data2\" content=\"2 minutes\" \/>\n<script type=\"application\/ld+json\" class=\"yoast-schema-graph\">{\"@context\":\"https:\/\/schema.org\",\"@graph\":[{\"@type\":\"WebSite\",\"@id\":\"https:\/\/www.visit-ulcinj.com\/blog\/#website\",\"url\":\"https:\/\/www.visit-ulcinj.com\/blog\/\",\"name\":\"Lajme nga Ulqini\",\"description\":\"Lajme,Vijesti,Ulqini,Ulqin,Crna Gora,Mali i Zi\",\"potentialAction\":[{\"@type\":\"SearchAction\",\"target\":{\"@type\":\"EntryPoint\",\"urlTemplate\":\"https:\/\/www.visit-ulcinj.com\/blog\/?s={search_term_string}\"},\"query-input\":\"required name=search_term_string\"}],\"inLanguage\":\"en-US\"},{\"@type\":\"ImageObject\",\"inLanguage\":\"en-US\",\"@id\":\"https:\/\/www.visit-ulcinj.com\/blog\/2010\/11\/24\/vesa-luma-kengetarja-me-glamur\/#primaryimage\",\"url\":\"http:\/\/www.visit-ulcinj.com\/blog\/wp-content\/uploads\/2010\/11\/Vesa-Luma_-Glamur.jpg\",\"contentUrl\":\"http:\/\/www.visit-ulcinj.com\/blog\/wp-content\/uploads\/2010\/11\/Vesa-Luma_-Glamur.jpg\"},{\"@type\":\"WebPage\",\"@id\":\"https:\/\/www.visit-ulcinj.com\/blog\/2010\/11\/24\/vesa-luma-kengetarja-me-glamur\/#webpage\",\"url\":\"https:\/\/www.visit-ulcinj.com\/blog\/2010\/11\/24\/vesa-luma-kengetarja-me-glamur\/\",\"name\":\"Vesa Luma, k\u00ebng\u00ebtarja m\u00eb Glamur - Lajme nga Ulqini\",\"isPartOf\":{\"@id\":\"https:\/\/www.visit-ulcinj.com\/blog\/#website\"},\"primaryImageOfPage\":{\"@id\":\"https:\/\/www.visit-ulcinj.com\/blog\/2010\/11\/24\/vesa-luma-kengetarja-me-glamur\/#primaryimage\"},\"datePublished\":\"2010-11-24T19:30:17+00:00\",\"dateModified\":\"2010-11-24T19:30:17+00:00\",\"author\":{\"@id\":\"https:\/\/www.visit-ulcinj.com\/blog\/#\/schema\/person\/dcab619c614d3038751c63bc2aadc06d\"},\"description\":\"P\u00ebrve\u00e7 konkurrimit t\u00eb k\u00ebng\u00ebve, \u201cK\u00ebnga magjike\u201d \u00ebsht\u00eb edhe nj\u00eb show, nj\u00eb konkurs veshjesh dhe performancash mes artist\u00ebve. Kjo duket shpesh e m\u00eb shpesh nga\",\"breadcrumb\":{\"@id\":\"https:\/\/www.visit-ulcinj.com\/blog\/2010\/11\/24\/vesa-luma-kengetarja-me-glamur\/#breadcrumb\"},\"inLanguage\":\"en-US\",\"potentialAction\":[{\"@type\":\"ReadAction\",\"target\":[\"https:\/\/www.visit-ulcinj.com\/blog\/2010\/11\/24\/vesa-luma-kengetarja-me-glamur\/\"]}]},{\"@type\":\"BreadcrumbList\",\"@id\":\"https:\/\/www.visit-ulcinj.com\/blog\/2010\/11\/24\/vesa-luma-kengetarja-me-glamur\/#breadcrumb\",\"itemListElement\":[{\"@type\":\"ListItem\",\"position\":1,\"name\":\"Vesa Luma, k\u00ebng\u00ebtarja m\u00eb Glamur\"}]},{\"@type\":\"Person\",\"@id\":\"https:\/\/www.visit-ulcinj.com\/blog\/#\/schema\/person\/dcab619c614d3038751c63bc2aadc06d\",\"name\":\"ulqini\",\"sameAs\":[\"http:\/\/www.visit-ulcinj.com\"],\"url\":\"https:\/\/www.visit-ulcinj.com\/blog\/author\/admin\/\"}]}<\/script>\n<!-- \/ Yoast SEO plugin. -->","yoast_head_json":{"title":"Vesa Luma, k\u00ebng\u00ebtarja m\u00eb Glamur  - Lajme nga Ulqini","description":"P\u00ebrve\u00e7 konkurrimit t\u00eb k\u00ebng\u00ebve, \u201cK\u00ebnga magjike\u201d \u00ebsht\u00eb edhe nj\u00eb show, nj\u00eb konkurs veshjesh dhe performancash mes artist\u00ebve. Kjo duket shpesh e m\u00eb shpesh nga","robots":{"index":"index","follow":"follow","max-snippet":"max-snippet:-1","max-image-preview":"max-image-preview:large","max-video-preview":"max-video-preview:-1"},"canonical":"https:\/\/www.visit-ulcinj.com\/blog\/2010\/11\/24\/vesa-luma-kengetarja-me-glamur\/","og_locale":"en_US","og_type":"article","og_title":"Vesa Luma, k\u00ebng\u00ebtarja m\u00eb Glamur  - Lajme nga Ulqini","og_description":"P\u00ebrve\u00e7 konkurrimit t\u00eb k\u00ebng\u00ebve, \u201cK\u00ebnga magjike\u201d \u00ebsht\u00eb edhe nj\u00eb show, nj\u00eb konkurs veshjesh dhe performancash mes artist\u00ebve. Kjo duket shpesh e m\u00eb shpesh nga","og_url":"https:\/\/www.visit-ulcinj.com\/blog\/2010\/11\/24\/vesa-luma-kengetarja-me-glamur\/","og_site_name":"Lajme nga Ulqini","article_published_time":"2010-11-24T19:30:17+00:00","og_image":[{"url":"http:\/\/www.visit-ulcinj.com\/blog\/wp-content\/uploads\/2010\/11\/Vesa-Luma_-Glamur.jpg"}],"twitter_misc":{"Written by":"ulqini","Est. reading time":"2 minutes"},"schema":{"@context":"https:\/\/schema.org","@graph":[{"@type":"WebSite","@id":"https:\/\/www.visit-ulcinj.com\/blog\/#website","url":"https:\/\/www.visit-ulcinj.com\/blog\/","name":"Lajme nga Ulqini","description":"Lajme,Vijesti,Ulqini,Ulqin,Crna Gora,Mali i Zi","potentialAction":[{"@type":"SearchAction","target":{"@type":"EntryPoint","urlTemplate":"https:\/\/www.visit-ulcinj.com\/blog\/?s={search_term_string}"},"query-input":"required name=search_term_string"}],"inLanguage":"en-US"},{"@type":"ImageObject","inLanguage":"en-US","@id":"https:\/\/www.visit-ulcinj.com\/blog\/2010\/11\/24\/vesa-luma-kengetarja-me-glamur\/#primaryimage","url":"http:\/\/www.visit-ulcinj.com\/blog\/wp-content\/uploads\/2010\/11\/Vesa-Luma_-Glamur.jpg","contentUrl":"http:\/\/www.visit-ulcinj.com\/blog\/wp-content\/uploads\/2010\/11\/Vesa-Luma_-Glamur.jpg"},{"@type":"WebPage","@id":"https:\/\/www.visit-ulcinj.com\/blog\/2010\/11\/24\/vesa-luma-kengetarja-me-glamur\/#webpage","url":"https:\/\/www.visit-ulcinj.com\/blog\/2010\/11\/24\/vesa-luma-kengetarja-me-glamur\/","name":"Vesa Luma, k\u00ebng\u00ebtarja m\u00eb Glamur - Lajme nga Ulqini","isPartOf":{"@id":"https:\/\/www.visit-ulcinj.com\/blog\/#website"},"primaryImageOfPage":{"@id":"https:\/\/www.visit-ulcinj.com\/blog\/2010\/11\/24\/vesa-luma-kengetarja-me-glamur\/#primaryimage"},"datePublished":"2010-11-24T19:30:17+00:00","dateModified":"2010-11-24T19:30:17+00:00","author":{"@id":"https:\/\/www.visit-ulcinj.com\/blog\/#\/schema\/person\/dcab619c614d3038751c63bc2aadc06d"},"description":"P\u00ebrve\u00e7 konkurrimit t\u00eb k\u00ebng\u00ebve, \u201cK\u00ebnga magjike\u201d \u00ebsht\u00eb edhe nj\u00eb show, nj\u00eb konkurs veshjesh dhe performancash mes artist\u00ebve. Kjo duket shpesh e m\u00eb shpesh nga","breadcrumb":{"@id":"https:\/\/www.visit-ulcinj.com\/blog\/2010\/11\/24\/vesa-luma-kengetarja-me-glamur\/#breadcrumb"},"inLanguage":"en-US","potentialAction":[{"@type":"ReadAction","target":["https:\/\/www.visit-ulcinj.com\/blog\/2010\/11\/24\/vesa-luma-kengetarja-me-glamur\/"]}]},{"@type":"BreadcrumbList","@id":"https:\/\/www.visit-ulcinj.com\/blog\/2010\/11\/24\/vesa-luma-kengetarja-me-glamur\/#breadcrumb","itemListElement":[{"@type":"ListItem","position":1,"name":"Vesa Luma, k\u00ebng\u00ebtarja m\u00eb Glamur"}]},{"@type":"Person","@id":"https:\/\/www.visit-ulcinj.com\/blog\/#\/schema\/person\/dcab619c614d3038751c63bc2aadc06d","name":"ulqini","sameAs":["http:\/\/www.visit-ulcinj.com"],"url":"https:\/\/www.visit-ulcinj.com\/blog\/author\/admin\/"}]}},"jetpack_featured_media_url":"","jetpack_sharing_enabled":true,"jetpack_shortlink":"https:\/\/wp.me\/pe6lTn-apP","_links":{"self":[{"href":"https:\/\/www.visit-ulcinj.com\/blog\/wp-json\/wp\/v2\/posts\/40041"}],"collection":[{"href":"https:\/\/www.visit-ulcinj.com\/blog\/wp-json\/wp\/v2\/posts"}],"about":[{"href":"https:\/\/www.visit-ulcinj.com\/blog\/wp-json\/wp\/v2\/types\/post"}],"author":[{"embeddable":true,"href":"https:\/\/www.visit-ulcinj.com\/blog\/wp-json\/wp\/v2\/users\/1"}],"replies":[{"embeddable":true,"href":"https:\/\/www.visit-ulcinj.com\/blog\/wp-json\/wp\/v2\/comments?post=40041"}],"version-history":[{"count":0,"href":"https:\/\/www.visit-ulcinj.com\/blog\/wp-json\/wp\/v2\/posts\/40041\/revisions"}],"wp:attachment":[{"href":"https:\/\/www.visit-ulcinj.com\/blog\/wp-json\/wp\/v2\/media?parent=40041"}],"wp:term":[{"taxonomy":"category","embeddable":true,"href":"https:\/\/www.visit-ulcinj.com\/blog\/wp-json\/wp\/v2\/categories?post=40041"},{"taxonomy":"post_tag","embeddable":true,"href":"https:\/\/www.visit-ulcinj.com\/blog\/wp-json\/wp\/v2\/tags?post=40041"}],"curies":[{"name":"wp","href":"https:\/\/api.w.org\/{rel}","templated":true}]}}