{"id":40045,"date":"2010-11-24T21:03:38","date_gmt":"2010-11-24T20:03:38","guid":{"rendered":"http:\/\/www.visit-ulcinj.com\/blog\/?p=40045"},"modified":"2010-11-25T12:54:41","modified_gmt":"2010-11-25T11:54:41","slug":"nisin-%e2%80%9cditet-e-kulturave-te-pakicave%e2%80%9d-ne-malin-e-zi","status":"publish","type":"post","link":"https:\/\/www.visit-ulcinj.com\/blog\/2010\/11\/24\/nisin-%e2%80%9cditet-e-kulturave-te-pakicave%e2%80%9d-ne-malin-e-zi\/","title":{"rendered":"Nisin \u201cDit\u00ebt e kulturave t\u00eb pakicave\u201d n\u00eb Malin e Zi"},"content":{"rendered":"<p><a href=\"http:\/\/www.visit-ulcinj.com\/blog\/wp-content\/uploads\/2010\/11\/cano-duli_gjergj-noc-martini_nevenka-mashanoviq-_jozo-kocoviq.jpg\"><img loading=\"lazy\" class=\"alignleft size-full wp-image-40046\" title=\"cano-duli_gjergj-noc-martini_nevenka-mashanoviq-_jozo-kocoviq\" src=\"http:\/\/www.visit-ulcinj.com\/blog\/wp-content\/uploads\/2010\/11\/cano-duli_gjergj-noc-martini_nevenka-mashanoviq-_jozo-kocoviq.jpg\" alt=\"\" width=\"490\" height=\"380\" \/><\/a>Podgoric\u00eb, 23 n\u00ebntor &#8211; N\u00eb kryeqytetin malazias, Podgoric\u00eb nisi t\u00eb mart\u00ebn, n\u00eb mbr\u00ebmje, manifestimi, tashm\u00eb, tradicional, \u201cDit\u00ebt e kulturave t\u00eb pakicave 2010\u201d, i cili p\u00ebrfundon m\u00eb 14 dhjetor me Etnokoncertin e madh n\u00eb Tuz.<br \/>\nK\u00ebt\u00eb veprimtari e organizon e Qendr\u00ebs p\u00ebr Ruajtjen dhe Zhvillimin e kulturave t\u00eb Pakicave n\u00eb Mal t\u00eb Zi.<br \/>\nDrejtori i k\u00ebsaj qendre, Mirsad Muliq deklaroi p\u00ebr KosovaLive se edicioni i sivjet\u00ebm ka shum\u00eb risi n\u00eb aspektin e afirmimit t\u00eb vlerave t\u00eb kulturave t\u00eb pakicave dhe bashk\u00ebjetes\u00ebs s\u00eb tyre n\u00eb shoq\u00ebrin\u00eb malazeze.<br \/>\n\u201cGjat\u00eb manifestimit t\u00eb sivjet\u00ebm, i cili do t\u00eb l\u00ebviz\u00eb n\u00ebp\u00ebr qendrat kryesore ku jetojn\u00eb pakicat n\u00eb Malin e Zi, do t\u00eb ket\u00eb p\u00ebrmbajtje t\u00eb shumta kulturore, letrare, muzikore, t\u00eb arteve pamore, do t\u00eb shfaqet edhe filmi premier\u00eb mbi pakicat n\u00eb Mal t\u00eb Zi\u201d, sqaron Muliq.<br \/>\nSipas agjend\u00ebs s\u00eb manifestimit, nga piktor\u00ebt shqiptar\u00eb q\u00eb do t\u00eb p\u00ebrfaq\u00ebsohen n\u00eb ekspozita, jan\u00eb emrat m\u00eb t\u00eb lakuar t\u00eb artit pamor shqiptar n\u00eb Mal t\u00eb Zi, si Vahida H. Nimanbegu, Gjergj Noc Martini edhe Gjelosh Gjokaj. Nga shkrimtar\u00ebt shqiptar\u00eb merr pjes\u00eb vet\u00ebm Haxhi Shabani, nd\u00ebrsa me nj\u00eb performanc\u00eb t\u00eb posa\u00e7me do t\u00eb p\u00ebrkujtohet edhe bardi i poezis\u00eb son\u00eb t\u00eb shekullit t\u00eb kaluar, Esad Mekuli.<br \/>\nMegjithat\u00eb, krijuesit shqiptar\u00eb, sidomos shkrimtar\u00ebt dhe piktor\u00ebt, krahasuar me minoritetet tjera, e shohin veten t\u00eb anashkaluar.<\/p>\n<p><strong>Koha Net<\/strong><\/p>\n","protected":false},"excerpt":{"rendered":"<p>Podgoric\u00eb, 23 n\u00ebntor &#8211; N\u00eb kryeqytetin malazias, Podgoric\u00eb nisi t\u00eb mart\u00ebn, n\u00eb mbr\u00ebmje, manifestimi, tashm\u00eb, tradicional, \u201cDit\u00ebt e kulturave t\u00eb pakicave 2010\u201d, i cili p\u00ebrfundon m\u00eb 14 dhjetor me Etnokoncertin e madh n\u00eb Tuz. K\u00ebt\u00eb veprimtari e organizon e Qendr\u00ebs p\u00ebr Ruajtjen dhe Zhvillimin e kulturave t\u00eb Pakicave n\u00eb Mal t\u00eb Zi. Drejtori i k\u00ebsaj [&hellip;]<\/p>\n","protected":false},"author":1,"featured_media":0,"comment_status":"open","ping_status":"closed","sticky":false,"template":"","format":"standard","meta":{"spay_email":"","jetpack_publicize_message":"","jetpack_is_tweetstorm":false,"jetpack_publicize_feature_enabled":true},"categories":[12],"tags":[12772,2994,3289,211,16404],"jetpack_publicize_connections":[],"yoast_head":"<!-- This site is optimized with the Yoast SEO plugin v19.1 - https:\/\/yoast.com\/wordpress\/plugins\/seo\/ -->\n<title>Nisin \u201cDit\u00ebt e kulturave t\u00eb pakicave\u201d n\u00eb Malin e Zi - Lajme nga Ulqini<\/title>\n<meta name=\"description\" content=\"Podgoric\u00eb, 23 n\u00ebntor - N\u00eb kryeqytetin malazias, Podgoric\u00eb nisi t\u00eb mart\u00ebn, n\u00eb mbr\u00ebmje, manifestimi, tashm\u00eb, tradicional, \u201cDit\u00ebt e kulturave t\u00eb pakicave\" \/>\n<meta name=\"robots\" content=\"index, follow, max-snippet:-1, max-image-preview:large, max-video-preview:-1\" \/>\n<link rel=\"canonical\" href=\"https:\/\/www.visit-ulcinj.com\/blog\/2010\/11\/24\/nisin-\u201cditet-e-kulturave-te-pakicave\u201d-ne-malin-e-zi\/\" \/>\n<meta property=\"og:locale\" content=\"en_US\" \/>\n<meta property=\"og:type\" content=\"article\" \/>\n<meta property=\"og:title\" content=\"Nisin \u201cDit\u00ebt e kulturave t\u00eb pakicave\u201d n\u00eb Malin e Zi - Lajme nga Ulqini\" \/>\n<meta property=\"og:description\" content=\"Podgoric\u00eb, 23 n\u00ebntor - N\u00eb kryeqytetin malazias, Podgoric\u00eb nisi t\u00eb mart\u00ebn, n\u00eb mbr\u00ebmje, manifestimi, tashm\u00eb, tradicional, \u201cDit\u00ebt e kulturave t\u00eb pakicave\" \/>\n<meta property=\"og:url\" content=\"https:\/\/www.visit-ulcinj.com\/blog\/2010\/11\/24\/nisin-\u201cditet-e-kulturave-te-pakicave\u201d-ne-malin-e-zi\/\" \/>\n<meta property=\"og:site_name\" content=\"Lajme nga Ulqini\" \/>\n<meta property=\"article:published_time\" content=\"2010-11-24T20:03:38+00:00\" \/>\n<meta property=\"article:modified_time\" content=\"2010-11-25T11:54:41+00:00\" \/>\n<meta property=\"og:image\" content=\"http:\/\/www.visit-ulcinj.com\/blog\/wp-content\/uploads\/2010\/11\/cano-duli_gjergj-noc-martini_nevenka-mashanoviq-_jozo-kocoviq.jpg\" \/>\n<meta name=\"twitter:label1\" content=\"Written by\" \/>\n\t<meta name=\"twitter:data1\" content=\"ulqini\" \/>\n\t<meta name=\"twitter:label2\" content=\"Est. reading time\" \/>\n\t<meta name=\"twitter:data2\" content=\"1 minute\" \/>\n<script type=\"application\/ld+json\" class=\"yoast-schema-graph\">{\"@context\":\"https:\/\/schema.org\",\"@graph\":[{\"@type\":\"WebSite\",\"@id\":\"https:\/\/www.visit-ulcinj.com\/blog\/#website\",\"url\":\"https:\/\/www.visit-ulcinj.com\/blog\/\",\"name\":\"Lajme nga Ulqini\",\"description\":\"Lajme,Vijesti,Ulqini,Ulqin,Crna Gora,Mali i Zi\",\"potentialAction\":[{\"@type\":\"SearchAction\",\"target\":{\"@type\":\"EntryPoint\",\"urlTemplate\":\"https:\/\/www.visit-ulcinj.com\/blog\/?s={search_term_string}\"},\"query-input\":\"required name=search_term_string\"}],\"inLanguage\":\"en-US\"},{\"@type\":\"ImageObject\",\"inLanguage\":\"en-US\",\"@id\":\"https:\/\/www.visit-ulcinj.com\/blog\/2010\/11\/24\/nisin-%e2%80%9cditet-e-kulturave-te-pakicave%e2%80%9d-ne-malin-e-zi\/#primaryimage\",\"url\":\"https:\/\/www.visit-ulcinj.com\/blog\/wp-content\/uploads\/2010\/11\/cano-duli_gjergj-noc-martini_nevenka-mashanoviq-_jozo-kocoviq.jpg\",\"contentUrl\":\"https:\/\/www.visit-ulcinj.com\/blog\/wp-content\/uploads\/2010\/11\/cano-duli_gjergj-noc-martini_nevenka-mashanoviq-_jozo-kocoviq.jpg\",\"width\":\"640\",\"height\":\"452\"},{\"@type\":\"WebPage\",\"@id\":\"https:\/\/www.visit-ulcinj.com\/blog\/2010\/11\/24\/nisin-%e2%80%9cditet-e-kulturave-te-pakicave%e2%80%9d-ne-malin-e-zi\/#webpage\",\"url\":\"https:\/\/www.visit-ulcinj.com\/blog\/2010\/11\/24\/nisin-%e2%80%9cditet-e-kulturave-te-pakicave%e2%80%9d-ne-malin-e-zi\/\",\"name\":\"Nisin \u201cDit\u00ebt e kulturave t\u00eb pakicave\u201d n\u00eb Malin e Zi - Lajme nga Ulqini\",\"isPartOf\":{\"@id\":\"https:\/\/www.visit-ulcinj.com\/blog\/#website\"},\"primaryImageOfPage\":{\"@id\":\"https:\/\/www.visit-ulcinj.com\/blog\/2010\/11\/24\/nisin-%e2%80%9cditet-e-kulturave-te-pakicave%e2%80%9d-ne-malin-e-zi\/#primaryimage\"},\"datePublished\":\"2010-11-24T20:03:38+00:00\",\"dateModified\":\"2010-11-25T11:54:41+00:00\",\"author\":{\"@id\":\"https:\/\/www.visit-ulcinj.com\/blog\/#\/schema\/person\/dcab619c614d3038751c63bc2aadc06d\"},\"description\":\"Podgoric\u00eb, 23 n\u00ebntor - N\u00eb kryeqytetin malazias, Podgoric\u00eb nisi t\u00eb mart\u00ebn, n\u00eb mbr\u00ebmje, manifestimi, tashm\u00eb, tradicional, \u201cDit\u00ebt e kulturave t\u00eb pakicave\",\"breadcrumb\":{\"@id\":\"https:\/\/www.visit-ulcinj.com\/blog\/2010\/11\/24\/nisin-%e2%80%9cditet-e-kulturave-te-pakicave%e2%80%9d-ne-malin-e-zi\/#breadcrumb\"},\"inLanguage\":\"en-US\",\"potentialAction\":[{\"@type\":\"ReadAction\",\"target\":[\"https:\/\/www.visit-ulcinj.com\/blog\/2010\/11\/24\/nisin-%e2%80%9cditet-e-kulturave-te-pakicave%e2%80%9d-ne-malin-e-zi\/\"]}]},{\"@type\":\"BreadcrumbList\",\"@id\":\"https:\/\/www.visit-ulcinj.com\/blog\/2010\/11\/24\/nisin-%e2%80%9cditet-e-kulturave-te-pakicave%e2%80%9d-ne-malin-e-zi\/#breadcrumb\",\"itemListElement\":[{\"@type\":\"ListItem\",\"position\":1,\"name\":\"Nisin \u201cDit\u00ebt e kulturave t\u00eb pakicave\u201d n\u00eb Malin e Zi\"}]},{\"@type\":\"Person\",\"@id\":\"https:\/\/www.visit-ulcinj.com\/blog\/#\/schema\/person\/dcab619c614d3038751c63bc2aadc06d\",\"name\":\"ulqini\",\"sameAs\":[\"http:\/\/www.visit-ulcinj.com\"],\"url\":\"https:\/\/www.visit-ulcinj.com\/blog\/author\/admin\/\"}]}<\/script>\n<!-- \/ Yoast SEO plugin. -->","yoast_head_json":{"title":"Nisin \u201cDit\u00ebt e kulturave t\u00eb pakicave\u201d n\u00eb Malin e Zi - Lajme nga Ulqini","description":"Podgoric\u00eb, 23 n\u00ebntor - N\u00eb kryeqytetin malazias, Podgoric\u00eb nisi t\u00eb mart\u00ebn, n\u00eb mbr\u00ebmje, manifestimi, tashm\u00eb, tradicional, \u201cDit\u00ebt e kulturave t\u00eb pakicave","robots":{"index":"index","follow":"follow","max-snippet":"max-snippet:-1","max-image-preview":"max-image-preview:large","max-video-preview":"max-video-preview:-1"},"canonical":"https:\/\/www.visit-ulcinj.com\/blog\/2010\/11\/24\/nisin-\u201cditet-e-kulturave-te-pakicave\u201d-ne-malin-e-zi\/","og_locale":"en_US","og_type":"article","og_title":"Nisin \u201cDit\u00ebt e kulturave t\u00eb pakicave\u201d n\u00eb Malin e Zi - Lajme nga Ulqini","og_description":"Podgoric\u00eb, 23 n\u00ebntor - N\u00eb kryeqytetin malazias, Podgoric\u00eb nisi t\u00eb mart\u00ebn, n\u00eb mbr\u00ebmje, manifestimi, tashm\u00eb, tradicional, \u201cDit\u00ebt e kulturave t\u00eb pakicave","og_url":"https:\/\/www.visit-ulcinj.com\/blog\/2010\/11\/24\/nisin-\u201cditet-e-kulturave-te-pakicave\u201d-ne-malin-e-zi\/","og_site_name":"Lajme nga Ulqini","article_published_time":"2010-11-24T20:03:38+00:00","article_modified_time":"2010-11-25T11:54:41+00:00","og_image":[{"url":"http:\/\/www.visit-ulcinj.com\/blog\/wp-content\/uploads\/2010\/11\/cano-duli_gjergj-noc-martini_nevenka-mashanoviq-_jozo-kocoviq.jpg"}],"twitter_misc":{"Written by":"ulqini","Est. reading time":"1 minute"},"schema":{"@context":"https:\/\/schema.org","@graph":[{"@type":"WebSite","@id":"https:\/\/www.visit-ulcinj.com\/blog\/#website","url":"https:\/\/www.visit-ulcinj.com\/blog\/","name":"Lajme nga Ulqini","description":"Lajme,Vijesti,Ulqini,Ulqin,Crna Gora,Mali i Zi","potentialAction":[{"@type":"SearchAction","target":{"@type":"EntryPoint","urlTemplate":"https:\/\/www.visit-ulcinj.com\/blog\/?s={search_term_string}"},"query-input":"required name=search_term_string"}],"inLanguage":"en-US"},{"@type":"ImageObject","inLanguage":"en-US","@id":"https:\/\/www.visit-ulcinj.com\/blog\/2010\/11\/24\/nisin-%e2%80%9cditet-e-kulturave-te-pakicave%e2%80%9d-ne-malin-e-zi\/#primaryimage","url":"https:\/\/www.visit-ulcinj.com\/blog\/wp-content\/uploads\/2010\/11\/cano-duli_gjergj-noc-martini_nevenka-mashanoviq-_jozo-kocoviq.jpg","contentUrl":"https:\/\/www.visit-ulcinj.com\/blog\/wp-content\/uploads\/2010\/11\/cano-duli_gjergj-noc-martini_nevenka-mashanoviq-_jozo-kocoviq.jpg","width":"640","height":"452"},{"@type":"WebPage","@id":"https:\/\/www.visit-ulcinj.com\/blog\/2010\/11\/24\/nisin-%e2%80%9cditet-e-kulturave-te-pakicave%e2%80%9d-ne-malin-e-zi\/#webpage","url":"https:\/\/www.visit-ulcinj.com\/blog\/2010\/11\/24\/nisin-%e2%80%9cditet-e-kulturave-te-pakicave%e2%80%9d-ne-malin-e-zi\/","name":"Nisin \u201cDit\u00ebt e kulturave t\u00eb pakicave\u201d n\u00eb Malin e Zi - Lajme nga Ulqini","isPartOf":{"@id":"https:\/\/www.visit-ulcinj.com\/blog\/#website"},"primaryImageOfPage":{"@id":"https:\/\/www.visit-ulcinj.com\/blog\/2010\/11\/24\/nisin-%e2%80%9cditet-e-kulturave-te-pakicave%e2%80%9d-ne-malin-e-zi\/#primaryimage"},"datePublished":"2010-11-24T20:03:38+00:00","dateModified":"2010-11-25T11:54:41+00:00","author":{"@id":"https:\/\/www.visit-ulcinj.com\/blog\/#\/schema\/person\/dcab619c614d3038751c63bc2aadc06d"},"description":"Podgoric\u00eb, 23 n\u00ebntor - N\u00eb kryeqytetin malazias, Podgoric\u00eb nisi t\u00eb mart\u00ebn, n\u00eb mbr\u00ebmje, manifestimi, tashm\u00eb, tradicional, \u201cDit\u00ebt e kulturave t\u00eb pakicave","breadcrumb":{"@id":"https:\/\/www.visit-ulcinj.com\/blog\/2010\/11\/24\/nisin-%e2%80%9cditet-e-kulturave-te-pakicave%e2%80%9d-ne-malin-e-zi\/#breadcrumb"},"inLanguage":"en-US","potentialAction":[{"@type":"ReadAction","target":["https:\/\/www.visit-ulcinj.com\/blog\/2010\/11\/24\/nisin-%e2%80%9cditet-e-kulturave-te-pakicave%e2%80%9d-ne-malin-e-zi\/"]}]},{"@type":"BreadcrumbList","@id":"https:\/\/www.visit-ulcinj.com\/blog\/2010\/11\/24\/nisin-%e2%80%9cditet-e-kulturave-te-pakicave%e2%80%9d-ne-malin-e-zi\/#breadcrumb","itemListElement":[{"@type":"ListItem","position":1,"name":"Nisin \u201cDit\u00ebt e kulturave t\u00eb pakicave\u201d n\u00eb Malin e Zi"}]},{"@type":"Person","@id":"https:\/\/www.visit-ulcinj.com\/blog\/#\/schema\/person\/dcab619c614d3038751c63bc2aadc06d","name":"ulqini","sameAs":["http:\/\/www.visit-ulcinj.com"],"url":"https:\/\/www.visit-ulcinj.com\/blog\/author\/admin\/"}]}},"jetpack_featured_media_url":"","jetpack_sharing_enabled":true,"jetpack_shortlink":"https:\/\/wp.me\/pe6lTn-apT","_links":{"self":[{"href":"https:\/\/www.visit-ulcinj.com\/blog\/wp-json\/wp\/v2\/posts\/40045"}],"collection":[{"href":"https:\/\/www.visit-ulcinj.com\/blog\/wp-json\/wp\/v2\/posts"}],"about":[{"href":"https:\/\/www.visit-ulcinj.com\/blog\/wp-json\/wp\/v2\/types\/post"}],"author":[{"embeddable":true,"href":"https:\/\/www.visit-ulcinj.com\/blog\/wp-json\/wp\/v2\/users\/1"}],"replies":[{"embeddable":true,"href":"https:\/\/www.visit-ulcinj.com\/blog\/wp-json\/wp\/v2\/comments?post=40045"}],"version-history":[{"count":0,"href":"https:\/\/www.visit-ulcinj.com\/blog\/wp-json\/wp\/v2\/posts\/40045\/revisions"}],"wp:attachment":[{"href":"https:\/\/www.visit-ulcinj.com\/blog\/wp-json\/wp\/v2\/media?parent=40045"}],"wp:term":[{"taxonomy":"category","embeddable":true,"href":"https:\/\/www.visit-ulcinj.com\/blog\/wp-json\/wp\/v2\/categories?post=40045"},{"taxonomy":"post_tag","embeddable":true,"href":"https:\/\/www.visit-ulcinj.com\/blog\/wp-json\/wp\/v2\/tags?post=40045"}],"curies":[{"name":"wp","href":"https:\/\/api.w.org\/{rel}","templated":true}]}}