{"id":40137,"date":"2010-11-26T09:53:16","date_gmt":"2010-11-26T08:53:16","guid":{"rendered":"http:\/\/www.visit-ulcinj.com\/blog\/?p=40137"},"modified":"2010-11-26T09:53:16","modified_gmt":"2010-11-26T08:53:16","slug":"diskutimi-ne-kuvendin-e-ix-te-gruas-intelektuale-shqiptare-mbarekombetare-ne-organizim-te-fondacionit-nermin-vlora-falaschi","status":"publish","type":"post","link":"https:\/\/www.visit-ulcinj.com\/blog\/2010\/11\/26\/diskutimi-ne-kuvendin-e-ix-te-gruas-intelektuale-shqiptare-mbarekombetare-ne-organizim-te-fondacionit-nermin-vlora-falaschi\/","title":{"rendered":"Diskutimi n\u00eb Kuvendin e  IX t\u00eb gruas intelektuale shqiptare mbar\u00ebkomb\u00ebtare, n\u00eb organizim t\u00eb fondacionit &#8221; Nermin Vlora Falaschi&#8221;"},"content":{"rendered":"<p><strong><a href=\"http:\/\/www.visit-ulcinj.com\/blog\/wp-content\/uploads\/2010\/11\/Hatixhe-Nelaj_Ulqin_.jpg\"><img loading=\"lazy\" class=\"alignleft size-full wp-image-40138\" title=\"Hatixhe Nelaj_Ulqin_\" src=\"http:\/\/www.visit-ulcinj.com\/blog\/wp-content\/uploads\/2010\/11\/Hatixhe-Nelaj_Ulqin_.jpg\" alt=\"\" width=\"490\" height=\"390\" \/><\/a>Nga Hatixhe Nelaj<\/strong><\/p>\n<p>\u201cRoli dhe kontributi i gruas intelektuale shqiptare p\u00ebr gjat\u00eb historis\u00eb si faktor bashk\u00ebjetese n\u00eb etni dhe integrimi n\u00eb hap\u00ebsir\u00ebn evropiane\u201d ishte tema e Kuvendit\u00a0 mbar\u00ebkomb\u00ebtar t\u00eb Fondacionit Kulturor t\u00eb gruas shqiptare \u201cNermin Vlora Falaschi\u201d.<\/p>\n<p>-Mbreteresha Teuta, Shote Galica, N\u00ebn\u00eb Tereza, q\u00eb t\u00eb gjitha jan\u00eb gur\u00eb t\u00eb \u00e7muar t\u00eb renditur n\u00eb gjerdanin e historis\u00eb s\u00eb kombit shqiptar.Ato jan\u00eb femra t\u00eb cilat mund t\u00eb maten me cilindo hero, shkenc\u00ebtar apo politicient mashkull.Me k\u00ebt\u00eb konstatim nuk do t\u00eb pajtohej shovensiti mashkullor, i cili insiston n\u00eb superioritetin e gjinis\u00eb mashkullore ndaj asaj femerore n\u00eb t\u00eb gjitha fushat e jet\u00ebs.\u00a0\u00a0N\u00eb kultur\u00ebn e sotme akoma ka individ\u00eb t\u00eb till\u00eb t\u00eb cil\u00ebt perdorin fjal\u00eb boshe, t\u00eb pakuptimta dhe argumente t\u00eb kota p\u00ebr t\u00eb treguar \u2018par\u00ebnd\u00ebsin\u00eb e qenieve femrore\u2019 si\u00e7 e thoshte Oto Vajniger, apo si\u00e7 e p\u00ebrs\u00ebriste n\u00eb mendimet e tija filozofike, Fridrih Ni\u00e7e, i cili manifestimin e dhun\u00ebs n\u00eb raportet me femrat e shihte si nj\u00eb domosdoshm\u00ebri.<\/p>\n<p>Ndon\u00ebse roli i femr\u00ebs edhe n\u00eb dit\u00ebt e sotme, n\u00eb aspektin social mbetet akoma i n\u00ebnshtruar, n\u00eb shum\u00eb aspekte tjera ,femrat jan\u00eb qeniet m\u00eb aktive t\u00eb njer\u00ebzimit, ushtrojn\u00eb profesione t\u00eb ndryshme, jan\u00eb pjes\u00ebmarr\u00ebse aktive n\u00eb politik\u00eb (n\u00eb proceset demokratike), si individ\u00eb efikas t\u00eb jet\u00ebs s\u00eb re kulturore.Sikur t\u00eb b\u00ebhej nj\u00eb krahasim sip\u00ebrfaqsor n\u00eb mes tradicionales dhe inovatives, k\u00ebto dy kund\u00ebrshti do t\u00eb kishin karakteristika t\u00eb posa\u00e7me.\u00a0\u00a0K\u00ebshtu me tradicionalen do t\u00eb lidheshin vlerat si: pasiviteti, stagnimi, stabiliteti, kontinuiteti, p\u00ebrs\u00ebritja, lidhja e fort\u00eb me t\u00eb kaluar\u00ebn, izolimi.\u00a0\u00a0P\u00ebrkund\u00ebr k\u00ebtij sistemi, q\u00ebndron sistemi modern i vlerave: prodhimtaria, aktiviteti, hulumtimi, noviteti, mospranimi i pandryshueshm\u00ebrs\u00eb, guximi, rrezikimi, realiteti.<\/p>\n<p>Duke vendosur femr\u00ebn nd\u00ebrmjet tradit\u00ebs dhe modernes n\u00eb nj\u00eb proces t\u00eb gjat\u00eb historik, menj\u00ebher\u00eb parashtrohet pyetja: sa e fort\u00eb ka qen\u00eb ajo gjat\u00eb shekujve p\u00ebr t\u00eb fituar siguri t\u00eb brendshme dhe pathyeshm\u00ebri p\u00ebrkund\u00ebr rolit t\u00eb saj t\u00eb nenshtruar i cili i \u00ebsht\u00eb imponuar n\u00eb bot\u00ebn tradicionale?<\/p>\n<p>Sa ka arritur ajo t\u2019i tejkaloje kufinjt\u00eb e civilizimit patriarkal?\u00a0\u00a0Ndon\u00ebse tejkalimi i kufinjve t\u00eb vendosur nga shoq\u00ebria \u00ebsht\u00eb konsideruar si krim, gjithmon\u00eb kan\u00eb egzistuar femra t\u00eb cilat i kan\u00eb thyer k\u00ebta kufinj t\u00eb padukshem t\u00eb cilat ua kishte imponuar koha, rrethi dhe tradita. Me vendosm\u00ebrin\u00eb dhe luft\u00ebn e saj p\u00ebr t\u00eb fituar t\u00eb drejtat e veta, \u00ebsht\u00eb nd\u00ebrtuar nj\u00eb tretman i ri civilizues i identitetit t\u00eb femr\u00ebs.<\/p>\n<p>Fal\u00eb angazhimit t\u00eb saj, femra shqiptare \u00ebsht\u00eb p\u00ebrfshir\u00eb n\u00eb emancipimin intenziv i cili \u00ebsht\u00eb zhvilluar dhe akoma po zhvillohet n\u00eb tri shkall\u00eb:<\/p>\n<ul>\n<li><strong>1.\u00a0\u00a0\u00a0emancipimi politik i grave<\/strong><\/li>\n<li><strong>2.\u00a0\u00a0\u00a0Emancipimi kulturor<\/strong><\/li>\n<li><strong>3.\u00a0\u00a0\u00a0Integrimi i gruas ne baza te barabarta ne ndertimin dhe funksionimin e sistemit te caktuar shoqeror.<\/strong><\/li>\n<\/ul>\n<p>Femra shqiptare t\u00eb shumt\u00ebn e rasteve e ka pranuar rolin e saj stereotipik dhe ka mbetur ajo q\u00eb \u00ebsht\u00eb k\u00ebrkuar nga shoq\u00ebria q\u00eb t\u00eb jet\u00eb.<\/p>\n<p>E integruar n\u00eb m\u00ebnyr\u00ebn tradicionale t\u00eb jetes\u00ebs, femra shqiptare t\u00ebr\u00ebsisht i \u00ebsht\u00eb p\u00ebrkushtuar vet\u00ebm raporteve brenda familjes s\u00eb saj ku \u00ebsht\u00eb n\u00ebnkuptuar se roli i saj i vet\u00ebm \u00ebsht\u00eb lindja e femij\u00ebve, sherbimi i mashkullit\/bashkshortit dhe puna n\u00eb kuzhin\u00eb apo n\u00eb tok\u00eb n\u00eb at\u00eb familje ku \u00ebsht\u00eb martuar.\u00a0\u00a0Ajo shum\u00eb ngadal\u00eb dhe me v\u00ebsht\u00ebrsi ka pranuar vlerat e reja p\u00ebr ndryshimin e rolit te saj n\u00eb raportet nd\u00ebrgjinore.<\/p>\n<p>Sot trajtimi i k\u00ebtill\u00eb tradicional i femr\u00ebs\u00a0\u00a0ne shume mjedise gradualisht po tejkalohet dhe femra shqiptare duke vazhduar shkollimin e saj deri n\u00eb shkall\u00ebt m\u00eb t\u00eb larta, n\u00eb num\u00ebr m\u00eb t\u00eb madh po promovon t\u00eb drejtat e saja fundamentale \u2013 e drejta p\u00ebr t\u00eb zgjedhur partnerin e saj, e drejta p\u00ebr t\u00eb kontrolluar shtatzanin\u00eb dhe lindjet, e drejta e l\u00ebvizjes s\u00eb lir\u00eb etj.\u00a0\u00a0Ky trend i emancipimit t\u00eb femr\u00ebs shqiptare n\u00eb fakt paraqet edhe emancipimin e p\u00ebrgjithsh\u00ebm t\u00eb shoq\u00ebris\u00eb.<\/p>\n<p>Mir\u00ebpo, n\u00eb dit\u00ebt e sotme, sa u p\u00ebrket t\u00eb drejtave t\u00eb grave, n\u00eb fakt, t\u00eb drejtave t\u00eb njeriut, nga njera an\u00eb thuhet se jan\u00eb b\u00ebr\u00eb hapa t\u00eb m\u00ebdha p\u00ebrpara, gj\u00eb e cila \u00ebsht\u00eb shum\u00eb e r\u00ebnd\u00ebsishme duke marr\u00eb parasysh aktivitetet e rajonit p\u00ebr t\u2019u integruar n\u00eb Unionin Evropian dhe n\u00eb NATO; por, nga ana tjet\u00ebr thuhet se nj\u00eb num\u00ebr i konsiderush\u00ebm i femrave jan\u00eb t\u00eb frustruara dhe psiqikisht t\u00eb ngarkuara p\u00ebr shkak t\u00eb papun\u00ebsis\u00eb dhe kushteve t\u00eb r\u00ebnda ekonomike.<\/p>\n<p>Periudha e tranzicionit, e filluar nga vitet e \u201990- ta, plot kriz\u00eb sociale, ndikon negativisht n\u00eb fitoret tashm\u00eb t\u00eb arritura mbi barazin\u00eb gjinore.\u00a0\u00a0Vendet n\u00eb tranzicion i ndjejn\u00eb v\u00ebsht\u00ebrsit\u00eb e shoq\u00ebris\u00eb dhe ndikimin e tyre n\u00eb jet\u00ebn e p\u00ebrditshme, t\u00eb cilat n\u00eb m\u00ebnyr\u00eb direkte ndikojn\u00eb n\u00eb pozit\u00ebn e femr\u00ebs n\u00eb shoq\u00ebri.\u00a0Meq\u00eb varshm\u00ebria ekonomike \u00e7on drejt varshm\u00ebris\u00eb shpirt\u00ebrore dhe drejt rob\u00ebris\u00eb, ajo ndikon drejtp\u00ebrs\u00ebdrejti n\u00eb regjenerimin e tradit\u00ebs sipas s\u00eb cil\u00ebs \u2018mashkulli \u00ebsht\u00eb kujdestari dhe themeli i familjes.\u00a0Femra keqp\u00ebrdoret n\u00eb \u00e7do m\u00ebnyr\u00eb, degradohet personaliteti i saj sepse tani asaj i ofrohen profesione ku ajo m\u00eb s\u00eb shumti sh\u00ebrben si dekor i jasht\u00ebm e jo si individ me aft\u00ebsi intelektuale.\u00a0\u00a0Koha e tranzicionit gjithashtu \u00ebsht\u00eb periudh\u00eb kur zhvillohen beteja p\u00ebr t\u2019u plot\u00ebsuar standardet evropiane n\u00eb raportet nd\u00ebrnjer\u00ebzore dhe nd\u00ebretnike. N\u00eb p\u00ebrpjekjet e tejkalimit t\u00eb traditave t\u00eb ballkanizmit dhe instalimit t\u00eb standardeve moderne evropiane duhet t\u2019i jipet r\u00ebnd\u00ebsi e ve\u00e7ant\u00eb barazis\u00eb\u00a0\u00a0gjinore.<\/p>\n<p>Duke u gjindur n\u00eb udh\u00ebkryqin e dy dimenzioneve kohore t\u00eb pozites aktuale t\u00eb gruas shqiptare, shtrohet pyetja se deri n\u00eb cil\u00ebn shkall\u00eb ajo identifikohet me k\u00ebt\u00eb aktualitet, dhe deri n\u00eb cil\u00ebn shkall\u00eb ajo arrin ta tejkaloj\u00eb pozit\u00ebn t\u00eb cil\u00ebn asaj ia kan\u00eb imponuar paragjykimet. Rajonet e ndryshme tregojn\u00eb nivele t\u00eb ndryshme t\u00eb perparimit t\u00eb pozit\u00ebs s\u00eb femr\u00ebs s\u00eb sotme shqiptare, forma dhe m\u00ebnyra t\u00eb ndryshme p\u00ebr t\u2019iu kund\u00ebrv\u00ebne normave t\u00eb imponuara t\u00eb tradit\u00ebs patriarkale. Dhe \u00e7do hap n\u00eb tejkalimin e tradit\u00ebs \u00ebsht\u00eb hap drejt modernizimit, i cili tani, ne er\u00ebn e telekomunikimit masiv ka mund\u00ebsi t\u00eb pakufizuar p\u00ebr t\u00eb pasur ndikim n\u00eb hapsira m\u00eb t\u00eb gjera gjeografike.\u00a0\u00a0\u00c7do hap p\u00ebr t\u00eb tejkaluar normat patriarkale \u00ebsht\u00eb p\u00ebrpjekje p\u00ebr t\u00eb ngritur lart vlerat dhe traditat e kombit p\u00ebr nj\u00eb bash\u00ebjetes\u00eb n\u00eb etni dhe integrim n\u00eb hapsir\u00ebn evropiane. \u00c7do hap p\u00ebr t\u00eb tejkaluar traditat e prapambetura \u00ebsht\u00eb hap drejt modernizimit. E modernizimi tanim\u00eb p\u00ebrgjithmon\u00eb ka fshir\u00eb nga \u201cLibri mbi gruan\u201d fjal\u00ebt \u00a0IDENTITETI I VJEDHUR.<\/p>\n<p>N\u00eb mbyllje t\u00eb fjal\u00ebs time, duke shpresuar t\u00eb kem p\u00ebrcjell\u00eb gjith\u00eb falenderimin tim p\u00ebr pranin\u00eb tuaj n\u00eb sall\u00eb, i uroj k\u00ebtij Kuvend \u00a0pun\u00eb t\u00eb mbar\u00eb; fol\u00ebsve \u00a0t\u00eb nderuara suksese; dhe t\u00eb gjith\u00ebve s\u00eb bashku nj\u00eb q\u00ebndrim t\u00eb k\u00ebndsh\u00ebm n\u00eb qytetin e bukur t\u00eb Preshev\u00ebs.<\/p>\n<p><strong>Autorja \u00ebsht\u00eb n\u00eb kryesi t\u00eb deg\u00ebs s\u00eb Fondacionit \u201c<\/strong><strong>Nermin Vlora Falaschi&#8221;<\/strong><strong><\/strong><\/p>\n","protected":false},"excerpt":{"rendered":"<p>Nga Hatixhe Nelaj \u201cRoli dhe kontributi i gruas intelektuale shqiptare p\u00ebr gjat\u00eb historis\u00eb si faktor bashk\u00ebjetese n\u00eb etni dhe integrimi n\u00eb hap\u00ebsir\u00ebn evropiane\u201d ishte tema e Kuvendit\u00a0 mbar\u00ebkomb\u00ebtar t\u00eb Fondacionit Kulturor t\u00eb gruas shqiptare \u201cNermin Vlora Falaschi\u201d. -Mbreteresha Teuta, Shote Galica, N\u00ebn\u00eb Tereza, q\u00eb t\u00eb gjitha jan\u00eb gur\u00eb t\u00eb \u00e7muar t\u00eb renditur n\u00eb gjerdanin e [&hellip;]<\/p>\n","protected":false},"author":1,"featured_media":0,"comment_status":"open","ping_status":"closed","sticky":false,"template":"","format":"standard","meta":{"spay_email":"","jetpack_publicize_message":"","jetpack_is_tweetstorm":false,"jetpack_publicize_feature_enabled":true},"categories":[5],"tags":[16427,16429,5688,16428,200,18],"jetpack_publicize_connections":[],"yoast_head":"<!-- This site is optimized with the Yoast SEO plugin v19.1 - https:\/\/yoast.com\/wordpress\/plugins\/seo\/ -->\n<title>Diskutimi n\u00eb Kuvendin e IX t\u00eb gruas intelektuale shqiptare mbar\u00ebkomb\u00ebtare, n\u00eb organizim t\u00eb fondacionit &quot; Nermin Vlora Falaschi&quot; - Lajme nga Ulqini<\/title>\n<meta name=\"description\" content=\"Nga Hatixhe Nelaj \u201cRoli dhe kontributi i gruas intelektuale shqiptare p\u00ebr gjat\u00eb historis\u00eb si faktor bashk\u00ebjetese n\u00eb etni dhe integrimi n\u00eb hap\u00ebsir\u00ebn\" \/>\n<meta name=\"robots\" content=\"index, follow, max-snippet:-1, max-image-preview:large, max-video-preview:-1\" \/>\n<link rel=\"canonical\" href=\"https:\/\/www.visit-ulcinj.com\/blog\/2010\/11\/26\/diskutimi-ne-kuvendin-e-ix-te-gruas-intelektuale-shqiptare-mbarekombetare-ne-organizim-te-fondacionit-nermin-vlora-falaschi\/\" \/>\n<meta property=\"og:locale\" content=\"en_US\" \/>\n<meta property=\"og:type\" content=\"article\" \/>\n<meta property=\"og:title\" content=\"Diskutimi n\u00eb Kuvendin e IX t\u00eb gruas intelektuale shqiptare mbar\u00ebkomb\u00ebtare, n\u00eb organizim t\u00eb fondacionit &quot; Nermin Vlora Falaschi&quot; - Lajme nga Ulqini\" \/>\n<meta property=\"og:description\" content=\"Nga Hatixhe Nelaj \u201cRoli dhe kontributi i gruas intelektuale shqiptare p\u00ebr gjat\u00eb historis\u00eb si faktor bashk\u00ebjetese n\u00eb etni dhe integrimi n\u00eb hap\u00ebsir\u00ebn\" \/>\n<meta property=\"og:url\" content=\"https:\/\/www.visit-ulcinj.com\/blog\/2010\/11\/26\/diskutimi-ne-kuvendin-e-ix-te-gruas-intelektuale-shqiptare-mbarekombetare-ne-organizim-te-fondacionit-nermin-vlora-falaschi\/\" \/>\n<meta property=\"og:site_name\" content=\"Lajme nga Ulqini\" \/>\n<meta property=\"article:published_time\" content=\"2010-11-26T08:53:16+00:00\" \/>\n<meta property=\"og:image\" content=\"http:\/\/www.visit-ulcinj.com\/blog\/wp-content\/uploads\/2010\/11\/Hatixhe-Nelaj_Ulqin_.jpg\" \/>\n<meta name=\"twitter:label1\" content=\"Written by\" \/>\n\t<meta name=\"twitter:data1\" content=\"ulqini\" \/>\n\t<meta name=\"twitter:label2\" content=\"Est. reading time\" \/>\n\t<meta name=\"twitter:data2\" content=\"6 minutes\" \/>\n<script type=\"application\/ld+json\" class=\"yoast-schema-graph\">{\"@context\":\"https:\/\/schema.org\",\"@graph\":[{\"@type\":\"WebSite\",\"@id\":\"https:\/\/www.visit-ulcinj.com\/blog\/#website\",\"url\":\"https:\/\/www.visit-ulcinj.com\/blog\/\",\"name\":\"Lajme nga Ulqini\",\"description\":\"Lajme,Vijesti,Ulqini,Ulqin,Crna Gora,Mali i Zi\",\"potentialAction\":[{\"@type\":\"SearchAction\",\"target\":{\"@type\":\"EntryPoint\",\"urlTemplate\":\"https:\/\/www.visit-ulcinj.com\/blog\/?s={search_term_string}\"},\"query-input\":\"required name=search_term_string\"}],\"inLanguage\":\"en-US\"},{\"@type\":\"ImageObject\",\"inLanguage\":\"en-US\",\"@id\":\"https:\/\/www.visit-ulcinj.com\/blog\/2010\/11\/26\/diskutimi-ne-kuvendin-e-ix-te-gruas-intelektuale-shqiptare-mbarekombetare-ne-organizim-te-fondacionit-nermin-vlora-falaschi\/#primaryimage\",\"url\":\"https:\/\/www.visit-ulcinj.com\/blog\/wp-content\/uploads\/2010\/11\/Hatixhe-Nelaj_Ulqin_.jpg\",\"contentUrl\":\"https:\/\/www.visit-ulcinj.com\/blog\/wp-content\/uploads\/2010\/11\/Hatixhe-Nelaj_Ulqin_.jpg\",\"width\":\"1092\",\"height\":\"819\"},{\"@type\":\"WebPage\",\"@id\":\"https:\/\/www.visit-ulcinj.com\/blog\/2010\/11\/26\/diskutimi-ne-kuvendin-e-ix-te-gruas-intelektuale-shqiptare-mbarekombetare-ne-organizim-te-fondacionit-nermin-vlora-falaschi\/#webpage\",\"url\":\"https:\/\/www.visit-ulcinj.com\/blog\/2010\/11\/26\/diskutimi-ne-kuvendin-e-ix-te-gruas-intelektuale-shqiptare-mbarekombetare-ne-organizim-te-fondacionit-nermin-vlora-falaschi\/\",\"name\":\"Diskutimi n\u00eb Kuvendin e IX t\u00eb gruas intelektuale shqiptare mbar\u00ebkomb\u00ebtare, n\u00eb organizim t\u00eb fondacionit \\\" Nermin Vlora Falaschi\\\" - Lajme nga Ulqini\",\"isPartOf\":{\"@id\":\"https:\/\/www.visit-ulcinj.com\/blog\/#website\"},\"primaryImageOfPage\":{\"@id\":\"https:\/\/www.visit-ulcinj.com\/blog\/2010\/11\/26\/diskutimi-ne-kuvendin-e-ix-te-gruas-intelektuale-shqiptare-mbarekombetare-ne-organizim-te-fondacionit-nermin-vlora-falaschi\/#primaryimage\"},\"datePublished\":\"2010-11-26T08:53:16+00:00\",\"dateModified\":\"2010-11-26T08:53:16+00:00\",\"author\":{\"@id\":\"https:\/\/www.visit-ulcinj.com\/blog\/#\/schema\/person\/dcab619c614d3038751c63bc2aadc06d\"},\"description\":\"Nga Hatixhe Nelaj \u201cRoli dhe kontributi i gruas intelektuale shqiptare p\u00ebr gjat\u00eb historis\u00eb si faktor bashk\u00ebjetese n\u00eb etni dhe integrimi n\u00eb hap\u00ebsir\u00ebn\",\"breadcrumb\":{\"@id\":\"https:\/\/www.visit-ulcinj.com\/blog\/2010\/11\/26\/diskutimi-ne-kuvendin-e-ix-te-gruas-intelektuale-shqiptare-mbarekombetare-ne-organizim-te-fondacionit-nermin-vlora-falaschi\/#breadcrumb\"},\"inLanguage\":\"en-US\",\"potentialAction\":[{\"@type\":\"ReadAction\",\"target\":[\"https:\/\/www.visit-ulcinj.com\/blog\/2010\/11\/26\/diskutimi-ne-kuvendin-e-ix-te-gruas-intelektuale-shqiptare-mbarekombetare-ne-organizim-te-fondacionit-nermin-vlora-falaschi\/\"]}]},{\"@type\":\"BreadcrumbList\",\"@id\":\"https:\/\/www.visit-ulcinj.com\/blog\/2010\/11\/26\/diskutimi-ne-kuvendin-e-ix-te-gruas-intelektuale-shqiptare-mbarekombetare-ne-organizim-te-fondacionit-nermin-vlora-falaschi\/#breadcrumb\",\"itemListElement\":[{\"@type\":\"ListItem\",\"position\":1,\"name\":\"Diskutimi n\u00eb Kuvendin e IX t\u00eb gruas intelektuale shqiptare mbar\u00ebkomb\u00ebtare, n\u00eb organizim t\u00eb fondacionit &#8221; Nermin Vlora Falaschi&#8221;\"}]},{\"@type\":\"Person\",\"@id\":\"https:\/\/www.visit-ulcinj.com\/blog\/#\/schema\/person\/dcab619c614d3038751c63bc2aadc06d\",\"name\":\"ulqini\",\"sameAs\":[\"http:\/\/www.visit-ulcinj.com\"],\"url\":\"https:\/\/www.visit-ulcinj.com\/blog\/author\/admin\/\"}]}<\/script>\n<!-- \/ Yoast SEO plugin. -->","yoast_head_json":{"title":"Diskutimi n\u00eb Kuvendin e IX t\u00eb gruas intelektuale shqiptare mbar\u00ebkomb\u00ebtare, n\u00eb organizim t\u00eb fondacionit \" Nermin Vlora Falaschi\" - Lajme nga Ulqini","description":"Nga Hatixhe Nelaj \u201cRoli dhe kontributi i gruas intelektuale shqiptare p\u00ebr gjat\u00eb historis\u00eb si faktor bashk\u00ebjetese n\u00eb etni dhe integrimi n\u00eb hap\u00ebsir\u00ebn","robots":{"index":"index","follow":"follow","max-snippet":"max-snippet:-1","max-image-preview":"max-image-preview:large","max-video-preview":"max-video-preview:-1"},"canonical":"https:\/\/www.visit-ulcinj.com\/blog\/2010\/11\/26\/diskutimi-ne-kuvendin-e-ix-te-gruas-intelektuale-shqiptare-mbarekombetare-ne-organizim-te-fondacionit-nermin-vlora-falaschi\/","og_locale":"en_US","og_type":"article","og_title":"Diskutimi n\u00eb Kuvendin e IX t\u00eb gruas intelektuale shqiptare mbar\u00ebkomb\u00ebtare, n\u00eb organizim t\u00eb fondacionit \" Nermin Vlora Falaschi\" - Lajme nga Ulqini","og_description":"Nga Hatixhe Nelaj \u201cRoli dhe kontributi i gruas intelektuale shqiptare p\u00ebr gjat\u00eb historis\u00eb si faktor bashk\u00ebjetese n\u00eb etni dhe integrimi n\u00eb hap\u00ebsir\u00ebn","og_url":"https:\/\/www.visit-ulcinj.com\/blog\/2010\/11\/26\/diskutimi-ne-kuvendin-e-ix-te-gruas-intelektuale-shqiptare-mbarekombetare-ne-organizim-te-fondacionit-nermin-vlora-falaschi\/","og_site_name":"Lajme nga Ulqini","article_published_time":"2010-11-26T08:53:16+00:00","og_image":[{"url":"http:\/\/www.visit-ulcinj.com\/blog\/wp-content\/uploads\/2010\/11\/Hatixhe-Nelaj_Ulqin_.jpg"}],"twitter_misc":{"Written by":"ulqini","Est. reading time":"6 minutes"},"schema":{"@context":"https:\/\/schema.org","@graph":[{"@type":"WebSite","@id":"https:\/\/www.visit-ulcinj.com\/blog\/#website","url":"https:\/\/www.visit-ulcinj.com\/blog\/","name":"Lajme nga Ulqini","description":"Lajme,Vijesti,Ulqini,Ulqin,Crna Gora,Mali i Zi","potentialAction":[{"@type":"SearchAction","target":{"@type":"EntryPoint","urlTemplate":"https:\/\/www.visit-ulcinj.com\/blog\/?s={search_term_string}"},"query-input":"required name=search_term_string"}],"inLanguage":"en-US"},{"@type":"ImageObject","inLanguage":"en-US","@id":"https:\/\/www.visit-ulcinj.com\/blog\/2010\/11\/26\/diskutimi-ne-kuvendin-e-ix-te-gruas-intelektuale-shqiptare-mbarekombetare-ne-organizim-te-fondacionit-nermin-vlora-falaschi\/#primaryimage","url":"https:\/\/www.visit-ulcinj.com\/blog\/wp-content\/uploads\/2010\/11\/Hatixhe-Nelaj_Ulqin_.jpg","contentUrl":"https:\/\/www.visit-ulcinj.com\/blog\/wp-content\/uploads\/2010\/11\/Hatixhe-Nelaj_Ulqin_.jpg","width":"1092","height":"819"},{"@type":"WebPage","@id":"https:\/\/www.visit-ulcinj.com\/blog\/2010\/11\/26\/diskutimi-ne-kuvendin-e-ix-te-gruas-intelektuale-shqiptare-mbarekombetare-ne-organizim-te-fondacionit-nermin-vlora-falaschi\/#webpage","url":"https:\/\/www.visit-ulcinj.com\/blog\/2010\/11\/26\/diskutimi-ne-kuvendin-e-ix-te-gruas-intelektuale-shqiptare-mbarekombetare-ne-organizim-te-fondacionit-nermin-vlora-falaschi\/","name":"Diskutimi n\u00eb Kuvendin e IX t\u00eb gruas intelektuale shqiptare mbar\u00ebkomb\u00ebtare, n\u00eb organizim t\u00eb fondacionit \" Nermin Vlora Falaschi\" - Lajme nga Ulqini","isPartOf":{"@id":"https:\/\/www.visit-ulcinj.com\/blog\/#website"},"primaryImageOfPage":{"@id":"https:\/\/www.visit-ulcinj.com\/blog\/2010\/11\/26\/diskutimi-ne-kuvendin-e-ix-te-gruas-intelektuale-shqiptare-mbarekombetare-ne-organizim-te-fondacionit-nermin-vlora-falaschi\/#primaryimage"},"datePublished":"2010-11-26T08:53:16+00:00","dateModified":"2010-11-26T08:53:16+00:00","author":{"@id":"https:\/\/www.visit-ulcinj.com\/blog\/#\/schema\/person\/dcab619c614d3038751c63bc2aadc06d"},"description":"Nga Hatixhe Nelaj \u201cRoli dhe kontributi i gruas intelektuale shqiptare p\u00ebr gjat\u00eb historis\u00eb si faktor bashk\u00ebjetese n\u00eb etni dhe integrimi n\u00eb hap\u00ebsir\u00ebn","breadcrumb":{"@id":"https:\/\/www.visit-ulcinj.com\/blog\/2010\/11\/26\/diskutimi-ne-kuvendin-e-ix-te-gruas-intelektuale-shqiptare-mbarekombetare-ne-organizim-te-fondacionit-nermin-vlora-falaschi\/#breadcrumb"},"inLanguage":"en-US","potentialAction":[{"@type":"ReadAction","target":["https:\/\/www.visit-ulcinj.com\/blog\/2010\/11\/26\/diskutimi-ne-kuvendin-e-ix-te-gruas-intelektuale-shqiptare-mbarekombetare-ne-organizim-te-fondacionit-nermin-vlora-falaschi\/"]}]},{"@type":"BreadcrumbList","@id":"https:\/\/www.visit-ulcinj.com\/blog\/2010\/11\/26\/diskutimi-ne-kuvendin-e-ix-te-gruas-intelektuale-shqiptare-mbarekombetare-ne-organizim-te-fondacionit-nermin-vlora-falaschi\/#breadcrumb","itemListElement":[{"@type":"ListItem","position":1,"name":"Diskutimi n\u00eb Kuvendin e IX t\u00eb gruas intelektuale shqiptare mbar\u00ebkomb\u00ebtare, n\u00eb organizim t\u00eb fondacionit &#8221; Nermin Vlora Falaschi&#8221;"}]},{"@type":"Person","@id":"https:\/\/www.visit-ulcinj.com\/blog\/#\/schema\/person\/dcab619c614d3038751c63bc2aadc06d","name":"ulqini","sameAs":["http:\/\/www.visit-ulcinj.com"],"url":"https:\/\/www.visit-ulcinj.com\/blog\/author\/admin\/"}]}},"jetpack_featured_media_url":"","jetpack_sharing_enabled":true,"jetpack_shortlink":"https:\/\/wp.me\/pe6lTn-arn","_links":{"self":[{"href":"https:\/\/www.visit-ulcinj.com\/blog\/wp-json\/wp\/v2\/posts\/40137"}],"collection":[{"href":"https:\/\/www.visit-ulcinj.com\/blog\/wp-json\/wp\/v2\/posts"}],"about":[{"href":"https:\/\/www.visit-ulcinj.com\/blog\/wp-json\/wp\/v2\/types\/post"}],"author":[{"embeddable":true,"href":"https:\/\/www.visit-ulcinj.com\/blog\/wp-json\/wp\/v2\/users\/1"}],"replies":[{"embeddable":true,"href":"https:\/\/www.visit-ulcinj.com\/blog\/wp-json\/wp\/v2\/comments?post=40137"}],"version-history":[{"count":0,"href":"https:\/\/www.visit-ulcinj.com\/blog\/wp-json\/wp\/v2\/posts\/40137\/revisions"}],"wp:attachment":[{"href":"https:\/\/www.visit-ulcinj.com\/blog\/wp-json\/wp\/v2\/media?parent=40137"}],"wp:term":[{"taxonomy":"category","embeddable":true,"href":"https:\/\/www.visit-ulcinj.com\/blog\/wp-json\/wp\/v2\/categories?post=40137"},{"taxonomy":"post_tag","embeddable":true,"href":"https:\/\/www.visit-ulcinj.com\/blog\/wp-json\/wp\/v2\/tags?post=40137"}],"curies":[{"name":"wp","href":"https:\/\/api.w.org\/{rel}","templated":true}]}}