{"id":40141,"date":"2010-11-26T10:12:00","date_gmt":"2010-11-26T09:12:00","guid":{"rendered":"http:\/\/www.visit-ulcinj.com\/blog\/?p=40141"},"modified":"2010-11-26T10:12:00","modified_gmt":"2010-11-26T09:12:00","slug":"mund-te-perseriten-permbytjet-e-janarit","status":"publish","type":"post","link":"https:\/\/www.visit-ulcinj.com\/blog\/2010\/11\/26\/mund-te-perseriten-permbytjet-e-janarit\/","title":{"rendered":"Mund t\u00eb p\u00ebrs\u00ebriten p\u00ebrmbytjet e janarit"},"content":{"rendered":"<p><a href=\"http:\/\/www.visit-ulcinj.com\/blog\/wp-content\/uploads\/2010\/11\/Permbytjet-ne-Bune_Ulqin.jpg\"><img loading=\"lazy\" class=\"alignleft size-full wp-image-40142\" title=\"Permbytjet ne Bune_Ulqin\" src=\"http:\/\/www.visit-ulcinj.com\/blog\/wp-content\/uploads\/2010\/11\/Permbytjet-ne-Bune_Ulqin.jpg\" alt=\"\" width=\"490\" height=\"390\" \/><\/a>Moti i lig q\u00eb \u00ebsht\u00eb duke mbizot\u00ebruar k\u00ebto dit\u00eb ka shkatuar edhe problem t\u00eb shumta vendbanimeve p\u00ebrgjat\u00eb lumit Buna.Pik\u00ebrisht fshati Bore \u00ebsht\u00eb total i izoluar dhe atje mund t\u00eb shkohet vet\u00ebm me makina t\u00eb r\u00ebnda,nd\u00ebrkaq n\u00eb Fraskanjel niveli i lumit Buna nga ora n\u00eb or\u00eb ndryshon, k\u00ebshtu q\u00eb edhe k\u00ebtu egziston mund\u00ebsia p\u00ebr p\u00ebrs\u00ebritjen e p\u00ebrmbytjeve t\u00eb janarit.I rrezikuar \u00ebsht\u00eb edhe fshati Shtod\u00ebr dhe Re\u00e7,si dhe sht\u00ebpizat n\u00eb ishullin Ada.<\/p>\n<p>Nga an\u00ebtari i Shtabit t\u00eb emergjenc\u00ebs n\u00eb Ulqin Flamur Sella m\u00ebsojm\u00eb se akoma nuk ka nevoj\u00eb p\u00ebr pakin,por paralajm\u00ebroi se kat\u00ebr,pes\u00eb dit\u00ebt n\u00eb vijim jan\u00eb shum\u00eb kritike.\u201dN\u00ebse bazohemi n\u00eb t\u00eb dh\u00ebnat e sh\u00ebrbimit sinopik se k\u00ebto dit\u00eb do t\u00eb kemi t\u00eb reshura shum\u00eb t\u00eb dendura,at\u00ebher\u00eb \u00a0k\u00ebrcnohet rreziku t\u00eb kemi p\u00ebrs\u00ebri\u00a0 gjendjen si \u00a0n\u00eb janar t\u00eb k\u00ebtij viti.Lumi Buna ka dal\u00eb n\u00eb disa vende nga shtrati,por p\u00ebr momentin akoma \u00ebsht\u00eb larg pik\u00ebs kritike,dekraloi Sella ,duke n\u00ebnvizuar se k\u00ebrc\u00ebnimi m\u00eb i madh kanoset nga digat e Shqip\u00ebris\u00eb,t\u00eb cilat dje i kan\u00eb l\u00ebshuar.\u201d<\/p>\n<p>Ai po ashtu shtoi se Shtabi I Em\u00ebrgjenc\u00ebs \u00ebsht\u00eb duke e p\u00ebrcjellur situat\u00ebn n\u00eb terren dhe duke mbajtur komunikim edhe me pal\u00ebn shqiptare.<\/p>\n<p><strong>Ulqin 25.11.20010<br \/>\nNga Hatixhe Nelaj<br \/>\n<!--YouTube Error: bad URL entered--><\/strong><\/p>\n","protected":false},"excerpt":{"rendered":"<p>Moti i lig q\u00eb \u00ebsht\u00eb duke mbizot\u00ebruar k\u00ebto dit\u00eb ka shkatuar edhe problem t\u00eb shumta vendbanimeve p\u00ebrgjat\u00eb lumit Buna.Pik\u00ebrisht fshati Bore \u00ebsht\u00eb total i izoluar dhe atje mund t\u00eb shkohet vet\u00ebm me makina t\u00eb r\u00ebnda,nd\u00ebrkaq n\u00eb Fraskanjel niveli i lumit Buna nga ora n\u00eb or\u00eb ndryshon, k\u00ebshtu q\u00eb edhe k\u00ebtu egziston mund\u00ebsia p\u00ebr p\u00ebrs\u00ebritjen e [&hellip;]<\/p>\n","protected":false},"author":1,"featured_media":0,"comment_status":"open","ping_status":"closed","sticky":false,"template":"","format":"standard","meta":{"spay_email":"","jetpack_publicize_message":"","jetpack_is_tweetstorm":false,"jetpack_publicize_feature_enabled":true},"categories":[1],"tags":[509,11859,13198,11648,16430],"jetpack_publicize_connections":[],"yoast_head":"<!-- This site is optimized with the Yoast SEO plugin v19.1 - https:\/\/yoast.com\/wordpress\/plugins\/seo\/ -->\n<title>Mund t\u00eb p\u00ebrs\u00ebriten p\u00ebrmbytjet e janarit - Lajme nga Ulqini<\/title>\n<meta name=\"description\" content=\"Moti i lig q\u00eb \u00ebsht\u00eb duke mbizot\u00ebruar k\u00ebto dit\u00eb ka shkatuar edhe problem t\u00eb shumta vendbanimeve p\u00ebrgjat\u00eb lumit Buna.Pik\u00ebrisht fshati Bore \u00ebsht\u00eb total i\" \/>\n<meta name=\"robots\" content=\"index, follow, max-snippet:-1, max-image-preview:large, max-video-preview:-1\" \/>\n<link rel=\"canonical\" href=\"https:\/\/www.visit-ulcinj.com\/blog\/2010\/11\/26\/mund-te-perseriten-permbytjet-e-janarit\/\" \/>\n<meta property=\"og:locale\" content=\"en_US\" \/>\n<meta property=\"og:type\" content=\"article\" \/>\n<meta property=\"og:title\" content=\"Mund t\u00eb p\u00ebrs\u00ebriten p\u00ebrmbytjet e janarit - Lajme nga Ulqini\" \/>\n<meta property=\"og:description\" content=\"Moti i lig q\u00eb \u00ebsht\u00eb duke mbizot\u00ebruar k\u00ebto dit\u00eb ka shkatuar edhe problem t\u00eb shumta vendbanimeve p\u00ebrgjat\u00eb lumit Buna.Pik\u00ebrisht fshati Bore \u00ebsht\u00eb total i\" \/>\n<meta property=\"og:url\" content=\"https:\/\/www.visit-ulcinj.com\/blog\/2010\/11\/26\/mund-te-perseriten-permbytjet-e-janarit\/\" \/>\n<meta property=\"og:site_name\" content=\"Lajme nga Ulqini\" \/>\n<meta property=\"article:published_time\" content=\"2010-11-26T09:12:00+00:00\" \/>\n<meta property=\"og:image\" content=\"http:\/\/www.visit-ulcinj.com\/blog\/wp-content\/uploads\/2010\/11\/Permbytjet-ne-Bune_Ulqin.jpg\" \/>\n<meta name=\"twitter:label1\" content=\"Written by\" \/>\n\t<meta name=\"twitter:data1\" content=\"ulqini\" \/>\n\t<meta name=\"twitter:label2\" content=\"Est. reading time\" \/>\n\t<meta name=\"twitter:data2\" content=\"1 minute\" \/>\n<script type=\"application\/ld+json\" class=\"yoast-schema-graph\">{\"@context\":\"https:\/\/schema.org\",\"@graph\":[{\"@type\":\"WebSite\",\"@id\":\"https:\/\/www.visit-ulcinj.com\/blog\/#website\",\"url\":\"https:\/\/www.visit-ulcinj.com\/blog\/\",\"name\":\"Lajme nga Ulqini\",\"description\":\"Lajme,Vijesti,Ulqini,Ulqin,Crna Gora,Mali i Zi\",\"potentialAction\":[{\"@type\":\"SearchAction\",\"target\":{\"@type\":\"EntryPoint\",\"urlTemplate\":\"https:\/\/www.visit-ulcinj.com\/blog\/?s={search_term_string}\"},\"query-input\":\"required name=search_term_string\"}],\"inLanguage\":\"en-US\"},{\"@type\":\"ImageObject\",\"inLanguage\":\"en-US\",\"@id\":\"https:\/\/www.visit-ulcinj.com\/blog\/2010\/11\/26\/mund-te-perseriten-permbytjet-e-janarit\/#primaryimage\",\"url\":\"https:\/\/www.visit-ulcinj.com\/blog\/wp-content\/uploads\/2010\/11\/Permbytjet-ne-Bune_Ulqin.jpg\",\"contentUrl\":\"https:\/\/www.visit-ulcinj.com\/blog\/wp-content\/uploads\/2010\/11\/Permbytjet-ne-Bune_Ulqin.jpg\",\"width\":\"800\",\"height\":\"600\"},{\"@type\":\"WebPage\",\"@id\":\"https:\/\/www.visit-ulcinj.com\/blog\/2010\/11\/26\/mund-te-perseriten-permbytjet-e-janarit\/#webpage\",\"url\":\"https:\/\/www.visit-ulcinj.com\/blog\/2010\/11\/26\/mund-te-perseriten-permbytjet-e-janarit\/\",\"name\":\"Mund t\u00eb p\u00ebrs\u00ebriten p\u00ebrmbytjet e janarit - Lajme nga Ulqini\",\"isPartOf\":{\"@id\":\"https:\/\/www.visit-ulcinj.com\/blog\/#website\"},\"primaryImageOfPage\":{\"@id\":\"https:\/\/www.visit-ulcinj.com\/blog\/2010\/11\/26\/mund-te-perseriten-permbytjet-e-janarit\/#primaryimage\"},\"datePublished\":\"2010-11-26T09:12:00+00:00\",\"dateModified\":\"2010-11-26T09:12:00+00:00\",\"author\":{\"@id\":\"https:\/\/www.visit-ulcinj.com\/blog\/#\/schema\/person\/dcab619c614d3038751c63bc2aadc06d\"},\"description\":\"Moti i lig q\u00eb \u00ebsht\u00eb duke mbizot\u00ebruar k\u00ebto dit\u00eb ka shkatuar edhe problem t\u00eb shumta vendbanimeve p\u00ebrgjat\u00eb lumit Buna.Pik\u00ebrisht fshati Bore \u00ebsht\u00eb total i\",\"breadcrumb\":{\"@id\":\"https:\/\/www.visit-ulcinj.com\/blog\/2010\/11\/26\/mund-te-perseriten-permbytjet-e-janarit\/#breadcrumb\"},\"inLanguage\":\"en-US\",\"potentialAction\":[{\"@type\":\"ReadAction\",\"target\":[\"https:\/\/www.visit-ulcinj.com\/blog\/2010\/11\/26\/mund-te-perseriten-permbytjet-e-janarit\/\"]}]},{\"@type\":\"BreadcrumbList\",\"@id\":\"https:\/\/www.visit-ulcinj.com\/blog\/2010\/11\/26\/mund-te-perseriten-permbytjet-e-janarit\/#breadcrumb\",\"itemListElement\":[{\"@type\":\"ListItem\",\"position\":1,\"name\":\"Mund t\u00eb p\u00ebrs\u00ebriten p\u00ebrmbytjet e janarit\"}]},{\"@type\":\"Person\",\"@id\":\"https:\/\/www.visit-ulcinj.com\/blog\/#\/schema\/person\/dcab619c614d3038751c63bc2aadc06d\",\"name\":\"ulqini\",\"sameAs\":[\"http:\/\/www.visit-ulcinj.com\"],\"url\":\"https:\/\/www.visit-ulcinj.com\/blog\/author\/admin\/\"}]}<\/script>\n<!-- \/ Yoast SEO plugin. -->","yoast_head_json":{"title":"Mund t\u00eb p\u00ebrs\u00ebriten p\u00ebrmbytjet e janarit - Lajme nga Ulqini","description":"Moti i lig q\u00eb \u00ebsht\u00eb duke mbizot\u00ebruar k\u00ebto dit\u00eb ka shkatuar edhe problem t\u00eb shumta vendbanimeve p\u00ebrgjat\u00eb lumit Buna.Pik\u00ebrisht fshati Bore \u00ebsht\u00eb total i","robots":{"index":"index","follow":"follow","max-snippet":"max-snippet:-1","max-image-preview":"max-image-preview:large","max-video-preview":"max-video-preview:-1"},"canonical":"https:\/\/www.visit-ulcinj.com\/blog\/2010\/11\/26\/mund-te-perseriten-permbytjet-e-janarit\/","og_locale":"en_US","og_type":"article","og_title":"Mund t\u00eb p\u00ebrs\u00ebriten p\u00ebrmbytjet e janarit - Lajme nga Ulqini","og_description":"Moti i lig q\u00eb \u00ebsht\u00eb duke mbizot\u00ebruar k\u00ebto dit\u00eb ka shkatuar edhe problem t\u00eb shumta vendbanimeve p\u00ebrgjat\u00eb lumit Buna.Pik\u00ebrisht fshati Bore \u00ebsht\u00eb total i","og_url":"https:\/\/www.visit-ulcinj.com\/blog\/2010\/11\/26\/mund-te-perseriten-permbytjet-e-janarit\/","og_site_name":"Lajme nga Ulqini","article_published_time":"2010-11-26T09:12:00+00:00","og_image":[{"url":"http:\/\/www.visit-ulcinj.com\/blog\/wp-content\/uploads\/2010\/11\/Permbytjet-ne-Bune_Ulqin.jpg"}],"twitter_misc":{"Written by":"ulqini","Est. reading time":"1 minute"},"schema":{"@context":"https:\/\/schema.org","@graph":[{"@type":"WebSite","@id":"https:\/\/www.visit-ulcinj.com\/blog\/#website","url":"https:\/\/www.visit-ulcinj.com\/blog\/","name":"Lajme nga Ulqini","description":"Lajme,Vijesti,Ulqini,Ulqin,Crna Gora,Mali i Zi","potentialAction":[{"@type":"SearchAction","target":{"@type":"EntryPoint","urlTemplate":"https:\/\/www.visit-ulcinj.com\/blog\/?s={search_term_string}"},"query-input":"required name=search_term_string"}],"inLanguage":"en-US"},{"@type":"ImageObject","inLanguage":"en-US","@id":"https:\/\/www.visit-ulcinj.com\/blog\/2010\/11\/26\/mund-te-perseriten-permbytjet-e-janarit\/#primaryimage","url":"https:\/\/www.visit-ulcinj.com\/blog\/wp-content\/uploads\/2010\/11\/Permbytjet-ne-Bune_Ulqin.jpg","contentUrl":"https:\/\/www.visit-ulcinj.com\/blog\/wp-content\/uploads\/2010\/11\/Permbytjet-ne-Bune_Ulqin.jpg","width":"800","height":"600"},{"@type":"WebPage","@id":"https:\/\/www.visit-ulcinj.com\/blog\/2010\/11\/26\/mund-te-perseriten-permbytjet-e-janarit\/#webpage","url":"https:\/\/www.visit-ulcinj.com\/blog\/2010\/11\/26\/mund-te-perseriten-permbytjet-e-janarit\/","name":"Mund t\u00eb p\u00ebrs\u00ebriten p\u00ebrmbytjet e janarit - Lajme nga Ulqini","isPartOf":{"@id":"https:\/\/www.visit-ulcinj.com\/blog\/#website"},"primaryImageOfPage":{"@id":"https:\/\/www.visit-ulcinj.com\/blog\/2010\/11\/26\/mund-te-perseriten-permbytjet-e-janarit\/#primaryimage"},"datePublished":"2010-11-26T09:12:00+00:00","dateModified":"2010-11-26T09:12:00+00:00","author":{"@id":"https:\/\/www.visit-ulcinj.com\/blog\/#\/schema\/person\/dcab619c614d3038751c63bc2aadc06d"},"description":"Moti i lig q\u00eb \u00ebsht\u00eb duke mbizot\u00ebruar k\u00ebto dit\u00eb ka shkatuar edhe problem t\u00eb shumta vendbanimeve p\u00ebrgjat\u00eb lumit Buna.Pik\u00ebrisht fshati Bore \u00ebsht\u00eb total i","breadcrumb":{"@id":"https:\/\/www.visit-ulcinj.com\/blog\/2010\/11\/26\/mund-te-perseriten-permbytjet-e-janarit\/#breadcrumb"},"inLanguage":"en-US","potentialAction":[{"@type":"ReadAction","target":["https:\/\/www.visit-ulcinj.com\/blog\/2010\/11\/26\/mund-te-perseriten-permbytjet-e-janarit\/"]}]},{"@type":"BreadcrumbList","@id":"https:\/\/www.visit-ulcinj.com\/blog\/2010\/11\/26\/mund-te-perseriten-permbytjet-e-janarit\/#breadcrumb","itemListElement":[{"@type":"ListItem","position":1,"name":"Mund t\u00eb p\u00ebrs\u00ebriten p\u00ebrmbytjet e janarit"}]},{"@type":"Person","@id":"https:\/\/www.visit-ulcinj.com\/blog\/#\/schema\/person\/dcab619c614d3038751c63bc2aadc06d","name":"ulqini","sameAs":["http:\/\/www.visit-ulcinj.com"],"url":"https:\/\/www.visit-ulcinj.com\/blog\/author\/admin\/"}]}},"jetpack_featured_media_url":"","jetpack_sharing_enabled":true,"jetpack_shortlink":"https:\/\/wp.me\/pe6lTn-arr","_links":{"self":[{"href":"https:\/\/www.visit-ulcinj.com\/blog\/wp-json\/wp\/v2\/posts\/40141"}],"collection":[{"href":"https:\/\/www.visit-ulcinj.com\/blog\/wp-json\/wp\/v2\/posts"}],"about":[{"href":"https:\/\/www.visit-ulcinj.com\/blog\/wp-json\/wp\/v2\/types\/post"}],"author":[{"embeddable":true,"href":"https:\/\/www.visit-ulcinj.com\/blog\/wp-json\/wp\/v2\/users\/1"}],"replies":[{"embeddable":true,"href":"https:\/\/www.visit-ulcinj.com\/blog\/wp-json\/wp\/v2\/comments?post=40141"}],"version-history":[{"count":0,"href":"https:\/\/www.visit-ulcinj.com\/blog\/wp-json\/wp\/v2\/posts\/40141\/revisions"}],"wp:attachment":[{"href":"https:\/\/www.visit-ulcinj.com\/blog\/wp-json\/wp\/v2\/media?parent=40141"}],"wp:term":[{"taxonomy":"category","embeddable":true,"href":"https:\/\/www.visit-ulcinj.com\/blog\/wp-json\/wp\/v2\/categories?post=40141"},{"taxonomy":"post_tag","embeddable":true,"href":"https:\/\/www.visit-ulcinj.com\/blog\/wp-json\/wp\/v2\/tags?post=40141"}],"curies":[{"name":"wp","href":"https:\/\/api.w.org\/{rel}","templated":true}]}}