{"id":40146,"date":"2010-11-26T12:09:25","date_gmt":"2010-11-26T11:09:25","guid":{"rendered":"http:\/\/www.visit-ulcinj.com\/blog\/?p=40146"},"modified":"2010-11-26T12:37:04","modified_gmt":"2010-11-26T11:37:04","slug":"perseriten-permbytjet-e-janarit-ne-viset-pergjate-bregut-te-lumit-buna","status":"publish","type":"post","link":"https:\/\/www.visit-ulcinj.com\/blog\/2010\/11\/26\/perseriten-permbytjet-e-janarit-ne-viset-pergjate-bregut-te-lumit-buna\/","title":{"rendered":"P\u00ebrs\u00ebriten p\u00ebrmbytjet e janarit n\u00eb viset p\u00ebrgjat\u00eb bregut t\u00eb lumit Buna &#8211; Video"},"content":{"rendered":"<p><a href=\"http:\/\/www.visit-ulcinj.com\/blog\/wp-content\/uploads\/2010\/11\/Permbytjet-ne-Bune_Ulqin.5.jpg\"><img loading=\"lazy\" class=\"alignleft size-full wp-image-40148\" title=\"Permbytjet ne Bune_Ulqin.5\" src=\"http:\/\/www.visit-ulcinj.com\/blog\/wp-content\/uploads\/2010\/11\/Permbytjet-ne-Bune_Ulqin.5.jpg\" alt=\"\" width=\"490\" height=\"260\" srcset=\"https:\/\/www.visit-ulcinj.com\/blog\/wp-content\/uploads\/2010\/11\/Permbytjet-ne-Bune_Ulqin.5.jpg 490w, https:\/\/www.visit-ulcinj.com\/blog\/wp-content\/uploads\/2010\/11\/Permbytjet-ne-Bune_Ulqin.5-300x159.jpg 300w\" sizes=\"(max-width: 490px) 100vw, 490px\" \/><\/a>T\u00eb reshurat e dendura q\u00eb kan\u00eb r\u00ebn\u00eb gjat\u00eb gjith\u00eb nates kan\u00eb p\u00ebrkeqsuar situat\u00ebn n\u00eb viset pran\u00eb bregut t\u00eb lumit Buna.Pik\u00ebrisht t\u00eb p\u00ebrmbytura jan\u00eb fshatrat Bore,Fraskanjel,Lis\u00ebn,ku mjet komunikimi\u00a0 me tok\u00ebn \u00ebsht\u00eb lundra.<\/p>\n<p>N\u00eb fshatin Bore uji ka hyr\u00eb n\u00eb disa sht\u00ebpi,aksi rrugor Bore-Sukubin\u00eb \u00ebsht\u00eb i bllokuar,e nj\u00ebjta situat \u00ebsht\u00eb edhe n\u00eb Fraskanjel dhe Lis\u00ebn ku kan\u00eb m\u00eb shum\u00eb d\u00ebme n\u00eb ekonomi.Skender Heba nga Fraskanjeli shprehet se \u00ebsht\u00eb shkatrruar \u00e7do gj\u00eb q\u00eb kan\u00eb mbjell dhe d\u00ebmet jan\u00eb tejet t\u00eb m\u00ebdha.Niveli i ujit arrin deri n\u00eb nj\u00eb met\u00ebr n\u00ebp\u00ebr fusha,nd\u00ebrkaq t\u00eb reshura m\u00eb t\u00eb dendura jan\u00eb paralajm\u00ebruar k\u00ebto tre kat\u00ebr dit\u00eb.<\/p>\n<p>Lulzim Nela nga fshati Bore shprehet se nga ora n\u00eb or\u00eb niveli i ujit \u00ebsht\u00eb m\u00eb i madh,\u201djemi t\u00eb izoluar total nga bota,t\u00eb vetmin mjet p\u00ebr qarkullim kemi lundr\u00ebn\u201d<\/p>\n<p>N\u00ebse vazhdojn\u00eb t\u00eb reshurat e shiut si\u00e7 jan\u00eb paralajm\u00ebruar do t\u00eb kemi nj\u00eb situat alarmante n\u00eb k\u00ebto vise.<\/p>\n<p><strong>26.11.2010<br \/>\nNga Hatixhe Nelaj<br \/>\nFotografi nga Arkiva<br \/>\n\n\t\t<style type=\"text\/css\">\n\t\t\t#gallery-1 {\n\t\t\t\tmargin: auto;\n\t\t\t}\n\t\t\t#gallery-1 .gallery-item {\n\t\t\t\tfloat: left;\n\t\t\t\tmargin-top: 10px;\n\t\t\t\ttext-align: center;\n\t\t\t\twidth: 33%;\n\t\t\t}\n\t\t\t#gallery-1 img {\n\t\t\t\tborder: 2px solid #cfcfcf;\n\t\t\t}\n\t\t\t#gallery-1 .gallery-caption {\n\t\t\t\tmargin-left: 0;\n\t\t\t}\n\t\t\t\/* see gallery_shortcode() in wp-includes\/media.php *\/\n\t\t<\/style>\n\t\t<div id='gallery-1' class='gallery galleryid-40146 gallery-columns-3 gallery-size-thumbnail'><dl class='gallery-item'>\n\t\t\t<dt class='gallery-icon landscape'>\n\t\t\t\t<a href='https:\/\/www.visit-ulcinj.com\/blog\/wp-content\/uploads\/2010\/11\/Permbytjet-ne-Bune_Ulqin.4.jpg'><img width=\"150\" height=\"150\" src=\"https:\/\/www.visit-ulcinj.com\/blog\/wp-content\/uploads\/2010\/11\/Permbytjet-ne-Bune_Ulqin.4-150x150.jpg\" class=\"attachment-thumbnail size-thumbnail\" alt=\"\" loading=\"lazy\" \/><\/a>\n\t\t\t<\/dt><\/dl><dl class='gallery-item'>\n\t\t\t<dt class='gallery-icon landscape'>\n\t\t\t\t<a href='https:\/\/www.visit-ulcinj.com\/blog\/wp-content\/uploads\/2010\/11\/Permbytjet-ne-Bune_Ulqin.5.jpg'><img width=\"150\" height=\"150\" src=\"https:\/\/www.visit-ulcinj.com\/blog\/wp-content\/uploads\/2010\/11\/Permbytjet-ne-Bune_Ulqin.5-150x150.jpg\" class=\"attachment-thumbnail size-thumbnail\" alt=\"\" loading=\"lazy\" \/><\/a>\n\t\t\t<\/dt><\/dl><dl class='gallery-item'>\n\t\t\t<dt class='gallery-icon landscape'>\n\t\t\t\t<a href='https:\/\/www.visit-ulcinj.com\/blog\/wp-content\/uploads\/2010\/11\/Permbytjet-ne-Bune_Ulqin.3.jpg'><img width=\"150\" height=\"150\" src=\"https:\/\/www.visit-ulcinj.com\/blog\/wp-content\/uploads\/2010\/11\/Permbytjet-ne-Bune_Ulqin.3-150x150.jpg\" class=\"attachment-thumbnail size-thumbnail\" alt=\"\" loading=\"lazy\" \/><\/a>\n\t\t\t<\/dt><\/dl><br style=\"clear: both\" \/><dl class='gallery-item'>\n\t\t\t<dt class='gallery-icon landscape'>\n\t\t\t\t<a href='https:\/\/www.visit-ulcinj.com\/blog\/wp-content\/uploads\/2010\/11\/Permbytjet-ne-Bune_Ulqin.2.jpg'><img width=\"150\" height=\"150\" src=\"https:\/\/www.visit-ulcinj.com\/blog\/wp-content\/uploads\/2010\/11\/Permbytjet-ne-Bune_Ulqin.2-150x150.jpg\" class=\"attachment-thumbnail size-thumbnail\" alt=\"\" loading=\"lazy\" \/><\/a>\n\t\t\t<\/dt><\/dl><dl class='gallery-item'>\n\t\t\t<dt class='gallery-icon landscape'>\n\t\t\t\t<a href='https:\/\/www.visit-ulcinj.com\/blog\/wp-content\/uploads\/2010\/11\/Permbytjet-ne-Bune_Ulqin.1.jpg'><img width=\"150\" height=\"150\" src=\"https:\/\/www.visit-ulcinj.com\/blog\/wp-content\/uploads\/2010\/11\/Permbytjet-ne-Bune_Ulqin.1-150x150.jpg\" class=\"attachment-thumbnail size-thumbnail\" alt=\"\" loading=\"lazy\" \/><\/a>\n\t\t\t<\/dt><\/dl><dl class='gallery-item'>\n\t\t\t<dt class='gallery-icon landscape'>\n\t\t\t\t<a href='https:\/\/www.visit-ulcinj.com\/blog\/wp-content\/uploads\/2010\/11\/Permbytjet-ne-Bune_Ulqin1.jpg'><img width=\"150\" height=\"150\" src=\"https:\/\/www.visit-ulcinj.com\/blog\/wp-content\/uploads\/2010\/11\/Permbytjet-ne-Bune_Ulqin1-150x150.jpg\" class=\"attachment-thumbnail size-thumbnail\" alt=\"\" loading=\"lazy\" \/><\/a>\n\t\t\t<\/dt><\/dl><br style=\"clear: both\" \/>\n\t\t<\/div>\n<br \/>\n[flv width=&#8221;490&#8243; height=&#8221;380&#8243;]http:\/\/video1.top-channel.tv\/18754796\/flv\/kronika\/OBOTI-UJE23.flv[\/flv]<\/p>\n","protected":false},"excerpt":{"rendered":"<p>T\u00eb reshurat e dendura q\u00eb kan\u00eb r\u00ebn\u00eb gjat\u00eb gjith\u00eb nates kan\u00eb p\u00ebrkeqsuar situat\u00ebn n\u00eb viset pran\u00eb bregut t\u00eb lumit Buna.Pik\u00ebrisht t\u00eb p\u00ebrmbytura jan\u00eb fshatrat Bore,Fraskanjel,Lis\u00ebn,ku mjet komunikimi\u00a0 me tok\u00ebn \u00ebsht\u00eb lundra. N\u00eb fshatin Bore uji ka hyr\u00eb n\u00eb disa sht\u00ebpi,aksi rrugor Bore-Sukubin\u00eb \u00ebsht\u00eb i bllokuar,e nj\u00ebjta situat \u00ebsht\u00eb edhe n\u00eb Fraskanjel dhe Lis\u00ebn ku kan\u00eb [&hellip;]<\/p>\n","protected":false},"author":1,"featured_media":0,"comment_status":"open","ping_status":"closed","sticky":false,"template":"","format":"standard","meta":{"spay_email":"","jetpack_publicize_message":"","jetpack_is_tweetstorm":false,"jetpack_publicize_feature_enabled":true},"categories":[1],"tags":[14351,3505,212,14352,14349,14353,3510,3502,14354,12340,14355,509,16216,14356,3516,14357,3511,11859,3504,14358,3220,16214,14359,3506,3499,14360,14361,3509,16210,16211,14362,14363,3507,14655,3717,3500,1762,4625,3228,14364,13230,3512,16212,95,14365,3227,14366,3513,14348,4642,3514,16430,14367,13217,13185,3501,14368,14369,14370,10472,2083,3231,14371,3617,16202,3508,14372,3503,14373,14374,3515,16215,3498,2800,15160,14375,200,18,16213,14376],"jetpack_publicize_connections":[],"yoast_head":"<!-- This site is optimized with the Yoast SEO plugin v19.1 - https:\/\/yoast.com\/wordpress\/plugins\/seo\/ -->\n<title>P\u00ebrs\u00ebriten p\u00ebrmbytjet e janarit n\u00eb viset p\u00ebrgjat\u00eb bregut t\u00eb lumit Buna - Video - Lajme nga Ulqini<\/title>\n<meta name=\"description\" content=\"T\u00eb reshurat e dendura q\u00eb kan\u00eb r\u00ebn\u00eb gjat\u00eb gjith\u00eb nates kan\u00eb p\u00ebrkeqsuar situat\u00ebn n\u00eb viset pran\u00eb bregut t\u00eb lumit Buna.Pik\u00ebrisht t\u00eb p\u00ebrmbytura jan\u00eb fshatrat\" \/>\n<meta name=\"robots\" content=\"index, follow, max-snippet:-1, max-image-preview:large, max-video-preview:-1\" \/>\n<link rel=\"canonical\" href=\"https:\/\/www.visit-ulcinj.com\/blog\/2010\/11\/26\/perseriten-permbytjet-e-janarit-ne-viset-pergjate-bregut-te-lumit-buna\/\" \/>\n<meta property=\"og:locale\" content=\"en_US\" \/>\n<meta property=\"og:type\" content=\"article\" \/>\n<meta property=\"og:title\" content=\"P\u00ebrs\u00ebriten p\u00ebrmbytjet e janarit n\u00eb viset p\u00ebrgjat\u00eb bregut t\u00eb lumit Buna - Video - Lajme nga Ulqini\" \/>\n<meta property=\"og:description\" content=\"T\u00eb reshurat e dendura q\u00eb kan\u00eb r\u00ebn\u00eb gjat\u00eb gjith\u00eb nates kan\u00eb p\u00ebrkeqsuar situat\u00ebn n\u00eb viset pran\u00eb bregut t\u00eb lumit Buna.Pik\u00ebrisht t\u00eb p\u00ebrmbytura jan\u00eb fshatrat\" \/>\n<meta property=\"og:url\" content=\"https:\/\/www.visit-ulcinj.com\/blog\/2010\/11\/26\/perseriten-permbytjet-e-janarit-ne-viset-pergjate-bregut-te-lumit-buna\/\" \/>\n<meta property=\"og:site_name\" content=\"Lajme nga Ulqini\" \/>\n<meta property=\"article:published_time\" content=\"2010-11-26T11:09:25+00:00\" \/>\n<meta property=\"article:modified_time\" content=\"2010-11-26T11:37:04+00:00\" \/>\n<meta property=\"og:image\" content=\"https:\/\/www.visit-ulcinj.com\/blog\/wp-content\/uploads\/2010\/11\/Permbytjet-ne-Bune_Ulqin.4-150x150.jpg\" \/>\n<meta name=\"twitter:label1\" content=\"Written by\" \/>\n\t<meta name=\"twitter:data1\" content=\"ulqini\" \/>\n\t<meta name=\"twitter:label2\" content=\"Est. reading time\" \/>\n\t<meta name=\"twitter:data2\" content=\"1 minute\" \/>\n<script type=\"application\/ld+json\" class=\"yoast-schema-graph\">{\"@context\":\"https:\/\/schema.org\",\"@graph\":[{\"@type\":\"WebSite\",\"@id\":\"https:\/\/www.visit-ulcinj.com\/blog\/#website\",\"url\":\"https:\/\/www.visit-ulcinj.com\/blog\/\",\"name\":\"Lajme nga Ulqini\",\"description\":\"Lajme,Vijesti,Ulqini,Ulqin,Crna Gora,Mali i Zi\",\"potentialAction\":[{\"@type\":\"SearchAction\",\"target\":{\"@type\":\"EntryPoint\",\"urlTemplate\":\"https:\/\/www.visit-ulcinj.com\/blog\/?s={search_term_string}\"},\"query-input\":\"required name=search_term_string\"}],\"inLanguage\":\"en-US\"},{\"@type\":\"ImageObject\",\"inLanguage\":\"en-US\",\"@id\":\"https:\/\/www.visit-ulcinj.com\/blog\/2010\/11\/26\/perseriten-permbytjet-e-janarit-ne-viset-pergjate-bregut-te-lumit-buna\/#primaryimage\",\"url\":\"https:\/\/www.visit-ulcinj.com\/blog\/wp-content\/uploads\/2010\/11\/Permbytjet-ne-Bune_Ulqin.5.jpg\",\"contentUrl\":\"https:\/\/www.visit-ulcinj.com\/blog\/wp-content\/uploads\/2010\/11\/Permbytjet-ne-Bune_Ulqin.5.jpg\",\"width\":\"490\",\"height\":\"260\"},{\"@type\":\"WebPage\",\"@id\":\"https:\/\/www.visit-ulcinj.com\/blog\/2010\/11\/26\/perseriten-permbytjet-e-janarit-ne-viset-pergjate-bregut-te-lumit-buna\/#webpage\",\"url\":\"https:\/\/www.visit-ulcinj.com\/blog\/2010\/11\/26\/perseriten-permbytjet-e-janarit-ne-viset-pergjate-bregut-te-lumit-buna\/\",\"name\":\"P\u00ebrs\u00ebriten p\u00ebrmbytjet e janarit n\u00eb viset p\u00ebrgjat\u00eb bregut t\u00eb lumit Buna - Video - Lajme nga Ulqini\",\"isPartOf\":{\"@id\":\"https:\/\/www.visit-ulcinj.com\/blog\/#website\"},\"primaryImageOfPage\":{\"@id\":\"https:\/\/www.visit-ulcinj.com\/blog\/2010\/11\/26\/perseriten-permbytjet-e-janarit-ne-viset-pergjate-bregut-te-lumit-buna\/#primaryimage\"},\"datePublished\":\"2010-11-26T11:09:25+00:00\",\"dateModified\":\"2010-11-26T11:37:04+00:00\",\"author\":{\"@id\":\"https:\/\/www.visit-ulcinj.com\/blog\/#\/schema\/person\/dcab619c614d3038751c63bc2aadc06d\"},\"description\":\"T\u00eb reshurat e dendura q\u00eb kan\u00eb r\u00ebn\u00eb gjat\u00eb gjith\u00eb nates kan\u00eb p\u00ebrkeqsuar situat\u00ebn n\u00eb viset pran\u00eb bregut t\u00eb lumit Buna.Pik\u00ebrisht t\u00eb p\u00ebrmbytura jan\u00eb fshatrat\",\"breadcrumb\":{\"@id\":\"https:\/\/www.visit-ulcinj.com\/blog\/2010\/11\/26\/perseriten-permbytjet-e-janarit-ne-viset-pergjate-bregut-te-lumit-buna\/#breadcrumb\"},\"inLanguage\":\"en-US\",\"potentialAction\":[{\"@type\":\"ReadAction\",\"target\":[\"https:\/\/www.visit-ulcinj.com\/blog\/2010\/11\/26\/perseriten-permbytjet-e-janarit-ne-viset-pergjate-bregut-te-lumit-buna\/\"]}]},{\"@type\":\"BreadcrumbList\",\"@id\":\"https:\/\/www.visit-ulcinj.com\/blog\/2010\/11\/26\/perseriten-permbytjet-e-janarit-ne-viset-pergjate-bregut-te-lumit-buna\/#breadcrumb\",\"itemListElement\":[{\"@type\":\"ListItem\",\"position\":1,\"name\":\"P\u00ebrs\u00ebriten p\u00ebrmbytjet e janarit n\u00eb viset p\u00ebrgjat\u00eb bregut t\u00eb lumit Buna &#8211; Video\"}]},{\"@type\":\"Person\",\"@id\":\"https:\/\/www.visit-ulcinj.com\/blog\/#\/schema\/person\/dcab619c614d3038751c63bc2aadc06d\",\"name\":\"ulqini\",\"sameAs\":[\"http:\/\/www.visit-ulcinj.com\"],\"url\":\"https:\/\/www.visit-ulcinj.com\/blog\/author\/admin\/\"}]}<\/script>\n<!-- \/ Yoast SEO plugin. -->","yoast_head_json":{"title":"P\u00ebrs\u00ebriten p\u00ebrmbytjet e janarit n\u00eb viset p\u00ebrgjat\u00eb bregut t\u00eb lumit Buna - Video - Lajme nga Ulqini","description":"T\u00eb reshurat e dendura q\u00eb kan\u00eb r\u00ebn\u00eb gjat\u00eb gjith\u00eb nates kan\u00eb p\u00ebrkeqsuar situat\u00ebn n\u00eb viset pran\u00eb bregut t\u00eb lumit Buna.Pik\u00ebrisht t\u00eb p\u00ebrmbytura jan\u00eb fshatrat","robots":{"index":"index","follow":"follow","max-snippet":"max-snippet:-1","max-image-preview":"max-image-preview:large","max-video-preview":"max-video-preview:-1"},"canonical":"https:\/\/www.visit-ulcinj.com\/blog\/2010\/11\/26\/perseriten-permbytjet-e-janarit-ne-viset-pergjate-bregut-te-lumit-buna\/","og_locale":"en_US","og_type":"article","og_title":"P\u00ebrs\u00ebriten p\u00ebrmbytjet e janarit n\u00eb viset p\u00ebrgjat\u00eb bregut t\u00eb lumit Buna - Video - Lajme nga Ulqini","og_description":"T\u00eb reshurat e dendura q\u00eb kan\u00eb r\u00ebn\u00eb gjat\u00eb gjith\u00eb nates kan\u00eb p\u00ebrkeqsuar situat\u00ebn n\u00eb viset pran\u00eb bregut t\u00eb lumit Buna.Pik\u00ebrisht t\u00eb p\u00ebrmbytura jan\u00eb fshatrat","og_url":"https:\/\/www.visit-ulcinj.com\/blog\/2010\/11\/26\/perseriten-permbytjet-e-janarit-ne-viset-pergjate-bregut-te-lumit-buna\/","og_site_name":"Lajme nga Ulqini","article_published_time":"2010-11-26T11:09:25+00:00","article_modified_time":"2010-11-26T11:37:04+00:00","og_image":[{"url":"https:\/\/www.visit-ulcinj.com\/blog\/wp-content\/uploads\/2010\/11\/Permbytjet-ne-Bune_Ulqin.4-150x150.jpg"}],"twitter_misc":{"Written by":"ulqini","Est. reading time":"1 minute"},"schema":{"@context":"https:\/\/schema.org","@graph":[{"@type":"WebSite","@id":"https:\/\/www.visit-ulcinj.com\/blog\/#website","url":"https:\/\/www.visit-ulcinj.com\/blog\/","name":"Lajme nga Ulqini","description":"Lajme,Vijesti,Ulqini,Ulqin,Crna Gora,Mali i Zi","potentialAction":[{"@type":"SearchAction","target":{"@type":"EntryPoint","urlTemplate":"https:\/\/www.visit-ulcinj.com\/blog\/?s={search_term_string}"},"query-input":"required name=search_term_string"}],"inLanguage":"en-US"},{"@type":"ImageObject","inLanguage":"en-US","@id":"https:\/\/www.visit-ulcinj.com\/blog\/2010\/11\/26\/perseriten-permbytjet-e-janarit-ne-viset-pergjate-bregut-te-lumit-buna\/#primaryimage","url":"https:\/\/www.visit-ulcinj.com\/blog\/wp-content\/uploads\/2010\/11\/Permbytjet-ne-Bune_Ulqin.5.jpg","contentUrl":"https:\/\/www.visit-ulcinj.com\/blog\/wp-content\/uploads\/2010\/11\/Permbytjet-ne-Bune_Ulqin.5.jpg","width":"490","height":"260"},{"@type":"WebPage","@id":"https:\/\/www.visit-ulcinj.com\/blog\/2010\/11\/26\/perseriten-permbytjet-e-janarit-ne-viset-pergjate-bregut-te-lumit-buna\/#webpage","url":"https:\/\/www.visit-ulcinj.com\/blog\/2010\/11\/26\/perseriten-permbytjet-e-janarit-ne-viset-pergjate-bregut-te-lumit-buna\/","name":"P\u00ebrs\u00ebriten p\u00ebrmbytjet e janarit n\u00eb viset p\u00ebrgjat\u00eb bregut t\u00eb lumit Buna - Video - Lajme nga Ulqini","isPartOf":{"@id":"https:\/\/www.visit-ulcinj.com\/blog\/#website"},"primaryImageOfPage":{"@id":"https:\/\/www.visit-ulcinj.com\/blog\/2010\/11\/26\/perseriten-permbytjet-e-janarit-ne-viset-pergjate-bregut-te-lumit-buna\/#primaryimage"},"datePublished":"2010-11-26T11:09:25+00:00","dateModified":"2010-11-26T11:37:04+00:00","author":{"@id":"https:\/\/www.visit-ulcinj.com\/blog\/#\/schema\/person\/dcab619c614d3038751c63bc2aadc06d"},"description":"T\u00eb reshurat e dendura q\u00eb kan\u00eb r\u00ebn\u00eb gjat\u00eb gjith\u00eb nates kan\u00eb p\u00ebrkeqsuar situat\u00ebn n\u00eb viset pran\u00eb bregut t\u00eb lumit Buna.Pik\u00ebrisht t\u00eb p\u00ebrmbytura jan\u00eb fshatrat","breadcrumb":{"@id":"https:\/\/www.visit-ulcinj.com\/blog\/2010\/11\/26\/perseriten-permbytjet-e-janarit-ne-viset-pergjate-bregut-te-lumit-buna\/#breadcrumb"},"inLanguage":"en-US","potentialAction":[{"@type":"ReadAction","target":["https:\/\/www.visit-ulcinj.com\/blog\/2010\/11\/26\/perseriten-permbytjet-e-janarit-ne-viset-pergjate-bregut-te-lumit-buna\/"]}]},{"@type":"BreadcrumbList","@id":"https:\/\/www.visit-ulcinj.com\/blog\/2010\/11\/26\/perseriten-permbytjet-e-janarit-ne-viset-pergjate-bregut-te-lumit-buna\/#breadcrumb","itemListElement":[{"@type":"ListItem","position":1,"name":"P\u00ebrs\u00ebriten p\u00ebrmbytjet e janarit n\u00eb viset p\u00ebrgjat\u00eb bregut t\u00eb lumit Buna &#8211; Video"}]},{"@type":"Person","@id":"https:\/\/www.visit-ulcinj.com\/blog\/#\/schema\/person\/dcab619c614d3038751c63bc2aadc06d","name":"ulqini","sameAs":["http:\/\/www.visit-ulcinj.com"],"url":"https:\/\/www.visit-ulcinj.com\/blog\/author\/admin\/"}]}},"jetpack_featured_media_url":"","jetpack_sharing_enabled":true,"jetpack_shortlink":"https:\/\/wp.me\/pe6lTn-arw","_links":{"self":[{"href":"https:\/\/www.visit-ulcinj.com\/blog\/wp-json\/wp\/v2\/posts\/40146"}],"collection":[{"href":"https:\/\/www.visit-ulcinj.com\/blog\/wp-json\/wp\/v2\/posts"}],"about":[{"href":"https:\/\/www.visit-ulcinj.com\/blog\/wp-json\/wp\/v2\/types\/post"}],"author":[{"embeddable":true,"href":"https:\/\/www.visit-ulcinj.com\/blog\/wp-json\/wp\/v2\/users\/1"}],"replies":[{"embeddable":true,"href":"https:\/\/www.visit-ulcinj.com\/blog\/wp-json\/wp\/v2\/comments?post=40146"}],"version-history":[{"count":0,"href":"https:\/\/www.visit-ulcinj.com\/blog\/wp-json\/wp\/v2\/posts\/40146\/revisions"}],"wp:attachment":[{"href":"https:\/\/www.visit-ulcinj.com\/blog\/wp-json\/wp\/v2\/media?parent=40146"}],"wp:term":[{"taxonomy":"category","embeddable":true,"href":"https:\/\/www.visit-ulcinj.com\/blog\/wp-json\/wp\/v2\/categories?post=40146"},{"taxonomy":"post_tag","embeddable":true,"href":"https:\/\/www.visit-ulcinj.com\/blog\/wp-json\/wp\/v2\/tags?post=40146"}],"curies":[{"name":"wp","href":"https:\/\/api.w.org\/{rel}","templated":true}]}}