{"id":40157,"date":"2010-11-26T13:14:17","date_gmt":"2010-11-26T12:14:17","guid":{"rendered":"http:\/\/www.visit-ulcinj.com\/blog\/?p=40157"},"modified":"2010-11-26T18:12:02","modified_gmt":"2010-11-26T17:12:02","slug":"ngo-horizonti-i-ri-u-nenshkrua-marreveshja-me-agjencin-sllovake-slovak-aid","status":"publish","type":"post","link":"https:\/\/www.visit-ulcinj.com\/blog\/2010\/11\/26\/ngo-horizonti-i-ri-u-nenshkrua-marreveshja-me-agjencin-sllovake-slovak-aid\/","title":{"rendered":"NGO Horizonti i ri u n\u00ebnshkrua marr\u00ebveshja me agjencin sllovake (Slovak Aid)"},"content":{"rendered":"<p><a href=\"http:\/\/www.visit-ulcinj.com\/blog\/wp-content\/uploads\/2010\/11\/NEW-HORIZON-SLOVAK-EMBASSY.2.jpg\"><img loading=\"lazy\" class=\"alignleft size-full wp-image-40158\" title=\"NEW HORIZON &amp; SLOVAK EMBASSY.2\" src=\"http:\/\/www.visit-ulcinj.com\/blog\/wp-content\/uploads\/2010\/11\/NEW-HORIZON-SLOVAK-EMBASSY.2.jpg\" alt=\"\" width=\"490\" height=\"390\" \/><\/a>N\u00eb Ambasad\u00ebn e Republik\u00ebs Sllovake n\u00eb Podgoric\u00eb, u n\u00ebnshkrua marr\u00ebveshja p\u00ebr realizimin e nj\u00eb projekti social, mes Agjencis\u00eb sllovake p\u00ebr zhvillim dhe bashk\u00ebpunim nd\u00ebrkomb\u00ebtar (Slovak Aid) dhe organizat\u00ebs s\u00eb shoq\u00ebris\u00eb civile \u201cHORIZONTI i RI&#8230;\u201d nga Ulqini.<br \/>\nMarr\u00ebveshja u n\u00ebnshkrua me shk\u00eblqesin\u00eb e tij, Ambasadorin e Sllovakis\u00eb n\u00eb Mal t\u00eb Zi &#8211; Frantishek Lipka.<\/p>\n<p><strong><a href=\"http:\/\/www.facebook.com\/profile.php?id=100001634242248\">Horizonti  Ngo Facebook<\/a><\/strong><\/p>\n<p><strong>Pomo\u0107 i djeci i roditeljima <\/strong><\/p>\n<p><strong>Ugovor Slova\u010dke ambasade i NVO \u201eNovi Horizonti\u201d iz Ulcinja<\/strong><\/p>\n<p>Ulcinj &#8211; Sporazum o realizaciji malog granta izme\u0111u slova\u010dke Agencije za me\u0111unarodnu razvojnu saradnju i organizacije civilnog dru\u0161tva \u201cNovi horizonti\u201d iz Ulcinja, zaklju\u010den je ju\u010de u ambasadi Slova\u010dke u Crnoj Gori.<br \/>\nSporazum su potpisali ambasador Slova\u010dke Franti\u0161ek Lipka i izvr\u0161ni direktor ulcinjske NVO Nazif Veli\u0107.<br \/>\n\u201cSporazum se odnosi na implementaciju \u0161estomjese\u010dnog projekta koji je namijenjen djeci sa smetnjama u razvoju u ruralnom dijelu op\u0161tine Ulcinj\u201d, navodi se u saop\u0161tenju nakon sastanka.<br \/>\nDodaje se da \u0107e kroz taj projekat \u201cNovi horizonti\u201d podr\u017eati napore brojnih roditelja sa tog podru\u010dja da osnuju centar za poludnevni boravak djece sa smetnjama u razvoj.<\/p>\n<p>U saop\u0161tenju pi\u0161e da su ciljna grupa osobe koje imaju posebne potrebe, a uz to pripadaju manjinskom narodu, \u0161to im zbog jezi\u010dke barijere predstavlja nemogu\u0107not integracije u dru\u0161tvo.<br \/>\n\u201cSve ovo \u0107e se realizovati kroz obezbje\u0111ivanje adekvatnih tehni\u010dkih i materijalnih uslova za rad u centru, prevo\u0111enje na maternjem jeziku adekvatne literature za roditelje i za osoblje koje \u0107e raditi s djecom, kao i kroz podizanje svijesti javnosti o va\u017enosti podr\u017eavanja ovakvih projekata i inicijativa\u201d, pi\u0161e u saop\u0161tenju.<br \/>\nTim projektom, kako se dodaje, slova\u010dka ambasada \u017eeli da oja\u010da i me\u0111uetni\u010dki dijalog u najju\u017enijoj crnogorskoj op\u0161tini.<\/p>\n<p><strong>S.A<br \/>\n<a href=\"http:\/\/www.vijesti.me\/\" target=\"_blank\">Vijesti<\/a><\/strong><\/p>\n<p><strong>\n\t\t<style type=\"text\/css\">\n\t\t\t#gallery-1 {\n\t\t\t\tmargin: auto;\n\t\t\t}\n\t\t\t#gallery-1 .gallery-item {\n\t\t\t\tfloat: left;\n\t\t\t\tmargin-top: 10px;\n\t\t\t\ttext-align: center;\n\t\t\t\twidth: 33%;\n\t\t\t}\n\t\t\t#gallery-1 img {\n\t\t\t\tborder: 2px solid #cfcfcf;\n\t\t\t}\n\t\t\t#gallery-1 .gallery-caption {\n\t\t\t\tmargin-left: 0;\n\t\t\t}\n\t\t\t\/* see gallery_shortcode() in wp-includes\/media.php *\/\n\t\t<\/style>\n\t\t<div id='gallery-1' class='gallery galleryid-40157 gallery-columns-3 gallery-size-thumbnail'><dl class='gallery-item'>\n\t\t\t<dt class='gallery-icon landscape'>\n\t\t\t\t<a href='https:\/\/www.visit-ulcinj.com\/blog\/wp-content\/uploads\/2010\/11\/NEW-HORIZON-SLOVAK-EMBASSY.2.jpg'><img width=\"150\" height=\"150\" src=\"https:\/\/www.visit-ulcinj.com\/blog\/wp-content\/uploads\/2010\/11\/NEW-HORIZON-SLOVAK-EMBASSY.2-150x150.jpg\" class=\"attachment-thumbnail size-thumbnail\" alt=\"\" loading=\"lazy\" \/><\/a>\n\t\t\t<\/dt><\/dl><dl class='gallery-item'>\n\t\t\t<dt class='gallery-icon landscape'>\n\t\t\t\t<a href='https:\/\/www.visit-ulcinj.com\/blog\/wp-content\/uploads\/2010\/11\/NEW-HORIZON-SLOVAK-EMBASSY.3.jpg'><img width=\"150\" height=\"150\" src=\"https:\/\/www.visit-ulcinj.com\/blog\/wp-content\/uploads\/2010\/11\/NEW-HORIZON-SLOVAK-EMBASSY.3-150x150.jpg\" class=\"attachment-thumbnail size-thumbnail\" alt=\"\" loading=\"lazy\" \/><\/a>\n\t\t\t<\/dt><\/dl><dl class='gallery-item'>\n\t\t\t<dt class='gallery-icon landscape'>\n\t\t\t\t<a href='https:\/\/www.visit-ulcinj.com\/blog\/wp-content\/uploads\/2010\/11\/NEW-HORIZON-SLOVAK-EMBASSY.1.jpg'><img width=\"150\" height=\"150\" src=\"https:\/\/www.visit-ulcinj.com\/blog\/wp-content\/uploads\/2010\/11\/NEW-HORIZON-SLOVAK-EMBASSY.1-150x150.jpg\" class=\"attachment-thumbnail size-thumbnail\" alt=\"\" loading=\"lazy\" \/><\/a>\n\t\t\t<\/dt><\/dl><br style=\"clear: both\" \/><dl class='gallery-item'>\n\t\t\t<dt class='gallery-icon portrait'>\n\t\t\t\t<a href='https:\/\/www.visit-ulcinj.com\/blog\/wp-content\/uploads\/2010\/11\/NEW-HORIZON-SLOVAK-EMBASSY.jpg'><img width=\"150\" height=\"150\" src=\"https:\/\/www.visit-ulcinj.com\/blog\/wp-content\/uploads\/2010\/11\/NEW-HORIZON-SLOVAK-EMBASSY-150x150.jpg\" class=\"attachment-thumbnail size-thumbnail\" alt=\"\" loading=\"lazy\" \/><\/a>\n\t\t\t<\/dt><\/dl>\n\t\t\t<br style='clear: both' \/>\n\t\t<\/div>\n<br \/>\n<\/strong><\/p>\n<p><strong><br \/>\n<\/strong><\/p>\n","protected":false},"excerpt":{"rendered":"<p>N\u00eb Ambasad\u00ebn e Republik\u00ebs Sllovake n\u00eb Podgoric\u00eb, u n\u00ebnshkrua marr\u00ebveshja p\u00ebr realizimin e nj\u00eb projekti social, mes Agjencis\u00eb sllovake p\u00ebr zhvillim dhe bashk\u00ebpunim nd\u00ebrkomb\u00ebtar (Slovak Aid) dhe organizat\u00ebs s\u00eb shoq\u00ebris\u00eb civile \u201cHORIZONTI i RI&#8230;\u201d nga Ulqini. Marr\u00ebveshja u n\u00ebnshkrua me shk\u00eblqesin\u00eb e tij, Ambasadorin e Sllovakis\u00eb n\u00eb Mal t\u00eb Zi &#8211; Frantishek Lipka. Horizonti Ngo [&hellip;]<\/p>\n","protected":false},"author":1,"featured_media":0,"comment_status":"open","ping_status":"closed","sticky":false,"template":"","format":"standard","meta":{"spay_email":"","jetpack_publicize_message":"","jetpack_is_tweetstorm":false,"jetpack_publicize_feature_enabled":true},"categories":[13],"tags":[3212,16431,79,16432,92],"jetpack_publicize_connections":[],"yoast_head":"<!-- This site is optimized with the Yoast SEO plugin v19.1 - https:\/\/yoast.com\/wordpress\/plugins\/seo\/ -->\n<title>NGO Horizonti i ri u n\u00ebnshkrua marr\u00ebveshja me agjencin sllovake (Slovak Aid) - Lajme nga Ulqini<\/title>\n<meta name=\"description\" content=\"N\u00eb Ambasad\u00ebn e Republik\u00ebs Sllovake n\u00eb Podgoric\u00eb, u n\u00ebnshkrua marr\u00ebveshja p\u00ebr realizimin e nj\u00eb projekti social, mes Agjencis\u00eb sllovake p\u00ebr zhvillim dhe\" \/>\n<meta name=\"robots\" content=\"index, follow, max-snippet:-1, max-image-preview:large, max-video-preview:-1\" \/>\n<link rel=\"canonical\" href=\"https:\/\/www.visit-ulcinj.com\/blog\/2010\/11\/26\/ngo-horizonti-i-ri-u-nenshkrua-marreveshja-me-agjencin-sllovake-slovak-aid\/\" \/>\n<meta property=\"og:locale\" content=\"en_US\" \/>\n<meta property=\"og:type\" content=\"article\" \/>\n<meta property=\"og:title\" content=\"NGO Horizonti i ri u n\u00ebnshkrua marr\u00ebveshja me agjencin sllovake (Slovak Aid) - Lajme nga Ulqini\" \/>\n<meta property=\"og:description\" content=\"N\u00eb Ambasad\u00ebn e Republik\u00ebs Sllovake n\u00eb Podgoric\u00eb, u n\u00ebnshkrua marr\u00ebveshja p\u00ebr realizimin e nj\u00eb projekti social, mes Agjencis\u00eb sllovake p\u00ebr zhvillim dhe\" \/>\n<meta property=\"og:url\" content=\"https:\/\/www.visit-ulcinj.com\/blog\/2010\/11\/26\/ngo-horizonti-i-ri-u-nenshkrua-marreveshja-me-agjencin-sllovake-slovak-aid\/\" \/>\n<meta property=\"og:site_name\" content=\"Lajme nga Ulqini\" \/>\n<meta property=\"article:published_time\" content=\"2010-11-26T12:14:17+00:00\" \/>\n<meta property=\"article:modified_time\" content=\"2010-11-26T17:12:02+00:00\" \/>\n<meta property=\"og:image\" content=\"https:\/\/www.visit-ulcinj.com\/blog\/wp-content\/uploads\/2010\/11\/NEW-HORIZON-SLOVAK-EMBASSY.2-150x150.jpg\" \/>\n<meta name=\"twitter:label1\" content=\"Written by\" \/>\n\t<meta name=\"twitter:data1\" content=\"ulqini\" \/>\n\t<meta name=\"twitter:label2\" content=\"Est. reading time\" \/>\n\t<meta name=\"twitter:data2\" content=\"2 minutes\" \/>\n<script type=\"application\/ld+json\" class=\"yoast-schema-graph\">{\"@context\":\"https:\/\/schema.org\",\"@graph\":[{\"@type\":\"WebSite\",\"@id\":\"https:\/\/www.visit-ulcinj.com\/blog\/#website\",\"url\":\"https:\/\/www.visit-ulcinj.com\/blog\/\",\"name\":\"Lajme nga Ulqini\",\"description\":\"Lajme,Vijesti,Ulqini,Ulqin,Crna Gora,Mali i Zi\",\"potentialAction\":[{\"@type\":\"SearchAction\",\"target\":{\"@type\":\"EntryPoint\",\"urlTemplate\":\"https:\/\/www.visit-ulcinj.com\/blog\/?s={search_term_string}\"},\"query-input\":\"required name=search_term_string\"}],\"inLanguage\":\"en-US\"},{\"@type\":\"ImageObject\",\"inLanguage\":\"en-US\",\"@id\":\"https:\/\/www.visit-ulcinj.com\/blog\/2010\/11\/26\/ngo-horizonti-i-ri-u-nenshkrua-marreveshja-me-agjencin-sllovake-slovak-aid\/#primaryimage\",\"url\":\"https:\/\/www.visit-ulcinj.com\/blog\/wp-content\/uploads\/2010\/11\/NEW-HORIZON-SLOVAK-EMBASSY.2.jpg\",\"contentUrl\":\"https:\/\/www.visit-ulcinj.com\/blog\/wp-content\/uploads\/2010\/11\/NEW-HORIZON-SLOVAK-EMBASSY.2.jpg\",\"width\":\"720\",\"height\":\"540\"},{\"@type\":\"WebPage\",\"@id\":\"https:\/\/www.visit-ulcinj.com\/blog\/2010\/11\/26\/ngo-horizonti-i-ri-u-nenshkrua-marreveshja-me-agjencin-sllovake-slovak-aid\/#webpage\",\"url\":\"https:\/\/www.visit-ulcinj.com\/blog\/2010\/11\/26\/ngo-horizonti-i-ri-u-nenshkrua-marreveshja-me-agjencin-sllovake-slovak-aid\/\",\"name\":\"NGO Horizonti i ri u n\u00ebnshkrua marr\u00ebveshja me agjencin sllovake (Slovak Aid) - Lajme nga Ulqini\",\"isPartOf\":{\"@id\":\"https:\/\/www.visit-ulcinj.com\/blog\/#website\"},\"primaryImageOfPage\":{\"@id\":\"https:\/\/www.visit-ulcinj.com\/blog\/2010\/11\/26\/ngo-horizonti-i-ri-u-nenshkrua-marreveshja-me-agjencin-sllovake-slovak-aid\/#primaryimage\"},\"datePublished\":\"2010-11-26T12:14:17+00:00\",\"dateModified\":\"2010-11-26T17:12:02+00:00\",\"author\":{\"@id\":\"https:\/\/www.visit-ulcinj.com\/blog\/#\/schema\/person\/dcab619c614d3038751c63bc2aadc06d\"},\"description\":\"N\u00eb Ambasad\u00ebn e Republik\u00ebs Sllovake n\u00eb Podgoric\u00eb, u n\u00ebnshkrua marr\u00ebveshja p\u00ebr realizimin e nj\u00eb projekti social, mes Agjencis\u00eb sllovake p\u00ebr zhvillim dhe\",\"breadcrumb\":{\"@id\":\"https:\/\/www.visit-ulcinj.com\/blog\/2010\/11\/26\/ngo-horizonti-i-ri-u-nenshkrua-marreveshja-me-agjencin-sllovake-slovak-aid\/#breadcrumb\"},\"inLanguage\":\"en-US\",\"potentialAction\":[{\"@type\":\"ReadAction\",\"target\":[\"https:\/\/www.visit-ulcinj.com\/blog\/2010\/11\/26\/ngo-horizonti-i-ri-u-nenshkrua-marreveshja-me-agjencin-sllovake-slovak-aid\/\"]}]},{\"@type\":\"BreadcrumbList\",\"@id\":\"https:\/\/www.visit-ulcinj.com\/blog\/2010\/11\/26\/ngo-horizonti-i-ri-u-nenshkrua-marreveshja-me-agjencin-sllovake-slovak-aid\/#breadcrumb\",\"itemListElement\":[{\"@type\":\"ListItem\",\"position\":1,\"name\":\"NGO Horizonti i ri u n\u00ebnshkrua marr\u00ebveshja me agjencin sllovake (Slovak Aid)\"}]},{\"@type\":\"Person\",\"@id\":\"https:\/\/www.visit-ulcinj.com\/blog\/#\/schema\/person\/dcab619c614d3038751c63bc2aadc06d\",\"name\":\"ulqini\",\"sameAs\":[\"http:\/\/www.visit-ulcinj.com\"],\"url\":\"https:\/\/www.visit-ulcinj.com\/blog\/author\/admin\/\"}]}<\/script>\n<!-- \/ Yoast SEO plugin. -->","yoast_head_json":{"title":"NGO Horizonti i ri u n\u00ebnshkrua marr\u00ebveshja me agjencin sllovake (Slovak Aid) - Lajme nga Ulqini","description":"N\u00eb Ambasad\u00ebn e Republik\u00ebs Sllovake n\u00eb Podgoric\u00eb, u n\u00ebnshkrua marr\u00ebveshja p\u00ebr realizimin e nj\u00eb projekti social, mes Agjencis\u00eb sllovake p\u00ebr zhvillim dhe","robots":{"index":"index","follow":"follow","max-snippet":"max-snippet:-1","max-image-preview":"max-image-preview:large","max-video-preview":"max-video-preview:-1"},"canonical":"https:\/\/www.visit-ulcinj.com\/blog\/2010\/11\/26\/ngo-horizonti-i-ri-u-nenshkrua-marreveshja-me-agjencin-sllovake-slovak-aid\/","og_locale":"en_US","og_type":"article","og_title":"NGO Horizonti i ri u n\u00ebnshkrua marr\u00ebveshja me agjencin sllovake (Slovak Aid) - Lajme nga Ulqini","og_description":"N\u00eb Ambasad\u00ebn e Republik\u00ebs Sllovake n\u00eb Podgoric\u00eb, u n\u00ebnshkrua marr\u00ebveshja p\u00ebr realizimin e nj\u00eb projekti social, mes Agjencis\u00eb sllovake p\u00ebr zhvillim dhe","og_url":"https:\/\/www.visit-ulcinj.com\/blog\/2010\/11\/26\/ngo-horizonti-i-ri-u-nenshkrua-marreveshja-me-agjencin-sllovake-slovak-aid\/","og_site_name":"Lajme nga Ulqini","article_published_time":"2010-11-26T12:14:17+00:00","article_modified_time":"2010-11-26T17:12:02+00:00","og_image":[{"url":"https:\/\/www.visit-ulcinj.com\/blog\/wp-content\/uploads\/2010\/11\/NEW-HORIZON-SLOVAK-EMBASSY.2-150x150.jpg"}],"twitter_misc":{"Written by":"ulqini","Est. reading time":"2 minutes"},"schema":{"@context":"https:\/\/schema.org","@graph":[{"@type":"WebSite","@id":"https:\/\/www.visit-ulcinj.com\/blog\/#website","url":"https:\/\/www.visit-ulcinj.com\/blog\/","name":"Lajme nga Ulqini","description":"Lajme,Vijesti,Ulqini,Ulqin,Crna Gora,Mali i Zi","potentialAction":[{"@type":"SearchAction","target":{"@type":"EntryPoint","urlTemplate":"https:\/\/www.visit-ulcinj.com\/blog\/?s={search_term_string}"},"query-input":"required name=search_term_string"}],"inLanguage":"en-US"},{"@type":"ImageObject","inLanguage":"en-US","@id":"https:\/\/www.visit-ulcinj.com\/blog\/2010\/11\/26\/ngo-horizonti-i-ri-u-nenshkrua-marreveshja-me-agjencin-sllovake-slovak-aid\/#primaryimage","url":"https:\/\/www.visit-ulcinj.com\/blog\/wp-content\/uploads\/2010\/11\/NEW-HORIZON-SLOVAK-EMBASSY.2.jpg","contentUrl":"https:\/\/www.visit-ulcinj.com\/blog\/wp-content\/uploads\/2010\/11\/NEW-HORIZON-SLOVAK-EMBASSY.2.jpg","width":"720","height":"540"},{"@type":"WebPage","@id":"https:\/\/www.visit-ulcinj.com\/blog\/2010\/11\/26\/ngo-horizonti-i-ri-u-nenshkrua-marreveshja-me-agjencin-sllovake-slovak-aid\/#webpage","url":"https:\/\/www.visit-ulcinj.com\/blog\/2010\/11\/26\/ngo-horizonti-i-ri-u-nenshkrua-marreveshja-me-agjencin-sllovake-slovak-aid\/","name":"NGO Horizonti i ri u n\u00ebnshkrua marr\u00ebveshja me agjencin sllovake (Slovak Aid) - Lajme nga Ulqini","isPartOf":{"@id":"https:\/\/www.visit-ulcinj.com\/blog\/#website"},"primaryImageOfPage":{"@id":"https:\/\/www.visit-ulcinj.com\/blog\/2010\/11\/26\/ngo-horizonti-i-ri-u-nenshkrua-marreveshja-me-agjencin-sllovake-slovak-aid\/#primaryimage"},"datePublished":"2010-11-26T12:14:17+00:00","dateModified":"2010-11-26T17:12:02+00:00","author":{"@id":"https:\/\/www.visit-ulcinj.com\/blog\/#\/schema\/person\/dcab619c614d3038751c63bc2aadc06d"},"description":"N\u00eb Ambasad\u00ebn e Republik\u00ebs Sllovake n\u00eb Podgoric\u00eb, u n\u00ebnshkrua marr\u00ebveshja p\u00ebr realizimin e nj\u00eb projekti social, mes Agjencis\u00eb sllovake p\u00ebr zhvillim dhe","breadcrumb":{"@id":"https:\/\/www.visit-ulcinj.com\/blog\/2010\/11\/26\/ngo-horizonti-i-ri-u-nenshkrua-marreveshja-me-agjencin-sllovake-slovak-aid\/#breadcrumb"},"inLanguage":"en-US","potentialAction":[{"@type":"ReadAction","target":["https:\/\/www.visit-ulcinj.com\/blog\/2010\/11\/26\/ngo-horizonti-i-ri-u-nenshkrua-marreveshja-me-agjencin-sllovake-slovak-aid\/"]}]},{"@type":"BreadcrumbList","@id":"https:\/\/www.visit-ulcinj.com\/blog\/2010\/11\/26\/ngo-horizonti-i-ri-u-nenshkrua-marreveshja-me-agjencin-sllovake-slovak-aid\/#breadcrumb","itemListElement":[{"@type":"ListItem","position":1,"name":"NGO Horizonti i ri u n\u00ebnshkrua marr\u00ebveshja me agjencin sllovake (Slovak Aid)"}]},{"@type":"Person","@id":"https:\/\/www.visit-ulcinj.com\/blog\/#\/schema\/person\/dcab619c614d3038751c63bc2aadc06d","name":"ulqini","sameAs":["http:\/\/www.visit-ulcinj.com"],"url":"https:\/\/www.visit-ulcinj.com\/blog\/author\/admin\/"}]}},"jetpack_featured_media_url":"","jetpack_sharing_enabled":true,"jetpack_shortlink":"https:\/\/wp.me\/pe6lTn-arH","_links":{"self":[{"href":"https:\/\/www.visit-ulcinj.com\/blog\/wp-json\/wp\/v2\/posts\/40157"}],"collection":[{"href":"https:\/\/www.visit-ulcinj.com\/blog\/wp-json\/wp\/v2\/posts"}],"about":[{"href":"https:\/\/www.visit-ulcinj.com\/blog\/wp-json\/wp\/v2\/types\/post"}],"author":[{"embeddable":true,"href":"https:\/\/www.visit-ulcinj.com\/blog\/wp-json\/wp\/v2\/users\/1"}],"replies":[{"embeddable":true,"href":"https:\/\/www.visit-ulcinj.com\/blog\/wp-json\/wp\/v2\/comments?post=40157"}],"version-history":[{"count":0,"href":"https:\/\/www.visit-ulcinj.com\/blog\/wp-json\/wp\/v2\/posts\/40157\/revisions"}],"wp:attachment":[{"href":"https:\/\/www.visit-ulcinj.com\/blog\/wp-json\/wp\/v2\/media?parent=40157"}],"wp:term":[{"taxonomy":"category","embeddable":true,"href":"https:\/\/www.visit-ulcinj.com\/blog\/wp-json\/wp\/v2\/categories?post=40157"},{"taxonomy":"post_tag","embeddable":true,"href":"https:\/\/www.visit-ulcinj.com\/blog\/wp-json\/wp\/v2\/tags?post=40157"}],"curies":[{"name":"wp","href":"https:\/\/api.w.org\/{rel}","templated":true}]}}