{"id":40170,"date":"2010-11-26T13:53:16","date_gmt":"2010-11-26T12:53:16","guid":{"rendered":"http:\/\/www.visit-ulcinj.com\/blog\/?p=40170"},"modified":"2010-11-26T13:53:46","modified_gmt":"2010-11-26T12:53:46","slug":"skrelja-koalicija-dps-dua-pdp-do-kraja-novembra","status":"publish","type":"post","link":"https:\/\/www.visit-ulcinj.com\/blog\/2010\/11\/26\/skrelja-koalicija-dps-dua-pdp-do-kraja-novembra\/","title":{"rendered":"\u0160krelja : &#8221; Koalicija DPS-DUA-PDP do kraja novembra&#8221;"},"content":{"rendered":"<p><a href=\"http:\/\/www.visit-ulcinj.com\/blog\/wp-content\/uploads\/2010\/11\/Luigj-Lui-Shkrela_ULCINJ_Hajdinaga.jpg\"><img loading=\"lazy\" class=\"alignleft size-full wp-image-40171\" title=\"Luigj Lui Shkrela_ULCINJ_Hajdinaga\" src=\"http:\/\/www.visit-ulcinj.com\/blog\/wp-content\/uploads\/2010\/11\/Luigj-Lui-Shkrela_ULCINJ_Hajdinaga.jpg\" alt=\"\" width=\"490\" height=\"380\" \/><\/a>Lui\u0111 \u0160krelja iz DPS-a kazao je za na\u0161 radio da \u0107e njegova partija\u00a0najvjerovatnije do kraja novembra sa DUA-om i PDP-om formirati koaliciju, koja \u0107e imati vlast u Ulcinju, sa ukupno 17 od 33 mandata u lokalnom parlamentu.<\/p>\n<p>Me\u0111utim, da bi se formirao politi\u010dki savez, sada\u0161nja koalicija DUA-PDP, mora udovoljiti zahtjevima Demokratske partije socijalista, isti\u010de \u0160krelja. \u00ab Tra\u017eimo da vi\u0161e i sna\u017enije u\u010destvujemo u lokalnoj vlasti, i to preko funkcija predsjednika i sekretara parlamenta. Tako\u0111e \u0107emo tra\u017eiti i neki od zna\u010dajnih sekretarijata na lokalnom nivou \u2013 kao \u0161to je Sekretarijat za finansije, i, eventualno, urbanizam\u00bb, kazao je \u0160krelja.<\/p>\n<p>On vjeruje da \u0107e do formiranja koalicije zaista do\u0107i, jer su zahtjevi DPS-a, ka\u017ee sasvim realni. \u00ab Uslovi se poklapaju sa na\u0161om snagom, koja proizilazi iz samostalnog nastupa na oktobarskim izborima\u00bb, nagla\u0161ava \u0160krelja.<\/p>\n<p>Forci bi politi\u010dkim aran\u017emanom na liniji DPS-DUA-PDP, i pored pobjede na izborima i 11 osvojenih mandata, izmakla gradska vlast.<strong> <\/strong>Za Gencija Nimanbegua iz Force to bi bilo, kako ka\u017ee, suprotno pravilima demokratije.<\/p>\n<p>\u00ab Formiranje koalicije nas ne\u0107e iznenaditi, jer su DPS i DUA i ranije bile koalicioni partneri. Me\u0111utim, ukoliko do formiranja takvog politi\u010dkog saveza ponovo do\u0111e, to \u0107e biti \u0161teta za ekonomski i kulturni razvoj Ulcinja\u00bb, kazao je Nimanbegu.<\/p>\n<p>Podsjetimo, na lokalnim izborima odr\u017eanim 17. oktobra Forca je osvojila 11, koalicija DUA-PDP 10, a Demokratska partija socijalista 7 mandata. Lista \u201cBolji Ulcinj \u2013 Bolja Crna Gora\u201d i SDP osvojile su po dva, a Gra\u0111anska inicijativa Perspektiva \u2013 jedan mandat.<\/p>\n<p><a href=\"http:\/\/antenam.net\/sajt\/index.php?option=com_content&amp;view=article&amp;id=1230:krelja-q-koalicija-dps-dua-pdp-do-kraja-novembraq&amp;catid=41:glavna-vijest\" target=\"_blank\"><strong>Radio Antena M<\/strong><\/a><\/p>\n","protected":false},"excerpt":{"rendered":"<p>Lui\u0111 \u0160krelja iz DPS-a kazao je za na\u0161 radio da \u0107e njegova partija\u00a0najvjerovatnije do kraja novembra sa DUA-om i PDP-om formirati koaliciju, koja \u0107e imati vlast u Ulcinju, sa ukupno 17 od 33 mandata u lokalnom parlamentu. Me\u0111utim, da bi se formirao politi\u010dki savez, sada\u0161nja koalicija DUA-PDP, mora udovoljiti zahtjevima Demokratske partije socijalista, isti\u010de \u0160krelja. [&hellip;]<\/p>\n","protected":false},"author":1,"featured_media":0,"comment_status":"open","ping_status":"closed","sticky":false,"template":"","format":"standard","meta":{"spay_email":"","jetpack_publicize_message":"","jetpack_is_tweetstorm":false,"jetpack_publicize_feature_enabled":true},"categories":[8337],"tags":[530,87,117,1073,4174,702,19],"jetpack_publicize_connections":[],"yoast_head":"<!-- This site is optimized with the Yoast SEO plugin v19.1 - https:\/\/yoast.com\/wordpress\/plugins\/seo\/ -->\n<title>\u0160krelja : &quot; Koalicija DPS-DUA-PDP do kraja novembra&quot; - Lajme nga Ulqini<\/title>\n<meta name=\"description\" content=\"Lui\u0111 \u0160krelja iz DPS-a kazao je za na\u0161 radio da \u0107e njegova partija\u00a0najvjerovatnije do kraja novembra sa DUA-om i PDP-om formirati koaliciju, koja \u0107e imati\" \/>\n<meta name=\"robots\" content=\"index, follow, max-snippet:-1, max-image-preview:large, max-video-preview:-1\" \/>\n<link rel=\"canonical\" href=\"https:\/\/www.visit-ulcinj.com\/blog\/2010\/11\/26\/skrelja-koalicija-dps-dua-pdp-do-kraja-novembra\/\" \/>\n<meta property=\"og:locale\" content=\"en_US\" \/>\n<meta property=\"og:type\" content=\"article\" \/>\n<meta property=\"og:title\" content=\"\u0160krelja : &quot; Koalicija DPS-DUA-PDP do kraja novembra&quot; - Lajme nga Ulqini\" \/>\n<meta property=\"og:description\" content=\"Lui\u0111 \u0160krelja iz DPS-a kazao je za na\u0161 radio da \u0107e njegova partija\u00a0najvjerovatnije do kraja novembra sa DUA-om i PDP-om formirati koaliciju, koja \u0107e imati\" \/>\n<meta property=\"og:url\" content=\"https:\/\/www.visit-ulcinj.com\/blog\/2010\/11\/26\/skrelja-koalicija-dps-dua-pdp-do-kraja-novembra\/\" \/>\n<meta property=\"og:site_name\" content=\"Lajme nga Ulqini\" \/>\n<meta property=\"article:published_time\" content=\"2010-11-26T12:53:16+00:00\" \/>\n<meta property=\"article:modified_time\" content=\"2010-11-26T12:53:46+00:00\" \/>\n<meta property=\"og:image\" content=\"http:\/\/www.visit-ulcinj.com\/blog\/wp-content\/uploads\/2010\/11\/Luigj-Lui-Shkrela_ULCINJ_Hajdinaga.jpg\" \/>\n<meta name=\"twitter:label1\" content=\"Written by\" \/>\n\t<meta name=\"twitter:data1\" content=\"ulqini\" \/>\n\t<meta name=\"twitter:label2\" content=\"Est. reading time\" \/>\n\t<meta name=\"twitter:data2\" content=\"1 minute\" \/>\n<script type=\"application\/ld+json\" class=\"yoast-schema-graph\">{\"@context\":\"https:\/\/schema.org\",\"@graph\":[{\"@type\":\"WebSite\",\"@id\":\"https:\/\/www.visit-ulcinj.com\/blog\/#website\",\"url\":\"https:\/\/www.visit-ulcinj.com\/blog\/\",\"name\":\"Lajme nga Ulqini\",\"description\":\"Lajme,Vijesti,Ulqini,Ulqin,Crna Gora,Mali i Zi\",\"potentialAction\":[{\"@type\":\"SearchAction\",\"target\":{\"@type\":\"EntryPoint\",\"urlTemplate\":\"https:\/\/www.visit-ulcinj.com\/blog\/?s={search_term_string}\"},\"query-input\":\"required name=search_term_string\"}],\"inLanguage\":\"en-US\"},{\"@type\":\"ImageObject\",\"inLanguage\":\"en-US\",\"@id\":\"https:\/\/www.visit-ulcinj.com\/blog\/2010\/11\/26\/skrelja-koalicija-dps-dua-pdp-do-kraja-novembra\/#primaryimage\",\"url\":\"https:\/\/www.visit-ulcinj.com\/blog\/wp-content\/uploads\/2010\/11\/Luigj-Lui-Shkrela_ULCINJ_Hajdinaga.jpg\",\"contentUrl\":\"https:\/\/www.visit-ulcinj.com\/blog\/wp-content\/uploads\/2010\/11\/Luigj-Lui-Shkrela_ULCINJ_Hajdinaga.jpg\",\"width\":\"719\",\"height\":\"512\"},{\"@type\":\"WebPage\",\"@id\":\"https:\/\/www.visit-ulcinj.com\/blog\/2010\/11\/26\/skrelja-koalicija-dps-dua-pdp-do-kraja-novembra\/#webpage\",\"url\":\"https:\/\/www.visit-ulcinj.com\/blog\/2010\/11\/26\/skrelja-koalicija-dps-dua-pdp-do-kraja-novembra\/\",\"name\":\"\u0160krelja : \\\" Koalicija DPS-DUA-PDP do kraja novembra\\\" - Lajme nga Ulqini\",\"isPartOf\":{\"@id\":\"https:\/\/www.visit-ulcinj.com\/blog\/#website\"},\"primaryImageOfPage\":{\"@id\":\"https:\/\/www.visit-ulcinj.com\/blog\/2010\/11\/26\/skrelja-koalicija-dps-dua-pdp-do-kraja-novembra\/#primaryimage\"},\"datePublished\":\"2010-11-26T12:53:16+00:00\",\"dateModified\":\"2010-11-26T12:53:46+00:00\",\"author\":{\"@id\":\"https:\/\/www.visit-ulcinj.com\/blog\/#\/schema\/person\/dcab619c614d3038751c63bc2aadc06d\"},\"description\":\"Lui\u0111 \u0160krelja iz DPS-a kazao je za na\u0161 radio da \u0107e njegova partija\u00a0najvjerovatnije do kraja novembra sa DUA-om i PDP-om formirati koaliciju, koja \u0107e imati\",\"breadcrumb\":{\"@id\":\"https:\/\/www.visit-ulcinj.com\/blog\/2010\/11\/26\/skrelja-koalicija-dps-dua-pdp-do-kraja-novembra\/#breadcrumb\"},\"inLanguage\":\"en-US\",\"potentialAction\":[{\"@type\":\"ReadAction\",\"target\":[\"https:\/\/www.visit-ulcinj.com\/blog\/2010\/11\/26\/skrelja-koalicija-dps-dua-pdp-do-kraja-novembra\/\"]}]},{\"@type\":\"BreadcrumbList\",\"@id\":\"https:\/\/www.visit-ulcinj.com\/blog\/2010\/11\/26\/skrelja-koalicija-dps-dua-pdp-do-kraja-novembra\/#breadcrumb\",\"itemListElement\":[{\"@type\":\"ListItem\",\"position\":1,\"name\":\"\u0160krelja : &#8221; Koalicija DPS-DUA-PDP do kraja novembra&#8221;\"}]},{\"@type\":\"Person\",\"@id\":\"https:\/\/www.visit-ulcinj.com\/blog\/#\/schema\/person\/dcab619c614d3038751c63bc2aadc06d\",\"name\":\"ulqini\",\"sameAs\":[\"http:\/\/www.visit-ulcinj.com\"],\"url\":\"https:\/\/www.visit-ulcinj.com\/blog\/author\/admin\/\"}]}<\/script>\n<!-- \/ Yoast SEO plugin. -->","yoast_head_json":{"title":"\u0160krelja : \" Koalicija DPS-DUA-PDP do kraja novembra\" - Lajme nga Ulqini","description":"Lui\u0111 \u0160krelja iz DPS-a kazao je za na\u0161 radio da \u0107e njegova partija\u00a0najvjerovatnije do kraja novembra sa DUA-om i PDP-om formirati koaliciju, koja \u0107e imati","robots":{"index":"index","follow":"follow","max-snippet":"max-snippet:-1","max-image-preview":"max-image-preview:large","max-video-preview":"max-video-preview:-1"},"canonical":"https:\/\/www.visit-ulcinj.com\/blog\/2010\/11\/26\/skrelja-koalicija-dps-dua-pdp-do-kraja-novembra\/","og_locale":"en_US","og_type":"article","og_title":"\u0160krelja : \" Koalicija DPS-DUA-PDP do kraja novembra\" - Lajme nga Ulqini","og_description":"Lui\u0111 \u0160krelja iz DPS-a kazao je za na\u0161 radio da \u0107e njegova partija\u00a0najvjerovatnije do kraja novembra sa DUA-om i PDP-om formirati koaliciju, koja \u0107e imati","og_url":"https:\/\/www.visit-ulcinj.com\/blog\/2010\/11\/26\/skrelja-koalicija-dps-dua-pdp-do-kraja-novembra\/","og_site_name":"Lajme nga Ulqini","article_published_time":"2010-11-26T12:53:16+00:00","article_modified_time":"2010-11-26T12:53:46+00:00","og_image":[{"url":"http:\/\/www.visit-ulcinj.com\/blog\/wp-content\/uploads\/2010\/11\/Luigj-Lui-Shkrela_ULCINJ_Hajdinaga.jpg"}],"twitter_misc":{"Written by":"ulqini","Est. reading time":"1 minute"},"schema":{"@context":"https:\/\/schema.org","@graph":[{"@type":"WebSite","@id":"https:\/\/www.visit-ulcinj.com\/blog\/#website","url":"https:\/\/www.visit-ulcinj.com\/blog\/","name":"Lajme nga Ulqini","description":"Lajme,Vijesti,Ulqini,Ulqin,Crna Gora,Mali i Zi","potentialAction":[{"@type":"SearchAction","target":{"@type":"EntryPoint","urlTemplate":"https:\/\/www.visit-ulcinj.com\/blog\/?s={search_term_string}"},"query-input":"required name=search_term_string"}],"inLanguage":"en-US"},{"@type":"ImageObject","inLanguage":"en-US","@id":"https:\/\/www.visit-ulcinj.com\/blog\/2010\/11\/26\/skrelja-koalicija-dps-dua-pdp-do-kraja-novembra\/#primaryimage","url":"https:\/\/www.visit-ulcinj.com\/blog\/wp-content\/uploads\/2010\/11\/Luigj-Lui-Shkrela_ULCINJ_Hajdinaga.jpg","contentUrl":"https:\/\/www.visit-ulcinj.com\/blog\/wp-content\/uploads\/2010\/11\/Luigj-Lui-Shkrela_ULCINJ_Hajdinaga.jpg","width":"719","height":"512"},{"@type":"WebPage","@id":"https:\/\/www.visit-ulcinj.com\/blog\/2010\/11\/26\/skrelja-koalicija-dps-dua-pdp-do-kraja-novembra\/#webpage","url":"https:\/\/www.visit-ulcinj.com\/blog\/2010\/11\/26\/skrelja-koalicija-dps-dua-pdp-do-kraja-novembra\/","name":"\u0160krelja : \" Koalicija DPS-DUA-PDP do kraja novembra\" - Lajme nga Ulqini","isPartOf":{"@id":"https:\/\/www.visit-ulcinj.com\/blog\/#website"},"primaryImageOfPage":{"@id":"https:\/\/www.visit-ulcinj.com\/blog\/2010\/11\/26\/skrelja-koalicija-dps-dua-pdp-do-kraja-novembra\/#primaryimage"},"datePublished":"2010-11-26T12:53:16+00:00","dateModified":"2010-11-26T12:53:46+00:00","author":{"@id":"https:\/\/www.visit-ulcinj.com\/blog\/#\/schema\/person\/dcab619c614d3038751c63bc2aadc06d"},"description":"Lui\u0111 \u0160krelja iz DPS-a kazao je za na\u0161 radio da \u0107e njegova partija\u00a0najvjerovatnije do kraja novembra sa DUA-om i PDP-om formirati koaliciju, koja \u0107e imati","breadcrumb":{"@id":"https:\/\/www.visit-ulcinj.com\/blog\/2010\/11\/26\/skrelja-koalicija-dps-dua-pdp-do-kraja-novembra\/#breadcrumb"},"inLanguage":"en-US","potentialAction":[{"@type":"ReadAction","target":["https:\/\/www.visit-ulcinj.com\/blog\/2010\/11\/26\/skrelja-koalicija-dps-dua-pdp-do-kraja-novembra\/"]}]},{"@type":"BreadcrumbList","@id":"https:\/\/www.visit-ulcinj.com\/blog\/2010\/11\/26\/skrelja-koalicija-dps-dua-pdp-do-kraja-novembra\/#breadcrumb","itemListElement":[{"@type":"ListItem","position":1,"name":"\u0160krelja : &#8221; Koalicija DPS-DUA-PDP do kraja novembra&#8221;"}]},{"@type":"Person","@id":"https:\/\/www.visit-ulcinj.com\/blog\/#\/schema\/person\/dcab619c614d3038751c63bc2aadc06d","name":"ulqini","sameAs":["http:\/\/www.visit-ulcinj.com"],"url":"https:\/\/www.visit-ulcinj.com\/blog\/author\/admin\/"}]}},"jetpack_featured_media_url":"","jetpack_sharing_enabled":true,"jetpack_shortlink":"https:\/\/wp.me\/pe6lTn-arU","_links":{"self":[{"href":"https:\/\/www.visit-ulcinj.com\/blog\/wp-json\/wp\/v2\/posts\/40170"}],"collection":[{"href":"https:\/\/www.visit-ulcinj.com\/blog\/wp-json\/wp\/v2\/posts"}],"about":[{"href":"https:\/\/www.visit-ulcinj.com\/blog\/wp-json\/wp\/v2\/types\/post"}],"author":[{"embeddable":true,"href":"https:\/\/www.visit-ulcinj.com\/blog\/wp-json\/wp\/v2\/users\/1"}],"replies":[{"embeddable":true,"href":"https:\/\/www.visit-ulcinj.com\/blog\/wp-json\/wp\/v2\/comments?post=40170"}],"version-history":[{"count":0,"href":"https:\/\/www.visit-ulcinj.com\/blog\/wp-json\/wp\/v2\/posts\/40170\/revisions"}],"wp:attachment":[{"href":"https:\/\/www.visit-ulcinj.com\/blog\/wp-json\/wp\/v2\/media?parent=40170"}],"wp:term":[{"taxonomy":"category","embeddable":true,"href":"https:\/\/www.visit-ulcinj.com\/blog\/wp-json\/wp\/v2\/categories?post=40170"},{"taxonomy":"post_tag","embeddable":true,"href":"https:\/\/www.visit-ulcinj.com\/blog\/wp-json\/wp\/v2\/tags?post=40170"}],"curies":[{"name":"wp","href":"https:\/\/api.w.org\/{rel}","templated":true}]}}