{"id":40175,"date":"2010-11-26T14:07:51","date_gmt":"2010-11-26T13:07:51","guid":{"rendered":"http:\/\/www.visit-ulcinj.com\/blog\/?p=40175"},"modified":"2010-11-26T14:07:51","modified_gmt":"2010-11-26T13:07:51","slug":"dzemal-perovic-vlada-da-ne-dopusti-zakup-valdanosa","status":"publish","type":"post","link":"https:\/\/www.visit-ulcinj.com\/blog\/2010\/11\/26\/dzemal-perovic-vlada-da-ne-dopusti-zakup-valdanosa\/","title":{"rendered":"D\u017eemal Perovi\u0107: Vlada da ne dopusti zakup Valdanosa"},"content":{"rendered":"<p><a href=\"http:\/\/www.visit-ulcinj.com\/blog\/wp-content\/uploads\/2010\/11\/D\u017eemal-Perovic.jpg\"><img loading=\"lazy\" class=\"alignleft size-full wp-image-40176\" title=\"D\u017eemal Perovic\" src=\"http:\/\/www.visit-ulcinj.com\/blog\/wp-content\/uploads\/2010\/11\/D\u017eemal-Perovic.jpg\" alt=\"\" width=\"300\" height=\"477\" srcset=\"https:\/\/www.visit-ulcinj.com\/blog\/wp-content\/uploads\/2010\/11\/D\u017eemal-Perovic.jpg 300w, https:\/\/www.visit-ulcinj.com\/blog\/wp-content\/uploads\/2010\/11\/D\u017eemal-Perovic-188x300.jpg 188w\" sizes=\"(max-width: 300px) 100vw, 300px\" \/><\/a>Odluka Savjeta za privatizaciju o davanju u tridestogodi\u0161nji zakup najljep\u0161e uvale na Crnogorskom primorju Valdanosa\u00a0je iznena\u0111uju\u0107a, skandalozna i \u0161tetna, ocijenio je u saop\u0161tenju D\u017eemal Perovi\u0107 ispred grupe ulcinjskih nevladinih organizacija.<\/p>\n<p>&#8211; Ustupiti takav biser, spomenik prirode, za\u0161ti\u0107eno podru\u010dje i podvodno arheolo\u0161ko nalazi\u0161te jednoj nereferentnoj firmi je zaista nepojmljivo. Firma \u201eCubus Lux\u201c ne ispunjava nijedan od tenderom postavljenih uslova, pa je ovakva odluka Savjeta nelegalna i nazakonita, tvrdi Perovi\u0107.<\/p>\n<p>Stoga \u0107e, kako se dodaje u saop\u0161tenju, grupa NVO\u00a0pokrenuti odgovaraju\u0107i postupak pred nadle\u017enim organima i sa svime upoznati evropske institucije.<\/p>\n<p>-Pozivamo crnogorsku Vladu i posebno parlament i njegovu Komisiju za kontrolu i pra\u0107enje procesa privatizaciju da ne dopuste sklapanje jednog ovakvog ugovora koji je \u0161tetan ne samo za stvarne vlasnike maslinade ve\u0107 i za op\u0161tinu Ulcinj i dr\u017eavu Crnu Goru.<\/p>\n<p>Podsje\u0107amo crnogorsku javnost da su odbornici Skup\u0161tine op\u0161tine Ulcinj 2007.g. jednoglasno donijeli odluku da se maslinada u Valdanosu vrati ranijim vlasnicima.<\/p>\n<p>Napominjemo takodje da je maslinjak predmet restitucije i da se o tome vode sporovi pred Upravnim sudom Crne Gore i Evropskim sudom za ljudska prava.<\/p>\n<p>Kao suorganizatori svih dosada\u0161njih aktivnosti i protesta na za\u0161titi prava i intetesa gradjana, grupa NVO\u00a0ovim putem najavljuje nastavak kampanje na odbrani Valdanosa. Podr\u0161ka svih dobronamjernih je u tome zna\u010dajna i o\u010dekivana, zaklju\u010duje se u saop\u0161tenju.<\/p>\n<p><a href=\"http:\/\/www.portalanalitika.me\/ekonomija\/vijesti\/14913-perovi-vlada-da-ne-dopusti-zakup-valanosa.html\" target=\"_blank\"><strong>Analitika<\/strong><\/a><\/p>\n<!--YouTube Error: bad URL entered-->\n","protected":false},"excerpt":{"rendered":"<p>Odluka Savjeta za privatizaciju o davanju u tridestogodi\u0161nji zakup najljep\u0161e uvale na Crnogorskom primorju Valdanosa\u00a0je iznena\u0111uju\u0107a, skandalozna i \u0161tetna, ocijenio je u saop\u0161tenju D\u017eemal Perovi\u0107 ispred grupe ulcinjskih nevladinih organizacija. &#8211; Ustupiti takav biser, spomenik prirode, za\u0161ti\u0107eno podru\u010dje i podvodno arheolo\u0161ko nalazi\u0161te jednoj nereferentnoj firmi je zaista nepojmljivo. Firma \u201eCubus Lux\u201c ne ispunjava nijedan od [&hellip;]<\/p>\n","protected":false},"author":1,"featured_media":0,"comment_status":"open","ping_status":"closed","sticky":false,"template":"","format":"standard","meta":{"spay_email":"","jetpack_publicize_message":"","jetpack_is_tweetstorm":false,"jetpack_publicize_feature_enabled":true},"categories":[7],"tags":[20,2367,19,136,16433],"jetpack_publicize_connections":[],"yoast_head":"<!-- This site is optimized with the Yoast SEO plugin v19.1 - https:\/\/yoast.com\/wordpress\/plugins\/seo\/ -->\n<title>D\u017eemal Perovi\u0107: Vlada da ne dopusti zakup Valdanosa - Lajme nga Ulqini<\/title>\n<meta name=\"description\" content=\"Odluka Savjeta za privatizaciju o davanju u tridestogodi\u0161nji zakup najljep\u0161e uvale na Crnogorskom primorju Valdanosa\u00a0je iznena\u0111uju\u0107a, skandalozna i\" \/>\n<meta name=\"robots\" content=\"index, follow, max-snippet:-1, max-image-preview:large, max-video-preview:-1\" \/>\n<link rel=\"canonical\" href=\"https:\/\/www.visit-ulcinj.com\/blog\/2010\/11\/26\/dzemal-perovic-vlada-da-ne-dopusti-zakup-valdanosa\/\" \/>\n<meta property=\"og:locale\" content=\"en_US\" \/>\n<meta property=\"og:type\" content=\"article\" \/>\n<meta property=\"og:title\" content=\"D\u017eemal Perovi\u0107: Vlada da ne dopusti zakup Valdanosa - Lajme nga Ulqini\" \/>\n<meta property=\"og:description\" content=\"Odluka Savjeta za privatizaciju o davanju u tridestogodi\u0161nji zakup najljep\u0161e uvale na Crnogorskom primorju Valdanosa\u00a0je iznena\u0111uju\u0107a, skandalozna i\" \/>\n<meta property=\"og:url\" content=\"https:\/\/www.visit-ulcinj.com\/blog\/2010\/11\/26\/dzemal-perovic-vlada-da-ne-dopusti-zakup-valdanosa\/\" \/>\n<meta property=\"og:site_name\" content=\"Lajme nga Ulqini\" \/>\n<meta property=\"article:published_time\" content=\"2010-11-26T13:07:51+00:00\" \/>\n<meta name=\"twitter:label1\" content=\"Written by\" \/>\n\t<meta name=\"twitter:data1\" content=\"ulqini\" \/>\n\t<meta name=\"twitter:label2\" content=\"Est. reading time\" \/>\n\t<meta name=\"twitter:data2\" content=\"1 minute\" \/>\n<script type=\"application\/ld+json\" class=\"yoast-schema-graph\">{\"@context\":\"https:\/\/schema.org\",\"@graph\":[{\"@type\":\"WebSite\",\"@id\":\"https:\/\/www.visit-ulcinj.com\/blog\/#website\",\"url\":\"https:\/\/www.visit-ulcinj.com\/blog\/\",\"name\":\"Lajme nga Ulqini\",\"description\":\"Lajme,Vijesti,Ulqini,Ulqin,Crna Gora,Mali i Zi\",\"potentialAction\":[{\"@type\":\"SearchAction\",\"target\":{\"@type\":\"EntryPoint\",\"urlTemplate\":\"https:\/\/www.visit-ulcinj.com\/blog\/?s={search_term_string}\"},\"query-input\":\"required name=search_term_string\"}],\"inLanguage\":\"en-US\"},{\"@type\":\"WebPage\",\"@id\":\"https:\/\/www.visit-ulcinj.com\/blog\/2010\/11\/26\/dzemal-perovic-vlada-da-ne-dopusti-zakup-valdanosa\/#webpage\",\"url\":\"https:\/\/www.visit-ulcinj.com\/blog\/2010\/11\/26\/dzemal-perovic-vlada-da-ne-dopusti-zakup-valdanosa\/\",\"name\":\"D\u017eemal Perovi\u0107: Vlada da ne dopusti zakup Valdanosa - Lajme nga Ulqini\",\"isPartOf\":{\"@id\":\"https:\/\/www.visit-ulcinj.com\/blog\/#website\"},\"datePublished\":\"2010-11-26T13:07:51+00:00\",\"dateModified\":\"2010-11-26T13:07:51+00:00\",\"author\":{\"@id\":\"https:\/\/www.visit-ulcinj.com\/blog\/#\/schema\/person\/dcab619c614d3038751c63bc2aadc06d\"},\"description\":\"Odluka Savjeta za privatizaciju o davanju u tridestogodi\u0161nji zakup najljep\u0161e uvale na Crnogorskom primorju Valdanosa\u00a0je iznena\u0111uju\u0107a, skandalozna i\",\"breadcrumb\":{\"@id\":\"https:\/\/www.visit-ulcinj.com\/blog\/2010\/11\/26\/dzemal-perovic-vlada-da-ne-dopusti-zakup-valdanosa\/#breadcrumb\"},\"inLanguage\":\"en-US\",\"potentialAction\":[{\"@type\":\"ReadAction\",\"target\":[\"https:\/\/www.visit-ulcinj.com\/blog\/2010\/11\/26\/dzemal-perovic-vlada-da-ne-dopusti-zakup-valdanosa\/\"]}]},{\"@type\":\"BreadcrumbList\",\"@id\":\"https:\/\/www.visit-ulcinj.com\/blog\/2010\/11\/26\/dzemal-perovic-vlada-da-ne-dopusti-zakup-valdanosa\/#breadcrumb\",\"itemListElement\":[{\"@type\":\"ListItem\",\"position\":1,\"name\":\"D\u017eemal Perovi\u0107: Vlada da ne dopusti zakup Valdanosa\"}]},{\"@type\":\"Person\",\"@id\":\"https:\/\/www.visit-ulcinj.com\/blog\/#\/schema\/person\/dcab619c614d3038751c63bc2aadc06d\",\"name\":\"ulqini\",\"sameAs\":[\"http:\/\/www.visit-ulcinj.com\"],\"url\":\"https:\/\/www.visit-ulcinj.com\/blog\/author\/admin\/\"}]}<\/script>\n<!-- \/ Yoast SEO plugin. -->","yoast_head_json":{"title":"D\u017eemal Perovi\u0107: Vlada da ne dopusti zakup Valdanosa - Lajme nga Ulqini","description":"Odluka Savjeta za privatizaciju o davanju u tridestogodi\u0161nji zakup najljep\u0161e uvale na Crnogorskom primorju Valdanosa\u00a0je iznena\u0111uju\u0107a, skandalozna i","robots":{"index":"index","follow":"follow","max-snippet":"max-snippet:-1","max-image-preview":"max-image-preview:large","max-video-preview":"max-video-preview:-1"},"canonical":"https:\/\/www.visit-ulcinj.com\/blog\/2010\/11\/26\/dzemal-perovic-vlada-da-ne-dopusti-zakup-valdanosa\/","og_locale":"en_US","og_type":"article","og_title":"D\u017eemal Perovi\u0107: Vlada da ne dopusti zakup Valdanosa - Lajme nga Ulqini","og_description":"Odluka Savjeta za privatizaciju o davanju u tridestogodi\u0161nji zakup najljep\u0161e uvale na Crnogorskom primorju Valdanosa\u00a0je iznena\u0111uju\u0107a, skandalozna i","og_url":"https:\/\/www.visit-ulcinj.com\/blog\/2010\/11\/26\/dzemal-perovic-vlada-da-ne-dopusti-zakup-valdanosa\/","og_site_name":"Lajme nga Ulqini","article_published_time":"2010-11-26T13:07:51+00:00","twitter_misc":{"Written by":"ulqini","Est. reading time":"1 minute"},"schema":{"@context":"https:\/\/schema.org","@graph":[{"@type":"WebSite","@id":"https:\/\/www.visit-ulcinj.com\/blog\/#website","url":"https:\/\/www.visit-ulcinj.com\/blog\/","name":"Lajme nga Ulqini","description":"Lajme,Vijesti,Ulqini,Ulqin,Crna Gora,Mali i Zi","potentialAction":[{"@type":"SearchAction","target":{"@type":"EntryPoint","urlTemplate":"https:\/\/www.visit-ulcinj.com\/blog\/?s={search_term_string}"},"query-input":"required name=search_term_string"}],"inLanguage":"en-US"},{"@type":"WebPage","@id":"https:\/\/www.visit-ulcinj.com\/blog\/2010\/11\/26\/dzemal-perovic-vlada-da-ne-dopusti-zakup-valdanosa\/#webpage","url":"https:\/\/www.visit-ulcinj.com\/blog\/2010\/11\/26\/dzemal-perovic-vlada-da-ne-dopusti-zakup-valdanosa\/","name":"D\u017eemal Perovi\u0107: Vlada da ne dopusti zakup Valdanosa - Lajme nga Ulqini","isPartOf":{"@id":"https:\/\/www.visit-ulcinj.com\/blog\/#website"},"datePublished":"2010-11-26T13:07:51+00:00","dateModified":"2010-11-26T13:07:51+00:00","author":{"@id":"https:\/\/www.visit-ulcinj.com\/blog\/#\/schema\/person\/dcab619c614d3038751c63bc2aadc06d"},"description":"Odluka Savjeta za privatizaciju o davanju u tridestogodi\u0161nji zakup najljep\u0161e uvale na Crnogorskom primorju Valdanosa\u00a0je iznena\u0111uju\u0107a, skandalozna i","breadcrumb":{"@id":"https:\/\/www.visit-ulcinj.com\/blog\/2010\/11\/26\/dzemal-perovic-vlada-da-ne-dopusti-zakup-valdanosa\/#breadcrumb"},"inLanguage":"en-US","potentialAction":[{"@type":"ReadAction","target":["https:\/\/www.visit-ulcinj.com\/blog\/2010\/11\/26\/dzemal-perovic-vlada-da-ne-dopusti-zakup-valdanosa\/"]}]},{"@type":"BreadcrumbList","@id":"https:\/\/www.visit-ulcinj.com\/blog\/2010\/11\/26\/dzemal-perovic-vlada-da-ne-dopusti-zakup-valdanosa\/#breadcrumb","itemListElement":[{"@type":"ListItem","position":1,"name":"D\u017eemal Perovi\u0107: Vlada da ne dopusti zakup Valdanosa"}]},{"@type":"Person","@id":"https:\/\/www.visit-ulcinj.com\/blog\/#\/schema\/person\/dcab619c614d3038751c63bc2aadc06d","name":"ulqini","sameAs":["http:\/\/www.visit-ulcinj.com"],"url":"https:\/\/www.visit-ulcinj.com\/blog\/author\/admin\/"}]}},"jetpack_featured_media_url":"","jetpack_sharing_enabled":true,"jetpack_shortlink":"https:\/\/wp.me\/pe6lTn-arZ","_links":{"self":[{"href":"https:\/\/www.visit-ulcinj.com\/blog\/wp-json\/wp\/v2\/posts\/40175"}],"collection":[{"href":"https:\/\/www.visit-ulcinj.com\/blog\/wp-json\/wp\/v2\/posts"}],"about":[{"href":"https:\/\/www.visit-ulcinj.com\/blog\/wp-json\/wp\/v2\/types\/post"}],"author":[{"embeddable":true,"href":"https:\/\/www.visit-ulcinj.com\/blog\/wp-json\/wp\/v2\/users\/1"}],"replies":[{"embeddable":true,"href":"https:\/\/www.visit-ulcinj.com\/blog\/wp-json\/wp\/v2\/comments?post=40175"}],"version-history":[{"count":0,"href":"https:\/\/www.visit-ulcinj.com\/blog\/wp-json\/wp\/v2\/posts\/40175\/revisions"}],"wp:attachment":[{"href":"https:\/\/www.visit-ulcinj.com\/blog\/wp-json\/wp\/v2\/media?parent=40175"}],"wp:term":[{"taxonomy":"category","embeddable":true,"href":"https:\/\/www.visit-ulcinj.com\/blog\/wp-json\/wp\/v2\/categories?post=40175"},{"taxonomy":"post_tag","embeddable":true,"href":"https:\/\/www.visit-ulcinj.com\/blog\/wp-json\/wp\/v2\/tags?post=40175"}],"curies":[{"name":"wp","href":"https:\/\/api.w.org\/{rel}","templated":true}]}}