{"id":40179,"date":"2010-11-26T14:37:17","date_gmt":"2010-11-26T13:37:17","guid":{"rendered":"http:\/\/www.visit-ulcinj.com\/blog\/?p=40179"},"modified":"2010-11-27T16:31:49","modified_gmt":"2010-11-27T15:31:49","slug":"adelina-thaci-fejohet-te-shtunen","status":"publish","type":"post","link":"https:\/\/www.visit-ulcinj.com\/blog\/2010\/11\/26\/adelina-thaci-fejohet-te-shtunen\/","title":{"rendered":"Adelina Tha\u00e7i fejohet t\u00eb shtun\u00ebn"},"content":{"rendered":"<p><a href=\"http:\/\/www.visit-ulcinj.com\/blog\/wp-content\/uploads\/2010\/11\/Adelina-Tha\u00e7i-fejohet.jpg\"><img loading=\"lazy\" class=\"alignleft size-thumbnail wp-image-40256\" title=\"Adelina Tha\u00e7i fejohet\" src=\"http:\/\/www.visit-ulcinj.com\/blog\/wp-content\/uploads\/2010\/11\/Adelina-Tha\u00e7i-fejohet-150x150.jpg\" alt=\"\" width=\"150\" height=\"150\" \/><\/a>Prishtin\u00eb, 25 n\u00ebntor &#8211; K\u00ebng\u00ebtarja nga Prishtina, Adelina Tha\u00e7i, e cila vet\u00ebm dit\u00eb m\u00eb par\u00eb zbuloi se \u00ebsht\u00eb e dashuruar, ka b\u00ebr\u00eb t\u00eb ditur p\u00ebr mediet kosovare se k\u00ebt\u00eb t\u00eb shtun\u00eb do ta kuror\u00ebzoj\u00eb me fejes\u00eb dashurin\u00eb e saj me Bradhyl Metajn.<\/p>\n<p>\u201cK\u00ebt\u00eb t\u00eb shtun\u00eb do t\u00eb fejohem. Jam shum\u00eb e emocionuar, jan\u00eb emocione g\u00ebzimi. \u00cbsht\u00eb di\u00e7ka e re p\u00ebr mua dhe v\u00ebrtet jam shum\u00eb e lumtur, sepse kam gjetur nj\u00eb njeri q\u00eb m\u00eb p\u00ebrshtatet n\u00eb t\u00eb gjitha aspektet\u201d, ka pohuar Adelina.<\/p>\n<p>\u201cCeremonia e fejes\u00ebs do t\u00eb jet\u00eb shum\u00eb e vog\u00ebl, vet\u00ebm familjar\u00ebt dhe miqt\u00eb t\u00eb af\u00ebrt\u201d, ka shtuar ajo.<\/p>\n<p><strong>KOHA NET<\/strong><\/p>\n<p>P\u00ebrve\u00e7 k\u00ebng\u00ebve, klipeve e paraqitjeve t\u00eb ndryshme, p\u00ebr k\u00ebng\u00ebtar\u00ebt, edhe lidhjet e dashuris\u00eb, fejesa dhe martesa z\u00ebn\u00eb vend t\u00eb r\u00ebnd\u00ebsish\u00ebm n\u00eb jet\u00ebn e tyre. Disa nuk preferojn\u00eb as t\u00eb hapin goj\u00ebn dhe t\u00eb tregojn\u00eb se me k\u00eb jan\u00eb n\u00eb lidhje, disa t\u00eb tjer\u00eb tashm\u00eb seriozisht kan\u00eb filluar me fejesa e martesa si\u00e7 e do tradita dhe zakoni shqiptar.<\/p>\n<p>Nj\u00eb nga k\u00ebng\u00ebtaret e radh\u00ebs, e cila largohet nga lista e \u201cbeqar\u00ebve\u201d \u00ebsht\u00eb edhe lina Tha\u00e7i. Si\u00e7 m\u00ebsojm\u00eb, k\u00ebng\u00ebtarja s\u00eb shpejti do t\u00eb fejohet me Bardhyl Met\u00ebn nga Prishtina. Adelina tashm\u00eb 29 vje\u00e7are, p\u00ebrve\u00e7se si k\u00ebng\u00ebtare profesioniste, \u00ebsht\u00eb dhe profesoresh\u00eb e muzik\u00ebs n\u00eb nj\u00eb shkoll\u00eb t\u00eb mesme n\u00eb Ferizaj.<\/p>\n<p>Jeton n\u00eb Prishtin\u00eb, kurse n\u00eb gjith\u00eb Kosov\u00ebn njihet edhe si vajza e humoristit t\u00eb njohur Rasim Tha\u00e7i (Cima). Lidhja e saj me biznesmenin Bardhyl Metaj po b\u00ebhet akoma m\u00eb e fort\u00eb koh\u00ebve t\u00eb fundit, nd\u00ebkoh\u00eb q\u00eb ajo n\u00eb profilin e saj n\u00eb facebook nuk ngurron t\u00eb sh\u00ebnoj\u00eb statuse t\u00eb ndryshme q\u00eb tregojn\u00eb qart\u00eb se k\u00ebng\u00ebtarja \u00ebsht\u00eb e dashuruar. Pa ndonj\u00eb buj\u00eb t\u00eb madhe, k\u00ebng\u00ebtarja ka vendosur t\u00eb fejohet edhe pse n\u00ebp\u00ebr shum\u00eb prononcime pranon se \u00ebsht\u00eb ve\u00e7se e dashuruar. \u201cPo, jam e dashuruar dhe dashuria p\u00ebr mua ka nj\u00eb dometh\u00ebnie t\u00eb madhe. Mendoj se \u00ebsht\u00eb gj\u00ebja m\u00eb e bukur t\u00eb duash dhe t\u00eb t\u00eb doj\u00eb dikush ashtu si\u00e7 je.<\/p>\n<p>Kjo n\u00ebnkupton shum\u00eb\u201d, \u00ebsht\u00eb shprehur k\u00ebng\u00ebtarja. Nd\u00ebrkoh\u00eb, e pyetur se si mund ta p\u00ebrshkruaj\u00eb mashkullin ideal, ajo thekson: \u201cIdeal s\u2019ka, por kur e dashuron dik\u00eb, ai \u00ebsht\u00eb ideali p\u00ebr ty, kur p\u00ebrshtatesh me nj\u00eb njeri, p\u00ebr mua kjo gj\u00eb vlen shum\u00eb\u201d. Aktualisht k\u00ebng\u00ebtarja \u00ebsht\u00eb n\u00eb p\u00ebrfundim t\u00eb masterit dhe ky p\u00ebrkushtim po i merr shum\u00eb koh\u00eb, pasi ka obligime p\u00ebrve\u00e7 si profesoresh\u00eb, por edhe n\u00eb Filarmonin\u00eb e Kosov\u00ebs. Ceremonia e fejes\u00ebs do t\u00eb zhvillohet n\u00eb prani t\u00eb familjar\u00ebve t\u00eb ngusht\u00eb, duke mos zgjeruar rrethin dhe pa prani t\u00eb mediave.<\/p>\n<p>Bardhyl Metaj \u00ebsht\u00eb nga Prishtina dhe prej nj\u00eb kohe t\u00eb gjat\u00eb jeton n\u00eb Zvic\u00ebr. P\u00ebrve\u00e7 biznesit familjar q\u00eb ka, m\u00eb her\u00ebt ka punuar edhe si gazetar n\u00eb disa t\u00eb p\u00ebrditshme kosovare, pastaj m\u00eb von\u00eb u zgjodh edhe si themelues i LDK-s\u00eb p\u00ebr Zvicr\u00ebn, kurse deri n\u00eb vitin 1997 ka ushtruar postin e sekretarit t\u00eb p\u00ebrgjithsh\u00ebm t\u00eb fondit (3%) p\u00ebr Zvicr\u00ebn pran\u00eb institucioneve t\u00eb Kosov\u00ebs n\u00eb azil. Momentalisht \u00ebsht\u00eb shef i menaxhimit dhe marrdh\u00ebnieve me publikun pran\u00eb kompanis\u00eb familjare n\u00ebn emrin \u201cMeta\u201d me seli n\u00eb Prishtin\u00eb dhe Z\u00fcrich.<\/p>\n<p><strong>Panorama Plus<\/strong><\/p>\n<p><strong> <!--YouTube Error: bad URL entered--><\/strong><\/p>\n","protected":false},"excerpt":{"rendered":"<p>Prishtin\u00eb, 25 n\u00ebntor &#8211; K\u00ebng\u00ebtarja nga Prishtina, Adelina Tha\u00e7i, e cila vet\u00ebm dit\u00eb m\u00eb par\u00eb zbuloi se \u00ebsht\u00eb e dashuruar, ka b\u00ebr\u00eb t\u00eb ditur p\u00ebr mediet kosovare se k\u00ebt\u00eb t\u00eb shtun\u00eb do ta kuror\u00ebzoj\u00eb me fejes\u00eb dashurin\u00eb e saj me Bradhyl Metajn. \u201cK\u00ebt\u00eb t\u00eb shtun\u00eb do t\u00eb fejohem. Jam shum\u00eb e emocionuar, jan\u00eb emocione g\u00ebzimi. [&hellip;]<\/p>\n","protected":false},"author":1,"featured_media":0,"comment_status":"open","ping_status":"closed","sticky":false,"template":"","format":"standard","meta":{"spay_email":"","jetpack_publicize_message":"","jetpack_is_tweetstorm":false,"jetpack_publicize_feature_enabled":true},"categories":[1],"tags":[12441],"jetpack_publicize_connections":[],"yoast_head":"<!-- This site is optimized with the Yoast SEO plugin v19.1 - https:\/\/yoast.com\/wordpress\/plugins\/seo\/ -->\n<title>Adelina Tha\u00e7i fejohet t\u00eb shtun\u00ebn - Lajme nga Ulqini<\/title>\n<meta name=\"description\" content=\"Prishtin\u00eb, 25 n\u00ebntor - K\u00ebng\u00ebtarja nga Prishtina, Adelina Tha\u00e7i, e cila vet\u00ebm dit\u00eb m\u00eb par\u00eb zbuloi se \u00ebsht\u00eb e dashuruar, ka b\u00ebr\u00eb t\u00eb ditur p\u00ebr mediet\" \/>\n<meta name=\"robots\" content=\"index, follow, max-snippet:-1, max-image-preview:large, max-video-preview:-1\" \/>\n<link rel=\"canonical\" href=\"https:\/\/www.visit-ulcinj.com\/blog\/2010\/11\/26\/adelina-thaci-fejohet-te-shtunen\/\" \/>\n<meta property=\"og:locale\" content=\"en_US\" \/>\n<meta property=\"og:type\" content=\"article\" \/>\n<meta property=\"og:title\" content=\"Adelina Tha\u00e7i fejohet t\u00eb shtun\u00ebn - Lajme nga Ulqini\" \/>\n<meta property=\"og:description\" content=\"Prishtin\u00eb, 25 n\u00ebntor - K\u00ebng\u00ebtarja nga Prishtina, Adelina Tha\u00e7i, e cila vet\u00ebm dit\u00eb m\u00eb par\u00eb zbuloi se \u00ebsht\u00eb e dashuruar, ka b\u00ebr\u00eb t\u00eb ditur p\u00ebr mediet\" \/>\n<meta property=\"og:url\" content=\"https:\/\/www.visit-ulcinj.com\/blog\/2010\/11\/26\/adelina-thaci-fejohet-te-shtunen\/\" \/>\n<meta property=\"og:site_name\" content=\"Lajme nga Ulqini\" \/>\n<meta property=\"article:published_time\" content=\"2010-11-26T13:37:17+00:00\" \/>\n<meta property=\"article:modified_time\" content=\"2010-11-27T15:31:49+00:00\" \/>\n<meta name=\"twitter:label1\" content=\"Written by\" \/>\n\t<meta name=\"twitter:data1\" content=\"ulqini\" \/>\n\t<meta name=\"twitter:label2\" content=\"Est. reading time\" \/>\n\t<meta name=\"twitter:data2\" content=\"3 minutes\" \/>\n<script type=\"application\/ld+json\" class=\"yoast-schema-graph\">{\"@context\":\"https:\/\/schema.org\",\"@graph\":[{\"@type\":\"WebSite\",\"@id\":\"https:\/\/www.visit-ulcinj.com\/blog\/#website\",\"url\":\"https:\/\/www.visit-ulcinj.com\/blog\/\",\"name\":\"Lajme nga Ulqini\",\"description\":\"Lajme,Vijesti,Ulqini,Ulqin,Crna Gora,Mali i Zi\",\"potentialAction\":[{\"@type\":\"SearchAction\",\"target\":{\"@type\":\"EntryPoint\",\"urlTemplate\":\"https:\/\/www.visit-ulcinj.com\/blog\/?s={search_term_string}\"},\"query-input\":\"required name=search_term_string\"}],\"inLanguage\":\"en-US\"},{\"@type\":\"WebPage\",\"@id\":\"https:\/\/www.visit-ulcinj.com\/blog\/2010\/11\/26\/adelina-thaci-fejohet-te-shtunen\/#webpage\",\"url\":\"https:\/\/www.visit-ulcinj.com\/blog\/2010\/11\/26\/adelina-thaci-fejohet-te-shtunen\/\",\"name\":\"Adelina Tha\u00e7i fejohet t\u00eb shtun\u00ebn - Lajme nga Ulqini\",\"isPartOf\":{\"@id\":\"https:\/\/www.visit-ulcinj.com\/blog\/#website\"},\"datePublished\":\"2010-11-26T13:37:17+00:00\",\"dateModified\":\"2010-11-27T15:31:49+00:00\",\"author\":{\"@id\":\"https:\/\/www.visit-ulcinj.com\/blog\/#\/schema\/person\/dcab619c614d3038751c63bc2aadc06d\"},\"description\":\"Prishtin\u00eb, 25 n\u00ebntor - K\u00ebng\u00ebtarja nga Prishtina, Adelina Tha\u00e7i, e cila vet\u00ebm dit\u00eb m\u00eb par\u00eb zbuloi se \u00ebsht\u00eb e dashuruar, ka b\u00ebr\u00eb t\u00eb ditur p\u00ebr mediet\",\"breadcrumb\":{\"@id\":\"https:\/\/www.visit-ulcinj.com\/blog\/2010\/11\/26\/adelina-thaci-fejohet-te-shtunen\/#breadcrumb\"},\"inLanguage\":\"en-US\",\"potentialAction\":[{\"@type\":\"ReadAction\",\"target\":[\"https:\/\/www.visit-ulcinj.com\/blog\/2010\/11\/26\/adelina-thaci-fejohet-te-shtunen\/\"]}]},{\"@type\":\"BreadcrumbList\",\"@id\":\"https:\/\/www.visit-ulcinj.com\/blog\/2010\/11\/26\/adelina-thaci-fejohet-te-shtunen\/#breadcrumb\",\"itemListElement\":[{\"@type\":\"ListItem\",\"position\":1,\"name\":\"Adelina Tha\u00e7i fejohet t\u00eb shtun\u00ebn\"}]},{\"@type\":\"Person\",\"@id\":\"https:\/\/www.visit-ulcinj.com\/blog\/#\/schema\/person\/dcab619c614d3038751c63bc2aadc06d\",\"name\":\"ulqini\",\"sameAs\":[\"http:\/\/www.visit-ulcinj.com\"],\"url\":\"https:\/\/www.visit-ulcinj.com\/blog\/author\/admin\/\"}]}<\/script>\n<!-- \/ Yoast SEO plugin. -->","yoast_head_json":{"title":"Adelina Tha\u00e7i fejohet t\u00eb shtun\u00ebn - Lajme nga Ulqini","description":"Prishtin\u00eb, 25 n\u00ebntor - K\u00ebng\u00ebtarja nga Prishtina, Adelina Tha\u00e7i, e cila vet\u00ebm dit\u00eb m\u00eb par\u00eb zbuloi se \u00ebsht\u00eb e dashuruar, ka b\u00ebr\u00eb t\u00eb ditur p\u00ebr mediet","robots":{"index":"index","follow":"follow","max-snippet":"max-snippet:-1","max-image-preview":"max-image-preview:large","max-video-preview":"max-video-preview:-1"},"canonical":"https:\/\/www.visit-ulcinj.com\/blog\/2010\/11\/26\/adelina-thaci-fejohet-te-shtunen\/","og_locale":"en_US","og_type":"article","og_title":"Adelina Tha\u00e7i fejohet t\u00eb shtun\u00ebn - Lajme nga Ulqini","og_description":"Prishtin\u00eb, 25 n\u00ebntor - K\u00ebng\u00ebtarja nga Prishtina, Adelina Tha\u00e7i, e cila vet\u00ebm dit\u00eb m\u00eb par\u00eb zbuloi se \u00ebsht\u00eb e dashuruar, ka b\u00ebr\u00eb t\u00eb ditur p\u00ebr mediet","og_url":"https:\/\/www.visit-ulcinj.com\/blog\/2010\/11\/26\/adelina-thaci-fejohet-te-shtunen\/","og_site_name":"Lajme nga Ulqini","article_published_time":"2010-11-26T13:37:17+00:00","article_modified_time":"2010-11-27T15:31:49+00:00","twitter_misc":{"Written by":"ulqini","Est. reading time":"3 minutes"},"schema":{"@context":"https:\/\/schema.org","@graph":[{"@type":"WebSite","@id":"https:\/\/www.visit-ulcinj.com\/blog\/#website","url":"https:\/\/www.visit-ulcinj.com\/blog\/","name":"Lajme nga Ulqini","description":"Lajme,Vijesti,Ulqini,Ulqin,Crna Gora,Mali i Zi","potentialAction":[{"@type":"SearchAction","target":{"@type":"EntryPoint","urlTemplate":"https:\/\/www.visit-ulcinj.com\/blog\/?s={search_term_string}"},"query-input":"required name=search_term_string"}],"inLanguage":"en-US"},{"@type":"WebPage","@id":"https:\/\/www.visit-ulcinj.com\/blog\/2010\/11\/26\/adelina-thaci-fejohet-te-shtunen\/#webpage","url":"https:\/\/www.visit-ulcinj.com\/blog\/2010\/11\/26\/adelina-thaci-fejohet-te-shtunen\/","name":"Adelina Tha\u00e7i fejohet t\u00eb shtun\u00ebn - Lajme nga Ulqini","isPartOf":{"@id":"https:\/\/www.visit-ulcinj.com\/blog\/#website"},"datePublished":"2010-11-26T13:37:17+00:00","dateModified":"2010-11-27T15:31:49+00:00","author":{"@id":"https:\/\/www.visit-ulcinj.com\/blog\/#\/schema\/person\/dcab619c614d3038751c63bc2aadc06d"},"description":"Prishtin\u00eb, 25 n\u00ebntor - K\u00ebng\u00ebtarja nga Prishtina, Adelina Tha\u00e7i, e cila vet\u00ebm dit\u00eb m\u00eb par\u00eb zbuloi se \u00ebsht\u00eb e dashuruar, ka b\u00ebr\u00eb t\u00eb ditur p\u00ebr mediet","breadcrumb":{"@id":"https:\/\/www.visit-ulcinj.com\/blog\/2010\/11\/26\/adelina-thaci-fejohet-te-shtunen\/#breadcrumb"},"inLanguage":"en-US","potentialAction":[{"@type":"ReadAction","target":["https:\/\/www.visit-ulcinj.com\/blog\/2010\/11\/26\/adelina-thaci-fejohet-te-shtunen\/"]}]},{"@type":"BreadcrumbList","@id":"https:\/\/www.visit-ulcinj.com\/blog\/2010\/11\/26\/adelina-thaci-fejohet-te-shtunen\/#breadcrumb","itemListElement":[{"@type":"ListItem","position":1,"name":"Adelina Tha\u00e7i fejohet t\u00eb shtun\u00ebn"}]},{"@type":"Person","@id":"https:\/\/www.visit-ulcinj.com\/blog\/#\/schema\/person\/dcab619c614d3038751c63bc2aadc06d","name":"ulqini","sameAs":["http:\/\/www.visit-ulcinj.com"],"url":"https:\/\/www.visit-ulcinj.com\/blog\/author\/admin\/"}]}},"jetpack_featured_media_url":"","jetpack_sharing_enabled":true,"jetpack_shortlink":"https:\/\/wp.me\/pe6lTn-as3","_links":{"self":[{"href":"https:\/\/www.visit-ulcinj.com\/blog\/wp-json\/wp\/v2\/posts\/40179"}],"collection":[{"href":"https:\/\/www.visit-ulcinj.com\/blog\/wp-json\/wp\/v2\/posts"}],"about":[{"href":"https:\/\/www.visit-ulcinj.com\/blog\/wp-json\/wp\/v2\/types\/post"}],"author":[{"embeddable":true,"href":"https:\/\/www.visit-ulcinj.com\/blog\/wp-json\/wp\/v2\/users\/1"}],"replies":[{"embeddable":true,"href":"https:\/\/www.visit-ulcinj.com\/blog\/wp-json\/wp\/v2\/comments?post=40179"}],"version-history":[{"count":0,"href":"https:\/\/www.visit-ulcinj.com\/blog\/wp-json\/wp\/v2\/posts\/40179\/revisions"}],"wp:attachment":[{"href":"https:\/\/www.visit-ulcinj.com\/blog\/wp-json\/wp\/v2\/media?parent=40179"}],"wp:term":[{"taxonomy":"category","embeddable":true,"href":"https:\/\/www.visit-ulcinj.com\/blog\/wp-json\/wp\/v2\/categories?post=40179"},{"taxonomy":"post_tag","embeddable":true,"href":"https:\/\/www.visit-ulcinj.com\/blog\/wp-json\/wp\/v2\/tags?post=40179"}],"curies":[{"name":"wp","href":"https:\/\/api.w.org\/{rel}","templated":true}]}}