{"id":40204,"date":"2010-11-26T19:02:07","date_gmt":"2010-11-26T18:02:07","guid":{"rendered":"http:\/\/www.visit-ulcinj.com\/blog\/?p=40204"},"modified":"2010-11-26T19:02:07","modified_gmt":"2010-11-26T18:02:07","slug":"skrelja-smjenjuje-deku","status":"publish","type":"post","link":"https:\/\/www.visit-ulcinj.com\/blog\/2010\/11\/26\/skrelja-smjenjuje-deku\/","title":{"rendered":"\u0160krelja smjenjuje \u0110eku"},"content":{"rendered":"<p><a href=\"http:\/\/www.visit-ulcinj.com\/blog\/wp-content\/uploads\/2010\/11\/skrelja-smjenjuje-sekretare-u-opstini-ulcinj.jpg\"><img loading=\"lazy\" class=\"alignleft size-full wp-image-40205\" title=\"skrelja smjenjuje sekretare u opstini ulcinj\" src=\"http:\/\/www.visit-ulcinj.com\/blog\/wp-content\/uploads\/2010\/11\/skrelja-smjenjuje-sekretare-u-opstini-ulcinj.jpg\" alt=\"\" width=\"490\" height=\"332\" \/><\/a>Nakon skoro 40 dana od zavr\u0161etak vanrednih izbora, u Ulcinju su po\u010deli pregovori Demokratske partije socijalista, Demokratske unije Albanaca i Partije demokratskog prosperiteta oko formiranja skup\u0161tinske ve\u0107ine. Tri partije koje su protekle \u010detiri godine vr\u0161ile vlast u Ulcinju osvojile su 17 mandata od ukupno 33 (DPS sedam i Koalicija DUA-PDP 10). Doskora\u0161nji koalicioni partneri tek su u po\u010detnoj fazi razgovora, ali kako \u201eDan&#8221; saznaje ve\u0107 se naziru prvi problemi. Kamen spoticanja mogao bi da bude resor finansija koji je do sada pokrivala DUA, a sada ga \u017eeli DPS koja insistira na smjeni sekretara tog sekretarijata Fatmira \u0110eke.<br \/>\nPredsjednik OO DPS-a Lui\u0111 \u0160krelja potvrdio je na\u0161em listu da su po\u010deli pregovori sa DUA i PDP, te da \u0107e osim funkcije predsjednika Skup\u0161tine DPS insistirati i na Sekretarijatu za bud\u017eet i finasije i Sekretarijatu za urbanizam.<br \/>\n&#8211; Zasad nema nikakvih naznaka da bi pregovori mogli da krenu u ne\u017eeljenom pravcu. Ta\u010dno je da se na\u0161i zahtjevi bitno razlikuju od ranijih , jer nam samostalni nastup na izborima i izborni rezultat daju za pravo, da sa vi\u0161e kapaciteta budemo dio budu\u0107e vlasti. Ne odustajemo od mjesta predsjednika lokalnog parlamenta, funkcije koja je bila jedan od glavnih uzroka za ponavljanje lokalnih izbora u oktobru. Zasad ta funkcija nije sporna i ne mislim da \u0107e biti &#8211; kazao je \u0160krelja.<br \/>\nNa pitanje da li o\u010dekuje probleme kada je u pitanju funkcija sekretara za bud\u017eet i finasije \u0160krelja je odgovorio da \u0107e kao odgovorna partija voditi ra\u010duna da personalna rje\u0161enja budu u skladu sa planovima partije.<br \/>\n&#8211; Nismo zadovoljni kapacitetom i koli\u010dnom izvr\u0161ne valsti koju smo imali. Ne\u0107emo odustati od zahtjeva da nam pripadne jedan od klju\u010dnih sekretarijata koji \u0107e DPS dominatno da u\u010dini prepoznatljivom, kada je u pitanju vr\u0161enje vlasti. Sasvim sigurno da je Sekretarijat za bud\u017eet i finansije jedan od zna\u010dajnih resora u lokalnoj vlasti, iz mnogo razloga, i siguran sam da bi DPS najbolje mogla da odgovori svim zahtjevima. Ukoliko to eventualno bude kamen spoticanja sa na\u0161im koalicionim partnerimna, onda mo\u017eemo da konstatujemo da oni nisu spremni da se uhvate u ko\u0161tac sa onim \u0161to nas \u010deka. Mi smo bili dio vlasti, i imali dio odgovornosti. \u017delimo da se oprobamo i u drugim resorima. Sigurno je da ne\u0107emo biti samo dekor u vlasti, ve\u0107 \u017eelimo da preuzmemo potpunu odgovornost. Bez kontrole nad finasijama i izvr\u0161enjem bud\u017eeta i realizacijom svega onog \u0161to je afirmativno, ne samo za koaliciju, ve\u0107 i za gra\u0111ane i zaposlene koji zara\u0111uju hljeb, te\u0161ko da se mo\u017eemo uhvatiti u ko\u0161tac sa izazovima i re\u0107i da to mo\u017eemo, a sigurno je da mo\u017eemo i ho\u0107emo &#8211; zaklju\u010dio je \u0160krelja.<br \/>\nKomentar na zahtjeve DPS-a u DUA nismo uspjeli da dobijemo. Upu\u0107eni smatraju da se DUA ne\u0107e lako odre\u0107i Sekretarijata za bud\u017eet i finasnije. To mjesto ve\u0107 godinama pokriva Fatmir \u0110eka, visoki funkcioner partije i \u010dovjek sa velikim ugledom u \u010dlanstvu i organima partije.<\/p>\n<p><strong>Personalna rje\u0161enja<\/strong><\/p>\n<p>Ukoliko se izme\u0111u DPS, DUA i PDP postigne dogovor o postizbornoj koaliciji koja bi imala ve\u0107inu u SO, predsjednik lokalnog parlamenta bi\u0107e sasvim sigurno Ljoro Nreki\u0107, dugogodi\u0161nji odbornik DPS u Skup\u0161tini i direktor Elektrodistribucije. Za Nreki\u0107a se ta funkcija priprema ve\u0107 odavno, a potencijalni koalicioni partneri nemaju ni\u0161ta protiv tog predloga. Pote\u0161ko\u0107a bi moglo da bude oko personalnog rje\u0161enja za sekretara za bud\u017eet i finasije. Na to mjesto pretenduju Red\u017eep Taganovi\u0107, vi\u0161egodi\u0161nji odbornik i poslanik DPS-a i D\u017eemal Vukovi\u0107 aktuelni direktor ulcinjske po\u0161te i biv\u0161i direktor HTP \u201eUlcinjska rivijera&#8221;. U ostalim sekretarijatima ne\u0107e biti mnogo personalnih promjena jer realno ni DPS a ni DUA i PDP nemaju mnogo izbora kada su kadrovi u pitanju. Uglavnom je to, manje-vi\u0161e, isti personal, kome evidentno nedostaje mla\u0111a i svej\u017eija krv.<\/p>\n<p><strong><br \/>\n<a href=\"http:\/\/www.dan.co.me\/?nivo=3&amp;rubrika=Regioni&amp;clanak=257135&amp;datum=2010-11-26\" target=\"_blank\">DAN<\/a><\/strong><\/p>\n","protected":false},"excerpt":{"rendered":"<p>Nakon skoro 40 dana od zavr\u0161etak vanrednih izbora, u Ulcinju su po\u010deli pregovori Demokratske partije socijalista, Demokratske unije Albanaca i Partije demokratskog prosperiteta oko formiranja skup\u0161tinske ve\u0107ine. Tri partije koje su protekle \u010detiri godine vr\u0161ile vlast u Ulcinju osvojile su 17 mandata od ukupno 33 (DPS sedam i Koalicija DUA-PDP 10). Doskora\u0161nji koalicioni partneri tek [&hellip;]<\/p>\n","protected":false},"author":1,"featured_media":0,"comment_status":"open","ping_status":"closed","sticky":false,"template":"","format":"standard","meta":{"spay_email":"","jetpack_publicize_message":"","jetpack_is_tweetstorm":false,"jetpack_publicize_feature_enabled":true},"categories":[8337],"tags":[4608,16435,264,3139,19],"jetpack_publicize_connections":[],"yoast_head":"<!-- This site is optimized with the Yoast SEO plugin v19.1 - https:\/\/yoast.com\/wordpress\/plugins\/seo\/ -->\n<title>\u0160krelja smjenjuje \u0110eku - Lajme nga Ulqini<\/title>\n<meta name=\"description\" content=\"Nakon skoro 40 dana od zavr\u0161etak vanrednih izbora, u Ulcinju su po\u010deli pregovori Demokratske partije socijalista, Demokratske unije Albanaca i Partije\" \/>\n<meta name=\"robots\" content=\"index, follow, max-snippet:-1, max-image-preview:large, max-video-preview:-1\" \/>\n<link rel=\"canonical\" href=\"https:\/\/www.visit-ulcinj.com\/blog\/2010\/11\/26\/skrelja-smjenjuje-deku\/\" \/>\n<meta property=\"og:locale\" content=\"en_US\" \/>\n<meta property=\"og:type\" content=\"article\" \/>\n<meta property=\"og:title\" content=\"\u0160krelja smjenjuje \u0110eku - Lajme nga Ulqini\" \/>\n<meta property=\"og:description\" content=\"Nakon skoro 40 dana od zavr\u0161etak vanrednih izbora, u Ulcinju su po\u010deli pregovori Demokratske partije socijalista, Demokratske unije Albanaca i Partije\" \/>\n<meta property=\"og:url\" content=\"https:\/\/www.visit-ulcinj.com\/blog\/2010\/11\/26\/skrelja-smjenjuje-deku\/\" \/>\n<meta property=\"og:site_name\" content=\"Lajme nga Ulqini\" \/>\n<meta property=\"article:published_time\" content=\"2010-11-26T18:02:07+00:00\" \/>\n<meta property=\"og:image\" content=\"http:\/\/www.visit-ulcinj.com\/blog\/wp-content\/uploads\/2010\/11\/skrelja-smjenjuje-sekretare-u-opstini-ulcinj.jpg\" \/>\n<meta name=\"twitter:label1\" content=\"Written by\" \/>\n\t<meta name=\"twitter:data1\" content=\"ulqini\" \/>\n\t<meta name=\"twitter:label2\" content=\"Est. reading time\" \/>\n\t<meta name=\"twitter:data2\" content=\"3 minutes\" \/>\n<script type=\"application\/ld+json\" class=\"yoast-schema-graph\">{\"@context\":\"https:\/\/schema.org\",\"@graph\":[{\"@type\":\"WebSite\",\"@id\":\"https:\/\/www.visit-ulcinj.com\/blog\/#website\",\"url\":\"https:\/\/www.visit-ulcinj.com\/blog\/\",\"name\":\"Lajme nga Ulqini\",\"description\":\"Lajme,Vijesti,Ulqini,Ulqin,Crna Gora,Mali i Zi\",\"potentialAction\":[{\"@type\":\"SearchAction\",\"target\":{\"@type\":\"EntryPoint\",\"urlTemplate\":\"https:\/\/www.visit-ulcinj.com\/blog\/?s={search_term_string}\"},\"query-input\":\"required name=search_term_string\"}],\"inLanguage\":\"en-US\"},{\"@type\":\"ImageObject\",\"inLanguage\":\"en-US\",\"@id\":\"https:\/\/www.visit-ulcinj.com\/blog\/2010\/11\/26\/skrelja-smjenjuje-deku\/#primaryimage\",\"url\":\"https:\/\/www.visit-ulcinj.com\/blog\/wp-content\/uploads\/2010\/11\/skrelja-smjenjuje-sekretare-u-opstini-ulcinj.jpg\",\"contentUrl\":\"https:\/\/www.visit-ulcinj.com\/blog\/wp-content\/uploads\/2010\/11\/skrelja-smjenjuje-sekretare-u-opstini-ulcinj.jpg\",\"width\":\"541\",\"height\":\"332\"},{\"@type\":\"WebPage\",\"@id\":\"https:\/\/www.visit-ulcinj.com\/blog\/2010\/11\/26\/skrelja-smjenjuje-deku\/#webpage\",\"url\":\"https:\/\/www.visit-ulcinj.com\/blog\/2010\/11\/26\/skrelja-smjenjuje-deku\/\",\"name\":\"\u0160krelja smjenjuje \u0110eku - Lajme nga Ulqini\",\"isPartOf\":{\"@id\":\"https:\/\/www.visit-ulcinj.com\/blog\/#website\"},\"primaryImageOfPage\":{\"@id\":\"https:\/\/www.visit-ulcinj.com\/blog\/2010\/11\/26\/skrelja-smjenjuje-deku\/#primaryimage\"},\"datePublished\":\"2010-11-26T18:02:07+00:00\",\"dateModified\":\"2010-11-26T18:02:07+00:00\",\"author\":{\"@id\":\"https:\/\/www.visit-ulcinj.com\/blog\/#\/schema\/person\/dcab619c614d3038751c63bc2aadc06d\"},\"description\":\"Nakon skoro 40 dana od zavr\u0161etak vanrednih izbora, u Ulcinju su po\u010deli pregovori Demokratske partije socijalista, Demokratske unije Albanaca i Partije\",\"breadcrumb\":{\"@id\":\"https:\/\/www.visit-ulcinj.com\/blog\/2010\/11\/26\/skrelja-smjenjuje-deku\/#breadcrumb\"},\"inLanguage\":\"en-US\",\"potentialAction\":[{\"@type\":\"ReadAction\",\"target\":[\"https:\/\/www.visit-ulcinj.com\/blog\/2010\/11\/26\/skrelja-smjenjuje-deku\/\"]}]},{\"@type\":\"BreadcrumbList\",\"@id\":\"https:\/\/www.visit-ulcinj.com\/blog\/2010\/11\/26\/skrelja-smjenjuje-deku\/#breadcrumb\",\"itemListElement\":[{\"@type\":\"ListItem\",\"position\":1,\"name\":\"\u0160krelja smjenjuje \u0110eku\"}]},{\"@type\":\"Person\",\"@id\":\"https:\/\/www.visit-ulcinj.com\/blog\/#\/schema\/person\/dcab619c614d3038751c63bc2aadc06d\",\"name\":\"ulqini\",\"sameAs\":[\"http:\/\/www.visit-ulcinj.com\"],\"url\":\"https:\/\/www.visit-ulcinj.com\/blog\/author\/admin\/\"}]}<\/script>\n<!-- \/ Yoast SEO plugin. -->","yoast_head_json":{"title":"\u0160krelja smjenjuje \u0110eku - Lajme nga Ulqini","description":"Nakon skoro 40 dana od zavr\u0161etak vanrednih izbora, u Ulcinju su po\u010deli pregovori Demokratske partije socijalista, Demokratske unije Albanaca i Partije","robots":{"index":"index","follow":"follow","max-snippet":"max-snippet:-1","max-image-preview":"max-image-preview:large","max-video-preview":"max-video-preview:-1"},"canonical":"https:\/\/www.visit-ulcinj.com\/blog\/2010\/11\/26\/skrelja-smjenjuje-deku\/","og_locale":"en_US","og_type":"article","og_title":"\u0160krelja smjenjuje \u0110eku - Lajme nga Ulqini","og_description":"Nakon skoro 40 dana od zavr\u0161etak vanrednih izbora, u Ulcinju su po\u010deli pregovori Demokratske partije socijalista, Demokratske unije Albanaca i Partije","og_url":"https:\/\/www.visit-ulcinj.com\/blog\/2010\/11\/26\/skrelja-smjenjuje-deku\/","og_site_name":"Lajme nga Ulqini","article_published_time":"2010-11-26T18:02:07+00:00","og_image":[{"url":"http:\/\/www.visit-ulcinj.com\/blog\/wp-content\/uploads\/2010\/11\/skrelja-smjenjuje-sekretare-u-opstini-ulcinj.jpg"}],"twitter_misc":{"Written by":"ulqini","Est. reading time":"3 minutes"},"schema":{"@context":"https:\/\/schema.org","@graph":[{"@type":"WebSite","@id":"https:\/\/www.visit-ulcinj.com\/blog\/#website","url":"https:\/\/www.visit-ulcinj.com\/blog\/","name":"Lajme nga Ulqini","description":"Lajme,Vijesti,Ulqini,Ulqin,Crna Gora,Mali i Zi","potentialAction":[{"@type":"SearchAction","target":{"@type":"EntryPoint","urlTemplate":"https:\/\/www.visit-ulcinj.com\/blog\/?s={search_term_string}"},"query-input":"required name=search_term_string"}],"inLanguage":"en-US"},{"@type":"ImageObject","inLanguage":"en-US","@id":"https:\/\/www.visit-ulcinj.com\/blog\/2010\/11\/26\/skrelja-smjenjuje-deku\/#primaryimage","url":"https:\/\/www.visit-ulcinj.com\/blog\/wp-content\/uploads\/2010\/11\/skrelja-smjenjuje-sekretare-u-opstini-ulcinj.jpg","contentUrl":"https:\/\/www.visit-ulcinj.com\/blog\/wp-content\/uploads\/2010\/11\/skrelja-smjenjuje-sekretare-u-opstini-ulcinj.jpg","width":"541","height":"332"},{"@type":"WebPage","@id":"https:\/\/www.visit-ulcinj.com\/blog\/2010\/11\/26\/skrelja-smjenjuje-deku\/#webpage","url":"https:\/\/www.visit-ulcinj.com\/blog\/2010\/11\/26\/skrelja-smjenjuje-deku\/","name":"\u0160krelja smjenjuje \u0110eku - Lajme nga Ulqini","isPartOf":{"@id":"https:\/\/www.visit-ulcinj.com\/blog\/#website"},"primaryImageOfPage":{"@id":"https:\/\/www.visit-ulcinj.com\/blog\/2010\/11\/26\/skrelja-smjenjuje-deku\/#primaryimage"},"datePublished":"2010-11-26T18:02:07+00:00","dateModified":"2010-11-26T18:02:07+00:00","author":{"@id":"https:\/\/www.visit-ulcinj.com\/blog\/#\/schema\/person\/dcab619c614d3038751c63bc2aadc06d"},"description":"Nakon skoro 40 dana od zavr\u0161etak vanrednih izbora, u Ulcinju su po\u010deli pregovori Demokratske partije socijalista, Demokratske unije Albanaca i Partije","breadcrumb":{"@id":"https:\/\/www.visit-ulcinj.com\/blog\/2010\/11\/26\/skrelja-smjenjuje-deku\/#breadcrumb"},"inLanguage":"en-US","potentialAction":[{"@type":"ReadAction","target":["https:\/\/www.visit-ulcinj.com\/blog\/2010\/11\/26\/skrelja-smjenjuje-deku\/"]}]},{"@type":"BreadcrumbList","@id":"https:\/\/www.visit-ulcinj.com\/blog\/2010\/11\/26\/skrelja-smjenjuje-deku\/#breadcrumb","itemListElement":[{"@type":"ListItem","position":1,"name":"\u0160krelja smjenjuje \u0110eku"}]},{"@type":"Person","@id":"https:\/\/www.visit-ulcinj.com\/blog\/#\/schema\/person\/dcab619c614d3038751c63bc2aadc06d","name":"ulqini","sameAs":["http:\/\/www.visit-ulcinj.com"],"url":"https:\/\/www.visit-ulcinj.com\/blog\/author\/admin\/"}]}},"jetpack_featured_media_url":"","jetpack_sharing_enabled":true,"jetpack_shortlink":"https:\/\/wp.me\/pe6lTn-ass","_links":{"self":[{"href":"https:\/\/www.visit-ulcinj.com\/blog\/wp-json\/wp\/v2\/posts\/40204"}],"collection":[{"href":"https:\/\/www.visit-ulcinj.com\/blog\/wp-json\/wp\/v2\/posts"}],"about":[{"href":"https:\/\/www.visit-ulcinj.com\/blog\/wp-json\/wp\/v2\/types\/post"}],"author":[{"embeddable":true,"href":"https:\/\/www.visit-ulcinj.com\/blog\/wp-json\/wp\/v2\/users\/1"}],"replies":[{"embeddable":true,"href":"https:\/\/www.visit-ulcinj.com\/blog\/wp-json\/wp\/v2\/comments?post=40204"}],"version-history":[{"count":0,"href":"https:\/\/www.visit-ulcinj.com\/blog\/wp-json\/wp\/v2\/posts\/40204\/revisions"}],"wp:attachment":[{"href":"https:\/\/www.visit-ulcinj.com\/blog\/wp-json\/wp\/v2\/media?parent=40204"}],"wp:term":[{"taxonomy":"category","embeddable":true,"href":"https:\/\/www.visit-ulcinj.com\/blog\/wp-json\/wp\/v2\/categories?post=40204"},{"taxonomy":"post_tag","embeddable":true,"href":"https:\/\/www.visit-ulcinj.com\/blog\/wp-json\/wp\/v2\/tags?post=40204"}],"curies":[{"name":"wp","href":"https:\/\/api.w.org\/{rel}","templated":true}]}}