{"id":40215,"date":"2010-11-27T14:05:31","date_gmt":"2010-11-27T13:05:31","guid":{"rendered":"http:\/\/www.visit-ulcinj.com\/blog\/?p=40215"},"modified":"2010-11-27T16:45:28","modified_gmt":"2010-11-27T15:45:28","slug":"zajmina-vasjari-njeriu-i-zemres","status":"publish","type":"post","link":"https:\/\/www.visit-ulcinj.com\/blog\/2010\/11\/27\/zajmina-vasjari-njeriu-i-zemres\/","title":{"rendered":"Zajmina Vasjari: Njeriu i zemr\u00ebs? Mund t\u00eb mos jet\u00eb VIP"},"content":{"rendered":"<p><a href=\"http:\/\/www.visit-ulcinj.com\/blog\/wp-content\/uploads\/2010\/11\/Zajmina-Vasjari.jpg\"><img loading=\"lazy\" class=\"alignleft size-full wp-image-40216\" title=\"Zajmina-Vasjari\" src=\"http:\/\/www.visit-ulcinj.com\/blog\/wp-content\/uploads\/2010\/11\/Zajmina-Vasjari.jpg\" alt=\"\" width=\"508\" height=\"715\" \/><\/a><\/p>\n<p>N\u00eb k\u00ebng\u00ebt e saj ka sfid\u00eb, ku t\u00eb sfiduarit jan\u00eb gjithmon\u00eb meshkujt. Por tashm\u00eb me nj\u00eb trofe perfomace nga festivali \u201cK\u00ebnga Magjike\u201d, Zajmina Vasjari ndihet e lumtur. \u00cbsht\u00eb n\u00eb dit\u00ebt e saj m\u00eb t\u00eb mira, nd\u00ebrsa po p\u00ebrjeton nj\u00eb histori dashurie, t\u00eb cil\u00ebn preferon ta mbaj\u00eb ende p\u00ebr vete. N\u00eb k\u00ebt\u00eb intervist\u00eb ajo tregon p\u00ebr sekretin e eleganc\u00ebs, preferencat q\u00eb ka p\u00ebr meshkujt dhe t\u00eb ardhmen e saj, q\u00eb do ia kushtoj\u00eb vet\u00ebm arkitektur\u00ebs.<\/p>\n<p><strong>Zajmina, ke fituar \u00e7mimin \u201cPerfomanca m\u00eb e mir\u00eb\u201d n\u00eb \u201cK\u00ebnga Magjike\u201d me nj\u00eb krijim me titull \u201cNj\u00eb me gjasht\u00eb\u201d. Je e k\u00ebnaqur me \u00e7mimin dhe sa koh\u00eb t\u2019u desh p\u00ebr t\u00eb p\u00ebrgatitur perfomanc\u00ebn?<\/strong><\/p>\n<p>Jam shum\u00eb e lumtur me \u00e7mimin, pasi n\u00eb fund t\u00eb fundit un\u00eb p\u00ebr at\u00eb \u00e7mim isha p\u00ebrgatitur m\u00eb shum\u00eb dhe m\u00eb duket sikur mora at\u00eb q\u00eb meritoja. P\u00ebr performanc\u00ebn kisha dy muaj q\u00eb kujdesesha dhe ushtrohesha me grupin e baletit, q\u00eb gjej rastin t\u2019i falenderoj t\u00eb gjith\u00eb, e n\u00eb ve\u00e7anti koreografen time, Anna Lika.<\/p>\n<p><strong>K\u00ebt\u00eb vit gjith\u00eb sikleti i k\u00ebng\u00ebtareve ishte t\u00eb votonin hapur p\u00ebr koleg\u00ebt e tyre. Ti si u ndjeve dhe a t\u00eb sh\u00ebrbeu p\u00ebr t\u00eb njohur miqt\u00eb e v\u00ebrtet\u00eb? <\/strong><\/p>\n<p>Un\u00eb e mora me shum\u00eb k\u00ebnaq\u00ebsi fillimisht k\u00ebt\u00eb lloj votimi, pasi do votoja lirsh\u00ebm dhe do e merrja vesh sesi m\u00eb kishin votuar koleg\u00ebt. Por fatkeq\u00ebsisht gjithmon\u00eb ka njer\u00ebz q\u00eb t\u00eb prishin humorin n\u00eb fund dhe aq m\u00eb keq kur k\u00ebta njer\u00ebz hiqen si miqt\u00eb e tu. Megjithat\u00eb, nuk jam marr\u00eb me asnj\u00eb pasi n\u00eb nat\u00ebn finale doja vet\u00ebm t\u00eb shijoja \u00e7mimin. Miqt\u00eb m\u00eb t\u00eb mir\u00eb p\u00ebr mua dhe q\u00eb m\u00eb kan\u00eb q\u00ebndruar pran\u00eb gjat\u00eb spektaklit \u201cK\u00ebnga Magjike\u201d jan\u00eb Rozana dhe Dani, Noizy, \u00c7iljeta dhe Ronela Hajati.<\/p>\n<p><a href=\"http:\/\/www.visit-ulcinj.com\/blog\/wp-content\/uploads\/2010\/11\/Zajmina-Vasjari-nudo.jpg\"><img loading=\"lazy\" class=\"alignleft size-full wp-image-40217\" title=\"Zajmina-Vasjari-nudo\" src=\"http:\/\/www.visit-ulcinj.com\/blog\/wp-content\/uploads\/2010\/11\/Zajmina-Vasjari-nudo.jpg\" alt=\"\" width=\"508\" height=\"339\" \/><\/a><\/p>\n<p><strong>U kushton shum\u00eb r\u00ebnd\u00ebsi numrave t\u00eb baletit n\u00eb sken\u00eb, duke u identifikuar si k\u00ebng\u00ebtarja q\u00eb sjell perfomanca t\u00eb ve\u00e7anta. Ndjek kurse k\u00ebrcimi dhe si e mban trupin n\u00eb form\u00eb, pasi je nd\u00ebr t\u00eb paktat k\u00ebng\u00ebtare q\u00eb ruan eleganc\u00ebn?<\/strong><\/p>\n<p>Jo, nuk marr leksione danci, por e kam n\u00eb gjak k\u00ebrcimin dhe nuk e imagjinoj dot jo vet\u00ebm sken\u00ebn apo klipet por as jet\u00ebn pa k\u00ebrcim. P\u00ebrsa i p\u00ebrket trupit, b\u00ebj vet\u00ebm palest\u00ebr rregullisht prej vitesh.<br \/>\nGjat\u00eb intervist\u00ebs n\u00eb backstage nga Ardit Gjebrea, ti pohove se n\u00eb fakt n\u00eb jet\u00ebn t\u00ebnde, t\u00eb shtat\u00eb dit\u00ebt i kalon me nj\u00eb person q\u00eb t\u00eb b\u00ebn t\u00eb lumtur. Mund t\u00eb na thush m\u00eb shum\u00eb p\u00ebr t\u00eb dashurin?<br \/>\nNo comment.<\/p>\n<p><strong>N\u00eb stilin t\u00ebnd identifikohesh me k\u00ebng\u00eb me t\u00eb cilat sfidon meshkujt. N\u00eb jet\u00ebn reale ti je femra q\u00eb u tregon vendin atyre q\u00eb t\u00eb m\u00ebrzisin apo je tipi i duruar?<\/strong><\/p>\n<p>P\u00ebrmbajtja e k\u00ebng\u00ebve \u00ebsht\u00eb n\u00eb var\u00ebsi t\u00eb ideve t\u00eb kompozitorit dhe tekst-shkruesit, pasi jo gjithmon\u00eb k\u00ebng\u00ebtari e ka p\u00ebrjetuar at\u00eb q\u00eb k\u00ebndon. Por duke qen\u00eb se ne k\u00ebndojm\u00eb p\u00ebr publikun. Un\u00eb p\u00ebrpiqem t\u00eb gjej tema q\u00eb prekin shumic\u00ebn e audienc\u00ebs. Se t\u00eb ishte p\u00ebr mua si Zajmin\u00eb do b\u00ebja gjithmon\u00eb k\u00ebng\u00eb romantike.<\/p>\n<p><strong><a href=\"http:\/\/www.visit-ulcinj.com\/blog\/wp-content\/uploads\/2010\/11\/Zajmina-Vasjari.2.jpg\"><img loading=\"lazy\" class=\"alignleft size-full wp-image-40262\" title=\"Zajmina Vasjari.2\" src=\"http:\/\/www.visit-ulcinj.com\/blog\/wp-content\/uploads\/2010\/11\/Zajmina-Vasjari.2.jpg\" alt=\"\" width=\"490\" height=\"380\" \/><\/a>Pas \u201cK\u00ebnga Magjike\u201d, cila \u00ebsht\u00eb axhenda jote? Ke marr\u00eb ftesa p\u00ebr koncerte dhe a ke b\u00ebr\u00eb plan t\u00eb realizosh ndonj\u00eb klip n\u00eb prag t\u00eb festave?<\/strong><\/p>\n<p>K\u00ebt\u00eb jav\u00eb un\u00eb u jam rikthyer koncerteve pas nj\u00eb shk\u00ebputjeje p\u00ebr \u201cK\u00ebnga Magjike\u201d dhe studimeve n\u00eb universitet. Duke qen\u00eb se turi i koncerteve p\u00ebrfundon n\u00eb janar, pas festave besoj se do punoj p\u00ebr nj\u00eb videoklip.<\/p>\n<p><strong>K\u00ebng\u00ebtar\u00ebt i lidh m\u00eb shum\u00eb puna me artist\u00ebt, po rrall\u00eb krijojn\u00eb lidhje me ta. Ti \u00e7fare preferencash ke p\u00ebr njeriun e jet\u00ebs?<\/strong><\/p>\n<p>Nuk ka lidhje p\u00ebr mua n\u00ebse \u00ebsht\u00eb i njohur apo anonim, mjafton q\u00eb t\u00eb m\u00eb plot\u00ebsoj\u00eb mua.<\/p>\n<p><strong>P\u00ebrsa i p\u00ebrket look-ut, pas rikthimit tek e zeza duket se ndihesh m\u00eb mir\u00eb me k\u00ebt\u00eb ngjyr\u00eb flok\u00ebsh. Ke menduar t\u00eb b\u00ebsh nj\u00eb ndryshim tjet\u00ebr drastik?<\/strong><\/p>\n<p>Po \u00ebsht\u00eb e v\u00ebrtet\u00eb. Ndjehem shum\u00eb mir\u00eb, madje shpeshher\u00eb m\u00eb duket sikur kurr\u00eb nuk kam qen\u00eb bionde, nuk besoj se do ndryshoj p\u00ebr momentin por n\u00eb t\u00eb ardhmen nuk i dihet.<\/p>\n<p><strong>N\u00ebse do flisnim p\u00ebr studimet e tua, arkitektur\u00ebn. Si e sheh veten n\u00eb k\u00ebt\u00eb profesion, a do i p\u00ebrkushtohesh n\u00eb t\u00eb ardhmen?<\/strong><\/p>\n<p>Ky \u00ebsht\u00eb profesioni im. T\u00eb gjitha t\u00eb tjerat jan\u00eb hobi apo pasione, nd\u00ebrsa arkitektura \u00ebsht\u00eb e ardhmja ime.<br \/>\n<!--YouTube Error: bad URL entered--><\/p>\n","protected":false},"excerpt":{"rendered":"<p>N\u00eb k\u00ebng\u00ebt e saj ka sfid\u00eb, ku t\u00eb sfiduarit jan\u00eb gjithmon\u00eb meshkujt. Por tashm\u00eb me nj\u00eb trofe perfomace nga festivali \u201cK\u00ebnga Magjike\u201d, Zajmina Vasjari ndihet e lumtur. \u00cbsht\u00eb n\u00eb dit\u00ebt e saj m\u00eb t\u00eb mira, nd\u00ebrsa po p\u00ebrjeton nj\u00eb histori dashurie, t\u00eb cil\u00ebn preferon ta mbaj\u00eb ende p\u00ebr vete. N\u00eb k\u00ebt\u00eb intervist\u00eb ajo tregon p\u00ebr [&hellip;]<\/p>\n","protected":false},"author":1,"featured_media":0,"comment_status":"open","ping_status":"closed","sticky":false,"template":"","format":"standard","meta":{"spay_email":"","jetpack_publicize_message":"","jetpack_is_tweetstorm":false,"jetpack_publicize_feature_enabled":true},"categories":[1],"tags":[6762,16438,4896,4950],"jetpack_publicize_connections":[],"yoast_head":"<!-- This site is optimized with the Yoast SEO plugin v19.1 - https:\/\/yoast.com\/wordpress\/plugins\/seo\/ -->\n<title>Zajmina Vasjari: Njeriu i zemr\u00ebs?<\/title>\n<meta name=\"description\" content=\"N\u00eb k\u00ebng\u00ebt e saj ka sfid\u00eb, ku t\u00eb sfiduarit jan\u00eb gjithmon\u00eb meshkujt. Por tashm\u00eb me nj\u00eb trofe perfomace nga festivali \u201cK\u00ebnga Magjike\u201d, Zajmina Vasjari ndihet\" \/>\n<meta name=\"robots\" content=\"index, follow, max-snippet:-1, max-image-preview:large, max-video-preview:-1\" \/>\n<link rel=\"canonical\" href=\"https:\/\/www.visit-ulcinj.com\/blog\/2010\/11\/27\/zajmina-vasjari-njeriu-i-zemres\/\" \/>\n<meta property=\"og:locale\" content=\"en_US\" \/>\n<meta property=\"og:type\" content=\"article\" \/>\n<meta property=\"og:title\" content=\"Zajmina Vasjari: Njeriu i zemr\u00ebs?\" \/>\n<meta property=\"og:description\" content=\"N\u00eb k\u00ebng\u00ebt e saj ka sfid\u00eb, ku t\u00eb sfiduarit jan\u00eb gjithmon\u00eb meshkujt. Por tashm\u00eb me nj\u00eb trofe perfomace nga festivali \u201cK\u00ebnga Magjike\u201d, Zajmina Vasjari ndihet\" \/>\n<meta property=\"og:url\" content=\"https:\/\/www.visit-ulcinj.com\/blog\/2010\/11\/27\/zajmina-vasjari-njeriu-i-zemres\/\" \/>\n<meta property=\"og:site_name\" content=\"Lajme nga Ulqini\" \/>\n<meta property=\"article:published_time\" content=\"2010-11-27T13:05:31+00:00\" \/>\n<meta property=\"article:modified_time\" content=\"2010-11-27T15:45:28+00:00\" \/>\n<meta property=\"og:image\" content=\"http:\/\/www.visit-ulcinj.com\/blog\/wp-content\/uploads\/2010\/11\/Zajmina-Vasjari.jpg\" \/>\n<meta name=\"twitter:label1\" content=\"Written by\" \/>\n\t<meta name=\"twitter:data1\" content=\"ulqini\" \/>\n\t<meta name=\"twitter:label2\" content=\"Est. reading time\" \/>\n\t<meta name=\"twitter:data2\" content=\"4 minutes\" \/>\n<script type=\"application\/ld+json\" class=\"yoast-schema-graph\">{\"@context\":\"https:\/\/schema.org\",\"@graph\":[{\"@type\":\"WebSite\",\"@id\":\"https:\/\/www.visit-ulcinj.com\/blog\/#website\",\"url\":\"https:\/\/www.visit-ulcinj.com\/blog\/\",\"name\":\"Lajme nga Ulqini\",\"description\":\"Lajme,Vijesti,Ulqini,Ulqin,Crna Gora,Mali i Zi\",\"potentialAction\":[{\"@type\":\"SearchAction\",\"target\":{\"@type\":\"EntryPoint\",\"urlTemplate\":\"https:\/\/www.visit-ulcinj.com\/blog\/?s={search_term_string}\"},\"query-input\":\"required name=search_term_string\"}],\"inLanguage\":\"en-US\"},{\"@type\":\"ImageObject\",\"inLanguage\":\"en-US\",\"@id\":\"https:\/\/www.visit-ulcinj.com\/blog\/2010\/11\/27\/zajmina-vasjari-njeriu-i-zemres\/#primaryimage\",\"url\":\"http:\/\/www.visit-ulcinj.com\/blog\/wp-content\/uploads\/2010\/11\/Zajmina-Vasjari.jpg\",\"contentUrl\":\"http:\/\/www.visit-ulcinj.com\/blog\/wp-content\/uploads\/2010\/11\/Zajmina-Vasjari.jpg\"},{\"@type\":\"WebPage\",\"@id\":\"https:\/\/www.visit-ulcinj.com\/blog\/2010\/11\/27\/zajmina-vasjari-njeriu-i-zemres\/#webpage\",\"url\":\"https:\/\/www.visit-ulcinj.com\/blog\/2010\/11\/27\/zajmina-vasjari-njeriu-i-zemres\/\",\"name\":\"Zajmina Vasjari: Njeriu i zemr\u00ebs?\",\"isPartOf\":{\"@id\":\"https:\/\/www.visit-ulcinj.com\/blog\/#website\"},\"primaryImageOfPage\":{\"@id\":\"https:\/\/www.visit-ulcinj.com\/blog\/2010\/11\/27\/zajmina-vasjari-njeriu-i-zemres\/#primaryimage\"},\"datePublished\":\"2010-11-27T13:05:31+00:00\",\"dateModified\":\"2010-11-27T15:45:28+00:00\",\"author\":{\"@id\":\"https:\/\/www.visit-ulcinj.com\/blog\/#\/schema\/person\/dcab619c614d3038751c63bc2aadc06d\"},\"description\":\"N\u00eb k\u00ebng\u00ebt e saj ka sfid\u00eb, ku t\u00eb sfiduarit jan\u00eb gjithmon\u00eb meshkujt. Por tashm\u00eb me nj\u00eb trofe perfomace nga festivali \u201cK\u00ebnga Magjike\u201d, Zajmina Vasjari ndihet\",\"breadcrumb\":{\"@id\":\"https:\/\/www.visit-ulcinj.com\/blog\/2010\/11\/27\/zajmina-vasjari-njeriu-i-zemres\/#breadcrumb\"},\"inLanguage\":\"en-US\",\"potentialAction\":[{\"@type\":\"ReadAction\",\"target\":[\"https:\/\/www.visit-ulcinj.com\/blog\/2010\/11\/27\/zajmina-vasjari-njeriu-i-zemres\/\"]}]},{\"@type\":\"BreadcrumbList\",\"@id\":\"https:\/\/www.visit-ulcinj.com\/blog\/2010\/11\/27\/zajmina-vasjari-njeriu-i-zemres\/#breadcrumb\",\"itemListElement\":[{\"@type\":\"ListItem\",\"position\":1,\"name\":\"Zajmina Vasjari: Njeriu i zemr\u00ebs? Mund t\u00eb mos jet\u00eb VIP\"}]},{\"@type\":\"Person\",\"@id\":\"https:\/\/www.visit-ulcinj.com\/blog\/#\/schema\/person\/dcab619c614d3038751c63bc2aadc06d\",\"name\":\"ulqini\",\"sameAs\":[\"http:\/\/www.visit-ulcinj.com\"],\"url\":\"https:\/\/www.visit-ulcinj.com\/blog\/author\/admin\/\"}]}<\/script>\n<!-- \/ Yoast SEO plugin. -->","yoast_head_json":{"title":"Zajmina Vasjari: Njeriu i zemr\u00ebs?","description":"N\u00eb k\u00ebng\u00ebt e saj ka sfid\u00eb, ku t\u00eb sfiduarit jan\u00eb gjithmon\u00eb meshkujt. Por tashm\u00eb me nj\u00eb trofe perfomace nga festivali \u201cK\u00ebnga Magjike\u201d, Zajmina Vasjari ndihet","robots":{"index":"index","follow":"follow","max-snippet":"max-snippet:-1","max-image-preview":"max-image-preview:large","max-video-preview":"max-video-preview:-1"},"canonical":"https:\/\/www.visit-ulcinj.com\/blog\/2010\/11\/27\/zajmina-vasjari-njeriu-i-zemres\/","og_locale":"en_US","og_type":"article","og_title":"Zajmina Vasjari: Njeriu i zemr\u00ebs?","og_description":"N\u00eb k\u00ebng\u00ebt e saj ka sfid\u00eb, ku t\u00eb sfiduarit jan\u00eb gjithmon\u00eb meshkujt. Por tashm\u00eb me nj\u00eb trofe perfomace nga festivali \u201cK\u00ebnga Magjike\u201d, Zajmina Vasjari ndihet","og_url":"https:\/\/www.visit-ulcinj.com\/blog\/2010\/11\/27\/zajmina-vasjari-njeriu-i-zemres\/","og_site_name":"Lajme nga Ulqini","article_published_time":"2010-11-27T13:05:31+00:00","article_modified_time":"2010-11-27T15:45:28+00:00","og_image":[{"url":"http:\/\/www.visit-ulcinj.com\/blog\/wp-content\/uploads\/2010\/11\/Zajmina-Vasjari.jpg"}],"twitter_misc":{"Written by":"ulqini","Est. reading time":"4 minutes"},"schema":{"@context":"https:\/\/schema.org","@graph":[{"@type":"WebSite","@id":"https:\/\/www.visit-ulcinj.com\/blog\/#website","url":"https:\/\/www.visit-ulcinj.com\/blog\/","name":"Lajme nga Ulqini","description":"Lajme,Vijesti,Ulqini,Ulqin,Crna Gora,Mali i Zi","potentialAction":[{"@type":"SearchAction","target":{"@type":"EntryPoint","urlTemplate":"https:\/\/www.visit-ulcinj.com\/blog\/?s={search_term_string}"},"query-input":"required name=search_term_string"}],"inLanguage":"en-US"},{"@type":"ImageObject","inLanguage":"en-US","@id":"https:\/\/www.visit-ulcinj.com\/blog\/2010\/11\/27\/zajmina-vasjari-njeriu-i-zemres\/#primaryimage","url":"http:\/\/www.visit-ulcinj.com\/blog\/wp-content\/uploads\/2010\/11\/Zajmina-Vasjari.jpg","contentUrl":"http:\/\/www.visit-ulcinj.com\/blog\/wp-content\/uploads\/2010\/11\/Zajmina-Vasjari.jpg"},{"@type":"WebPage","@id":"https:\/\/www.visit-ulcinj.com\/blog\/2010\/11\/27\/zajmina-vasjari-njeriu-i-zemres\/#webpage","url":"https:\/\/www.visit-ulcinj.com\/blog\/2010\/11\/27\/zajmina-vasjari-njeriu-i-zemres\/","name":"Zajmina Vasjari: Njeriu i zemr\u00ebs?","isPartOf":{"@id":"https:\/\/www.visit-ulcinj.com\/blog\/#website"},"primaryImageOfPage":{"@id":"https:\/\/www.visit-ulcinj.com\/blog\/2010\/11\/27\/zajmina-vasjari-njeriu-i-zemres\/#primaryimage"},"datePublished":"2010-11-27T13:05:31+00:00","dateModified":"2010-11-27T15:45:28+00:00","author":{"@id":"https:\/\/www.visit-ulcinj.com\/blog\/#\/schema\/person\/dcab619c614d3038751c63bc2aadc06d"},"description":"N\u00eb k\u00ebng\u00ebt e saj ka sfid\u00eb, ku t\u00eb sfiduarit jan\u00eb gjithmon\u00eb meshkujt. Por tashm\u00eb me nj\u00eb trofe perfomace nga festivali \u201cK\u00ebnga Magjike\u201d, Zajmina Vasjari ndihet","breadcrumb":{"@id":"https:\/\/www.visit-ulcinj.com\/blog\/2010\/11\/27\/zajmina-vasjari-njeriu-i-zemres\/#breadcrumb"},"inLanguage":"en-US","potentialAction":[{"@type":"ReadAction","target":["https:\/\/www.visit-ulcinj.com\/blog\/2010\/11\/27\/zajmina-vasjari-njeriu-i-zemres\/"]}]},{"@type":"BreadcrumbList","@id":"https:\/\/www.visit-ulcinj.com\/blog\/2010\/11\/27\/zajmina-vasjari-njeriu-i-zemres\/#breadcrumb","itemListElement":[{"@type":"ListItem","position":1,"name":"Zajmina Vasjari: Njeriu i zemr\u00ebs? Mund t\u00eb mos jet\u00eb VIP"}]},{"@type":"Person","@id":"https:\/\/www.visit-ulcinj.com\/blog\/#\/schema\/person\/dcab619c614d3038751c63bc2aadc06d","name":"ulqini","sameAs":["http:\/\/www.visit-ulcinj.com"],"url":"https:\/\/www.visit-ulcinj.com\/blog\/author\/admin\/"}]}},"jetpack_featured_media_url":"","jetpack_sharing_enabled":true,"jetpack_shortlink":"https:\/\/wp.me\/pe6lTn-asD","_links":{"self":[{"href":"https:\/\/www.visit-ulcinj.com\/blog\/wp-json\/wp\/v2\/posts\/40215"}],"collection":[{"href":"https:\/\/www.visit-ulcinj.com\/blog\/wp-json\/wp\/v2\/posts"}],"about":[{"href":"https:\/\/www.visit-ulcinj.com\/blog\/wp-json\/wp\/v2\/types\/post"}],"author":[{"embeddable":true,"href":"https:\/\/www.visit-ulcinj.com\/blog\/wp-json\/wp\/v2\/users\/1"}],"replies":[{"embeddable":true,"href":"https:\/\/www.visit-ulcinj.com\/blog\/wp-json\/wp\/v2\/comments?post=40215"}],"version-history":[{"count":0,"href":"https:\/\/www.visit-ulcinj.com\/blog\/wp-json\/wp\/v2\/posts\/40215\/revisions"}],"wp:attachment":[{"href":"https:\/\/www.visit-ulcinj.com\/blog\/wp-json\/wp\/v2\/media?parent=40215"}],"wp:term":[{"taxonomy":"category","embeddable":true,"href":"https:\/\/www.visit-ulcinj.com\/blog\/wp-json\/wp\/v2\/categories?post=40215"},{"taxonomy":"post_tag","embeddable":true,"href":"https:\/\/www.visit-ulcinj.com\/blog\/wp-json\/wp\/v2\/tags?post=40215"}],"curies":[{"name":"wp","href":"https:\/\/api.w.org\/{rel}","templated":true}]}}