{"id":40223,"date":"2010-11-27T14:31:25","date_gmt":"2010-11-27T13:31:25","guid":{"rendered":"http:\/\/www.visit-ulcinj.com\/blog\/?p=40223"},"modified":"2010-11-27T14:31:25","modified_gmt":"2010-11-27T13:31:25","slug":"gjyste-vulaj-shtatzen","status":"publish","type":"post","link":"https:\/\/www.visit-ulcinj.com\/blog\/2010\/11\/27\/gjyste-vulaj-shtatzen\/","title":{"rendered":"Gjyste Vulaj ik\u00ebn nga linjat perfekte, dyshohet p\u00ebr shtatz\u00ebni"},"content":{"rendered":"<p><a href=\"http:\/\/www.visit-ulcinj.com\/blog\/wp-content\/uploads\/2010\/11\/Gjyste-Vulaj-shtatzen.jpg\"><img loading=\"lazy\" class=\"alignleft size-full wp-image-40224\" title=\"Gjyste-Vulaj-shtatzen\" src=\"http:\/\/www.visit-ulcinj.com\/blog\/wp-content\/uploads\/2010\/11\/Gjyste-Vulaj-shtatzen.jpg\" alt=\"\" width=\"300\" height=\"581\" \/><\/a>Mund t\u00eb thuhet se \u00ebsht\u00eb nd\u00ebr k\u00ebng\u00ebtaret m\u00eb t\u00eb angazhuara p\u00ebr momentin n\u00eb diaspor\u00ebn shqiptare,\u00a0 e kjo fal\u00eb vokalit t\u00eb saj dhe paraqitjeve \u201clive\u201d, por edhe sensualiteti i k\u00ebng\u00ebtares b\u00ebn q\u00eb organizator\u00ebt ta ftojn\u00eb gjithmon\u00eb at\u00eb, pasi arrin t\u00eb mbush\u00eb sallat e koncerteve.<\/p>\n<p>Gjystja \u00ebsht\u00eb e martuar ka edhe nj\u00eb vajz\u00eb, por kjo nuk e pengon q\u00eb t\u00eb paraqitet n\u00eb m\u00ebnyr\u00eb provokative! Kur \u00ebsht\u00eb kritikuar ndonj\u00ebher\u00eb p\u00ebr paraqitjet, ajo gjithmon\u00eb ka reaguar duke marr\u00eb shembull disa kolege t\u00eb saja, t\u00eb cilat me po aq vite sa ka Gjystja, vishen n\u00eb m\u00ebnyr\u00eb shum\u00eb provokative. Me nj\u00eb fjal\u00eb mund t\u00eb themi se Gjystja po luan mir\u00eb biznesin e saj pasi ka fituar shum\u00eb nga kjo pun\u00eb, nd\u00ebrsa s\u00eb bashku me bashk\u00ebshortin Sokolin menaxhojn\u00eb disa lokale n\u00eb Mal t\u00eb Zi e Gjermani, dhe kjo nuk \u00ebsht\u00eb pak p\u00ebr t\u00eb.<\/p>\n<p>Albumi i fundit me titull \u201cJe 1-sh\u201d \u00ebsht\u00eb pritur mir\u00eb nga fansat, nd\u00ebrkoh\u00eb ajo vazhdon turin e koncerteve n\u00ebp\u00ebr shtetet europiane. Faqja e fansave t\u00eb saj n\u00eb facebook \u00ebsht\u00eb p\u00ebrplot me data t\u00eb prenotuara p\u00ebr koncerte deri n\u00eb fund t\u00eb vitit, por ajo q\u00eb na b\u00ebri kureshtar\u00ebishin linjat e k\u00ebng\u00ebtares n\u00eb fotot e fundit n\u00eb k\u00ebt\u00eb faqe. N\u00ebse shihen mir\u00eb fotot e realizuara s\u00eb fundi n\u00eb koncerte, v\u00ebrehet mir\u00eb barku i fryr\u00eb i Gjystes! P\u00ebr t\u00eb m\u00ebsuar m\u00eb shum\u00eb n\u00ebse b\u00ebhet fjal\u00eb p\u00ebr ndonj\u00eb shtatzani t\u00eb rradh\u00ebs, ne biseduam me disa t\u00eb af\u00ebrm t\u00eb saj t\u00eb cil\u00ebt mohuan nj\u00eb gj\u00eb t\u00eb till\u00eb.<\/p>\n<p>\u201cGjystja nuk \u00ebsht\u00eb shtatzan\u00eb dhe as q\u00eb d\u00ebshiron ndonj\u00eb f\u00ebmij\u00eb tjet\u00ebr p\u00ebr momentin\u201d, thekson nj\u00eb burim i \u201cPanorama plus\u201d n\u00eb kushte anonimiteti. Por edhe sikur t\u00eb ndodh nj\u00eb gj\u00eb e till\u00eb \u00ebsht\u00eb koha, pasi vajza e saj Rozana ka filluar t\u00eb shkoj\u00eb n\u00eb shkoll\u00eb dhe ka nevoj\u00eb p\u00ebr ndonj\u00eb v\u00eblla apo mot\u00ebr.<\/p>\n","protected":false},"excerpt":{"rendered":"<p>Mund t\u00eb thuhet se \u00ebsht\u00eb nd\u00ebr k\u00ebng\u00ebtaret m\u00eb t\u00eb angazhuara p\u00ebr momentin n\u00eb diaspor\u00ebn shqiptare,\u00a0 e kjo fal\u00eb vokalit t\u00eb saj dhe paraqitjeve \u201clive\u201d, por edhe sensualiteti i k\u00ebng\u00ebtares b\u00ebn q\u00eb organizator\u00ebt ta ftojn\u00eb gjithmon\u00eb at\u00eb, pasi arrin t\u00eb mbush\u00eb sallat e koncerteve. Gjystja \u00ebsht\u00eb e martuar ka edhe nj\u00eb vajz\u00eb, por kjo nuk e [&hellip;]<\/p>\n","protected":false},"author":1,"featured_media":0,"comment_status":"open","ping_status":"closed","sticky":false,"template":"","format":"standard","meta":{"spay_email":"","jetpack_publicize_message":"","jetpack_is_tweetstorm":false,"jetpack_publicize_feature_enabled":true},"categories":[1],"tags":[4332,12869,16439],"jetpack_publicize_connections":[],"yoast_head":"<!-- This site is optimized with the Yoast SEO plugin v19.1 - https:\/\/yoast.com\/wordpress\/plugins\/seo\/ -->\n<title>Gjyste Vulaj shtatz\u00ebn<\/title>\n<meta name=\"description\" content=\"Mund t\u00eb thuhet se \u00ebsht\u00eb nd\u00ebr k\u00ebng\u00ebtaret m\u00eb t\u00eb angazhuara p\u00ebr momentin n\u00eb diaspor\u00ebn shqiptare,\u00a0 e kjo fal\u00eb vokalit t\u00eb saj dhe paraqitjeve \u201clive\u201d, por edhe\" \/>\n<meta name=\"robots\" content=\"index, follow, max-snippet:-1, max-image-preview:large, max-video-preview:-1\" \/>\n<link rel=\"canonical\" href=\"https:\/\/www.visit-ulcinj.com\/blog\/2010\/11\/27\/gjyste-vulaj-shtatzen\/\" \/>\n<meta property=\"og:locale\" content=\"en_US\" \/>\n<meta property=\"og:type\" content=\"article\" \/>\n<meta property=\"og:title\" content=\"Gjyste Vulaj shtatz\u00ebn\" \/>\n<meta property=\"og:description\" content=\"Mund t\u00eb thuhet se \u00ebsht\u00eb nd\u00ebr k\u00ebng\u00ebtaret m\u00eb t\u00eb angazhuara p\u00ebr momentin n\u00eb diaspor\u00ebn shqiptare,\u00a0 e kjo fal\u00eb vokalit t\u00eb saj dhe paraqitjeve \u201clive\u201d, por edhe\" \/>\n<meta property=\"og:url\" content=\"https:\/\/www.visit-ulcinj.com\/blog\/2010\/11\/27\/gjyste-vulaj-shtatzen\/\" \/>\n<meta property=\"og:site_name\" content=\"Lajme nga Ulqini\" \/>\n<meta property=\"article:published_time\" content=\"2010-11-27T13:31:25+00:00\" \/>\n<meta property=\"og:image\" content=\"http:\/\/www.visit-ulcinj.com\/blog\/wp-content\/uploads\/2010\/11\/Gjyste-Vulaj-shtatzen.jpg\" \/>\n<meta name=\"twitter:label1\" content=\"Written by\" \/>\n\t<meta name=\"twitter:data1\" content=\"ulqini\" \/>\n\t<meta name=\"twitter:label2\" content=\"Est. reading time\" \/>\n\t<meta name=\"twitter:data2\" content=\"2 minutes\" \/>\n<script type=\"application\/ld+json\" class=\"yoast-schema-graph\">{\"@context\":\"https:\/\/schema.org\",\"@graph\":[{\"@type\":\"WebSite\",\"@id\":\"https:\/\/www.visit-ulcinj.com\/blog\/#website\",\"url\":\"https:\/\/www.visit-ulcinj.com\/blog\/\",\"name\":\"Lajme nga Ulqini\",\"description\":\"Lajme,Vijesti,Ulqini,Ulqin,Crna Gora,Mali i Zi\",\"potentialAction\":[{\"@type\":\"SearchAction\",\"target\":{\"@type\":\"EntryPoint\",\"urlTemplate\":\"https:\/\/www.visit-ulcinj.com\/blog\/?s={search_term_string}\"},\"query-input\":\"required name=search_term_string\"}],\"inLanguage\":\"en-US\"},{\"@type\":\"ImageObject\",\"inLanguage\":\"en-US\",\"@id\":\"https:\/\/www.visit-ulcinj.com\/blog\/2010\/11\/27\/gjyste-vulaj-shtatzen\/#primaryimage\",\"url\":\"http:\/\/www.visit-ulcinj.com\/blog\/wp-content\/uploads\/2010\/11\/Gjyste-Vulaj-shtatzen.jpg\",\"contentUrl\":\"http:\/\/www.visit-ulcinj.com\/blog\/wp-content\/uploads\/2010\/11\/Gjyste-Vulaj-shtatzen.jpg\"},{\"@type\":\"WebPage\",\"@id\":\"https:\/\/www.visit-ulcinj.com\/blog\/2010\/11\/27\/gjyste-vulaj-shtatzen\/#webpage\",\"url\":\"https:\/\/www.visit-ulcinj.com\/blog\/2010\/11\/27\/gjyste-vulaj-shtatzen\/\",\"name\":\"Gjyste Vulaj shtatz\u00ebn\",\"isPartOf\":{\"@id\":\"https:\/\/www.visit-ulcinj.com\/blog\/#website\"},\"primaryImageOfPage\":{\"@id\":\"https:\/\/www.visit-ulcinj.com\/blog\/2010\/11\/27\/gjyste-vulaj-shtatzen\/#primaryimage\"},\"datePublished\":\"2010-11-27T13:31:25+00:00\",\"dateModified\":\"2010-11-27T13:31:25+00:00\",\"author\":{\"@id\":\"https:\/\/www.visit-ulcinj.com\/blog\/#\/schema\/person\/dcab619c614d3038751c63bc2aadc06d\"},\"description\":\"Mund t\u00eb thuhet se \u00ebsht\u00eb nd\u00ebr k\u00ebng\u00ebtaret m\u00eb t\u00eb angazhuara p\u00ebr momentin n\u00eb diaspor\u00ebn shqiptare,\u00a0 e kjo fal\u00eb vokalit t\u00eb saj dhe paraqitjeve \u201clive\u201d, por edhe\",\"breadcrumb\":{\"@id\":\"https:\/\/www.visit-ulcinj.com\/blog\/2010\/11\/27\/gjyste-vulaj-shtatzen\/#breadcrumb\"},\"inLanguage\":\"en-US\",\"potentialAction\":[{\"@type\":\"ReadAction\",\"target\":[\"https:\/\/www.visit-ulcinj.com\/blog\/2010\/11\/27\/gjyste-vulaj-shtatzen\/\"]}]},{\"@type\":\"BreadcrumbList\",\"@id\":\"https:\/\/www.visit-ulcinj.com\/blog\/2010\/11\/27\/gjyste-vulaj-shtatzen\/#breadcrumb\",\"itemListElement\":[{\"@type\":\"ListItem\",\"position\":1,\"name\":\"Gjyste Vulaj ik\u00ebn nga linjat perfekte, dyshohet p\u00ebr shtatz\u00ebni\"}]},{\"@type\":\"Person\",\"@id\":\"https:\/\/www.visit-ulcinj.com\/blog\/#\/schema\/person\/dcab619c614d3038751c63bc2aadc06d\",\"name\":\"ulqini\",\"sameAs\":[\"http:\/\/www.visit-ulcinj.com\"],\"url\":\"https:\/\/www.visit-ulcinj.com\/blog\/author\/admin\/\"}]}<\/script>\n<!-- \/ Yoast SEO plugin. -->","yoast_head_json":{"title":"Gjyste Vulaj shtatz\u00ebn","description":"Mund t\u00eb thuhet se \u00ebsht\u00eb nd\u00ebr k\u00ebng\u00ebtaret m\u00eb t\u00eb angazhuara p\u00ebr momentin n\u00eb diaspor\u00ebn shqiptare,\u00a0 e kjo fal\u00eb vokalit t\u00eb saj dhe paraqitjeve \u201clive\u201d, por edhe","robots":{"index":"index","follow":"follow","max-snippet":"max-snippet:-1","max-image-preview":"max-image-preview:large","max-video-preview":"max-video-preview:-1"},"canonical":"https:\/\/www.visit-ulcinj.com\/blog\/2010\/11\/27\/gjyste-vulaj-shtatzen\/","og_locale":"en_US","og_type":"article","og_title":"Gjyste Vulaj shtatz\u00ebn","og_description":"Mund t\u00eb thuhet se \u00ebsht\u00eb nd\u00ebr k\u00ebng\u00ebtaret m\u00eb t\u00eb angazhuara p\u00ebr momentin n\u00eb diaspor\u00ebn shqiptare,\u00a0 e kjo fal\u00eb vokalit t\u00eb saj dhe paraqitjeve \u201clive\u201d, por edhe","og_url":"https:\/\/www.visit-ulcinj.com\/blog\/2010\/11\/27\/gjyste-vulaj-shtatzen\/","og_site_name":"Lajme nga Ulqini","article_published_time":"2010-11-27T13:31:25+00:00","og_image":[{"url":"http:\/\/www.visit-ulcinj.com\/blog\/wp-content\/uploads\/2010\/11\/Gjyste-Vulaj-shtatzen.jpg"}],"twitter_misc":{"Written by":"ulqini","Est. reading time":"2 minutes"},"schema":{"@context":"https:\/\/schema.org","@graph":[{"@type":"WebSite","@id":"https:\/\/www.visit-ulcinj.com\/blog\/#website","url":"https:\/\/www.visit-ulcinj.com\/blog\/","name":"Lajme nga Ulqini","description":"Lajme,Vijesti,Ulqini,Ulqin,Crna Gora,Mali i Zi","potentialAction":[{"@type":"SearchAction","target":{"@type":"EntryPoint","urlTemplate":"https:\/\/www.visit-ulcinj.com\/blog\/?s={search_term_string}"},"query-input":"required name=search_term_string"}],"inLanguage":"en-US"},{"@type":"ImageObject","inLanguage":"en-US","@id":"https:\/\/www.visit-ulcinj.com\/blog\/2010\/11\/27\/gjyste-vulaj-shtatzen\/#primaryimage","url":"http:\/\/www.visit-ulcinj.com\/blog\/wp-content\/uploads\/2010\/11\/Gjyste-Vulaj-shtatzen.jpg","contentUrl":"http:\/\/www.visit-ulcinj.com\/blog\/wp-content\/uploads\/2010\/11\/Gjyste-Vulaj-shtatzen.jpg"},{"@type":"WebPage","@id":"https:\/\/www.visit-ulcinj.com\/blog\/2010\/11\/27\/gjyste-vulaj-shtatzen\/#webpage","url":"https:\/\/www.visit-ulcinj.com\/blog\/2010\/11\/27\/gjyste-vulaj-shtatzen\/","name":"Gjyste Vulaj shtatz\u00ebn","isPartOf":{"@id":"https:\/\/www.visit-ulcinj.com\/blog\/#website"},"primaryImageOfPage":{"@id":"https:\/\/www.visit-ulcinj.com\/blog\/2010\/11\/27\/gjyste-vulaj-shtatzen\/#primaryimage"},"datePublished":"2010-11-27T13:31:25+00:00","dateModified":"2010-11-27T13:31:25+00:00","author":{"@id":"https:\/\/www.visit-ulcinj.com\/blog\/#\/schema\/person\/dcab619c614d3038751c63bc2aadc06d"},"description":"Mund t\u00eb thuhet se \u00ebsht\u00eb nd\u00ebr k\u00ebng\u00ebtaret m\u00eb t\u00eb angazhuara p\u00ebr momentin n\u00eb diaspor\u00ebn shqiptare,\u00a0 e kjo fal\u00eb vokalit t\u00eb saj dhe paraqitjeve \u201clive\u201d, por edhe","breadcrumb":{"@id":"https:\/\/www.visit-ulcinj.com\/blog\/2010\/11\/27\/gjyste-vulaj-shtatzen\/#breadcrumb"},"inLanguage":"en-US","potentialAction":[{"@type":"ReadAction","target":["https:\/\/www.visit-ulcinj.com\/blog\/2010\/11\/27\/gjyste-vulaj-shtatzen\/"]}]},{"@type":"BreadcrumbList","@id":"https:\/\/www.visit-ulcinj.com\/blog\/2010\/11\/27\/gjyste-vulaj-shtatzen\/#breadcrumb","itemListElement":[{"@type":"ListItem","position":1,"name":"Gjyste Vulaj ik\u00ebn nga linjat perfekte, dyshohet p\u00ebr shtatz\u00ebni"}]},{"@type":"Person","@id":"https:\/\/www.visit-ulcinj.com\/blog\/#\/schema\/person\/dcab619c614d3038751c63bc2aadc06d","name":"ulqini","sameAs":["http:\/\/www.visit-ulcinj.com"],"url":"https:\/\/www.visit-ulcinj.com\/blog\/author\/admin\/"}]}},"jetpack_featured_media_url":"","jetpack_sharing_enabled":true,"jetpack_shortlink":"https:\/\/wp.me\/pe6lTn-asL","_links":{"self":[{"href":"https:\/\/www.visit-ulcinj.com\/blog\/wp-json\/wp\/v2\/posts\/40223"}],"collection":[{"href":"https:\/\/www.visit-ulcinj.com\/blog\/wp-json\/wp\/v2\/posts"}],"about":[{"href":"https:\/\/www.visit-ulcinj.com\/blog\/wp-json\/wp\/v2\/types\/post"}],"author":[{"embeddable":true,"href":"https:\/\/www.visit-ulcinj.com\/blog\/wp-json\/wp\/v2\/users\/1"}],"replies":[{"embeddable":true,"href":"https:\/\/www.visit-ulcinj.com\/blog\/wp-json\/wp\/v2\/comments?post=40223"}],"version-history":[{"count":0,"href":"https:\/\/www.visit-ulcinj.com\/blog\/wp-json\/wp\/v2\/posts\/40223\/revisions"}],"wp:attachment":[{"href":"https:\/\/www.visit-ulcinj.com\/blog\/wp-json\/wp\/v2\/media?parent=40223"}],"wp:term":[{"taxonomy":"category","embeddable":true,"href":"https:\/\/www.visit-ulcinj.com\/blog\/wp-json\/wp\/v2\/categories?post=40223"},{"taxonomy":"post_tag","embeddable":true,"href":"https:\/\/www.visit-ulcinj.com\/blog\/wp-json\/wp\/v2\/tags?post=40223"}],"curies":[{"name":"wp","href":"https:\/\/api.w.org\/{rel}","templated":true}]}}