{"id":40264,"date":"2010-11-27T16:57:04","date_gmt":"2010-11-27T15:57:04","guid":{"rendered":"http:\/\/www.visit-ulcinj.com\/blog\/?p=40264"},"modified":"2010-11-27T17:44:46","modified_gmt":"2010-11-27T16:44:46","slug":"rozana-dhe-greta-sherr-per-piket-te-%e2%80%9ckm%e2%80%9d-mashtrojne-njera-tjetren","status":"publish","type":"post","link":"https:\/\/www.visit-ulcinj.com\/blog\/2010\/11\/27\/rozana-dhe-greta-sherr-per-piket-te-%e2%80%9ckm%e2%80%9d-mashtrojne-njera-tjetren\/","title":{"rendered":"Rozana dhe Greta, sherr p\u00ebr pik\u00ebt te \u201cKM\u201d, mashtrojn\u00eb nj\u00ebra-tjetr\u00ebn"},"content":{"rendered":"<p><a href=\"http:\/\/www.visit-ulcinj.com\/blog\/wp-content\/uploads\/2010\/11\/Rozana-dhe-Greta.jpg\"><img loading=\"lazy\" class=\"alignleft size-full wp-image-40265\" title=\"Rozana dhe Greta\" src=\"http:\/\/www.visit-ulcinj.com\/blog\/wp-content\/uploads\/2010\/11\/Rozana-dhe-Greta.jpg\" alt=\"\" width=\"490\" height=\"197\" \/><\/a>Vajzat mesa duket kishin r\u00ebn\u00eb dakord q\u00eb t\u00eb votonin nj\u00ebra-tjetr\u00ebn, por n\u00eb momentin q\u00eb kan\u00eb th\u00ebn\u00eb pik\u00ebt, n\u00eb fakt asnj\u00ebra nuk e kishte votuar tjetr\u00ebn.<br \/>\nAjo q\u00eb shohim n\u00eb net\u00ebt e nj\u00eb festivali, n\u00eb fakt \u00ebsht\u00eb vet\u00ebm maja e ajzbergut n\u00eb krahasim me at\u00eb q\u00eb ndodh mbrapa kuintave t\u00eb tij, por sidomos mbasi ulet sipari i evenimentit. K\u00ebshtu ka ndodhur edhe mbas nat\u00ebs finale t\u00eb festivalit \u201cK\u00ebnga Magjike\u201d. Edhe pse gjithsecili duhej t\u00eb votonte koleg\u00ebt dhe votat duhet t\u00eb ishin t\u00ebr\u00ebsisht nj\u00eb mendim personal, p\u00ebrs\u00ebri kompromiset mes tyre kan\u00eb qen\u00eb t\u00eb paevitueshme. Duket se k\u00ebshtu ka ndodhur edhe me Greta Ko\u00e7in dhe Rozana Radin.<\/p>\n<p>Vajzat mesa duket kishin r\u00ebn\u00eb dakord q\u00eb t\u00eb votonin nj\u00ebra-tjetr\u00ebn, por n\u00eb momentin q\u00eb kan\u00eb th\u00ebn\u00eb pik\u00ebt, n\u00eb fakt asnj\u00ebra nuk e kishte votuar tjetr\u00ebn. Greta kishte votuar p\u00ebr Gert\u00ebn, Olt\u00ebn dhe Burn nd\u00ebrsa Rozi p\u00ebr Noizyn, Erand\u00ebn dhe Pirro. Pra n\u00eb tre vendet e para nuk shfaqeshin emrat e tyre. Kaq ka mjaftuar p\u00ebr t\u00eb ndezur sherrin mes dy vajzave t\u00eb cilat n\u00eb fakt kishin b\u00ebr\u00eb t\u00eb nj\u00ebjt\u00ebn loj\u00eb, kishin evituar emrat e nj\u00ebra-tjetr\u00ebs n\u00eb tre emrat m\u00eb t\u00eb votuar, duke mos e mbajtur fjal\u00ebn.<\/p>\n<p>Pik\u00ebt e Greta Ko\u00e7it<\/p>\n<p>1. Gerta dhe Kledi Mahmutaj<br \/>\n2. Olta Boka<br \/>\n3. Burn<\/p>\n<p>Pik\u00ebt e Rozana Radit<\/p>\n<p>1. Noizy<br \/>\n2. Eranda Libohova<br \/>\n3. Pirro \u00c7ako<br \/>\n<!--YouTube Error: bad URL entered--><\/p>\n","protected":false},"excerpt":{"rendered":"<p>Vajzat mesa duket kishin r\u00ebn\u00eb dakord q\u00eb t\u00eb votonin nj\u00ebra-tjetr\u00ebn, por n\u00eb momentin q\u00eb kan\u00eb th\u00ebn\u00eb pik\u00ebt, n\u00eb fakt asnj\u00ebra nuk e kishte votuar tjetr\u00ebn. Ajo q\u00eb shohim n\u00eb net\u00ebt e nj\u00eb festivali, n\u00eb fakt \u00ebsht\u00eb vet\u00ebm maja e ajzbergut n\u00eb krahasim me at\u00eb q\u00eb ndodh mbrapa kuintave t\u00eb tij, por sidomos mbasi ulet sipari [&hellip;]<\/p>\n","protected":false},"author":1,"featured_media":0,"comment_status":"open","ping_status":"closed","sticky":false,"template":"","format":"standard","meta":{"spay_email":"","jetpack_publicize_message":"","jetpack_is_tweetstorm":false,"jetpack_publicize_feature_enabled":true},"categories":[1],"tags":[16452,4964],"jetpack_publicize_connections":[],"yoast_head":"<!-- This site is optimized with the Yoast SEO plugin v19.1 - https:\/\/yoast.com\/wordpress\/plugins\/seo\/ -->\n<title>Rozana dhe Greta, sherr p\u00ebr pik\u00ebt te \u201cKM\u201d, mashtrojn\u00eb nj\u00ebra-tjetr\u00ebn - Lajme nga Ulqini<\/title>\n<meta name=\"description\" content=\"Vajzat mesa duket kishin r\u00ebn\u00eb dakord q\u00eb t\u00eb votonin nj\u00ebra-tjetr\u00ebn, por n\u00eb momentin q\u00eb kan\u00eb th\u00ebn\u00eb pik\u00ebt, n\u00eb fakt asnj\u00ebra nuk e kishte votuar tjetr\u00ebn. Ajo q\u00eb\" \/>\n<meta name=\"robots\" content=\"index, follow, max-snippet:-1, max-image-preview:large, max-video-preview:-1\" \/>\n<link rel=\"canonical\" href=\"https:\/\/www.visit-ulcinj.com\/blog\/2010\/11\/27\/rozana-dhe-greta-sherr-per-piket-te-\u201ckm\u201d-mashtrojne-njera-tjetren\/\" \/>\n<meta property=\"og:locale\" content=\"en_US\" \/>\n<meta property=\"og:type\" content=\"article\" \/>\n<meta property=\"og:title\" content=\"Rozana dhe Greta, sherr p\u00ebr pik\u00ebt te \u201cKM\u201d, mashtrojn\u00eb nj\u00ebra-tjetr\u00ebn - Lajme nga Ulqini\" \/>\n<meta property=\"og:description\" content=\"Vajzat mesa duket kishin r\u00ebn\u00eb dakord q\u00eb t\u00eb votonin nj\u00ebra-tjetr\u00ebn, por n\u00eb momentin q\u00eb kan\u00eb th\u00ebn\u00eb pik\u00ebt, n\u00eb fakt asnj\u00ebra nuk e kishte votuar tjetr\u00ebn. Ajo q\u00eb\" \/>\n<meta property=\"og:url\" content=\"https:\/\/www.visit-ulcinj.com\/blog\/2010\/11\/27\/rozana-dhe-greta-sherr-per-piket-te-\u201ckm\u201d-mashtrojne-njera-tjetren\/\" \/>\n<meta property=\"og:site_name\" content=\"Lajme nga Ulqini\" \/>\n<meta property=\"article:published_time\" content=\"2010-11-27T15:57:04+00:00\" \/>\n<meta property=\"article:modified_time\" content=\"2010-11-27T16:44:46+00:00\" \/>\n<meta property=\"og:image\" content=\"http:\/\/www.visit-ulcinj.com\/blog\/wp-content\/uploads\/2010\/11\/Rozana-dhe-Greta.jpg\" \/>\n<meta name=\"twitter:label1\" content=\"Written by\" \/>\n\t<meta name=\"twitter:data1\" content=\"ulqini\" \/>\n\t<meta name=\"twitter:label2\" content=\"Est. reading time\" \/>\n\t<meta name=\"twitter:data2\" content=\"1 minute\" \/>\n<script type=\"application\/ld+json\" class=\"yoast-schema-graph\">{\"@context\":\"https:\/\/schema.org\",\"@graph\":[{\"@type\":\"WebSite\",\"@id\":\"https:\/\/www.visit-ulcinj.com\/blog\/#website\",\"url\":\"https:\/\/www.visit-ulcinj.com\/blog\/\",\"name\":\"Lajme nga Ulqini\",\"description\":\"Lajme,Vijesti,Ulqini,Ulqin,Crna Gora,Mali i Zi\",\"potentialAction\":[{\"@type\":\"SearchAction\",\"target\":{\"@type\":\"EntryPoint\",\"urlTemplate\":\"https:\/\/www.visit-ulcinj.com\/blog\/?s={search_term_string}\"},\"query-input\":\"required name=search_term_string\"}],\"inLanguage\":\"en-US\"},{\"@type\":\"ImageObject\",\"inLanguage\":\"en-US\",\"@id\":\"https:\/\/www.visit-ulcinj.com\/blog\/2010\/11\/27\/rozana-dhe-greta-sherr-per-piket-te-%e2%80%9ckm%e2%80%9d-mashtrojne-njera-tjetren\/#primaryimage\",\"url\":\"http:\/\/www.visit-ulcinj.com\/blog\/wp-content\/uploads\/2010\/11\/Rozana-dhe-Greta.jpg\",\"contentUrl\":\"http:\/\/www.visit-ulcinj.com\/blog\/wp-content\/uploads\/2010\/11\/Rozana-dhe-Greta.jpg\"},{\"@type\":\"WebPage\",\"@id\":\"https:\/\/www.visit-ulcinj.com\/blog\/2010\/11\/27\/rozana-dhe-greta-sherr-per-piket-te-%e2%80%9ckm%e2%80%9d-mashtrojne-njera-tjetren\/#webpage\",\"url\":\"https:\/\/www.visit-ulcinj.com\/blog\/2010\/11\/27\/rozana-dhe-greta-sherr-per-piket-te-%e2%80%9ckm%e2%80%9d-mashtrojne-njera-tjetren\/\",\"name\":\"Rozana dhe Greta, sherr p\u00ebr pik\u00ebt te \u201cKM\u201d, mashtrojn\u00eb nj\u00ebra-tjetr\u00ebn - Lajme nga Ulqini\",\"isPartOf\":{\"@id\":\"https:\/\/www.visit-ulcinj.com\/blog\/#website\"},\"primaryImageOfPage\":{\"@id\":\"https:\/\/www.visit-ulcinj.com\/blog\/2010\/11\/27\/rozana-dhe-greta-sherr-per-piket-te-%e2%80%9ckm%e2%80%9d-mashtrojne-njera-tjetren\/#primaryimage\"},\"datePublished\":\"2010-11-27T15:57:04+00:00\",\"dateModified\":\"2010-11-27T16:44:46+00:00\",\"author\":{\"@id\":\"https:\/\/www.visit-ulcinj.com\/blog\/#\/schema\/person\/dcab619c614d3038751c63bc2aadc06d\"},\"description\":\"Vajzat mesa duket kishin r\u00ebn\u00eb dakord q\u00eb t\u00eb votonin nj\u00ebra-tjetr\u00ebn, por n\u00eb momentin q\u00eb kan\u00eb th\u00ebn\u00eb pik\u00ebt, n\u00eb fakt asnj\u00ebra nuk e kishte votuar tjetr\u00ebn. Ajo q\u00eb\",\"breadcrumb\":{\"@id\":\"https:\/\/www.visit-ulcinj.com\/blog\/2010\/11\/27\/rozana-dhe-greta-sherr-per-piket-te-%e2%80%9ckm%e2%80%9d-mashtrojne-njera-tjetren\/#breadcrumb\"},\"inLanguage\":\"en-US\",\"potentialAction\":[{\"@type\":\"ReadAction\",\"target\":[\"https:\/\/www.visit-ulcinj.com\/blog\/2010\/11\/27\/rozana-dhe-greta-sherr-per-piket-te-%e2%80%9ckm%e2%80%9d-mashtrojne-njera-tjetren\/\"]}]},{\"@type\":\"BreadcrumbList\",\"@id\":\"https:\/\/www.visit-ulcinj.com\/blog\/2010\/11\/27\/rozana-dhe-greta-sherr-per-piket-te-%e2%80%9ckm%e2%80%9d-mashtrojne-njera-tjetren\/#breadcrumb\",\"itemListElement\":[{\"@type\":\"ListItem\",\"position\":1,\"name\":\"Rozana dhe Greta, sherr p\u00ebr pik\u00ebt te \u201cKM\u201d, mashtrojn\u00eb nj\u00ebra-tjetr\u00ebn\"}]},{\"@type\":\"Person\",\"@id\":\"https:\/\/www.visit-ulcinj.com\/blog\/#\/schema\/person\/dcab619c614d3038751c63bc2aadc06d\",\"name\":\"ulqini\",\"sameAs\":[\"http:\/\/www.visit-ulcinj.com\"],\"url\":\"https:\/\/www.visit-ulcinj.com\/blog\/author\/admin\/\"}]}<\/script>\n<!-- \/ Yoast SEO plugin. -->","yoast_head_json":{"title":"Rozana dhe Greta, sherr p\u00ebr pik\u00ebt te \u201cKM\u201d, mashtrojn\u00eb nj\u00ebra-tjetr\u00ebn - Lajme nga Ulqini","description":"Vajzat mesa duket kishin r\u00ebn\u00eb dakord q\u00eb t\u00eb votonin nj\u00ebra-tjetr\u00ebn, por n\u00eb momentin q\u00eb kan\u00eb th\u00ebn\u00eb pik\u00ebt, n\u00eb fakt asnj\u00ebra nuk e kishte votuar tjetr\u00ebn. Ajo q\u00eb","robots":{"index":"index","follow":"follow","max-snippet":"max-snippet:-1","max-image-preview":"max-image-preview:large","max-video-preview":"max-video-preview:-1"},"canonical":"https:\/\/www.visit-ulcinj.com\/blog\/2010\/11\/27\/rozana-dhe-greta-sherr-per-piket-te-\u201ckm\u201d-mashtrojne-njera-tjetren\/","og_locale":"en_US","og_type":"article","og_title":"Rozana dhe Greta, sherr p\u00ebr pik\u00ebt te \u201cKM\u201d, mashtrojn\u00eb nj\u00ebra-tjetr\u00ebn - Lajme nga Ulqini","og_description":"Vajzat mesa duket kishin r\u00ebn\u00eb dakord q\u00eb t\u00eb votonin nj\u00ebra-tjetr\u00ebn, por n\u00eb momentin q\u00eb kan\u00eb th\u00ebn\u00eb pik\u00ebt, n\u00eb fakt asnj\u00ebra nuk e kishte votuar tjetr\u00ebn. Ajo q\u00eb","og_url":"https:\/\/www.visit-ulcinj.com\/blog\/2010\/11\/27\/rozana-dhe-greta-sherr-per-piket-te-\u201ckm\u201d-mashtrojne-njera-tjetren\/","og_site_name":"Lajme nga Ulqini","article_published_time":"2010-11-27T15:57:04+00:00","article_modified_time":"2010-11-27T16:44:46+00:00","og_image":[{"url":"http:\/\/www.visit-ulcinj.com\/blog\/wp-content\/uploads\/2010\/11\/Rozana-dhe-Greta.jpg"}],"twitter_misc":{"Written by":"ulqini","Est. reading time":"1 minute"},"schema":{"@context":"https:\/\/schema.org","@graph":[{"@type":"WebSite","@id":"https:\/\/www.visit-ulcinj.com\/blog\/#website","url":"https:\/\/www.visit-ulcinj.com\/blog\/","name":"Lajme nga Ulqini","description":"Lajme,Vijesti,Ulqini,Ulqin,Crna Gora,Mali i Zi","potentialAction":[{"@type":"SearchAction","target":{"@type":"EntryPoint","urlTemplate":"https:\/\/www.visit-ulcinj.com\/blog\/?s={search_term_string}"},"query-input":"required name=search_term_string"}],"inLanguage":"en-US"},{"@type":"ImageObject","inLanguage":"en-US","@id":"https:\/\/www.visit-ulcinj.com\/blog\/2010\/11\/27\/rozana-dhe-greta-sherr-per-piket-te-%e2%80%9ckm%e2%80%9d-mashtrojne-njera-tjetren\/#primaryimage","url":"http:\/\/www.visit-ulcinj.com\/blog\/wp-content\/uploads\/2010\/11\/Rozana-dhe-Greta.jpg","contentUrl":"http:\/\/www.visit-ulcinj.com\/blog\/wp-content\/uploads\/2010\/11\/Rozana-dhe-Greta.jpg"},{"@type":"WebPage","@id":"https:\/\/www.visit-ulcinj.com\/blog\/2010\/11\/27\/rozana-dhe-greta-sherr-per-piket-te-%e2%80%9ckm%e2%80%9d-mashtrojne-njera-tjetren\/#webpage","url":"https:\/\/www.visit-ulcinj.com\/blog\/2010\/11\/27\/rozana-dhe-greta-sherr-per-piket-te-%e2%80%9ckm%e2%80%9d-mashtrojne-njera-tjetren\/","name":"Rozana dhe Greta, sherr p\u00ebr pik\u00ebt te \u201cKM\u201d, mashtrojn\u00eb nj\u00ebra-tjetr\u00ebn - Lajme nga Ulqini","isPartOf":{"@id":"https:\/\/www.visit-ulcinj.com\/blog\/#website"},"primaryImageOfPage":{"@id":"https:\/\/www.visit-ulcinj.com\/blog\/2010\/11\/27\/rozana-dhe-greta-sherr-per-piket-te-%e2%80%9ckm%e2%80%9d-mashtrojne-njera-tjetren\/#primaryimage"},"datePublished":"2010-11-27T15:57:04+00:00","dateModified":"2010-11-27T16:44:46+00:00","author":{"@id":"https:\/\/www.visit-ulcinj.com\/blog\/#\/schema\/person\/dcab619c614d3038751c63bc2aadc06d"},"description":"Vajzat mesa duket kishin r\u00ebn\u00eb dakord q\u00eb t\u00eb votonin nj\u00ebra-tjetr\u00ebn, por n\u00eb momentin q\u00eb kan\u00eb th\u00ebn\u00eb pik\u00ebt, n\u00eb fakt asnj\u00ebra nuk e kishte votuar tjetr\u00ebn. Ajo q\u00eb","breadcrumb":{"@id":"https:\/\/www.visit-ulcinj.com\/blog\/2010\/11\/27\/rozana-dhe-greta-sherr-per-piket-te-%e2%80%9ckm%e2%80%9d-mashtrojne-njera-tjetren\/#breadcrumb"},"inLanguage":"en-US","potentialAction":[{"@type":"ReadAction","target":["https:\/\/www.visit-ulcinj.com\/blog\/2010\/11\/27\/rozana-dhe-greta-sherr-per-piket-te-%e2%80%9ckm%e2%80%9d-mashtrojne-njera-tjetren\/"]}]},{"@type":"BreadcrumbList","@id":"https:\/\/www.visit-ulcinj.com\/blog\/2010\/11\/27\/rozana-dhe-greta-sherr-per-piket-te-%e2%80%9ckm%e2%80%9d-mashtrojne-njera-tjetren\/#breadcrumb","itemListElement":[{"@type":"ListItem","position":1,"name":"Rozana dhe Greta, sherr p\u00ebr pik\u00ebt te \u201cKM\u201d, mashtrojn\u00eb nj\u00ebra-tjetr\u00ebn"}]},{"@type":"Person","@id":"https:\/\/www.visit-ulcinj.com\/blog\/#\/schema\/person\/dcab619c614d3038751c63bc2aadc06d","name":"ulqini","sameAs":["http:\/\/www.visit-ulcinj.com"],"url":"https:\/\/www.visit-ulcinj.com\/blog\/author\/admin\/"}]}},"jetpack_featured_media_url":"","jetpack_sharing_enabled":true,"jetpack_shortlink":"https:\/\/wp.me\/pe6lTn-atq","_links":{"self":[{"href":"https:\/\/www.visit-ulcinj.com\/blog\/wp-json\/wp\/v2\/posts\/40264"}],"collection":[{"href":"https:\/\/www.visit-ulcinj.com\/blog\/wp-json\/wp\/v2\/posts"}],"about":[{"href":"https:\/\/www.visit-ulcinj.com\/blog\/wp-json\/wp\/v2\/types\/post"}],"author":[{"embeddable":true,"href":"https:\/\/www.visit-ulcinj.com\/blog\/wp-json\/wp\/v2\/users\/1"}],"replies":[{"embeddable":true,"href":"https:\/\/www.visit-ulcinj.com\/blog\/wp-json\/wp\/v2\/comments?post=40264"}],"version-history":[{"count":0,"href":"https:\/\/www.visit-ulcinj.com\/blog\/wp-json\/wp\/v2\/posts\/40264\/revisions"}],"wp:attachment":[{"href":"https:\/\/www.visit-ulcinj.com\/blog\/wp-json\/wp\/v2\/media?parent=40264"}],"wp:term":[{"taxonomy":"category","embeddable":true,"href":"https:\/\/www.visit-ulcinj.com\/blog\/wp-json\/wp\/v2\/categories?post=40264"},{"taxonomy":"post_tag","embeddable":true,"href":"https:\/\/www.visit-ulcinj.com\/blog\/wp-json\/wp\/v2\/tags?post=40264"}],"curies":[{"name":"wp","href":"https:\/\/api.w.org\/{rel}","templated":true}]}}