{"id":40291,"date":"2010-11-27T19:00:29","date_gmt":"2010-11-27T18:00:29","guid":{"rendered":"http:\/\/www.visit-ulcinj.com\/blog\/?p=40291"},"modified":"2010-11-27T19:02:39","modified_gmt":"2010-11-27T18:02:39","slug":"kryebashkiaku-vangjush-dako-i-jep-titullin-%e2%80%9cqytetar-nderi%e2%80%9d-kreut-te-komunes-se-ulqinit-gezim-hajdinaga","status":"publish","type":"post","link":"https:\/\/www.visit-ulcinj.com\/blog\/2010\/11\/27\/kryebashkiaku-vangjush-dako-i-jep-titullin-%e2%80%9cqytetar-nderi%e2%80%9d-kreut-te-komunes-se-ulqinit-gezim-hajdinaga\/","title":{"rendered":"Kryebashkiaku Vangjush Dako i jep titullin \u201cQytetar Nderi\u201d kreut t\u00eb komun\u00ebs s\u00eb Ulqinit G\u00ebzim Hajdinaga"},"content":{"rendered":"<p><a href=\"http:\/\/www.visit-ulcinj.com\/blog\/wp-content\/uploads\/2010\/11\/Vangjush-Dako_gezim-hajdinaga-qytetar-nderi.jpg\"><img loading=\"lazy\" class=\"alignleft size-full wp-image-40292\" title=\"Vangjush Dako_gezim hajdinaga qytetar nderi\" src=\"http:\/\/www.visit-ulcinj.com\/blog\/wp-content\/uploads\/2010\/11\/Vangjush-Dako_gezim-hajdinaga-qytetar-nderi.jpg\" alt=\"\" width=\"320\" height=\"218\" srcset=\"https:\/\/www.visit-ulcinj.com\/blog\/wp-content\/uploads\/2010\/11\/Vangjush-Dako_gezim-hajdinaga-qytetar-nderi.jpg 320w, https:\/\/www.visit-ulcinj.com\/blog\/wp-content\/uploads\/2010\/11\/Vangjush-Dako_gezim-hajdinaga-qytetar-nderi-300x204.jpg 300w\" sizes=\"(max-width: 320px) 100vw, 320px\" \/><\/a>Kryetari   i Bashkis\u00eb s\u00eb Durr\u00ebsit Vangjush Dako ka pritur n\u00eb nj\u00eb takim  nj\u00eb delegacion   nga komuna e Ulqinit i kryesuar nga kryetari i k\u00ebsaj  komune G\u00ebzim Hajdinaga.   N\u00eb takimin e zhvilluar midis kryebashkiakut  Dako dhe kryetarit t\u00eb komun\u00ebs   Ulqin Hajdinaga merrnin pjes\u00eb edhe  drejtuesit e shoqat\u00ebs Ulqini n\u00eb Durr\u00ebs.   Tashm\u00eb t\u00eb dy pal\u00ebt kan\u00eb  shk\u00ebmbyer disa vizita q\u00eb i kan\u00eb sh\u00ebrbyer fillimit   intensiv t\u00eb  bashk\u00ebpunimit midis dy qytetteve n\u00eb disa fusha si kulturore,    administrative etj. Kryebashkiaku Dako ka p\u00ebrmendur edhe lidhjet e forta    midis dy qyteteve madje edhe faktin q\u00eb n\u00eb Durr\u00ebs shum\u00eb prej  ulqinak\u00ebve t\u00eb   vendosur n\u00eb qytet jan\u00eb t\u00eb njohur n\u00eb saj\u00eb t\u00eb kontributit  q\u00eb kan\u00eb dh\u00ebn\u00eb n\u00eb   fusha t\u00eb ndryshme. Nga ana tjet\u00ebr kryebashkiaku Dako e  ka v\u00ebn\u00eb theksin n\u00eb   bashk\u00ebpunimin e ngusht\u00eb n\u00eb disa fusha mes k\u00ebtyre  dy qyteteve Durr\u00ebsit dhe   Ulqinit t\u00eb cilat kan\u00eb si prioritet kryesor  zhvillimin e turizmit. Kreu i   komun\u00ebs s\u00eb Ulqinit G\u00ebzim Hajdinaga foli  p\u00ebr lidhjet e forta q\u00eb ekzistojn\u00eb mes   dy qyteteve ku turizmi \u00ebsht\u00eb  fusha q\u00eb i bashkon m\u00eb ngusht\u00eb por edhe   bashk\u00ebpunimet n\u00eb fusha t\u00eb tjera  q\u00eb do ti bashkojn\u00eb m\u00eb shum\u00eb k\u00ebto dy qytete.   M\u00eb tej kryebashkiaku Dako  ka p\u00ebrsh\u00ebndetur edhe ansamblin artistik Ulqini q\u00eb   ishte pjes\u00eb e  delegacionit t\u00eb k\u00ebtij qyteti. N\u00eb or\u00ebt e pasdites ka qen\u00eb   pik\u00ebrisht  ansambli Ulqini q\u00eb ka dh\u00ebn\u00eb nj\u00eb koncert n\u00eb pallatin e kultur\u00ebs    Aleksand\u00ebr Moisiu ku merrnin pjes\u00eb edhe kryebashkiaku i Durr\u00ebsit  Vangjush   Dako e ai i Ulqinit G\u00ebzim Hajdinaga. Ky aktivitet \u00ebsht\u00eb  ndjekur me interes   nga t\u00eb pranishmit q\u00eb mbushnin sall\u00ebn t\u00eb cil\u00ebt ishin  qytetar\u00eb t\u00eb Durr\u00ebsit me   prejardhje ulqinake. N\u00eb k\u00ebt\u00eb aktivitet  kryetari i Bashkis\u00eb s\u00eb Durr\u00ebsit   Vangjush Dako i ka dh\u00ebn\u00eb kryetarit t\u00eb  komun\u00ebs Ulqin G\u00ebzim Hajdinaga titullin   \u201cqytetar nderi\u201d i Durr\u00ebsit me  motivacionin \u201cp\u00ebr kontributin e dh\u00ebn\u00eb n\u00eb   forcimin e marr\u00ebdh\u00ebnieve t\u00eb  bashk\u00ebpunimit p\u00ebr zhvillimin dhe p\u00ebrparimin e   qytetit t\u00eb Durr\u00ebsit edhe  n\u00ebp\u00ebrmjet integrimit t\u00eb qytetar\u00ebve durrsak\u00eb me   origjin\u00eb nga qyteti i  Ulqinit\u201d. N\u00eb fjal\u00ebn e tij kryebashkiaku Dako ka   evidentuar pik\u00ebrisht  lidhjet e forta midis dy qyteteve dhe kontributin e   ulqinak\u00ebve n\u00eb  Durr\u00ebs nd\u00ebrkoh\u00eb q\u00eb Hajdinaga pasi ka falenderuar kryebashkiakun   Dako  p\u00ebr k\u00ebt\u00eb titull u shpreh se ky \u00ebsht\u00eb nj\u00eb nderim mjaft i vecant\u00eb jo vet\u00eb    p\u00ebr at\u00eb si kryetar komune por p\u00ebr t\u00eb gjith\u00eb qytetin e Ulqinit gj\u00eb q\u00eb  d\u00ebshmon   lidhjet e forta vllaz\u00ebrore midis dy qyteteve. Pak koh\u00eb m\u00eb par\u00eb  midis kryebashkiakut   Dako dhe atij t\u00eb Ulqinit Hajdinaga \u00ebsht\u00eb  n\u00ebnshkruar nj\u00eb marr\u00ebveshje   bashk\u00ebpunimi me q\u00ebllim vendosjen dhe  forcimin e marr\u00ebdh\u00ebnieve t\u00eb   bashk\u00ebpunimit t\u00eb nd\u00ebrsjellt\u00eb si dhe t\u00eb  shk\u00ebmbimit t\u00eb p\u00ebrvojave t\u00eb p\u00ebrbashk\u00ebta   n\u00eb dobi t\u00eb dy qyteteve Durr\u00ebs  dhe Ulqin bazuar n\u00eb Konventat Nd\u00ebrkomb\u00ebtare dhe   Kart\u00ebn e Autonomis\u00eb  Lokale. Kjo marr\u00ebveshje shtrihet n\u00eb fush\u00ebn e   administrimit publik,  shk\u00ebmbimeve tregtare dhe biznesit, turizmit, arsimit,   kultur\u00ebs dhe  trash\u00ebgimis\u00eb historike, sportit dhe rekreacionit.<\/p>\n<p><strong>Bashkia e Durr\u00ebsit <\/strong><\/p>\n","protected":false},"excerpt":{"rendered":"<p>Kryetari i Bashkis\u00eb s\u00eb Durr\u00ebsit Vangjush Dako ka pritur n\u00eb nj\u00eb takim nj\u00eb delegacion nga komuna e Ulqinit i kryesuar nga kryetari i k\u00ebsaj komune G\u00ebzim Hajdinaga. N\u00eb takimin e zhvilluar midis kryebashkiakut Dako dhe kryetarit t\u00eb komun\u00ebs Ulqin Hajdinaga merrnin pjes\u00eb edhe drejtuesit e shoqat\u00ebs Ulqini n\u00eb Durr\u00ebs. Tashm\u00eb t\u00eb dy pal\u00ebt kan\u00eb shk\u00ebmbyer [&hellip;]<\/p>\n","protected":false},"author":1,"featured_media":0,"comment_status":"open","ping_status":"closed","sticky":false,"template":"","format":"standard","meta":{"spay_email":"","jetpack_publicize_message":"","jetpack_is_tweetstorm":false,"jetpack_publicize_feature_enabled":true},"categories":[11],"tags":[16455,2611,14901],"jetpack_publicize_connections":[],"yoast_head":"<!-- This site is optimized with the Yoast SEO plugin v19.1 - https:\/\/yoast.com\/wordpress\/plugins\/seo\/ -->\n<title>Kryebashkiaku Vangjush Dako i jep titullin \u201cQytetar Nderi\u201d kreut t\u00eb komun\u00ebs s\u00eb Ulqinit G\u00ebzim Hajdinaga - Lajme nga Ulqini<\/title>\n<meta name=\"description\" content=\"Kryetari i Bashkis\u00eb s\u00eb Durr\u00ebsit Vangjush Dako ka pritur n\u00eb nj\u00eb takim nj\u00eb delegacion nga komuna e Ulqinit i kryesuar nga kryetari i k\u00ebsaj komune G\u00ebzim\" \/>\n<meta name=\"robots\" content=\"index, follow, max-snippet:-1, max-image-preview:large, max-video-preview:-1\" \/>\n<link rel=\"canonical\" href=\"https:\/\/www.visit-ulcinj.com\/blog\/2010\/11\/27\/kryebashkiaku-vangjush-dako-i-jep-titullin-\u201cqytetar-nderi\u201d-kreut-te-komunes-se-ulqinit-gezim-hajdinaga\/\" \/>\n<meta property=\"og:locale\" content=\"en_US\" \/>\n<meta property=\"og:type\" content=\"article\" \/>\n<meta property=\"og:title\" content=\"Kryebashkiaku Vangjush Dako i jep titullin \u201cQytetar Nderi\u201d kreut t\u00eb komun\u00ebs s\u00eb Ulqinit G\u00ebzim Hajdinaga - Lajme nga Ulqini\" \/>\n<meta property=\"og:description\" content=\"Kryetari i Bashkis\u00eb s\u00eb Durr\u00ebsit Vangjush Dako ka pritur n\u00eb nj\u00eb takim nj\u00eb delegacion nga komuna e Ulqinit i kryesuar nga kryetari i k\u00ebsaj komune G\u00ebzim\" \/>\n<meta property=\"og:url\" content=\"https:\/\/www.visit-ulcinj.com\/blog\/2010\/11\/27\/kryebashkiaku-vangjush-dako-i-jep-titullin-\u201cqytetar-nderi\u201d-kreut-te-komunes-se-ulqinit-gezim-hajdinaga\/\" \/>\n<meta property=\"og:site_name\" content=\"Lajme nga Ulqini\" \/>\n<meta property=\"article:published_time\" content=\"2010-11-27T18:00:29+00:00\" \/>\n<meta property=\"article:modified_time\" content=\"2010-11-27T18:02:39+00:00\" \/>\n<meta property=\"og:image\" content=\"http:\/\/www.visit-ulcinj.com\/blog\/wp-content\/uploads\/2010\/11\/Vangjush-Dako_gezim-hajdinaga-qytetar-nderi.jpg\" \/>\n<meta name=\"twitter:label1\" content=\"Written by\" \/>\n\t<meta name=\"twitter:data1\" content=\"ulqini\" \/>\n\t<meta name=\"twitter:label2\" content=\"Est. reading time\" \/>\n\t<meta name=\"twitter:data2\" content=\"3 minutes\" \/>\n<script type=\"application\/ld+json\" class=\"yoast-schema-graph\">{\"@context\":\"https:\/\/schema.org\",\"@graph\":[{\"@type\":\"WebSite\",\"@id\":\"https:\/\/www.visit-ulcinj.com\/blog\/#website\",\"url\":\"https:\/\/www.visit-ulcinj.com\/blog\/\",\"name\":\"Lajme nga Ulqini\",\"description\":\"Lajme,Vijesti,Ulqini,Ulqin,Crna Gora,Mali i Zi\",\"potentialAction\":[{\"@type\":\"SearchAction\",\"target\":{\"@type\":\"EntryPoint\",\"urlTemplate\":\"https:\/\/www.visit-ulcinj.com\/blog\/?s={search_term_string}\"},\"query-input\":\"required name=search_term_string\"}],\"inLanguage\":\"en-US\"},{\"@type\":\"ImageObject\",\"inLanguage\":\"en-US\",\"@id\":\"https:\/\/www.visit-ulcinj.com\/blog\/2010\/11\/27\/kryebashkiaku-vangjush-dako-i-jep-titullin-%e2%80%9cqytetar-nderi%e2%80%9d-kreut-te-komunes-se-ulqinit-gezim-hajdinaga\/#primaryimage\",\"url\":\"https:\/\/www.visit-ulcinj.com\/blog\/wp-content\/uploads\/2010\/11\/Vangjush-Dako_gezim-hajdinaga-qytetar-nderi.jpg\",\"contentUrl\":\"https:\/\/www.visit-ulcinj.com\/blog\/wp-content\/uploads\/2010\/11\/Vangjush-Dako_gezim-hajdinaga-qytetar-nderi.jpg\",\"width\":\"320\",\"height\":\"218\"},{\"@type\":\"WebPage\",\"@id\":\"https:\/\/www.visit-ulcinj.com\/blog\/2010\/11\/27\/kryebashkiaku-vangjush-dako-i-jep-titullin-%e2%80%9cqytetar-nderi%e2%80%9d-kreut-te-komunes-se-ulqinit-gezim-hajdinaga\/#webpage\",\"url\":\"https:\/\/www.visit-ulcinj.com\/blog\/2010\/11\/27\/kryebashkiaku-vangjush-dako-i-jep-titullin-%e2%80%9cqytetar-nderi%e2%80%9d-kreut-te-komunes-se-ulqinit-gezim-hajdinaga\/\",\"name\":\"Kryebashkiaku Vangjush Dako i jep titullin \u201cQytetar Nderi\u201d kreut t\u00eb komun\u00ebs s\u00eb Ulqinit G\u00ebzim Hajdinaga - Lajme nga Ulqini\",\"isPartOf\":{\"@id\":\"https:\/\/www.visit-ulcinj.com\/blog\/#website\"},\"primaryImageOfPage\":{\"@id\":\"https:\/\/www.visit-ulcinj.com\/blog\/2010\/11\/27\/kryebashkiaku-vangjush-dako-i-jep-titullin-%e2%80%9cqytetar-nderi%e2%80%9d-kreut-te-komunes-se-ulqinit-gezim-hajdinaga\/#primaryimage\"},\"datePublished\":\"2010-11-27T18:00:29+00:00\",\"dateModified\":\"2010-11-27T18:02:39+00:00\",\"author\":{\"@id\":\"https:\/\/www.visit-ulcinj.com\/blog\/#\/schema\/person\/dcab619c614d3038751c63bc2aadc06d\"},\"description\":\"Kryetari i Bashkis\u00eb s\u00eb Durr\u00ebsit Vangjush Dako ka pritur n\u00eb nj\u00eb takim nj\u00eb delegacion nga komuna e Ulqinit i kryesuar nga kryetari i k\u00ebsaj komune G\u00ebzim\",\"breadcrumb\":{\"@id\":\"https:\/\/www.visit-ulcinj.com\/blog\/2010\/11\/27\/kryebashkiaku-vangjush-dako-i-jep-titullin-%e2%80%9cqytetar-nderi%e2%80%9d-kreut-te-komunes-se-ulqinit-gezim-hajdinaga\/#breadcrumb\"},\"inLanguage\":\"en-US\",\"potentialAction\":[{\"@type\":\"ReadAction\",\"target\":[\"https:\/\/www.visit-ulcinj.com\/blog\/2010\/11\/27\/kryebashkiaku-vangjush-dako-i-jep-titullin-%e2%80%9cqytetar-nderi%e2%80%9d-kreut-te-komunes-se-ulqinit-gezim-hajdinaga\/\"]}]},{\"@type\":\"BreadcrumbList\",\"@id\":\"https:\/\/www.visit-ulcinj.com\/blog\/2010\/11\/27\/kryebashkiaku-vangjush-dako-i-jep-titullin-%e2%80%9cqytetar-nderi%e2%80%9d-kreut-te-komunes-se-ulqinit-gezim-hajdinaga\/#breadcrumb\",\"itemListElement\":[{\"@type\":\"ListItem\",\"position\":1,\"name\":\"Kryebashkiaku Vangjush Dako i jep titullin \u201cQytetar Nderi\u201d kreut t\u00eb komun\u00ebs s\u00eb Ulqinit G\u00ebzim Hajdinaga\"}]},{\"@type\":\"Person\",\"@id\":\"https:\/\/www.visit-ulcinj.com\/blog\/#\/schema\/person\/dcab619c614d3038751c63bc2aadc06d\",\"name\":\"ulqini\",\"sameAs\":[\"http:\/\/www.visit-ulcinj.com\"],\"url\":\"https:\/\/www.visit-ulcinj.com\/blog\/author\/admin\/\"}]}<\/script>\n<!-- \/ Yoast SEO plugin. -->","yoast_head_json":{"title":"Kryebashkiaku Vangjush Dako i jep titullin \u201cQytetar Nderi\u201d kreut t\u00eb komun\u00ebs s\u00eb Ulqinit G\u00ebzim Hajdinaga - Lajme nga Ulqini","description":"Kryetari i Bashkis\u00eb s\u00eb Durr\u00ebsit Vangjush Dako ka pritur n\u00eb nj\u00eb takim nj\u00eb delegacion nga komuna e Ulqinit i kryesuar nga kryetari i k\u00ebsaj komune G\u00ebzim","robots":{"index":"index","follow":"follow","max-snippet":"max-snippet:-1","max-image-preview":"max-image-preview:large","max-video-preview":"max-video-preview:-1"},"canonical":"https:\/\/www.visit-ulcinj.com\/blog\/2010\/11\/27\/kryebashkiaku-vangjush-dako-i-jep-titullin-\u201cqytetar-nderi\u201d-kreut-te-komunes-se-ulqinit-gezim-hajdinaga\/","og_locale":"en_US","og_type":"article","og_title":"Kryebashkiaku Vangjush Dako i jep titullin \u201cQytetar Nderi\u201d kreut t\u00eb komun\u00ebs s\u00eb Ulqinit G\u00ebzim Hajdinaga - Lajme nga Ulqini","og_description":"Kryetari i Bashkis\u00eb s\u00eb Durr\u00ebsit Vangjush Dako ka pritur n\u00eb nj\u00eb takim nj\u00eb delegacion nga komuna e Ulqinit i kryesuar nga kryetari i k\u00ebsaj komune G\u00ebzim","og_url":"https:\/\/www.visit-ulcinj.com\/blog\/2010\/11\/27\/kryebashkiaku-vangjush-dako-i-jep-titullin-\u201cqytetar-nderi\u201d-kreut-te-komunes-se-ulqinit-gezim-hajdinaga\/","og_site_name":"Lajme nga Ulqini","article_published_time":"2010-11-27T18:00:29+00:00","article_modified_time":"2010-11-27T18:02:39+00:00","og_image":[{"url":"http:\/\/www.visit-ulcinj.com\/blog\/wp-content\/uploads\/2010\/11\/Vangjush-Dako_gezim-hajdinaga-qytetar-nderi.jpg"}],"twitter_misc":{"Written by":"ulqini","Est. reading time":"3 minutes"},"schema":{"@context":"https:\/\/schema.org","@graph":[{"@type":"WebSite","@id":"https:\/\/www.visit-ulcinj.com\/blog\/#website","url":"https:\/\/www.visit-ulcinj.com\/blog\/","name":"Lajme nga Ulqini","description":"Lajme,Vijesti,Ulqini,Ulqin,Crna Gora,Mali i Zi","potentialAction":[{"@type":"SearchAction","target":{"@type":"EntryPoint","urlTemplate":"https:\/\/www.visit-ulcinj.com\/blog\/?s={search_term_string}"},"query-input":"required name=search_term_string"}],"inLanguage":"en-US"},{"@type":"ImageObject","inLanguage":"en-US","@id":"https:\/\/www.visit-ulcinj.com\/blog\/2010\/11\/27\/kryebashkiaku-vangjush-dako-i-jep-titullin-%e2%80%9cqytetar-nderi%e2%80%9d-kreut-te-komunes-se-ulqinit-gezim-hajdinaga\/#primaryimage","url":"https:\/\/www.visit-ulcinj.com\/blog\/wp-content\/uploads\/2010\/11\/Vangjush-Dako_gezim-hajdinaga-qytetar-nderi.jpg","contentUrl":"https:\/\/www.visit-ulcinj.com\/blog\/wp-content\/uploads\/2010\/11\/Vangjush-Dako_gezim-hajdinaga-qytetar-nderi.jpg","width":"320","height":"218"},{"@type":"WebPage","@id":"https:\/\/www.visit-ulcinj.com\/blog\/2010\/11\/27\/kryebashkiaku-vangjush-dako-i-jep-titullin-%e2%80%9cqytetar-nderi%e2%80%9d-kreut-te-komunes-se-ulqinit-gezim-hajdinaga\/#webpage","url":"https:\/\/www.visit-ulcinj.com\/blog\/2010\/11\/27\/kryebashkiaku-vangjush-dako-i-jep-titullin-%e2%80%9cqytetar-nderi%e2%80%9d-kreut-te-komunes-se-ulqinit-gezim-hajdinaga\/","name":"Kryebashkiaku Vangjush Dako i jep titullin \u201cQytetar Nderi\u201d kreut t\u00eb komun\u00ebs s\u00eb Ulqinit G\u00ebzim Hajdinaga - Lajme nga Ulqini","isPartOf":{"@id":"https:\/\/www.visit-ulcinj.com\/blog\/#website"},"primaryImageOfPage":{"@id":"https:\/\/www.visit-ulcinj.com\/blog\/2010\/11\/27\/kryebashkiaku-vangjush-dako-i-jep-titullin-%e2%80%9cqytetar-nderi%e2%80%9d-kreut-te-komunes-se-ulqinit-gezim-hajdinaga\/#primaryimage"},"datePublished":"2010-11-27T18:00:29+00:00","dateModified":"2010-11-27T18:02:39+00:00","author":{"@id":"https:\/\/www.visit-ulcinj.com\/blog\/#\/schema\/person\/dcab619c614d3038751c63bc2aadc06d"},"description":"Kryetari i Bashkis\u00eb s\u00eb Durr\u00ebsit Vangjush Dako ka pritur n\u00eb nj\u00eb takim nj\u00eb delegacion nga komuna e Ulqinit i kryesuar nga kryetari i k\u00ebsaj komune G\u00ebzim","breadcrumb":{"@id":"https:\/\/www.visit-ulcinj.com\/blog\/2010\/11\/27\/kryebashkiaku-vangjush-dako-i-jep-titullin-%e2%80%9cqytetar-nderi%e2%80%9d-kreut-te-komunes-se-ulqinit-gezim-hajdinaga\/#breadcrumb"},"inLanguage":"en-US","potentialAction":[{"@type":"ReadAction","target":["https:\/\/www.visit-ulcinj.com\/blog\/2010\/11\/27\/kryebashkiaku-vangjush-dako-i-jep-titullin-%e2%80%9cqytetar-nderi%e2%80%9d-kreut-te-komunes-se-ulqinit-gezim-hajdinaga\/"]}]},{"@type":"BreadcrumbList","@id":"https:\/\/www.visit-ulcinj.com\/blog\/2010\/11\/27\/kryebashkiaku-vangjush-dako-i-jep-titullin-%e2%80%9cqytetar-nderi%e2%80%9d-kreut-te-komunes-se-ulqinit-gezim-hajdinaga\/#breadcrumb","itemListElement":[{"@type":"ListItem","position":1,"name":"Kryebashkiaku Vangjush Dako i jep titullin \u201cQytetar Nderi\u201d kreut t\u00eb komun\u00ebs s\u00eb Ulqinit G\u00ebzim Hajdinaga"}]},{"@type":"Person","@id":"https:\/\/www.visit-ulcinj.com\/blog\/#\/schema\/person\/dcab619c614d3038751c63bc2aadc06d","name":"ulqini","sameAs":["http:\/\/www.visit-ulcinj.com"],"url":"https:\/\/www.visit-ulcinj.com\/blog\/author\/admin\/"}]}},"jetpack_featured_media_url":"","jetpack_sharing_enabled":true,"jetpack_shortlink":"https:\/\/wp.me\/pe6lTn-atR","_links":{"self":[{"href":"https:\/\/www.visit-ulcinj.com\/blog\/wp-json\/wp\/v2\/posts\/40291"}],"collection":[{"href":"https:\/\/www.visit-ulcinj.com\/blog\/wp-json\/wp\/v2\/posts"}],"about":[{"href":"https:\/\/www.visit-ulcinj.com\/blog\/wp-json\/wp\/v2\/types\/post"}],"author":[{"embeddable":true,"href":"https:\/\/www.visit-ulcinj.com\/blog\/wp-json\/wp\/v2\/users\/1"}],"replies":[{"embeddable":true,"href":"https:\/\/www.visit-ulcinj.com\/blog\/wp-json\/wp\/v2\/comments?post=40291"}],"version-history":[{"count":0,"href":"https:\/\/www.visit-ulcinj.com\/blog\/wp-json\/wp\/v2\/posts\/40291\/revisions"}],"wp:attachment":[{"href":"https:\/\/www.visit-ulcinj.com\/blog\/wp-json\/wp\/v2\/media?parent=40291"}],"wp:term":[{"taxonomy":"category","embeddable":true,"href":"https:\/\/www.visit-ulcinj.com\/blog\/wp-json\/wp\/v2\/categories?post=40291"},{"taxonomy":"post_tag","embeddable":true,"href":"https:\/\/www.visit-ulcinj.com\/blog\/wp-json\/wp\/v2\/tags?post=40291"}],"curies":[{"name":"wp","href":"https:\/\/api.w.org\/{rel}","templated":true}]}}