{"id":40327,"date":"2010-11-30T19:23:02","date_gmt":"2010-11-30T18:23:02","guid":{"rendered":"http:\/\/www.visit-ulcinj.com\/blog\/?p=40327"},"modified":"2010-11-30T19:26:26","modified_gmt":"2010-11-30T18:26:26","slug":"bojana-prodrla-u-restorane","status":"publish","type":"post","link":"https:\/\/www.visit-ulcinj.com\/blog\/2010\/11\/30\/bojana-prodrla-u-restorane\/","title":{"rendered":"Bojana prodrla u restorane"},"content":{"rendered":"<p><strong><a href=\"http:\/\/www.visit-ulcinj.com\/blog\/wp-content\/uploads\/2010\/11\/restoran-Misko_poplava-ada-bojana_ulcinj.jpg\"><img loading=\"lazy\" class=\"alignleft size-full wp-image-40328\" title=\"restoran Misko_poplava ada bojana_ulcinj\" src=\"http:\/\/www.visit-ulcinj.com\/blog\/wp-content\/uploads\/2010\/11\/restoran-Misko_poplava-ada-bojana_ulcinj.jpg\" alt=\"\" width=\"490\" height=\"380\" \/><\/a>Uvjeravanja slu\u017ebi za vanredne situacije nijesu umirila stanare na Ulcinjskoj Adi, raste i nivo jezera<\/strong><br \/>\nUlcinj\/Virpazar \u2013 Jaki ju\u017eni vjetar ju\u010de rano ujutro gotovo da je blokirao Bojanu na u\u0161\u0107u, zbog \u010dega je nabujala rijeka pre\u0161la pragove restorana i ku\u0107ica.<br \/>\nDok pokazuje poplavljene magacine, Ljiljana Kne\u017eevi\u0107, zaposlena u restoranu \u201cMi\u0161ko\u201d, ka\u017ee da je udarni talas nai\u0161ao oko tri sata ujutro.<\/p>\n<p>\u201cDonja terasa restorana za sekundu se na\u0161la pod vodom. Ubrzo je i na gornjoj vode bilo dva do tri prsta, ali se odatle brzo povukla. U me\u0111uvremenu, Bojana je doprla i do magacina iza restorana, gdje je dostigla nivo oko 20 centimetara\u201d, ka\u017ee Ljiljana i dodaje da su gumene \u010dizme trenutno najtra\u017eenija roba na Bojani.<br \/>\n\u201cDonja terasa restorana i magacini bili su poplavljeni do skoro \u0161est \u010dasova ujutro, kada je jugo utihnuo, a voda se povukla. Me\u0111utim, i dalje strahujemo, jer ne znamo \u0161ta \u0107e donijeti naredni dani, sude\u0107i po prognozi meteorologa\u201d, ka\u017ee Ljiljana.<\/p>\n<p>I restorani \u201cPonte\u201d i \u201cRiblja \u010dorba\u201d ju\u010de su nakratko bili pod vodom.<br \/>\n\u201cKa\u017eu da je u \u010detvrtak \u2019dan D\u2019. Daj bo\u017ee da nas mimoi\u0111e\u201d, ka\u017ee vlasnik restorana \u201cPonte\u201d Bu\u0107o Kolari, dok sa zebnjom posmatra tmurno nebo.<br \/>\nSituacija nije ru\u017ei\u010dasta ni u poplavljenim vladimirskim selima Fraskanjel i Lisna Bori. Nivo vode je preksino\u0107, prema rije\u010dima mje\u0161tanina Skendera Hebe, pao za oko 15 centimetara, ali je ju\u010de ponovo nastavio da raste.<br \/>\nNadle\u017eni iz Op\u0161tine, iz sektora za vanredne situacije MUP-a, kazali su da je prethodna dva dana situacija u Ulcinju u potpunosti pod kontrolom.<\/p>\n<p>I u Virpazaru je ju\u010de voda, kako je kazao mje\u0161tanin Slobo Mijovi\u0107, u\u0161la u tri ku\u0107e koje se nalaze na najni\u017eoj koti u tom mjestu.<br \/>\nMijovi\u0107 je kazao da je nivo vode kod tih ku\u0107a sino\u0107 bio 30 centimetara, a da je ulila i u ulaz jedine stambene zgrade u Virpazaru, u kojoj \u017eivi pet porodica.<br \/>\nOn je rekao da su stanovnici Virpazara u strahu da se ne ponove januarske poplave kada se u zgradu moglo u\u0107i samo u gumenim \u010dizmama.<\/p>\n<p><strong>Policajci spasili konje<\/strong><\/p>\n<p>Podgorica &#8211; Uprava policije saop\u0161tila je da su njeni slu\u017ebenici u subotu u\u010destvovali u akciji spasavanja na podru\u010djima na kojima je do\u0161lo do izlivanja vode.<br \/>\n\u201cSlu\u017ebenici posebne jedinice policije, tima na konjima, pomogli su u spasavanju u zbrinjavanju petnaestak divljih konja\u201d, ka\u017ee se u saop\u0161tenju koje je potpisala portparolka Tamara Ralevi\u0107.<br \/>\nDodaje se da je, zbog pove\u0107anog vodostaja Skadarskog jezera u rejonu \u017dabljaka Crnojevi\u0107a, direktor Nacionalnog parka \u201eSkadarsko jezero\u201d Zoran Mrdak od Uprave policije zatra\u017eio asistenciju.<br \/>\nAkcija je, pi\u0161e u saop\u0161tenju, trajala od devet do 13 \u010dasova, a konji su sa ugro\u017eenog podru\u010dja preba\u010deni na sigurnu lokaciju, u rejonu sela Ponari i \u017dabljak Crnojevi\u0107a.<br \/>\nU akciji je u\u010destovalo devet policijskih slu\u017ebenika sa dva motorna vozila.<\/p>\n<p><strong>S.A.-S.P.<br \/>\n<a href=\"http:\/\/www.vijesti.me\/\" target=\"_blank\">Vijesti<\/a><\/strong><\/p>\n<p><strong>VIDEO TV IN<br \/>\n[flv width=&#8221;490&#8243; height=&#8221;380&#8243;]http:\/\/www.rtvin.me\/flv\/27_11_post_sastanak.flv[\/flv]<br \/>\n<\/strong><\/p>\n","protected":false},"excerpt":{"rendered":"<p>Uvjeravanja slu\u017ebi za vanredne situacije nijesu umirila stanare na Ulcinjskoj Adi, raste i nivo jezera Ulcinj\/Virpazar \u2013 Jaki ju\u017eni vjetar ju\u010de rano ujutro gotovo da je blokirao Bojanu na u\u0161\u0107u, zbog \u010dega je nabujala rijeka pre\u0161la pragove restorana i ku\u0107ica. Dok pokazuje poplavljene magacine, Ljiljana Kne\u017eevi\u0107, zaposlena u restoranu \u201cMi\u0161ko\u201d, ka\u017ee da je udarni talas [&hellip;]<\/p>\n","protected":false},"author":1,"featured_media":0,"comment_status":"open","ping_status":"closed","sticky":false,"template":"","format":"standard","meta":{"spay_email":"","jetpack_publicize_message":"","jetpack_is_tweetstorm":false,"jetpack_publicize_feature_enabled":true},"categories":[8337],"tags":[16459,19],"jetpack_publicize_connections":[],"yoast_head":"<!-- This site is optimized with the Yoast SEO plugin v19.1 - https:\/\/yoast.com\/wordpress\/plugins\/seo\/ -->\n<title>Bojana prodrla u restorane - Lajme nga Ulqini<\/title>\n<meta name=\"description\" content=\"Uvjeravanja slu\u017ebi za vanredne situacije nijesu umirila stanare na Ulcinjskoj Adi, raste i nivo jezera Ulcinj\/Virpazar \u2013 Jaki ju\u017eni vjetar ju\u010de rano\" \/>\n<meta name=\"robots\" content=\"index, follow, max-snippet:-1, max-image-preview:large, max-video-preview:-1\" \/>\n<link rel=\"canonical\" href=\"https:\/\/www.visit-ulcinj.com\/blog\/2010\/11\/30\/bojana-prodrla-u-restorane\/\" \/>\n<meta property=\"og:locale\" content=\"en_US\" \/>\n<meta property=\"og:type\" content=\"article\" \/>\n<meta property=\"og:title\" content=\"Bojana prodrla u restorane - Lajme nga Ulqini\" \/>\n<meta property=\"og:description\" content=\"Uvjeravanja slu\u017ebi za vanredne situacije nijesu umirila stanare na Ulcinjskoj Adi, raste i nivo jezera Ulcinj\/Virpazar \u2013 Jaki ju\u017eni vjetar ju\u010de rano\" \/>\n<meta property=\"og:url\" content=\"https:\/\/www.visit-ulcinj.com\/blog\/2010\/11\/30\/bojana-prodrla-u-restorane\/\" \/>\n<meta property=\"og:site_name\" content=\"Lajme nga Ulqini\" \/>\n<meta property=\"article:published_time\" content=\"2010-11-30T18:23:02+00:00\" \/>\n<meta property=\"article:modified_time\" content=\"2010-11-30T18:26:26+00:00\" \/>\n<meta property=\"og:image\" content=\"http:\/\/www.visit-ulcinj.com\/blog\/wp-content\/uploads\/2010\/11\/restoran-Misko_poplava-ada-bojana_ulcinj.jpg\" \/>\n<meta name=\"twitter:label1\" content=\"Written by\" \/>\n\t<meta name=\"twitter:data1\" content=\"ulqini\" \/>\n\t<meta name=\"twitter:label2\" content=\"Est. reading time\" \/>\n\t<meta name=\"twitter:data2\" content=\"3 minutes\" \/>\n<script type=\"application\/ld+json\" class=\"yoast-schema-graph\">{\"@context\":\"https:\/\/schema.org\",\"@graph\":[{\"@type\":\"WebSite\",\"@id\":\"https:\/\/www.visit-ulcinj.com\/blog\/#website\",\"url\":\"https:\/\/www.visit-ulcinj.com\/blog\/\",\"name\":\"Lajme nga Ulqini\",\"description\":\"Lajme,Vijesti,Ulqini,Ulqin,Crna Gora,Mali i Zi\",\"potentialAction\":[{\"@type\":\"SearchAction\",\"target\":{\"@type\":\"EntryPoint\",\"urlTemplate\":\"https:\/\/www.visit-ulcinj.com\/blog\/?s={search_term_string}\"},\"query-input\":\"required name=search_term_string\"}],\"inLanguage\":\"en-US\"},{\"@type\":\"ImageObject\",\"inLanguage\":\"en-US\",\"@id\":\"https:\/\/www.visit-ulcinj.com\/blog\/2010\/11\/30\/bojana-prodrla-u-restorane\/#primaryimage\",\"url\":\"https:\/\/www.visit-ulcinj.com\/blog\/wp-content\/uploads\/2010\/11\/restoran-Misko_poplava-ada-bojana_ulcinj.jpg\",\"contentUrl\":\"https:\/\/www.visit-ulcinj.com\/blog\/wp-content\/uploads\/2010\/11\/restoran-Misko_poplava-ada-bojana_ulcinj.jpg\",\"width\":\"800\",\"height\":\"600\"},{\"@type\":\"WebPage\",\"@id\":\"https:\/\/www.visit-ulcinj.com\/blog\/2010\/11\/30\/bojana-prodrla-u-restorane\/#webpage\",\"url\":\"https:\/\/www.visit-ulcinj.com\/blog\/2010\/11\/30\/bojana-prodrla-u-restorane\/\",\"name\":\"Bojana prodrla u restorane - Lajme nga Ulqini\",\"isPartOf\":{\"@id\":\"https:\/\/www.visit-ulcinj.com\/blog\/#website\"},\"primaryImageOfPage\":{\"@id\":\"https:\/\/www.visit-ulcinj.com\/blog\/2010\/11\/30\/bojana-prodrla-u-restorane\/#primaryimage\"},\"datePublished\":\"2010-11-30T18:23:02+00:00\",\"dateModified\":\"2010-11-30T18:26:26+00:00\",\"author\":{\"@id\":\"https:\/\/www.visit-ulcinj.com\/blog\/#\/schema\/person\/dcab619c614d3038751c63bc2aadc06d\"},\"description\":\"Uvjeravanja slu\u017ebi za vanredne situacije nijesu umirila stanare na Ulcinjskoj Adi, raste i nivo jezera Ulcinj\/Virpazar \u2013 Jaki ju\u017eni vjetar ju\u010de rano\",\"breadcrumb\":{\"@id\":\"https:\/\/www.visit-ulcinj.com\/blog\/2010\/11\/30\/bojana-prodrla-u-restorane\/#breadcrumb\"},\"inLanguage\":\"en-US\",\"potentialAction\":[{\"@type\":\"ReadAction\",\"target\":[\"https:\/\/www.visit-ulcinj.com\/blog\/2010\/11\/30\/bojana-prodrla-u-restorane\/\"]}]},{\"@type\":\"BreadcrumbList\",\"@id\":\"https:\/\/www.visit-ulcinj.com\/blog\/2010\/11\/30\/bojana-prodrla-u-restorane\/#breadcrumb\",\"itemListElement\":[{\"@type\":\"ListItem\",\"position\":1,\"name\":\"Bojana prodrla u restorane\"}]},{\"@type\":\"Person\",\"@id\":\"https:\/\/www.visit-ulcinj.com\/blog\/#\/schema\/person\/dcab619c614d3038751c63bc2aadc06d\",\"name\":\"ulqini\",\"sameAs\":[\"http:\/\/www.visit-ulcinj.com\"],\"url\":\"https:\/\/www.visit-ulcinj.com\/blog\/author\/admin\/\"}]}<\/script>\n<!-- \/ Yoast SEO plugin. -->","yoast_head_json":{"title":"Bojana prodrla u restorane - Lajme nga Ulqini","description":"Uvjeravanja slu\u017ebi za vanredne situacije nijesu umirila stanare na Ulcinjskoj Adi, raste i nivo jezera Ulcinj\/Virpazar \u2013 Jaki ju\u017eni vjetar ju\u010de rano","robots":{"index":"index","follow":"follow","max-snippet":"max-snippet:-1","max-image-preview":"max-image-preview:large","max-video-preview":"max-video-preview:-1"},"canonical":"https:\/\/www.visit-ulcinj.com\/blog\/2010\/11\/30\/bojana-prodrla-u-restorane\/","og_locale":"en_US","og_type":"article","og_title":"Bojana prodrla u restorane - Lajme nga Ulqini","og_description":"Uvjeravanja slu\u017ebi za vanredne situacije nijesu umirila stanare na Ulcinjskoj Adi, raste i nivo jezera Ulcinj\/Virpazar \u2013 Jaki ju\u017eni vjetar ju\u010de rano","og_url":"https:\/\/www.visit-ulcinj.com\/blog\/2010\/11\/30\/bojana-prodrla-u-restorane\/","og_site_name":"Lajme nga Ulqini","article_published_time":"2010-11-30T18:23:02+00:00","article_modified_time":"2010-11-30T18:26:26+00:00","og_image":[{"url":"http:\/\/www.visit-ulcinj.com\/blog\/wp-content\/uploads\/2010\/11\/restoran-Misko_poplava-ada-bojana_ulcinj.jpg"}],"twitter_misc":{"Written by":"ulqini","Est. reading time":"3 minutes"},"schema":{"@context":"https:\/\/schema.org","@graph":[{"@type":"WebSite","@id":"https:\/\/www.visit-ulcinj.com\/blog\/#website","url":"https:\/\/www.visit-ulcinj.com\/blog\/","name":"Lajme nga Ulqini","description":"Lajme,Vijesti,Ulqini,Ulqin,Crna Gora,Mali i Zi","potentialAction":[{"@type":"SearchAction","target":{"@type":"EntryPoint","urlTemplate":"https:\/\/www.visit-ulcinj.com\/blog\/?s={search_term_string}"},"query-input":"required name=search_term_string"}],"inLanguage":"en-US"},{"@type":"ImageObject","inLanguage":"en-US","@id":"https:\/\/www.visit-ulcinj.com\/blog\/2010\/11\/30\/bojana-prodrla-u-restorane\/#primaryimage","url":"https:\/\/www.visit-ulcinj.com\/blog\/wp-content\/uploads\/2010\/11\/restoran-Misko_poplava-ada-bojana_ulcinj.jpg","contentUrl":"https:\/\/www.visit-ulcinj.com\/blog\/wp-content\/uploads\/2010\/11\/restoran-Misko_poplava-ada-bojana_ulcinj.jpg","width":"800","height":"600"},{"@type":"WebPage","@id":"https:\/\/www.visit-ulcinj.com\/blog\/2010\/11\/30\/bojana-prodrla-u-restorane\/#webpage","url":"https:\/\/www.visit-ulcinj.com\/blog\/2010\/11\/30\/bojana-prodrla-u-restorane\/","name":"Bojana prodrla u restorane - Lajme nga Ulqini","isPartOf":{"@id":"https:\/\/www.visit-ulcinj.com\/blog\/#website"},"primaryImageOfPage":{"@id":"https:\/\/www.visit-ulcinj.com\/blog\/2010\/11\/30\/bojana-prodrla-u-restorane\/#primaryimage"},"datePublished":"2010-11-30T18:23:02+00:00","dateModified":"2010-11-30T18:26:26+00:00","author":{"@id":"https:\/\/www.visit-ulcinj.com\/blog\/#\/schema\/person\/dcab619c614d3038751c63bc2aadc06d"},"description":"Uvjeravanja slu\u017ebi za vanredne situacije nijesu umirila stanare na Ulcinjskoj Adi, raste i nivo jezera Ulcinj\/Virpazar \u2013 Jaki ju\u017eni vjetar ju\u010de rano","breadcrumb":{"@id":"https:\/\/www.visit-ulcinj.com\/blog\/2010\/11\/30\/bojana-prodrla-u-restorane\/#breadcrumb"},"inLanguage":"en-US","potentialAction":[{"@type":"ReadAction","target":["https:\/\/www.visit-ulcinj.com\/blog\/2010\/11\/30\/bojana-prodrla-u-restorane\/"]}]},{"@type":"BreadcrumbList","@id":"https:\/\/www.visit-ulcinj.com\/blog\/2010\/11\/30\/bojana-prodrla-u-restorane\/#breadcrumb","itemListElement":[{"@type":"ListItem","position":1,"name":"Bojana prodrla u restorane"}]},{"@type":"Person","@id":"https:\/\/www.visit-ulcinj.com\/blog\/#\/schema\/person\/dcab619c614d3038751c63bc2aadc06d","name":"ulqini","sameAs":["http:\/\/www.visit-ulcinj.com"],"url":"https:\/\/www.visit-ulcinj.com\/blog\/author\/admin\/"}]}},"jetpack_featured_media_url":"","jetpack_sharing_enabled":true,"jetpack_shortlink":"https:\/\/wp.me\/pe6lTn-aur","_links":{"self":[{"href":"https:\/\/www.visit-ulcinj.com\/blog\/wp-json\/wp\/v2\/posts\/40327"}],"collection":[{"href":"https:\/\/www.visit-ulcinj.com\/blog\/wp-json\/wp\/v2\/posts"}],"about":[{"href":"https:\/\/www.visit-ulcinj.com\/blog\/wp-json\/wp\/v2\/types\/post"}],"author":[{"embeddable":true,"href":"https:\/\/www.visit-ulcinj.com\/blog\/wp-json\/wp\/v2\/users\/1"}],"replies":[{"embeddable":true,"href":"https:\/\/www.visit-ulcinj.com\/blog\/wp-json\/wp\/v2\/comments?post=40327"}],"version-history":[{"count":0,"href":"https:\/\/www.visit-ulcinj.com\/blog\/wp-json\/wp\/v2\/posts\/40327\/revisions"}],"wp:attachment":[{"href":"https:\/\/www.visit-ulcinj.com\/blog\/wp-json\/wp\/v2\/media?parent=40327"}],"wp:term":[{"taxonomy":"category","embeddable":true,"href":"https:\/\/www.visit-ulcinj.com\/blog\/wp-json\/wp\/v2\/categories?post=40327"},{"taxonomy":"post_tag","embeddable":true,"href":"https:\/\/www.visit-ulcinj.com\/blog\/wp-json\/wp\/v2\/tags?post=40327"}],"curies":[{"name":"wp","href":"https:\/\/api.w.org\/{rel}","templated":true}]}}