{"id":40331,"date":"2010-11-30T19:40:13","date_gmt":"2010-11-30T18:40:13","guid":{"rendered":"http:\/\/www.visit-ulcinj.com\/blog\/?p=40331"},"modified":"2010-11-30T19:57:05","modified_gmt":"2010-11-30T18:57:05","slug":"moti-i-keq-buna-del-nga-shtrati-video","status":"publish","type":"post","link":"https:\/\/www.visit-ulcinj.com\/blog\/2010\/11\/30\/moti-i-keq-buna-del-nga-shtrati-video\/","title":{"rendered":"Moti i keq, Buna del nga shtrati &#8211; Video"},"content":{"rendered":"<p><strong><a href=\"http:\/\/www.visit-ulcinj.com\/blog\/wp-content\/uploads\/2010\/11\/LUMI-BUNA-PERBYTJET.jpg\"><img loading=\"lazy\" class=\"alignleft size-full wp-image-40332\" title=\"LUMI BUNA PERBYTJET\" src=\"http:\/\/www.visit-ulcinj.com\/blog\/wp-content\/uploads\/2010\/11\/LUMI-BUNA-PERBYTJET.jpg\" alt=\"\" width=\"490\" height=\"329\" \/><\/a>P\u00ebrvec zonave tradicionale t\u00eb permbytura n\u00eb Oboti, Dajc dhe Livadhe, harta e permbytjeve rrezikon t\u00eb njoh\u00eb zgjerime dhe n\u00eb hyrje t\u00eb Shkoders pasi lumi Buna pak nga pak ka nisur t\u00eb prek\u00eb sip\u00ebrfaqen e tok\u00ebs pran\u00eb ur\u00ebs.<\/strong><\/p>\n<p>Dalja e lumit Buna ka nisur qe ne oret e vona te darkes por per momentin ka krijuar probleme ne qarkullimin e automjeteve apo kembesorve vetem ne disa zona te vogla. Gjithsesi situata mbetet shqetesuese sepse lumi Buna e ka teper te veshtire te vazhdoje rrjedhjen natyrale pasi pengohet nga prurje e lumit Drin. Nderkohe forcat e policise dhe te Shtabit te Emergjences jane ne situate gadishmerie per me teper qe ne Shkoder vazhdojne reshjet e shiut dhe situata nuk duket aspak optimiste.<\/p>\n<p>Dalja e lumit Buna nga shtrati shkaktohet nga prurjet e medha te liqenit te Shkodres por dhe nga prurjet e Drinit per shkak te shkarkimeve nga hidrocentralet dhe reshjeve te shumta qe kane rritur dhe prurjet e lumit Kir.<\/p>\n<p>Nderkohe nga raportimet e zonave te Nenshkodres mesohet se ne krahasim me disa ditet me pare ka pasur nje rritje prej 10 cm te nivelit te ujit ne gjith\u00eb zonen e Nenshkodres. Konkretisht eshte e pakalueshme rruga e Obotit, eshte e pakalueshme per mjete e vogla rruga nacionale e komunes Dajc si dhe ka prezence uji ne rrugen e Velipojes qe e veshtir\u00ebson qarkullimin per automjetet.<\/p>\n<p><strong>TOP CHANNEL<br \/>\n[flv width=&#8221;490&#8243; height=&#8221;380&#8243;]http:\/\/video1.top-channel.tv\/18754796\/flv\/kronika\/PERMBYTJETSHKODER30.flv[\/flv]<br \/>\n<\/strong><\/p>\n","protected":false},"excerpt":{"rendered":"<p>P\u00ebrvec zonave tradicionale t\u00eb permbytura n\u00eb Oboti, Dajc dhe Livadhe, harta e permbytjeve rrezikon t\u00eb njoh\u00eb zgjerime dhe n\u00eb hyrje t\u00eb Shkoders pasi lumi Buna pak nga pak ka nisur t\u00eb prek\u00eb sip\u00ebrfaqen e tok\u00ebs pran\u00eb ur\u00ebs. Dalja e lumit Buna ka nisur qe ne oret e vona te darkes por per momentin ka krijuar [&hellip;]<\/p>\n","protected":false},"author":1,"featured_media":0,"comment_status":"open","ping_status":"closed","sticky":false,"template":"","format":"standard","meta":{"spay_email":"","jetpack_publicize_message":"","jetpack_is_tweetstorm":false,"jetpack_publicize_feature_enabled":true},"categories":[1],"tags":[16460,200],"jetpack_publicize_connections":[],"yoast_head":"<!-- This site is optimized with the Yoast SEO plugin v19.1 - https:\/\/yoast.com\/wordpress\/plugins\/seo\/ -->\n<title>Moti i keq, Buna del nga shtrati - Video - Lajme nga Ulqini<\/title>\n<meta name=\"description\" content=\"P\u00ebrvec zonave tradicionale t\u00eb permbytura n\u00eb Oboti, Dajc dhe Livadhe, harta e permbytjeve rrezikon t\u00eb njoh\u00eb zgjerime dhe n\u00eb hyrje t\u00eb Shkoders pasi lumi\" \/>\n<meta name=\"robots\" content=\"index, follow, max-snippet:-1, max-image-preview:large, max-video-preview:-1\" \/>\n<link rel=\"canonical\" href=\"https:\/\/www.visit-ulcinj.com\/blog\/2010\/11\/30\/moti-i-keq-buna-del-nga-shtrati-video\/\" \/>\n<meta property=\"og:locale\" content=\"en_US\" \/>\n<meta property=\"og:type\" content=\"article\" \/>\n<meta property=\"og:title\" content=\"Moti i keq, Buna del nga shtrati - Video - Lajme nga Ulqini\" \/>\n<meta property=\"og:description\" content=\"P\u00ebrvec zonave tradicionale t\u00eb permbytura n\u00eb Oboti, Dajc dhe Livadhe, harta e permbytjeve rrezikon t\u00eb njoh\u00eb zgjerime dhe n\u00eb hyrje t\u00eb Shkoders pasi lumi\" \/>\n<meta property=\"og:url\" content=\"https:\/\/www.visit-ulcinj.com\/blog\/2010\/11\/30\/moti-i-keq-buna-del-nga-shtrati-video\/\" \/>\n<meta property=\"og:site_name\" content=\"Lajme nga Ulqini\" \/>\n<meta property=\"article:published_time\" content=\"2010-11-30T18:40:13+00:00\" \/>\n<meta property=\"article:modified_time\" content=\"2010-11-30T18:57:05+00:00\" \/>\n<meta property=\"og:image\" content=\"http:\/\/www.visit-ulcinj.com\/blog\/wp-content\/uploads\/2010\/11\/LUMI-BUNA-PERBYTJET.jpg\" \/>\n<meta name=\"twitter:label1\" content=\"Written by\" \/>\n\t<meta name=\"twitter:data1\" content=\"ulqini\" \/>\n\t<meta name=\"twitter:label2\" content=\"Est. reading time\" \/>\n\t<meta name=\"twitter:data2\" content=\"1 minute\" \/>\n<script type=\"application\/ld+json\" class=\"yoast-schema-graph\">{\"@context\":\"https:\/\/schema.org\",\"@graph\":[{\"@type\":\"WebSite\",\"@id\":\"https:\/\/www.visit-ulcinj.com\/blog\/#website\",\"url\":\"https:\/\/www.visit-ulcinj.com\/blog\/\",\"name\":\"Lajme nga Ulqini\",\"description\":\"Lajme,Vijesti,Ulqini,Ulqin,Crna Gora,Mali i Zi\",\"potentialAction\":[{\"@type\":\"SearchAction\",\"target\":{\"@type\":\"EntryPoint\",\"urlTemplate\":\"https:\/\/www.visit-ulcinj.com\/blog\/?s={search_term_string}\"},\"query-input\":\"required name=search_term_string\"}],\"inLanguage\":\"en-US\"},{\"@type\":\"ImageObject\",\"inLanguage\":\"en-US\",\"@id\":\"https:\/\/www.visit-ulcinj.com\/blog\/2010\/11\/30\/moti-i-keq-buna-del-nga-shtrati-video\/#primaryimage\",\"url\":\"https:\/\/www.visit-ulcinj.com\/blog\/wp-content\/uploads\/2010\/11\/LUMI-BUNA-PERBYTJET.jpg\",\"contentUrl\":\"https:\/\/www.visit-ulcinj.com\/blog\/wp-content\/uploads\/2010\/11\/LUMI-BUNA-PERBYTJET.jpg\",\"width\":\"450\",\"height\":\"329\"},{\"@type\":\"WebPage\",\"@id\":\"https:\/\/www.visit-ulcinj.com\/blog\/2010\/11\/30\/moti-i-keq-buna-del-nga-shtrati-video\/#webpage\",\"url\":\"https:\/\/www.visit-ulcinj.com\/blog\/2010\/11\/30\/moti-i-keq-buna-del-nga-shtrati-video\/\",\"name\":\"Moti i keq, Buna del nga shtrati - Video - Lajme nga Ulqini\",\"isPartOf\":{\"@id\":\"https:\/\/www.visit-ulcinj.com\/blog\/#website\"},\"primaryImageOfPage\":{\"@id\":\"https:\/\/www.visit-ulcinj.com\/blog\/2010\/11\/30\/moti-i-keq-buna-del-nga-shtrati-video\/#primaryimage\"},\"datePublished\":\"2010-11-30T18:40:13+00:00\",\"dateModified\":\"2010-11-30T18:57:05+00:00\",\"author\":{\"@id\":\"https:\/\/www.visit-ulcinj.com\/blog\/#\/schema\/person\/dcab619c614d3038751c63bc2aadc06d\"},\"description\":\"P\u00ebrvec zonave tradicionale t\u00eb permbytura n\u00eb Oboti, Dajc dhe Livadhe, harta e permbytjeve rrezikon t\u00eb njoh\u00eb zgjerime dhe n\u00eb hyrje t\u00eb Shkoders pasi lumi\",\"breadcrumb\":{\"@id\":\"https:\/\/www.visit-ulcinj.com\/blog\/2010\/11\/30\/moti-i-keq-buna-del-nga-shtrati-video\/#breadcrumb\"},\"inLanguage\":\"en-US\",\"potentialAction\":[{\"@type\":\"ReadAction\",\"target\":[\"https:\/\/www.visit-ulcinj.com\/blog\/2010\/11\/30\/moti-i-keq-buna-del-nga-shtrati-video\/\"]}]},{\"@type\":\"BreadcrumbList\",\"@id\":\"https:\/\/www.visit-ulcinj.com\/blog\/2010\/11\/30\/moti-i-keq-buna-del-nga-shtrati-video\/#breadcrumb\",\"itemListElement\":[{\"@type\":\"ListItem\",\"position\":1,\"name\":\"Moti i keq, Buna del nga shtrati &#8211; Video\"}]},{\"@type\":\"Person\",\"@id\":\"https:\/\/www.visit-ulcinj.com\/blog\/#\/schema\/person\/dcab619c614d3038751c63bc2aadc06d\",\"name\":\"ulqini\",\"sameAs\":[\"http:\/\/www.visit-ulcinj.com\"],\"url\":\"https:\/\/www.visit-ulcinj.com\/blog\/author\/admin\/\"}]}<\/script>\n<!-- \/ Yoast SEO plugin. -->","yoast_head_json":{"title":"Moti i keq, Buna del nga shtrati - Video - Lajme nga Ulqini","description":"P\u00ebrvec zonave tradicionale t\u00eb permbytura n\u00eb Oboti, Dajc dhe Livadhe, harta e permbytjeve rrezikon t\u00eb njoh\u00eb zgjerime dhe n\u00eb hyrje t\u00eb Shkoders pasi lumi","robots":{"index":"index","follow":"follow","max-snippet":"max-snippet:-1","max-image-preview":"max-image-preview:large","max-video-preview":"max-video-preview:-1"},"canonical":"https:\/\/www.visit-ulcinj.com\/blog\/2010\/11\/30\/moti-i-keq-buna-del-nga-shtrati-video\/","og_locale":"en_US","og_type":"article","og_title":"Moti i keq, Buna del nga shtrati - Video - Lajme nga Ulqini","og_description":"P\u00ebrvec zonave tradicionale t\u00eb permbytura n\u00eb Oboti, Dajc dhe Livadhe, harta e permbytjeve rrezikon t\u00eb njoh\u00eb zgjerime dhe n\u00eb hyrje t\u00eb Shkoders pasi lumi","og_url":"https:\/\/www.visit-ulcinj.com\/blog\/2010\/11\/30\/moti-i-keq-buna-del-nga-shtrati-video\/","og_site_name":"Lajme nga Ulqini","article_published_time":"2010-11-30T18:40:13+00:00","article_modified_time":"2010-11-30T18:57:05+00:00","og_image":[{"url":"http:\/\/www.visit-ulcinj.com\/blog\/wp-content\/uploads\/2010\/11\/LUMI-BUNA-PERBYTJET.jpg"}],"twitter_misc":{"Written by":"ulqini","Est. reading time":"1 minute"},"schema":{"@context":"https:\/\/schema.org","@graph":[{"@type":"WebSite","@id":"https:\/\/www.visit-ulcinj.com\/blog\/#website","url":"https:\/\/www.visit-ulcinj.com\/blog\/","name":"Lajme nga Ulqini","description":"Lajme,Vijesti,Ulqini,Ulqin,Crna Gora,Mali i Zi","potentialAction":[{"@type":"SearchAction","target":{"@type":"EntryPoint","urlTemplate":"https:\/\/www.visit-ulcinj.com\/blog\/?s={search_term_string}"},"query-input":"required name=search_term_string"}],"inLanguage":"en-US"},{"@type":"ImageObject","inLanguage":"en-US","@id":"https:\/\/www.visit-ulcinj.com\/blog\/2010\/11\/30\/moti-i-keq-buna-del-nga-shtrati-video\/#primaryimage","url":"https:\/\/www.visit-ulcinj.com\/blog\/wp-content\/uploads\/2010\/11\/LUMI-BUNA-PERBYTJET.jpg","contentUrl":"https:\/\/www.visit-ulcinj.com\/blog\/wp-content\/uploads\/2010\/11\/LUMI-BUNA-PERBYTJET.jpg","width":"450","height":"329"},{"@type":"WebPage","@id":"https:\/\/www.visit-ulcinj.com\/blog\/2010\/11\/30\/moti-i-keq-buna-del-nga-shtrati-video\/#webpage","url":"https:\/\/www.visit-ulcinj.com\/blog\/2010\/11\/30\/moti-i-keq-buna-del-nga-shtrati-video\/","name":"Moti i keq, Buna del nga shtrati - Video - Lajme nga Ulqini","isPartOf":{"@id":"https:\/\/www.visit-ulcinj.com\/blog\/#website"},"primaryImageOfPage":{"@id":"https:\/\/www.visit-ulcinj.com\/blog\/2010\/11\/30\/moti-i-keq-buna-del-nga-shtrati-video\/#primaryimage"},"datePublished":"2010-11-30T18:40:13+00:00","dateModified":"2010-11-30T18:57:05+00:00","author":{"@id":"https:\/\/www.visit-ulcinj.com\/blog\/#\/schema\/person\/dcab619c614d3038751c63bc2aadc06d"},"description":"P\u00ebrvec zonave tradicionale t\u00eb permbytura n\u00eb Oboti, Dajc dhe Livadhe, harta e permbytjeve rrezikon t\u00eb njoh\u00eb zgjerime dhe n\u00eb hyrje t\u00eb Shkoders pasi lumi","breadcrumb":{"@id":"https:\/\/www.visit-ulcinj.com\/blog\/2010\/11\/30\/moti-i-keq-buna-del-nga-shtrati-video\/#breadcrumb"},"inLanguage":"en-US","potentialAction":[{"@type":"ReadAction","target":["https:\/\/www.visit-ulcinj.com\/blog\/2010\/11\/30\/moti-i-keq-buna-del-nga-shtrati-video\/"]}]},{"@type":"BreadcrumbList","@id":"https:\/\/www.visit-ulcinj.com\/blog\/2010\/11\/30\/moti-i-keq-buna-del-nga-shtrati-video\/#breadcrumb","itemListElement":[{"@type":"ListItem","position":1,"name":"Moti i keq, Buna del nga shtrati &#8211; Video"}]},{"@type":"Person","@id":"https:\/\/www.visit-ulcinj.com\/blog\/#\/schema\/person\/dcab619c614d3038751c63bc2aadc06d","name":"ulqini","sameAs":["http:\/\/www.visit-ulcinj.com"],"url":"https:\/\/www.visit-ulcinj.com\/blog\/author\/admin\/"}]}},"jetpack_featured_media_url":"","jetpack_sharing_enabled":true,"jetpack_shortlink":"https:\/\/wp.me\/pe6lTn-auv","_links":{"self":[{"href":"https:\/\/www.visit-ulcinj.com\/blog\/wp-json\/wp\/v2\/posts\/40331"}],"collection":[{"href":"https:\/\/www.visit-ulcinj.com\/blog\/wp-json\/wp\/v2\/posts"}],"about":[{"href":"https:\/\/www.visit-ulcinj.com\/blog\/wp-json\/wp\/v2\/types\/post"}],"author":[{"embeddable":true,"href":"https:\/\/www.visit-ulcinj.com\/blog\/wp-json\/wp\/v2\/users\/1"}],"replies":[{"embeddable":true,"href":"https:\/\/www.visit-ulcinj.com\/blog\/wp-json\/wp\/v2\/comments?post=40331"}],"version-history":[{"count":0,"href":"https:\/\/www.visit-ulcinj.com\/blog\/wp-json\/wp\/v2\/posts\/40331\/revisions"}],"wp:attachment":[{"href":"https:\/\/www.visit-ulcinj.com\/blog\/wp-json\/wp\/v2\/media?parent=40331"}],"wp:term":[{"taxonomy":"category","embeddable":true,"href":"https:\/\/www.visit-ulcinj.com\/blog\/wp-json\/wp\/v2\/categories?post=40331"},{"taxonomy":"post_tag","embeddable":true,"href":"https:\/\/www.visit-ulcinj.com\/blog\/wp-json\/wp\/v2\/tags?post=40331"}],"curies":[{"name":"wp","href":"https:\/\/api.w.org\/{rel}","templated":true}]}}