{"id":40338,"date":"2010-11-30T20:06:47","date_gmt":"2010-11-30T19:06:47","guid":{"rendered":"http:\/\/www.visit-ulcinj.com\/blog\/?p=40338"},"modified":"2010-11-30T21:39:51","modified_gmt":"2010-11-30T20:39:51","slug":"kercenojne-permbytjet-ne-ulqin-malesi-dhe-zete","status":"publish","type":"post","link":"https:\/\/www.visit-ulcinj.com\/blog\/2010\/11\/30\/kercenojne-permbytjet-ne-ulqin-malesi-dhe-zete\/","title":{"rendered":"K\u00ebrcenojn\u00eb p\u00ebrmbytjet n\u00eb Ulqin, Mal\u00ebsi dhe Zet\u00eb &#8211; Video"},"content":{"rendered":"<p><a href=\"http:\/\/www.visit-ulcinj.com\/blog\/wp-content\/uploads\/2010\/11\/restoran-Misko_poplava-ada-bojana_ulcinj1.jpg\"><img loading=\"lazy\" class=\"alignleft size-full wp-image-40339\" title=\"restoran Misko_poplava ada bojana_ulcinj\" src=\"http:\/\/www.visit-ulcinj.com\/blog\/wp-content\/uploads\/2010\/11\/restoran-Misko_poplava-ada-bojana_ulcinj1.jpg\" alt=\"\" width=\"490\" height=\"380\" \/><\/a>Niveli i ujit t\u00eb lumit Buna mbr\u00ebm\u00eb dhe sot \u00ebsht\u00eb rritur 20 cm, \u00e7ka ka shkaktuar izolimin e plot\u00eb t\u00eb disa familjeve n\u00eb fshatrat e p\u00ebrmbytura n\u00eb An\u00eb t\u00eb malit.<\/p>\n<p>Edhe n\u00eb komun\u00ebn urbane t\u00eb Tuzit rritja e nivelit t\u00eb ujit rrezikon disa amvis\u00ebri, sidomos n\u00eb fshatrat p\u00ebr rreth liqenit t\u00eb Shkodr\u00ebs. Sipas njoftimeve nga kjo komun\u00eb urbane, \u00ebsht\u00eb formuar shtabi i kriz\u00ebs i cili do ta p\u00ebrcjell\u00eb situat\u00ebn dhe do t\u00eb kontrolloj\u00eb p\u00ebrmbytjet eventuale, t\u00eb cil\u00ebt apelojn\u00eb q\u00eb t\u00eb mos e p\u00ebrdorin ujin nga puset private. Situata \u00ebsht\u00eb mjaft kritike edhe n\u00eb fshatrat Sukruq, Kod\u00ebr Budan dhe Vrane.<\/p>\n<p>Mjaft situat\u00eb e v\u00ebshtir\u00eb \u00ebsht\u00eb paraqitur edhe n\u00eb brigjet e lumit Cem sepse p\u00ebrs\u00ebri p\u00ebr her\u00eb t\u00eb dyt\u00eb k\u00ebt\u00eb vit \u00ebsht\u00eb p\u00ebrmbytur rruga e cila lidh fshatrat Dinosh\u00eb dhe Milesh. Disa rrug\u00eb n\u00eb Zet\u00eb jan\u00eb t\u00eb pa kalueshme, kurse uji ka arritur n\u00eb pragun e disa sht\u00ebpive , theksoi kryetari i KU Gollubovci ,Dushan Radoniq. Ai theksoi se t\u00eb rrezikuara jan\u00eb fshatrat Kurillo , Berisllavci dhe Ponari. Niveli i Liqenit, si\u00e7 theksoi Radonjiq p\u00ebr shkak t\u00eb reshjeve t\u00eb dendura t\u00eb shiut \u00ebsht\u00eb ngritur rreth 15 cm.<\/p>\n<p><strong>TVCG<br \/>\n[flv width=&#8221;490&#8243; height=&#8221;380&#8243;]http:\/\/www.balkanweb.com\/videoAlbum\/Video\/7887.flv[\/flv]<\/strong><strong><br \/>\nShkod\u00ebr, p\u00ebrkeq\u00ebsohet situata, Berisha: T\u00eb nisin evakuimet<\/strong><br \/>\n<strong>SHKODER<\/strong>-Shirat dhe stuhia, shoq\u00ebruar me shkarkime atmosferike, jan\u00eb rikthyer s\u00ebrish n\u00eb gjith\u00eb vendin, por m\u00eb t\u00eb shumta ato jan\u00eb t\u00eb pranishme n\u00eb zon\u00ebn veriore t\u00eb vendit, konkretisht ne Shkoder. Nd\u00ebrsa uji i reshjeve t\u00eb nj\u00eb jave me par\u00eb nuk \u00ebsht\u00eb t\u00ebrhequr mir\u00eb nga fushat, p\u00ebrmbytjet\u00a0e reja perfshine s\u00ebrish zonat perreth e qytetit dhe disa komuna. Niveli i ujit ne disa fshatra sot pasdite shenoi 1 m.<\/p>\n<p><strong><span style=\"text-decoration: underline;\">ORA: 20:05- KESH: KUOTAT E KASKADES SE HEC-EVE MBI LUMIN DRIN<\/span><\/strong><br \/>\nShirat e dit\u00ebve t\u00eb fundit kan\u00eb rritur prurjet e ujit n\u00eb liqenet e kaskad\u00ebs s\u00eb hidrocentraleve mbi lumin Drin, b\u00ebjn\u00eb t\u00eb ditur burimet zyrtare t\u00eb KESH-it, drejtuesit dhe specialist\u00ebt e t\u00eb cilit vazhdojn\u00eb kontrollin e pand\u00ebrprer\u00eb t\u00eb t\u00eb gjith\u00eb parametrave teknik\u00eb n\u00eb ta.<\/p>\n<p>Sipas tyre, n\u00eb HEC-in e Fierz\u00ebs prurjet llogariten n\u00eb 1000 m3\/sek, nd\u00ebrsa niveli i liqenit ka arritur n\u00eb 228,5 metra. N\u00eb HEC-in e Komanit, prurjet llogariten n\u00eb 1000 m3\/sek, shkarkimet n\u00eb 900 m3\/sek, nd\u00ebrsa niveli i liqenit ka arritur n\u00eb 172,64 metra.<\/p>\n<p>N\u00eb HEC-in e Vaut t\u00eb Dej\u00ebs q\u00eb mbyll kaskad\u00ebn e lumit Drin, shkarkimet aktualisht jan\u00eb 1520 m3\/sek, prurjet llogariten n\u00eb 600 m3\/sek, nd\u00ebrsa niveli i liqenit ka arritur n\u00eb 73,71 metra, than\u00eb burimet.<\/p>\n<p><strong>BALKAN WEB<\/strong><\/p>\n","protected":false},"excerpt":{"rendered":"<p>Niveli i ujit t\u00eb lumit Buna mbr\u00ebm\u00eb dhe sot \u00ebsht\u00eb rritur 20 cm, \u00e7ka ka shkaktuar izolimin e plot\u00eb t\u00eb disa familjeve n\u00eb fshatrat e p\u00ebrmbytura n\u00eb An\u00eb t\u00eb malit. Edhe n\u00eb komun\u00ebn urbane t\u00eb Tuzit rritja e nivelit t\u00eb ujit rrezikon disa amvis\u00ebri, sidomos n\u00eb fshatrat p\u00ebr rreth liqenit t\u00eb Shkodr\u00ebs. Sipas njoftimeve nga [&hellip;]<\/p>\n","protected":false},"author":1,"featured_media":0,"comment_status":"open","ping_status":"closed","sticky":false,"template":"","format":"standard","meta":{"spay_email":"","jetpack_publicize_message":"","jetpack_is_tweetstorm":false,"jetpack_publicize_feature_enabled":true},"categories":[1,12],"tags":[509,16430],"jetpack_publicize_connections":[],"yoast_head":"<!-- This site is optimized with the Yoast SEO plugin v19.1 - https:\/\/yoast.com\/wordpress\/plugins\/seo\/ -->\n<title>K\u00ebrcenojn\u00eb p\u00ebrmbytjet n\u00eb Ulqin, Mal\u00ebsi dhe Zet\u00eb - Video - Lajme nga Ulqini<\/title>\n<meta name=\"description\" content=\"Niveli i ujit t\u00eb lumit Buna mbr\u00ebm\u00eb dhe sot \u00ebsht\u00eb rritur 20 cm, \u00e7ka ka shkaktuar izolimin e plot\u00eb t\u00eb disa familjeve n\u00eb fshatrat e p\u00ebrmbytura n\u00eb An\u00eb t\u00eb\" \/>\n<meta name=\"robots\" content=\"index, follow, max-snippet:-1, max-image-preview:large, max-video-preview:-1\" \/>\n<link rel=\"canonical\" href=\"https:\/\/www.visit-ulcinj.com\/blog\/2010\/11\/30\/kercenojne-permbytjet-ne-ulqin-malesi-dhe-zete\/\" \/>\n<meta property=\"og:locale\" content=\"en_US\" \/>\n<meta property=\"og:type\" content=\"article\" \/>\n<meta property=\"og:title\" content=\"K\u00ebrcenojn\u00eb p\u00ebrmbytjet n\u00eb Ulqin, Mal\u00ebsi dhe Zet\u00eb - Video - Lajme nga Ulqini\" \/>\n<meta property=\"og:description\" content=\"Niveli i ujit t\u00eb lumit Buna mbr\u00ebm\u00eb dhe sot \u00ebsht\u00eb rritur 20 cm, \u00e7ka ka shkaktuar izolimin e plot\u00eb t\u00eb disa familjeve n\u00eb fshatrat e p\u00ebrmbytura n\u00eb An\u00eb t\u00eb\" \/>\n<meta property=\"og:url\" content=\"https:\/\/www.visit-ulcinj.com\/blog\/2010\/11\/30\/kercenojne-permbytjet-ne-ulqin-malesi-dhe-zete\/\" \/>\n<meta property=\"og:site_name\" content=\"Lajme nga Ulqini\" \/>\n<meta property=\"article:published_time\" content=\"2010-11-30T19:06:47+00:00\" \/>\n<meta property=\"article:modified_time\" content=\"2010-11-30T20:39:51+00:00\" \/>\n<meta property=\"og:image\" content=\"http:\/\/www.visit-ulcinj.com\/blog\/wp-content\/uploads\/2010\/11\/restoran-Misko_poplava-ada-bojana_ulcinj1.jpg\" \/>\n<meta name=\"twitter:label1\" content=\"Written by\" \/>\n\t<meta name=\"twitter:data1\" content=\"ulqini\" \/>\n\t<meta name=\"twitter:label2\" content=\"Est. reading time\" \/>\n\t<meta name=\"twitter:data2\" content=\"2 minutes\" \/>\n<script type=\"application\/ld+json\" class=\"yoast-schema-graph\">{\"@context\":\"https:\/\/schema.org\",\"@graph\":[{\"@type\":\"WebSite\",\"@id\":\"https:\/\/www.visit-ulcinj.com\/blog\/#website\",\"url\":\"https:\/\/www.visit-ulcinj.com\/blog\/\",\"name\":\"Lajme nga Ulqini\",\"description\":\"Lajme,Vijesti,Ulqini,Ulqin,Crna Gora,Mali i Zi\",\"potentialAction\":[{\"@type\":\"SearchAction\",\"target\":{\"@type\":\"EntryPoint\",\"urlTemplate\":\"https:\/\/www.visit-ulcinj.com\/blog\/?s={search_term_string}\"},\"query-input\":\"required name=search_term_string\"}],\"inLanguage\":\"en-US\"},{\"@type\":\"ImageObject\",\"inLanguage\":\"en-US\",\"@id\":\"https:\/\/www.visit-ulcinj.com\/blog\/2010\/11\/30\/kercenojne-permbytjet-ne-ulqin-malesi-dhe-zete\/#primaryimage\",\"url\":\"https:\/\/www.visit-ulcinj.com\/blog\/wp-content\/uploads\/2010\/11\/restoran-Misko_poplava-ada-bojana_ulcinj1.jpg\",\"contentUrl\":\"https:\/\/www.visit-ulcinj.com\/blog\/wp-content\/uploads\/2010\/11\/restoran-Misko_poplava-ada-bojana_ulcinj1.jpg\",\"width\":\"800\",\"height\":\"600\"},{\"@type\":\"WebPage\",\"@id\":\"https:\/\/www.visit-ulcinj.com\/blog\/2010\/11\/30\/kercenojne-permbytjet-ne-ulqin-malesi-dhe-zete\/#webpage\",\"url\":\"https:\/\/www.visit-ulcinj.com\/blog\/2010\/11\/30\/kercenojne-permbytjet-ne-ulqin-malesi-dhe-zete\/\",\"name\":\"K\u00ebrcenojn\u00eb p\u00ebrmbytjet n\u00eb Ulqin, Mal\u00ebsi dhe Zet\u00eb - Video - Lajme nga Ulqini\",\"isPartOf\":{\"@id\":\"https:\/\/www.visit-ulcinj.com\/blog\/#website\"},\"primaryImageOfPage\":{\"@id\":\"https:\/\/www.visit-ulcinj.com\/blog\/2010\/11\/30\/kercenojne-permbytjet-ne-ulqin-malesi-dhe-zete\/#primaryimage\"},\"datePublished\":\"2010-11-30T19:06:47+00:00\",\"dateModified\":\"2010-11-30T20:39:51+00:00\",\"author\":{\"@id\":\"https:\/\/www.visit-ulcinj.com\/blog\/#\/schema\/person\/dcab619c614d3038751c63bc2aadc06d\"},\"description\":\"Niveli i ujit t\u00eb lumit Buna mbr\u00ebm\u00eb dhe sot \u00ebsht\u00eb rritur 20 cm, \u00e7ka ka shkaktuar izolimin e plot\u00eb t\u00eb disa familjeve n\u00eb fshatrat e p\u00ebrmbytura n\u00eb An\u00eb t\u00eb\",\"breadcrumb\":{\"@id\":\"https:\/\/www.visit-ulcinj.com\/blog\/2010\/11\/30\/kercenojne-permbytjet-ne-ulqin-malesi-dhe-zete\/#breadcrumb\"},\"inLanguage\":\"en-US\",\"potentialAction\":[{\"@type\":\"ReadAction\",\"target\":[\"https:\/\/www.visit-ulcinj.com\/blog\/2010\/11\/30\/kercenojne-permbytjet-ne-ulqin-malesi-dhe-zete\/\"]}]},{\"@type\":\"BreadcrumbList\",\"@id\":\"https:\/\/www.visit-ulcinj.com\/blog\/2010\/11\/30\/kercenojne-permbytjet-ne-ulqin-malesi-dhe-zete\/#breadcrumb\",\"itemListElement\":[{\"@type\":\"ListItem\",\"position\":1,\"name\":\"K\u00ebrcenojn\u00eb p\u00ebrmbytjet n\u00eb Ulqin, Mal\u00ebsi dhe Zet\u00eb &#8211; Video\"}]},{\"@type\":\"Person\",\"@id\":\"https:\/\/www.visit-ulcinj.com\/blog\/#\/schema\/person\/dcab619c614d3038751c63bc2aadc06d\",\"name\":\"ulqini\",\"sameAs\":[\"http:\/\/www.visit-ulcinj.com\"],\"url\":\"https:\/\/www.visit-ulcinj.com\/blog\/author\/admin\/\"}]}<\/script>\n<!-- \/ Yoast SEO plugin. -->","yoast_head_json":{"title":"K\u00ebrcenojn\u00eb p\u00ebrmbytjet n\u00eb Ulqin, Mal\u00ebsi dhe Zet\u00eb - Video - Lajme nga Ulqini","description":"Niveli i ujit t\u00eb lumit Buna mbr\u00ebm\u00eb dhe sot \u00ebsht\u00eb rritur 20 cm, \u00e7ka ka shkaktuar izolimin e plot\u00eb t\u00eb disa familjeve n\u00eb fshatrat e p\u00ebrmbytura n\u00eb An\u00eb t\u00eb","robots":{"index":"index","follow":"follow","max-snippet":"max-snippet:-1","max-image-preview":"max-image-preview:large","max-video-preview":"max-video-preview:-1"},"canonical":"https:\/\/www.visit-ulcinj.com\/blog\/2010\/11\/30\/kercenojne-permbytjet-ne-ulqin-malesi-dhe-zete\/","og_locale":"en_US","og_type":"article","og_title":"K\u00ebrcenojn\u00eb p\u00ebrmbytjet n\u00eb Ulqin, Mal\u00ebsi dhe Zet\u00eb - Video - Lajme nga Ulqini","og_description":"Niveli i ujit t\u00eb lumit Buna mbr\u00ebm\u00eb dhe sot \u00ebsht\u00eb rritur 20 cm, \u00e7ka ka shkaktuar izolimin e plot\u00eb t\u00eb disa familjeve n\u00eb fshatrat e p\u00ebrmbytura n\u00eb An\u00eb t\u00eb","og_url":"https:\/\/www.visit-ulcinj.com\/blog\/2010\/11\/30\/kercenojne-permbytjet-ne-ulqin-malesi-dhe-zete\/","og_site_name":"Lajme nga Ulqini","article_published_time":"2010-11-30T19:06:47+00:00","article_modified_time":"2010-11-30T20:39:51+00:00","og_image":[{"url":"http:\/\/www.visit-ulcinj.com\/blog\/wp-content\/uploads\/2010\/11\/restoran-Misko_poplava-ada-bojana_ulcinj1.jpg"}],"twitter_misc":{"Written by":"ulqini","Est. reading time":"2 minutes"},"schema":{"@context":"https:\/\/schema.org","@graph":[{"@type":"WebSite","@id":"https:\/\/www.visit-ulcinj.com\/blog\/#website","url":"https:\/\/www.visit-ulcinj.com\/blog\/","name":"Lajme nga Ulqini","description":"Lajme,Vijesti,Ulqini,Ulqin,Crna Gora,Mali i Zi","potentialAction":[{"@type":"SearchAction","target":{"@type":"EntryPoint","urlTemplate":"https:\/\/www.visit-ulcinj.com\/blog\/?s={search_term_string}"},"query-input":"required name=search_term_string"}],"inLanguage":"en-US"},{"@type":"ImageObject","inLanguage":"en-US","@id":"https:\/\/www.visit-ulcinj.com\/blog\/2010\/11\/30\/kercenojne-permbytjet-ne-ulqin-malesi-dhe-zete\/#primaryimage","url":"https:\/\/www.visit-ulcinj.com\/blog\/wp-content\/uploads\/2010\/11\/restoran-Misko_poplava-ada-bojana_ulcinj1.jpg","contentUrl":"https:\/\/www.visit-ulcinj.com\/blog\/wp-content\/uploads\/2010\/11\/restoran-Misko_poplava-ada-bojana_ulcinj1.jpg","width":"800","height":"600"},{"@type":"WebPage","@id":"https:\/\/www.visit-ulcinj.com\/blog\/2010\/11\/30\/kercenojne-permbytjet-ne-ulqin-malesi-dhe-zete\/#webpage","url":"https:\/\/www.visit-ulcinj.com\/blog\/2010\/11\/30\/kercenojne-permbytjet-ne-ulqin-malesi-dhe-zete\/","name":"K\u00ebrcenojn\u00eb p\u00ebrmbytjet n\u00eb Ulqin, Mal\u00ebsi dhe Zet\u00eb - Video - Lajme nga Ulqini","isPartOf":{"@id":"https:\/\/www.visit-ulcinj.com\/blog\/#website"},"primaryImageOfPage":{"@id":"https:\/\/www.visit-ulcinj.com\/blog\/2010\/11\/30\/kercenojne-permbytjet-ne-ulqin-malesi-dhe-zete\/#primaryimage"},"datePublished":"2010-11-30T19:06:47+00:00","dateModified":"2010-11-30T20:39:51+00:00","author":{"@id":"https:\/\/www.visit-ulcinj.com\/blog\/#\/schema\/person\/dcab619c614d3038751c63bc2aadc06d"},"description":"Niveli i ujit t\u00eb lumit Buna mbr\u00ebm\u00eb dhe sot \u00ebsht\u00eb rritur 20 cm, \u00e7ka ka shkaktuar izolimin e plot\u00eb t\u00eb disa familjeve n\u00eb fshatrat e p\u00ebrmbytura n\u00eb An\u00eb t\u00eb","breadcrumb":{"@id":"https:\/\/www.visit-ulcinj.com\/blog\/2010\/11\/30\/kercenojne-permbytjet-ne-ulqin-malesi-dhe-zete\/#breadcrumb"},"inLanguage":"en-US","potentialAction":[{"@type":"ReadAction","target":["https:\/\/www.visit-ulcinj.com\/blog\/2010\/11\/30\/kercenojne-permbytjet-ne-ulqin-malesi-dhe-zete\/"]}]},{"@type":"BreadcrumbList","@id":"https:\/\/www.visit-ulcinj.com\/blog\/2010\/11\/30\/kercenojne-permbytjet-ne-ulqin-malesi-dhe-zete\/#breadcrumb","itemListElement":[{"@type":"ListItem","position":1,"name":"K\u00ebrcenojn\u00eb p\u00ebrmbytjet n\u00eb Ulqin, Mal\u00ebsi dhe Zet\u00eb &#8211; Video"}]},{"@type":"Person","@id":"https:\/\/www.visit-ulcinj.com\/blog\/#\/schema\/person\/dcab619c614d3038751c63bc2aadc06d","name":"ulqini","sameAs":["http:\/\/www.visit-ulcinj.com"],"url":"https:\/\/www.visit-ulcinj.com\/blog\/author\/admin\/"}]}},"jetpack_featured_media_url":"","jetpack_sharing_enabled":true,"jetpack_shortlink":"https:\/\/wp.me\/pe6lTn-auC","_links":{"self":[{"href":"https:\/\/www.visit-ulcinj.com\/blog\/wp-json\/wp\/v2\/posts\/40338"}],"collection":[{"href":"https:\/\/www.visit-ulcinj.com\/blog\/wp-json\/wp\/v2\/posts"}],"about":[{"href":"https:\/\/www.visit-ulcinj.com\/blog\/wp-json\/wp\/v2\/types\/post"}],"author":[{"embeddable":true,"href":"https:\/\/www.visit-ulcinj.com\/blog\/wp-json\/wp\/v2\/users\/1"}],"replies":[{"embeddable":true,"href":"https:\/\/www.visit-ulcinj.com\/blog\/wp-json\/wp\/v2\/comments?post=40338"}],"version-history":[{"count":0,"href":"https:\/\/www.visit-ulcinj.com\/blog\/wp-json\/wp\/v2\/posts\/40338\/revisions"}],"wp:attachment":[{"href":"https:\/\/www.visit-ulcinj.com\/blog\/wp-json\/wp\/v2\/media?parent=40338"}],"wp:term":[{"taxonomy":"category","embeddable":true,"href":"https:\/\/www.visit-ulcinj.com\/blog\/wp-json\/wp\/v2\/categories?post=40338"},{"taxonomy":"post_tag","embeddable":true,"href":"https:\/\/www.visit-ulcinj.com\/blog\/wp-json\/wp\/v2\/tags?post=40338"}],"curies":[{"name":"wp","href":"https:\/\/api.w.org\/{rel}","templated":true}]}}