{"id":40345,"date":"2010-11-30T21:36:55","date_gmt":"2010-11-30T20:36:55","guid":{"rendered":"http:\/\/www.visit-ulcinj.com\/blog\/?p=40345"},"modified":"2010-12-06T14:02:15","modified_gmt":"2010-12-06T13:02:15","slug":"festa-e-flamurit-u-festua-edhe-ne-ulqin","status":"publish","type":"post","link":"https:\/\/www.visit-ulcinj.com\/blog\/2010\/11\/30\/festa-e-flamurit-u-festua-edhe-ne-ulqin\/","title":{"rendered":"Festa e Flamurit u festua edhe n\u00eb Ulqin"},"content":{"rendered":"<p><a href=\"http:\/\/www.visit-ulcinj.com\/blog\/wp-content\/uploads\/2010\/11\/Festa-e-Flamurit-ne-Ulqin.jpg\"><img loading=\"lazy\" class=\"alignleft size-full wp-image-40346\" title=\"Festa e Flamurit ne Ulqin\" src=\"http:\/\/www.visit-ulcinj.com\/blog\/wp-content\/uploads\/2010\/11\/Festa-e-Flamurit-ne-Ulqin.jpg\" alt=\"\" width=\"490\" height=\"379\" \/><\/a>K\u00ebshilli Nacional i Shqiptar\u00ebve n\u00eb Malin e Zi organizoj\u00a0 manifestim me rastin e sh\u00ebnimit t\u00eb 28 N\u00ebntorit \u2013 \u00a0Dit\u00ebs s\u00eb Flamurit, t\u00eb dielen, me 28 N\u00ebntor 2010, n\u00eb Qendr\u00ebn p\u00ebr Kultur\u00eb \u2013 Ulqin.<br \/>\nFestat komb\u00ebtare jan\u00eb moment kur kujtohen dhe sh\u00ebnohen ngjarje e personalitete. Populli yn\u00eb me historin\u00eb e bujshme dhe t\u00eb lavdishme ka shum\u00eb momente q\u00eb duhet ve\u00e7uar nga t\u00eb tjer\u00ebt, q\u00eb duhet p\u00ebrkujtuar ndryshe, n\u00eb m\u00ebnyr\u00eb t\u00eb ve\u00e7ant\u00eb. Por, m\u00eb i ve\u00e7anti, m\u00eb i shenjti dhe m\u00eb i sh\u00ebnuari \u00ebsht\u00eb festa e festive, \u00ebsht\u00eb 28 n\u00ebntori yn\u00eb, Dita e flamurit ton\u00eb komb\u00ebtar, dita e shpalljes s\u00eb pavar\u00ebsis\u00eb s\u00eb Shqip\u00ebris\u00eb dhe dit\u00eblindja e komandantit legjendar, Adem Jashari. Historia disi \u00ebsht\u00eb kujdesur q\u00eb n\u00eb k\u00ebt\u00eb dit\u00eb t\u00eb madhe t&#8217;ua p\u00ebrq\u00ebndroj\u00eb shqiptar\u00ebve t\u00eb gjitha ndjenjat bashk\u00eb, krenarin\u00eb, mburrjen, dinjitetin, burr\u00ebrin\u00eb dhe g\u00ebzimin. I p\u00ebrjetsh\u00ebm qoft\u00eb 28 n\u00ebntori yn\u00eb i madh.<\/p>\n<p><strong>Lajme nga Ulqini<\/strong><\/p>\n<h3><strong>N\u00eb Ulqin t\u00eb diel\u00ebn u sh\u00ebnua 28 N\u00ebntori<\/strong><\/h3>\n<p><strong>Dita e Flamurit <\/strong><strong>Fest\u00eb e identitetit ton\u00eb<\/strong><br \/>\n<strong>\u201cDita e Flamurit \u2013 28 N\u00ebntori \u00ebsht\u00eb festa e identitetit ton\u00eb e cila na i\u00a0prek zemrat dhe na i b\u00ebn nj\u00eb, duke na b\u00ebr\u00eb krenar\u00eb dhe duke na krijuar\u00a0emocione t\u00eb ve\u00e7anta e t\u00eb rralla te t\u00eb gjith\u00eb shqiptar\u00ebt kudo q\u00eb jan\u00eb\u201d, tha\u00a0n\u00eb fjal\u00ebn e rastit Tahir Tahiri, kryetar i KNSH-s\u00eb. <\/strong><\/p>\n<p>Keshilli Nacional i Shqiptareve ne Mal te Zi\u00a0organizoi te dielen ne sallen e Qendres se\u00a0Kultures ne Ulqin kremtimin e 28 Nentorit\u00a0\u2013 Dites se Flamurit.\u00a0Kryetari i KNSH-se, Tahir Tahiri, ne fjalen\u00a0e rastit tha se Dita e Flamurit \u2013 28 Nentori\u00a0eshte festa e identitetit tone e cila na i\u00a0prek zemrat dhe na i ben nje, duke na bere\u00a0krenare dhe duke na krijuar emocione te\u00a0vecanta e te rralla te te gjithe shqiptaret\u00a0kudo qe jane.\u00a0\u201cPrandaj ne sot, ashtu si gjithmone,\u00a0perkulemi para te gjithe patrioteve e atdhetareve\u00a0qe sakrifikuan per kete dite\u00a0te madhe, me pushke e me pene, si dhe\u00a0nderojme shpirtin e lirise qe ka drejtuar\u00a0mendjet dhe zemrat shqiptare ne shekuj,\u00a0per liri dhe per kete flamur\u201d, tha me tej ai.\u00a0Tahiri theksoi se \u201cjemi bashkuar ketu\u00a0sonte per te nderuar flamurin kombetar,\u00a0kete simbol i cili ka qene dhe do te mbetet\u00a0simbol i unitetit, krenarise, qendreses dhe\u00a0vendosmerise se popullit shqiptar\u201d.\u00a0Ai beri thirrje qe kjo feste e cila i ka bashkuar\u00a0shqiptaret ne Mal te Zi t\u2019u sherbeje\u00a0atyre qe te bashkohen edhe per realizimin\u00a0e te drejtave te tyre ne Mal te Zi.\u00a0\u201cSepse vetem te bashkuar e jo te percare,\u00a0per hire te interesave te ndryshme, mund\u00a0te realizojme te drejtat tona legjitime\u00a0kombetare si popull pakice ne trojet e veta\u00a0stergjyshore ketu ne Mal te Zi\u201d, u shpreh ai.\u00a0Me pas, per pjesemarresit qe kishin\u00a0mbushur sallen e Qendres se Kultures u\u00a0shfaq nje program me valle, kenge, recitime,\u00a0ku moren pjese Shkolla e Vallezimit\u00a0\u201cPorta di Danca\u201d, Ansambli \u201cZana\u201d, Grupi\u00a0muzikor \u201cBurimi\u201d, kengetaret Shaban Gjeka,\u00a0Rosela Gjylbegu, Violeta Lulgjuraj, Leke\u00a0Dedvukaj dhe mezzosopranoja Gjylije\u00a0Pelinku nen percjelljen e pianistes Fatime\u00a0Buzuku. Nje emocion te vecante te publiku\u00a0zgjuan sidomos aktoret e Teatrit \u201cMigjeni\u201d,\u00a0Bruno Shllaku dhe Paskualina Shllaku, me\u00a0montazhin poetik te realizuar nga pjeset e\u00a0Fishtes, Nolit dhe Mjedes.\u00a0Me kete rast ne galerine \u201cArt\u201d te Qendres\u00a0se Kultures u hap ekspozita personale e\u00a0piktorit nga Ulqini, Edin Kapllani.\u00a0Dita e Flamurit u shenua edhe ne disa treva\u00a0te tjera ku jetojne shqiptaret ne Mal te\u00a0Zi.<\/p>\n<p><strong>i.k.<\/strong><strong><br \/>\nKoha Javore<\/strong><\/p>\n\n\t\t<style type=\"text\/css\">\n\t\t\t#gallery-1 {\n\t\t\t\tmargin: auto;\n\t\t\t}\n\t\t\t#gallery-1 .gallery-item {\n\t\t\t\tfloat: left;\n\t\t\t\tmargin-top: 10px;\n\t\t\t\ttext-align: center;\n\t\t\t\twidth: 33%;\n\t\t\t}\n\t\t\t#gallery-1 img {\n\t\t\t\tborder: 2px solid #cfcfcf;\n\t\t\t}\n\t\t\t#gallery-1 .gallery-caption {\n\t\t\t\tmargin-left: 0;\n\t\t\t}\n\t\t\t\/* see gallery_shortcode() in wp-includes\/media.php *\/\n\t\t<\/style>\n\t\t<div id='gallery-1' class='gallery galleryid-40345 gallery-columns-3 gallery-size-thumbnail'><dl class='gallery-item'>\n\t\t\t<dt class='gallery-icon landscape'>\n\t\t\t\t<a href='https:\/\/www.visit-ulcinj.com\/blog\/wp-content\/uploads\/2010\/11\/Festa-e-Flamurit-ne-Ulqin.jpg'><img width=\"150\" height=\"150\" src=\"https:\/\/www.visit-ulcinj.com\/blog\/wp-content\/uploads\/2010\/11\/Festa-e-Flamurit-ne-Ulqin-150x150.jpg\" class=\"attachment-thumbnail size-thumbnail\" alt=\"\" loading=\"lazy\" \/><\/a>\n\t\t\t<\/dt><\/dl><dl class='gallery-item'>\n\t\t\t<dt class='gallery-icon landscape'>\n\t\t\t\t<a href='https:\/\/www.visit-ulcinj.com\/blog\/wp-content\/uploads\/2010\/11\/Festa-e-Flamurit-ne-Ulqin.1.jpg'><img width=\"150\" height=\"150\" src=\"https:\/\/www.visit-ulcinj.com\/blog\/wp-content\/uploads\/2010\/11\/Festa-e-Flamurit-ne-Ulqin.1-150x150.jpg\" class=\"attachment-thumbnail size-thumbnail\" alt=\"\" loading=\"lazy\" \/><\/a>\n\t\t\t<\/dt><\/dl><dl class='gallery-item'>\n\t\t\t<dt class='gallery-icon landscape'>\n\t\t\t\t<a href='https:\/\/www.visit-ulcinj.com\/blog\/wp-content\/uploads\/2010\/11\/Festa-e-Flamurit-ne-Ulqin.2.jpg'><img width=\"150\" height=\"150\" src=\"https:\/\/www.visit-ulcinj.com\/blog\/wp-content\/uploads\/2010\/11\/Festa-e-Flamurit-ne-Ulqin.2-150x150.jpg\" class=\"attachment-thumbnail size-thumbnail\" alt=\"\" loading=\"lazy\" \/><\/a>\n\t\t\t<\/dt><\/dl><br style=\"clear: both\" \/><dl class='gallery-item'>\n\t\t\t<dt class='gallery-icon landscape'>\n\t\t\t\t<a href='https:\/\/www.visit-ulcinj.com\/blog\/wp-content\/uploads\/2010\/11\/Festa-e-Flamurit-ne-Ulqin.3.jpg'><img width=\"150\" height=\"150\" src=\"https:\/\/www.visit-ulcinj.com\/blog\/wp-content\/uploads\/2010\/11\/Festa-e-Flamurit-ne-Ulqin.3-150x150.jpg\" class=\"attachment-thumbnail size-thumbnail\" alt=\"\" loading=\"lazy\" \/><\/a>\n\t\t\t<\/dt><\/dl><dl class='gallery-item'>\n\t\t\t<dt class='gallery-icon landscape'>\n\t\t\t\t<a href='https:\/\/www.visit-ulcinj.com\/blog\/wp-content\/uploads\/2010\/11\/Festa-e-Flamurit-ne-Ulqin.4.jpg'><img width=\"150\" height=\"150\" src=\"https:\/\/www.visit-ulcinj.com\/blog\/wp-content\/uploads\/2010\/11\/Festa-e-Flamurit-ne-Ulqin.4-150x150.jpg\" class=\"attachment-thumbnail size-thumbnail\" alt=\"\" loading=\"lazy\" \/><\/a>\n\t\t\t<\/dt><\/dl><dl class='gallery-item'>\n\t\t\t<dt class='gallery-icon landscape'>\n\t\t\t\t<a href='https:\/\/www.visit-ulcinj.com\/blog\/wp-content\/uploads\/2010\/11\/Festa-e-Flamurit-ne-Ulqin.5.jpg'><img width=\"150\" height=\"150\" src=\"https:\/\/www.visit-ulcinj.com\/blog\/wp-content\/uploads\/2010\/11\/Festa-e-Flamurit-ne-Ulqin.5-150x150.jpg\" class=\"attachment-thumbnail size-thumbnail\" alt=\"\" loading=\"lazy\" \/><\/a>\n\t\t\t<\/dt><\/dl><br style=\"clear: both\" \/><dl class='gallery-item'>\n\t\t\t<dt class='gallery-icon landscape'>\n\t\t\t\t<a href='https:\/\/www.visit-ulcinj.com\/blog\/wp-content\/uploads\/2010\/11\/Festa-e-Flamurit-ne-Ulqin.6.jpg'><img width=\"150\" height=\"150\" src=\"https:\/\/www.visit-ulcinj.com\/blog\/wp-content\/uploads\/2010\/11\/Festa-e-Flamurit-ne-Ulqin.6-150x150.jpg\" class=\"attachment-thumbnail size-thumbnail\" alt=\"\" loading=\"lazy\" \/><\/a>\n\t\t\t<\/dt><\/dl><dl class='gallery-item'>\n\t\t\t<dt class='gallery-icon landscape'>\n\t\t\t\t<a href='https:\/\/www.visit-ulcinj.com\/blog\/wp-content\/uploads\/2010\/11\/Festa-e-Flamurit-ne-Ulqin.7.jpg'><img width=\"150\" height=\"150\" src=\"https:\/\/www.visit-ulcinj.com\/blog\/wp-content\/uploads\/2010\/11\/Festa-e-Flamurit-ne-Ulqin.7-150x150.jpg\" class=\"attachment-thumbnail size-thumbnail\" alt=\"\" loading=\"lazy\" \/><\/a>\n\t\t\t<\/dt><\/dl><dl class='gallery-item'>\n\t\t\t<dt class='gallery-icon landscape'>\n\t\t\t\t<a href='https:\/\/www.visit-ulcinj.com\/blog\/wp-content\/uploads\/2010\/11\/Festa-e-Flamurit-ne-Ulqin.8.jpg'><img width=\"150\" height=\"150\" src=\"https:\/\/www.visit-ulcinj.com\/blog\/wp-content\/uploads\/2010\/11\/Festa-e-Flamurit-ne-Ulqin.8-150x150.jpg\" class=\"attachment-thumbnail size-thumbnail\" alt=\"\" loading=\"lazy\" \/><\/a>\n\t\t\t<\/dt><\/dl><br style=\"clear: both\" \/><dl class='gallery-item'>\n\t\t\t<dt class='gallery-icon landscape'>\n\t\t\t\t<a href='https:\/\/www.visit-ulcinj.com\/blog\/wp-content\/uploads\/2010\/11\/Festa-e-Flamurit-ne-Ulqin.9.jpg'><img width=\"150\" height=\"150\" src=\"https:\/\/www.visit-ulcinj.com\/blog\/wp-content\/uploads\/2010\/11\/Festa-e-Flamurit-ne-Ulqin.9-150x150.jpg\" class=\"attachment-thumbnail size-thumbnail\" alt=\"\" loading=\"lazy\" \/><\/a>\n\t\t\t<\/dt><\/dl><dl class='gallery-item'>\n\t\t\t<dt class='gallery-icon landscape'>\n\t\t\t\t<a href='https:\/\/www.visit-ulcinj.com\/blog\/wp-content\/uploads\/2010\/11\/Festa-e-Flamurit-ne-Ulqin.10.jpg'><img width=\"150\" height=\"150\" src=\"https:\/\/www.visit-ulcinj.com\/blog\/wp-content\/uploads\/2010\/11\/Festa-e-Flamurit-ne-Ulqin.10-150x150.jpg\" class=\"attachment-thumbnail size-thumbnail\" alt=\"\" loading=\"lazy\" \/><\/a>\n\t\t\t<\/dt><\/dl><dl class='gallery-item'>\n\t\t\t<dt class='gallery-icon landscape'>\n\t\t\t\t<a href='https:\/\/www.visit-ulcinj.com\/blog\/wp-content\/uploads\/2010\/11\/Festa-e-Flamurit-ne-Ulqin.11.jpg'><img width=\"150\" height=\"150\" src=\"https:\/\/www.visit-ulcinj.com\/blog\/wp-content\/uploads\/2010\/11\/Festa-e-Flamurit-ne-Ulqin.11-150x150.jpg\" class=\"attachment-thumbnail size-thumbnail\" alt=\"\" loading=\"lazy\" \/><\/a>\n\t\t\t<\/dt><\/dl><br style=\"clear: both\" \/><dl class='gallery-item'>\n\t\t\t<dt class='gallery-icon landscape'>\n\t\t\t\t<a href='https:\/\/www.visit-ulcinj.com\/blog\/wp-content\/uploads\/2010\/11\/Festa-e-Flamurit-ne-Ulqin.12.jpg'><img width=\"150\" height=\"150\" src=\"https:\/\/www.visit-ulcinj.com\/blog\/wp-content\/uploads\/2010\/11\/Festa-e-Flamurit-ne-Ulqin.12-150x150.jpg\" class=\"attachment-thumbnail size-thumbnail\" alt=\"\" loading=\"lazy\" \/><\/a>\n\t\t\t<\/dt><\/dl><dl class='gallery-item'>\n\t\t\t<dt class='gallery-icon portrait'>\n\t\t\t\t<a href='https:\/\/www.visit-ulcinj.com\/blog\/wp-content\/uploads\/2010\/11\/Festa-e-Flamurit-ne-Ulqin.13.jpg'><img width=\"150\" height=\"150\" src=\"https:\/\/www.visit-ulcinj.com\/blog\/wp-content\/uploads\/2010\/11\/Festa-e-Flamurit-ne-Ulqin.13-150x150.jpg\" class=\"attachment-thumbnail size-thumbnail\" alt=\"\" loading=\"lazy\" \/><\/a>\n\t\t\t<\/dt><\/dl><dl class='gallery-item'>\n\t\t\t<dt class='gallery-icon landscape'>\n\t\t\t\t<a href='https:\/\/www.visit-ulcinj.com\/blog\/wp-content\/uploads\/2010\/11\/Festa-e-Flamurit-ne-Ulqin.14.jpg'><img width=\"150\" height=\"150\" src=\"https:\/\/www.visit-ulcinj.com\/blog\/wp-content\/uploads\/2010\/11\/Festa-e-Flamurit-ne-Ulqin.14-150x150.jpg\" class=\"attachment-thumbnail size-thumbnail\" alt=\"\" loading=\"lazy\" \/><\/a>\n\t\t\t<\/dt><\/dl><br style=\"clear: both\" \/><dl class='gallery-item'>\n\t\t\t<dt class='gallery-icon landscape'>\n\t\t\t\t<a href='https:\/\/www.visit-ulcinj.com\/blog\/wp-content\/uploads\/2010\/11\/Festa-e-Flamurit-ne-Ulqin.15.jpg'><img width=\"150\" height=\"150\" src=\"https:\/\/www.visit-ulcinj.com\/blog\/wp-content\/uploads\/2010\/11\/Festa-e-Flamurit-ne-Ulqin.15-150x150.jpg\" class=\"attachment-thumbnail size-thumbnail\" alt=\"\" loading=\"lazy\" \/><\/a>\n\t\t\t<\/dt><\/dl><dl class='gallery-item'>\n\t\t\t<dt class='gallery-icon landscape'>\n\t\t\t\t<a href='https:\/\/www.visit-ulcinj.com\/blog\/wp-content\/uploads\/2010\/11\/Festa-e-Flamurit-ne-Ulqin.16.jpg'><img width=\"150\" height=\"150\" src=\"https:\/\/www.visit-ulcinj.com\/blog\/wp-content\/uploads\/2010\/11\/Festa-e-Flamurit-ne-Ulqin.16-150x150.jpg\" class=\"attachment-thumbnail size-thumbnail\" alt=\"\" loading=\"lazy\" \/><\/a>\n\t\t\t<\/dt><\/dl><dl class='gallery-item'>\n\t\t\t<dt class='gallery-icon landscape'>\n\t\t\t\t<a href='https:\/\/www.visit-ulcinj.com\/blog\/wp-content\/uploads\/2010\/11\/Festa-e-Flamurit-ne-Ulqin.17.jpg'><img width=\"150\" height=\"150\" src=\"https:\/\/www.visit-ulcinj.com\/blog\/wp-content\/uploads\/2010\/11\/Festa-e-Flamurit-ne-Ulqin.17-150x150.jpg\" class=\"attachment-thumbnail size-thumbnail\" alt=\"\" loading=\"lazy\" \/><\/a>\n\t\t\t<\/dt><\/dl><br style=\"clear: both\" \/><dl class='gallery-item'>\n\t\t\t<dt class='gallery-icon landscape'>\n\t\t\t\t<a href='https:\/\/www.visit-ulcinj.com\/blog\/wp-content\/uploads\/2010\/11\/Festa-e-Flamurit-ne-Ulqin.18.jpg'><img width=\"150\" height=\"150\" src=\"https:\/\/www.visit-ulcinj.com\/blog\/wp-content\/uploads\/2010\/11\/Festa-e-Flamurit-ne-Ulqin.18-150x150.jpg\" class=\"attachment-thumbnail size-thumbnail\" alt=\"\" loading=\"lazy\" \/><\/a>\n\t\t\t<\/dt><\/dl><dl class='gallery-item'>\n\t\t\t<dt class='gallery-icon landscape'>\n\t\t\t\t<a href='https:\/\/www.visit-ulcinj.com\/blog\/wp-content\/uploads\/2010\/11\/Festa-e-Flamurit-ne-Ulqin.19.jpg'><img width=\"150\" height=\"150\" src=\"https:\/\/www.visit-ulcinj.com\/blog\/wp-content\/uploads\/2010\/11\/Festa-e-Flamurit-ne-Ulqin.19-150x150.jpg\" class=\"attachment-thumbnail size-thumbnail\" alt=\"\" loading=\"lazy\" \/><\/a>\n\t\t\t<\/dt><\/dl><dl class='gallery-item'>\n\t\t\t<dt class='gallery-icon landscape'>\n\t\t\t\t<a href='https:\/\/www.visit-ulcinj.com\/blog\/wp-content\/uploads\/2010\/11\/Festa-e-Flamurit-ne-Ulqin.20.jpg'><img width=\"150\" height=\"150\" src=\"https:\/\/www.visit-ulcinj.com\/blog\/wp-content\/uploads\/2010\/11\/Festa-e-Flamurit-ne-Ulqin.20-150x150.jpg\" class=\"attachment-thumbnail size-thumbnail\" alt=\"\" loading=\"lazy\" \/><\/a>\n\t\t\t<\/dt><\/dl><br style=\"clear: both\" \/><dl class='gallery-item'>\n\t\t\t<dt class='gallery-icon landscape'>\n\t\t\t\t<a href='https:\/\/www.visit-ulcinj.com\/blog\/wp-content\/uploads\/2010\/11\/Festa-e-Flamurit-ne-Ulqin.21.jpg'><img width=\"150\" height=\"150\" src=\"https:\/\/www.visit-ulcinj.com\/blog\/wp-content\/uploads\/2010\/11\/Festa-e-Flamurit-ne-Ulqin.21-150x150.jpg\" class=\"attachment-thumbnail size-thumbnail\" alt=\"\" loading=\"lazy\" \/><\/a>\n\t\t\t<\/dt><\/dl><dl class='gallery-item'>\n\t\t\t<dt class='gallery-icon landscape'>\n\t\t\t\t<a href='https:\/\/www.visit-ulcinj.com\/blog\/wp-content\/uploads\/2010\/11\/Festa-e-Flamurit-ne-Ulqin.22.jpg'><img width=\"150\" height=\"150\" src=\"https:\/\/www.visit-ulcinj.com\/blog\/wp-content\/uploads\/2010\/11\/Festa-e-Flamurit-ne-Ulqin.22-150x150.jpg\" class=\"attachment-thumbnail size-thumbnail\" alt=\"\" loading=\"lazy\" \/><\/a>\n\t\t\t<\/dt><\/dl><dl class='gallery-item'>\n\t\t\t<dt class='gallery-icon landscape'>\n\t\t\t\t<a href='https:\/\/www.visit-ulcinj.com\/blog\/wp-content\/uploads\/2010\/11\/Festa-e-Flamurit-ne-Ulqin.23.jpg'><img width=\"150\" height=\"150\" src=\"https:\/\/www.visit-ulcinj.com\/blog\/wp-content\/uploads\/2010\/11\/Festa-e-Flamurit-ne-Ulqin.23-150x150.jpg\" class=\"attachment-thumbnail size-thumbnail\" alt=\"\" loading=\"lazy\" \/><\/a>\n\t\t\t<\/dt><\/dl><br style=\"clear: both\" \/><dl class='gallery-item'>\n\t\t\t<dt class='gallery-icon landscape'>\n\t\t\t\t<a href='https:\/\/www.visit-ulcinj.com\/blog\/wp-content\/uploads\/2010\/11\/Festa-e-Flamurit-ne-Ulqin.24.jpg'><img width=\"150\" height=\"150\" src=\"https:\/\/www.visit-ulcinj.com\/blog\/wp-content\/uploads\/2010\/11\/Festa-e-Flamurit-ne-Ulqin.24-150x150.jpg\" class=\"attachment-thumbnail size-thumbnail\" alt=\"\" loading=\"lazy\" \/><\/a>\n\t\t\t<\/dt><\/dl><dl class='gallery-item'>\n\t\t\t<dt class='gallery-icon landscape'>\n\t\t\t\t<a href='https:\/\/www.visit-ulcinj.com\/blog\/wp-content\/uploads\/2010\/11\/Festa-e-Flamurit-ne-Ulqin.25.jpg'><img width=\"150\" height=\"150\" src=\"https:\/\/www.visit-ulcinj.com\/blog\/wp-content\/uploads\/2010\/11\/Festa-e-Flamurit-ne-Ulqin.25-150x150.jpg\" class=\"attachment-thumbnail size-thumbnail\" alt=\"\" loading=\"lazy\" \/><\/a>\n\t\t\t<\/dt><\/dl><dl class='gallery-item'>\n\t\t\t<dt class='gallery-icon landscape'>\n\t\t\t\t<a href='https:\/\/www.visit-ulcinj.com\/blog\/wp-content\/uploads\/2010\/11\/Festa-e-Flamurit-ne-Ulqin.26.jpg'><img width=\"150\" height=\"150\" src=\"https:\/\/www.visit-ulcinj.com\/blog\/wp-content\/uploads\/2010\/11\/Festa-e-Flamurit-ne-Ulqin.26-150x150.jpg\" class=\"attachment-thumbnail size-thumbnail\" alt=\"\" loading=\"lazy\" \/><\/a>\n\t\t\t<\/dt><\/dl><br style=\"clear: both\" \/><dl class='gallery-item'>\n\t\t\t<dt class='gallery-icon landscape'>\n\t\t\t\t<a href='https:\/\/www.visit-ulcinj.com\/blog\/wp-content\/uploads\/2010\/11\/Festa-e-Flamurit-ne-Ulqin.27.jpg'><img width=\"150\" height=\"150\" src=\"https:\/\/www.visit-ulcinj.com\/blog\/wp-content\/uploads\/2010\/11\/Festa-e-Flamurit-ne-Ulqin.27-150x150.jpg\" class=\"attachment-thumbnail size-thumbnail\" alt=\"\" loading=\"lazy\" \/><\/a>\n\t\t\t<\/dt><\/dl><dl class='gallery-item'>\n\t\t\t<dt class='gallery-icon landscape'>\n\t\t\t\t<a href='https:\/\/www.visit-ulcinj.com\/blog\/wp-content\/uploads\/2010\/11\/Festa-e-Flamurit-ne-Ulqin.28.jpg'><img width=\"150\" height=\"150\" src=\"https:\/\/www.visit-ulcinj.com\/blog\/wp-content\/uploads\/2010\/11\/Festa-e-Flamurit-ne-Ulqin.28-150x150.jpg\" class=\"attachment-thumbnail size-thumbnail\" alt=\"\" loading=\"lazy\" \/><\/a>\n\t\t\t<\/dt><\/dl><dl class='gallery-item'>\n\t\t\t<dt class='gallery-icon landscape'>\n\t\t\t\t<a href='https:\/\/www.visit-ulcinj.com\/blog\/wp-content\/uploads\/2010\/11\/Festa-e-Flamurit-ne-Ulqin.29.jpg'><img width=\"150\" height=\"150\" src=\"https:\/\/www.visit-ulcinj.com\/blog\/wp-content\/uploads\/2010\/11\/Festa-e-Flamurit-ne-Ulqin.29-150x150.jpg\" class=\"attachment-thumbnail size-thumbnail\" alt=\"\" loading=\"lazy\" \/><\/a>\n\t\t\t<\/dt><\/dl><br style=\"clear: both\" \/>\n\t\t<\/div>\n\n","protected":false},"excerpt":{"rendered":"<p>K\u00ebshilli Nacional i Shqiptar\u00ebve n\u00eb Malin e Zi organizoj\u00a0 manifestim me rastin e sh\u00ebnimit t\u00eb 28 N\u00ebntorit \u2013 \u00a0Dit\u00ebs s\u00eb Flamurit, t\u00eb dielen, me 28 N\u00ebntor 2010, n\u00eb Qendr\u00ebn p\u00ebr Kultur\u00eb \u2013 Ulqin. Festat komb\u00ebtare jan\u00eb moment kur kujtohen dhe sh\u00ebnohen ngjarje e personalitete. Populli yn\u00eb me historin\u00eb e bujshme dhe t\u00eb lavdishme ka shum\u00eb [&hellip;]<\/p>\n","protected":false},"author":1,"featured_media":0,"comment_status":"open","ping_status":"closed","sticky":false,"template":"","format":"standard","meta":{"spay_email":"","jetpack_publicize_message":"","jetpack_is_tweetstorm":false,"jetpack_publicize_feature_enabled":true},"categories":[4,1],"tags":[],"jetpack_publicize_connections":[],"yoast_head":"<!-- This site is optimized with the Yoast SEO plugin v19.1 - https:\/\/yoast.com\/wordpress\/plugins\/seo\/ -->\n<title>Festa e Flamurit u festua edhe n\u00eb Ulqin - Lajme nga Ulqini<\/title>\n<meta name=\"description\" content=\"K\u00ebshilli Nacional i Shqiptar\u00ebve n\u00eb Malin e Zi organizoj\u00a0 manifestim me rastin e sh\u00ebnimit t\u00eb 28 N\u00ebntorit \u2013 \u00a0Dit\u00ebs s\u00eb Flamurit, t\u00eb dielen, me 28 N\u00ebntor\" \/>\n<meta name=\"robots\" content=\"index, follow, max-snippet:-1, max-image-preview:large, max-video-preview:-1\" \/>\n<link rel=\"canonical\" href=\"https:\/\/www.visit-ulcinj.com\/blog\/2010\/11\/30\/festa-e-flamurit-u-festua-edhe-ne-ulqin\/\" \/>\n<meta property=\"og:locale\" content=\"en_US\" \/>\n<meta property=\"og:type\" content=\"article\" \/>\n<meta property=\"og:title\" content=\"Festa e Flamurit u festua edhe n\u00eb Ulqin - Lajme nga Ulqini\" \/>\n<meta property=\"og:description\" content=\"K\u00ebshilli Nacional i Shqiptar\u00ebve n\u00eb Malin e Zi organizoj\u00a0 manifestim me rastin e sh\u00ebnimit t\u00eb 28 N\u00ebntorit \u2013 \u00a0Dit\u00ebs s\u00eb Flamurit, t\u00eb dielen, me 28 N\u00ebntor\" \/>\n<meta property=\"og:url\" content=\"https:\/\/www.visit-ulcinj.com\/blog\/2010\/11\/30\/festa-e-flamurit-u-festua-edhe-ne-ulqin\/\" \/>\n<meta property=\"og:site_name\" content=\"Lajme nga Ulqini\" \/>\n<meta property=\"article:published_time\" content=\"2010-11-30T20:36:55+00:00\" \/>\n<meta property=\"article:modified_time\" content=\"2010-12-06T13:02:15+00:00\" \/>\n<meta property=\"og:image\" content=\"https:\/\/www.visit-ulcinj.com\/blog\/wp-content\/uploads\/2010\/11\/Festa-e-Flamurit-ne-Ulqin-150x150.jpg\" \/>\n<meta name=\"twitter:label1\" content=\"Written by\" \/>\n\t<meta name=\"twitter:data1\" content=\"ulqini\" \/>\n\t<meta name=\"twitter:label2\" content=\"Est. reading time\" \/>\n\t<meta name=\"twitter:data2\" content=\"3 minutes\" \/>\n<script type=\"application\/ld+json\" class=\"yoast-schema-graph\">{\"@context\":\"https:\/\/schema.org\",\"@graph\":[{\"@type\":\"WebSite\",\"@id\":\"https:\/\/www.visit-ulcinj.com\/blog\/#website\",\"url\":\"https:\/\/www.visit-ulcinj.com\/blog\/\",\"name\":\"Lajme nga Ulqini\",\"description\":\"Lajme,Vijesti,Ulqini,Ulqin,Crna Gora,Mali i Zi\",\"potentialAction\":[{\"@type\":\"SearchAction\",\"target\":{\"@type\":\"EntryPoint\",\"urlTemplate\":\"https:\/\/www.visit-ulcinj.com\/blog\/?s={search_term_string}\"},\"query-input\":\"required name=search_term_string\"}],\"inLanguage\":\"en-US\"},{\"@type\":\"ImageObject\",\"inLanguage\":\"en-US\",\"@id\":\"https:\/\/www.visit-ulcinj.com\/blog\/2010\/11\/30\/festa-e-flamurit-u-festua-edhe-ne-ulqin\/#primaryimage\",\"url\":\"https:\/\/www.visit-ulcinj.com\/blog\/wp-content\/uploads\/2010\/11\/Festa-e-Flamurit-ne-Ulqin.jpg\",\"contentUrl\":\"https:\/\/www.visit-ulcinj.com\/blog\/wp-content\/uploads\/2010\/11\/Festa-e-Flamurit-ne-Ulqin.jpg\",\"width\":\"720\",\"height\":\"479\"},{\"@type\":\"WebPage\",\"@id\":\"https:\/\/www.visit-ulcinj.com\/blog\/2010\/11\/30\/festa-e-flamurit-u-festua-edhe-ne-ulqin\/#webpage\",\"url\":\"https:\/\/www.visit-ulcinj.com\/blog\/2010\/11\/30\/festa-e-flamurit-u-festua-edhe-ne-ulqin\/\",\"name\":\"Festa e Flamurit u festua edhe n\u00eb Ulqin - Lajme nga Ulqini\",\"isPartOf\":{\"@id\":\"https:\/\/www.visit-ulcinj.com\/blog\/#website\"},\"primaryImageOfPage\":{\"@id\":\"https:\/\/www.visit-ulcinj.com\/blog\/2010\/11\/30\/festa-e-flamurit-u-festua-edhe-ne-ulqin\/#primaryimage\"},\"datePublished\":\"2010-11-30T20:36:55+00:00\",\"dateModified\":\"2010-12-06T13:02:15+00:00\",\"author\":{\"@id\":\"https:\/\/www.visit-ulcinj.com\/blog\/#\/schema\/person\/dcab619c614d3038751c63bc2aadc06d\"},\"description\":\"K\u00ebshilli Nacional i Shqiptar\u00ebve n\u00eb Malin e Zi organizoj\u00a0 manifestim me rastin e sh\u00ebnimit t\u00eb 28 N\u00ebntorit \u2013 \u00a0Dit\u00ebs s\u00eb Flamurit, t\u00eb dielen, me 28 N\u00ebntor\",\"breadcrumb\":{\"@id\":\"https:\/\/www.visit-ulcinj.com\/blog\/2010\/11\/30\/festa-e-flamurit-u-festua-edhe-ne-ulqin\/#breadcrumb\"},\"inLanguage\":\"en-US\",\"potentialAction\":[{\"@type\":\"ReadAction\",\"target\":[\"https:\/\/www.visit-ulcinj.com\/blog\/2010\/11\/30\/festa-e-flamurit-u-festua-edhe-ne-ulqin\/\"]}]},{\"@type\":\"BreadcrumbList\",\"@id\":\"https:\/\/www.visit-ulcinj.com\/blog\/2010\/11\/30\/festa-e-flamurit-u-festua-edhe-ne-ulqin\/#breadcrumb\",\"itemListElement\":[{\"@type\":\"ListItem\",\"position\":1,\"name\":\"Festa e Flamurit u festua edhe n\u00eb Ulqin\"}]},{\"@type\":\"Person\",\"@id\":\"https:\/\/www.visit-ulcinj.com\/blog\/#\/schema\/person\/dcab619c614d3038751c63bc2aadc06d\",\"name\":\"ulqini\",\"sameAs\":[\"http:\/\/www.visit-ulcinj.com\"],\"url\":\"https:\/\/www.visit-ulcinj.com\/blog\/author\/admin\/\"}]}<\/script>\n<!-- \/ Yoast SEO plugin. -->","yoast_head_json":{"title":"Festa e Flamurit u festua edhe n\u00eb Ulqin - Lajme nga Ulqini","description":"K\u00ebshilli Nacional i Shqiptar\u00ebve n\u00eb Malin e Zi organizoj\u00a0 manifestim me rastin e sh\u00ebnimit t\u00eb 28 N\u00ebntorit \u2013 \u00a0Dit\u00ebs s\u00eb Flamurit, t\u00eb dielen, me 28 N\u00ebntor","robots":{"index":"index","follow":"follow","max-snippet":"max-snippet:-1","max-image-preview":"max-image-preview:large","max-video-preview":"max-video-preview:-1"},"canonical":"https:\/\/www.visit-ulcinj.com\/blog\/2010\/11\/30\/festa-e-flamurit-u-festua-edhe-ne-ulqin\/","og_locale":"en_US","og_type":"article","og_title":"Festa e Flamurit u festua edhe n\u00eb Ulqin - Lajme nga Ulqini","og_description":"K\u00ebshilli Nacional i Shqiptar\u00ebve n\u00eb Malin e Zi organizoj\u00a0 manifestim me rastin e sh\u00ebnimit t\u00eb 28 N\u00ebntorit \u2013 \u00a0Dit\u00ebs s\u00eb Flamurit, t\u00eb dielen, me 28 N\u00ebntor","og_url":"https:\/\/www.visit-ulcinj.com\/blog\/2010\/11\/30\/festa-e-flamurit-u-festua-edhe-ne-ulqin\/","og_site_name":"Lajme nga Ulqini","article_published_time":"2010-11-30T20:36:55+00:00","article_modified_time":"2010-12-06T13:02:15+00:00","og_image":[{"url":"https:\/\/www.visit-ulcinj.com\/blog\/wp-content\/uploads\/2010\/11\/Festa-e-Flamurit-ne-Ulqin-150x150.jpg"}],"twitter_misc":{"Written by":"ulqini","Est. reading time":"3 minutes"},"schema":{"@context":"https:\/\/schema.org","@graph":[{"@type":"WebSite","@id":"https:\/\/www.visit-ulcinj.com\/blog\/#website","url":"https:\/\/www.visit-ulcinj.com\/blog\/","name":"Lajme nga Ulqini","description":"Lajme,Vijesti,Ulqini,Ulqin,Crna Gora,Mali i Zi","potentialAction":[{"@type":"SearchAction","target":{"@type":"EntryPoint","urlTemplate":"https:\/\/www.visit-ulcinj.com\/blog\/?s={search_term_string}"},"query-input":"required name=search_term_string"}],"inLanguage":"en-US"},{"@type":"ImageObject","inLanguage":"en-US","@id":"https:\/\/www.visit-ulcinj.com\/blog\/2010\/11\/30\/festa-e-flamurit-u-festua-edhe-ne-ulqin\/#primaryimage","url":"https:\/\/www.visit-ulcinj.com\/blog\/wp-content\/uploads\/2010\/11\/Festa-e-Flamurit-ne-Ulqin.jpg","contentUrl":"https:\/\/www.visit-ulcinj.com\/blog\/wp-content\/uploads\/2010\/11\/Festa-e-Flamurit-ne-Ulqin.jpg","width":"720","height":"479"},{"@type":"WebPage","@id":"https:\/\/www.visit-ulcinj.com\/blog\/2010\/11\/30\/festa-e-flamurit-u-festua-edhe-ne-ulqin\/#webpage","url":"https:\/\/www.visit-ulcinj.com\/blog\/2010\/11\/30\/festa-e-flamurit-u-festua-edhe-ne-ulqin\/","name":"Festa e Flamurit u festua edhe n\u00eb Ulqin - Lajme nga Ulqini","isPartOf":{"@id":"https:\/\/www.visit-ulcinj.com\/blog\/#website"},"primaryImageOfPage":{"@id":"https:\/\/www.visit-ulcinj.com\/blog\/2010\/11\/30\/festa-e-flamurit-u-festua-edhe-ne-ulqin\/#primaryimage"},"datePublished":"2010-11-30T20:36:55+00:00","dateModified":"2010-12-06T13:02:15+00:00","author":{"@id":"https:\/\/www.visit-ulcinj.com\/blog\/#\/schema\/person\/dcab619c614d3038751c63bc2aadc06d"},"description":"K\u00ebshilli Nacional i Shqiptar\u00ebve n\u00eb Malin e Zi organizoj\u00a0 manifestim me rastin e sh\u00ebnimit t\u00eb 28 N\u00ebntorit \u2013 \u00a0Dit\u00ebs s\u00eb Flamurit, t\u00eb dielen, me 28 N\u00ebntor","breadcrumb":{"@id":"https:\/\/www.visit-ulcinj.com\/blog\/2010\/11\/30\/festa-e-flamurit-u-festua-edhe-ne-ulqin\/#breadcrumb"},"inLanguage":"en-US","potentialAction":[{"@type":"ReadAction","target":["https:\/\/www.visit-ulcinj.com\/blog\/2010\/11\/30\/festa-e-flamurit-u-festua-edhe-ne-ulqin\/"]}]},{"@type":"BreadcrumbList","@id":"https:\/\/www.visit-ulcinj.com\/blog\/2010\/11\/30\/festa-e-flamurit-u-festua-edhe-ne-ulqin\/#breadcrumb","itemListElement":[{"@type":"ListItem","position":1,"name":"Festa e Flamurit u festua edhe n\u00eb Ulqin"}]},{"@type":"Person","@id":"https:\/\/www.visit-ulcinj.com\/blog\/#\/schema\/person\/dcab619c614d3038751c63bc2aadc06d","name":"ulqini","sameAs":["http:\/\/www.visit-ulcinj.com"],"url":"https:\/\/www.visit-ulcinj.com\/blog\/author\/admin\/"}]}},"jetpack_featured_media_url":"","jetpack_sharing_enabled":true,"jetpack_shortlink":"https:\/\/wp.me\/pe6lTn-auJ","_links":{"self":[{"href":"https:\/\/www.visit-ulcinj.com\/blog\/wp-json\/wp\/v2\/posts\/40345"}],"collection":[{"href":"https:\/\/www.visit-ulcinj.com\/blog\/wp-json\/wp\/v2\/posts"}],"about":[{"href":"https:\/\/www.visit-ulcinj.com\/blog\/wp-json\/wp\/v2\/types\/post"}],"author":[{"embeddable":true,"href":"https:\/\/www.visit-ulcinj.com\/blog\/wp-json\/wp\/v2\/users\/1"}],"replies":[{"embeddable":true,"href":"https:\/\/www.visit-ulcinj.com\/blog\/wp-json\/wp\/v2\/comments?post=40345"}],"version-history":[{"count":0,"href":"https:\/\/www.visit-ulcinj.com\/blog\/wp-json\/wp\/v2\/posts\/40345\/revisions"}],"wp:attachment":[{"href":"https:\/\/www.visit-ulcinj.com\/blog\/wp-json\/wp\/v2\/media?parent=40345"}],"wp:term":[{"taxonomy":"category","embeddable":true,"href":"https:\/\/www.visit-ulcinj.com\/blog\/wp-json\/wp\/v2\/categories?post=40345"},{"taxonomy":"post_tag","embeddable":true,"href":"https:\/\/www.visit-ulcinj.com\/blog\/wp-json\/wp\/v2\/tags?post=40345"}],"curies":[{"name":"wp","href":"https:\/\/api.w.org\/{rel}","templated":true}]}}