{"id":40388,"date":"2010-12-01T13:17:34","date_gmt":"2010-12-01T12:17:34","guid":{"rendered":"http:\/\/www.visit-ulcinj.com\/blog\/?p=40388"},"modified":"2010-12-01T13:21:45","modified_gmt":"2010-12-01T12:21:45","slug":"ciljeta-i-kthen-buzeqeshjen-berishes","status":"publish","type":"post","link":"https:\/\/www.visit-ulcinj.com\/blog\/2010\/12\/01\/ciljeta-i-kthen-buzeqeshjen-berishes\/","title":{"rendered":"\u00c7iljeta i kthen buz\u00ebqeshjen Berish\u00ebs"},"content":{"rendered":"<p><a href=\"http:\/\/www.visit-ulcinj.com\/blog\/wp-content\/uploads\/2010\/12\/Berisha_-Ciljeta.jpg\"><img loading=\"lazy\" class=\"alignleft size-full wp-image-40420\" title=\"Berisha_ Ciljeta\" src=\"http:\/\/www.visit-ulcinj.com\/blog\/wp-content\/uploads\/2010\/12\/Berisha_-Ciljeta.jpg\" alt=\"\" width=\"490\" height=\"360\" \/><\/a>\u00c7iljeta gjithmon\u00eb ia merr mendjen kryeministrit ton\u00eb. Nj\u00ebher\u00eb me dekolte shum\u00eb t\u00eb hapura, nj\u00ebher\u00eb me shum\u00eb tualet, nj\u00ebher\u00eb tjet\u00ebr me fustane shum\u00eb t\u00eb shkurtra. Po doni t\u00eb dini ju q\u00eb kryeministri tashm\u00eb e ka marr\u00eb shum\u00eb seriozisht k\u00ebt\u00eb marr\u00ebdh\u00ebnie dashamir\u00ebsie me \u00c7iljet\u00ebn? Sa her\u00eb shihen me nj\u00ebri tjetrin, sa her\u00eb p\u00ebrsh\u00ebndeten, n\u00eb \u00e7do aktivitet q\u00eb shkojn\u00eb duket se energjikja \u00c7iljeta, i fal shum\u00eb buz\u00ebqeshje kryeministrit. Dhe ndaj mund t\u00eb themi se jo m\u00eb kot, Berisha e afroi \u00c7iljet\u00ebn n\u00eb forumin m\u00eb t\u00eb lart\u00eb t\u00eb partis\u00eb s\u00eb tij, si an\u00ebtare e K\u00ebshillit Komb\u00ebtar, madje nj\u00eb nd\u00ebr m\u00eb t\u00eb votuarat e k\u00ebtij forumi.<br \/>\nE p\u00ebr t\u00eb rritur performanc\u00ebn e vet n\u00eb politik\u00eb, \u00c7iljeta, ve\u00e7 studimeve p\u00ebr shkenca politike, tashm\u00eb ka hequr dor\u00eb dhe nga prezantimi i aktiviteve festive t\u00eb PD, tamam si nj\u00eb an\u00ebtare e denj\u00eb e KK t\u00eb k\u00ebsaj partie.<br \/>\n<a href=\"http:\/\/www.visit-ulcinj.com\/blog\/wp-content\/uploads\/2010\/12\/Berisha_-Ciljeta.1.jpg\"><img loading=\"lazy\" class=\"alignleft size-full wp-image-40421\" title=\"Berisha_ Ciljeta.1\" src=\"http:\/\/www.visit-ulcinj.com\/blog\/wp-content\/uploads\/2010\/12\/Berisha_-Ciljeta.1.jpg\" alt=\"\" width=\"490\" height=\"329\" \/><\/a><\/p>\n<p><strong>Shqipmedia<\/strong><strong><\/strong><br \/>\n<!--YouTube Error: bad URL entered--><\/p>\n","protected":false},"excerpt":{"rendered":"<p>\u00c7iljeta gjithmon\u00eb ia merr mendjen kryeministrit ton\u00eb. Nj\u00ebher\u00eb me dekolte shum\u00eb t\u00eb hapura, nj\u00ebher\u00eb me shum\u00eb tualet, nj\u00ebher\u00eb tjet\u00ebr me fustane shum\u00eb t\u00eb shkurtra. Po doni t\u00eb dini ju q\u00eb kryeministri tashm\u00eb e ka marr\u00eb shum\u00eb seriozisht k\u00ebt\u00eb marr\u00ebdh\u00ebnie dashamir\u00ebsie me \u00c7iljet\u00ebn? Sa her\u00eb shihen me nj\u00ebri tjetrin, sa her\u00eb p\u00ebrsh\u00ebndeten, n\u00eb \u00e7do aktivitet q\u00eb [&hellip;]<\/p>\n","protected":false},"author":1,"featured_media":0,"comment_status":"open","ping_status":"closed","sticky":false,"template":"","format":"standard","meta":{"spay_email":"","jetpack_publicize_message":"","jetpack_is_tweetstorm":false,"jetpack_publicize_feature_enabled":true},"categories":[1],"tags":[5525,2668],"jetpack_publicize_connections":[],"yoast_head":"<!-- This site is optimized with the Yoast SEO plugin v19.1 - https:\/\/yoast.com\/wordpress\/plugins\/seo\/ -->\n<title>\u00c7iljeta i kthen buz\u00ebqeshjen Berish\u00ebs - Lajme nga Ulqini<\/title>\n<meta name=\"description\" content=\"\u00c7iljeta gjithmon\u00eb ia merr mendjen kryeministrit ton\u00eb. Nj\u00ebher\u00eb me dekolte shum\u00eb t\u00eb hapura, nj\u00ebher\u00eb me shum\u00eb tualet, nj\u00ebher\u00eb tjet\u00ebr me fustane shum\u00eb t\u00eb\" \/>\n<meta name=\"robots\" content=\"index, follow, max-snippet:-1, max-image-preview:large, max-video-preview:-1\" \/>\n<link rel=\"canonical\" href=\"https:\/\/www.visit-ulcinj.com\/blog\/2010\/12\/01\/ciljeta-i-kthen-buzeqeshjen-berishes\/\" \/>\n<meta property=\"og:locale\" content=\"en_US\" \/>\n<meta property=\"og:type\" content=\"article\" \/>\n<meta property=\"og:title\" content=\"\u00c7iljeta i kthen buz\u00ebqeshjen Berish\u00ebs - Lajme nga Ulqini\" \/>\n<meta property=\"og:description\" content=\"\u00c7iljeta gjithmon\u00eb ia merr mendjen kryeministrit ton\u00eb. Nj\u00ebher\u00eb me dekolte shum\u00eb t\u00eb hapura, nj\u00ebher\u00eb me shum\u00eb tualet, nj\u00ebher\u00eb tjet\u00ebr me fustane shum\u00eb t\u00eb\" \/>\n<meta property=\"og:url\" content=\"https:\/\/www.visit-ulcinj.com\/blog\/2010\/12\/01\/ciljeta-i-kthen-buzeqeshjen-berishes\/\" \/>\n<meta property=\"og:site_name\" content=\"Lajme nga Ulqini\" \/>\n<meta property=\"article:published_time\" content=\"2010-12-01T12:17:34+00:00\" \/>\n<meta property=\"article:modified_time\" content=\"2010-12-01T12:21:45+00:00\" \/>\n<meta property=\"og:image\" content=\"http:\/\/www.visit-ulcinj.com\/blog\/wp-content\/uploads\/2010\/12\/Berisha_-Ciljeta.jpg\" \/>\n<meta name=\"twitter:label1\" content=\"Written by\" \/>\n\t<meta name=\"twitter:data1\" content=\"ulqini\" \/>\n\t<meta name=\"twitter:label2\" content=\"Est. reading time\" \/>\n\t<meta name=\"twitter:data2\" content=\"1 minute\" \/>\n<script type=\"application\/ld+json\" class=\"yoast-schema-graph\">{\"@context\":\"https:\/\/schema.org\",\"@graph\":[{\"@type\":\"WebSite\",\"@id\":\"https:\/\/www.visit-ulcinj.com\/blog\/#website\",\"url\":\"https:\/\/www.visit-ulcinj.com\/blog\/\",\"name\":\"Lajme nga Ulqini\",\"description\":\"Lajme,Vijesti,Ulqini,Ulqin,Crna Gora,Mali i Zi\",\"potentialAction\":[{\"@type\":\"SearchAction\",\"target\":{\"@type\":\"EntryPoint\",\"urlTemplate\":\"https:\/\/www.visit-ulcinj.com\/blog\/?s={search_term_string}\"},\"query-input\":\"required name=search_term_string\"}],\"inLanguage\":\"en-US\"},{\"@type\":\"ImageObject\",\"inLanguage\":\"en-US\",\"@id\":\"https:\/\/www.visit-ulcinj.com\/blog\/2010\/12\/01\/ciljeta-i-kthen-buzeqeshjen-berishes\/#primaryimage\",\"url\":\"http:\/\/www.visit-ulcinj.com\/blog\/wp-content\/uploads\/2010\/12\/Berisha_-Ciljeta.jpg\",\"contentUrl\":\"http:\/\/www.visit-ulcinj.com\/blog\/wp-content\/uploads\/2010\/12\/Berisha_-Ciljeta.jpg\"},{\"@type\":\"WebPage\",\"@id\":\"https:\/\/www.visit-ulcinj.com\/blog\/2010\/12\/01\/ciljeta-i-kthen-buzeqeshjen-berishes\/#webpage\",\"url\":\"https:\/\/www.visit-ulcinj.com\/blog\/2010\/12\/01\/ciljeta-i-kthen-buzeqeshjen-berishes\/\",\"name\":\"\u00c7iljeta i kthen buz\u00ebqeshjen Berish\u00ebs - Lajme nga Ulqini\",\"isPartOf\":{\"@id\":\"https:\/\/www.visit-ulcinj.com\/blog\/#website\"},\"primaryImageOfPage\":{\"@id\":\"https:\/\/www.visit-ulcinj.com\/blog\/2010\/12\/01\/ciljeta-i-kthen-buzeqeshjen-berishes\/#primaryimage\"},\"datePublished\":\"2010-12-01T12:17:34+00:00\",\"dateModified\":\"2010-12-01T12:21:45+00:00\",\"author\":{\"@id\":\"https:\/\/www.visit-ulcinj.com\/blog\/#\/schema\/person\/dcab619c614d3038751c63bc2aadc06d\"},\"description\":\"\u00c7iljeta gjithmon\u00eb ia merr mendjen kryeministrit ton\u00eb. Nj\u00ebher\u00eb me dekolte shum\u00eb t\u00eb hapura, nj\u00ebher\u00eb me shum\u00eb tualet, nj\u00ebher\u00eb tjet\u00ebr me fustane shum\u00eb t\u00eb\",\"breadcrumb\":{\"@id\":\"https:\/\/www.visit-ulcinj.com\/blog\/2010\/12\/01\/ciljeta-i-kthen-buzeqeshjen-berishes\/#breadcrumb\"},\"inLanguage\":\"en-US\",\"potentialAction\":[{\"@type\":\"ReadAction\",\"target\":[\"https:\/\/www.visit-ulcinj.com\/blog\/2010\/12\/01\/ciljeta-i-kthen-buzeqeshjen-berishes\/\"]}]},{\"@type\":\"BreadcrumbList\",\"@id\":\"https:\/\/www.visit-ulcinj.com\/blog\/2010\/12\/01\/ciljeta-i-kthen-buzeqeshjen-berishes\/#breadcrumb\",\"itemListElement\":[{\"@type\":\"ListItem\",\"position\":1,\"name\":\"\u00c7iljeta i kthen buz\u00ebqeshjen Berish\u00ebs\"}]},{\"@type\":\"Person\",\"@id\":\"https:\/\/www.visit-ulcinj.com\/blog\/#\/schema\/person\/dcab619c614d3038751c63bc2aadc06d\",\"name\":\"ulqini\",\"sameAs\":[\"http:\/\/www.visit-ulcinj.com\"],\"url\":\"https:\/\/www.visit-ulcinj.com\/blog\/author\/admin\/\"}]}<\/script>\n<!-- \/ Yoast SEO plugin. -->","yoast_head_json":{"title":"\u00c7iljeta i kthen buz\u00ebqeshjen Berish\u00ebs - Lajme nga Ulqini","description":"\u00c7iljeta gjithmon\u00eb ia merr mendjen kryeministrit ton\u00eb. Nj\u00ebher\u00eb me dekolte shum\u00eb t\u00eb hapura, nj\u00ebher\u00eb me shum\u00eb tualet, nj\u00ebher\u00eb tjet\u00ebr me fustane shum\u00eb t\u00eb","robots":{"index":"index","follow":"follow","max-snippet":"max-snippet:-1","max-image-preview":"max-image-preview:large","max-video-preview":"max-video-preview:-1"},"canonical":"https:\/\/www.visit-ulcinj.com\/blog\/2010\/12\/01\/ciljeta-i-kthen-buzeqeshjen-berishes\/","og_locale":"en_US","og_type":"article","og_title":"\u00c7iljeta i kthen buz\u00ebqeshjen Berish\u00ebs - Lajme nga Ulqini","og_description":"\u00c7iljeta gjithmon\u00eb ia merr mendjen kryeministrit ton\u00eb. Nj\u00ebher\u00eb me dekolte shum\u00eb t\u00eb hapura, nj\u00ebher\u00eb me shum\u00eb tualet, nj\u00ebher\u00eb tjet\u00ebr me fustane shum\u00eb t\u00eb","og_url":"https:\/\/www.visit-ulcinj.com\/blog\/2010\/12\/01\/ciljeta-i-kthen-buzeqeshjen-berishes\/","og_site_name":"Lajme nga Ulqini","article_published_time":"2010-12-01T12:17:34+00:00","article_modified_time":"2010-12-01T12:21:45+00:00","og_image":[{"url":"http:\/\/www.visit-ulcinj.com\/blog\/wp-content\/uploads\/2010\/12\/Berisha_-Ciljeta.jpg"}],"twitter_misc":{"Written by":"ulqini","Est. reading time":"1 minute"},"schema":{"@context":"https:\/\/schema.org","@graph":[{"@type":"WebSite","@id":"https:\/\/www.visit-ulcinj.com\/blog\/#website","url":"https:\/\/www.visit-ulcinj.com\/blog\/","name":"Lajme nga Ulqini","description":"Lajme,Vijesti,Ulqini,Ulqin,Crna Gora,Mali i Zi","potentialAction":[{"@type":"SearchAction","target":{"@type":"EntryPoint","urlTemplate":"https:\/\/www.visit-ulcinj.com\/blog\/?s={search_term_string}"},"query-input":"required name=search_term_string"}],"inLanguage":"en-US"},{"@type":"ImageObject","inLanguage":"en-US","@id":"https:\/\/www.visit-ulcinj.com\/blog\/2010\/12\/01\/ciljeta-i-kthen-buzeqeshjen-berishes\/#primaryimage","url":"http:\/\/www.visit-ulcinj.com\/blog\/wp-content\/uploads\/2010\/12\/Berisha_-Ciljeta.jpg","contentUrl":"http:\/\/www.visit-ulcinj.com\/blog\/wp-content\/uploads\/2010\/12\/Berisha_-Ciljeta.jpg"},{"@type":"WebPage","@id":"https:\/\/www.visit-ulcinj.com\/blog\/2010\/12\/01\/ciljeta-i-kthen-buzeqeshjen-berishes\/#webpage","url":"https:\/\/www.visit-ulcinj.com\/blog\/2010\/12\/01\/ciljeta-i-kthen-buzeqeshjen-berishes\/","name":"\u00c7iljeta i kthen buz\u00ebqeshjen Berish\u00ebs - Lajme nga Ulqini","isPartOf":{"@id":"https:\/\/www.visit-ulcinj.com\/blog\/#website"},"primaryImageOfPage":{"@id":"https:\/\/www.visit-ulcinj.com\/blog\/2010\/12\/01\/ciljeta-i-kthen-buzeqeshjen-berishes\/#primaryimage"},"datePublished":"2010-12-01T12:17:34+00:00","dateModified":"2010-12-01T12:21:45+00:00","author":{"@id":"https:\/\/www.visit-ulcinj.com\/blog\/#\/schema\/person\/dcab619c614d3038751c63bc2aadc06d"},"description":"\u00c7iljeta gjithmon\u00eb ia merr mendjen kryeministrit ton\u00eb. Nj\u00ebher\u00eb me dekolte shum\u00eb t\u00eb hapura, nj\u00ebher\u00eb me shum\u00eb tualet, nj\u00ebher\u00eb tjet\u00ebr me fustane shum\u00eb t\u00eb","breadcrumb":{"@id":"https:\/\/www.visit-ulcinj.com\/blog\/2010\/12\/01\/ciljeta-i-kthen-buzeqeshjen-berishes\/#breadcrumb"},"inLanguage":"en-US","potentialAction":[{"@type":"ReadAction","target":["https:\/\/www.visit-ulcinj.com\/blog\/2010\/12\/01\/ciljeta-i-kthen-buzeqeshjen-berishes\/"]}]},{"@type":"BreadcrumbList","@id":"https:\/\/www.visit-ulcinj.com\/blog\/2010\/12\/01\/ciljeta-i-kthen-buzeqeshjen-berishes\/#breadcrumb","itemListElement":[{"@type":"ListItem","position":1,"name":"\u00c7iljeta i kthen buz\u00ebqeshjen Berish\u00ebs"}]},{"@type":"Person","@id":"https:\/\/www.visit-ulcinj.com\/blog\/#\/schema\/person\/dcab619c614d3038751c63bc2aadc06d","name":"ulqini","sameAs":["http:\/\/www.visit-ulcinj.com"],"url":"https:\/\/www.visit-ulcinj.com\/blog\/author\/admin\/"}]}},"jetpack_featured_media_url":"","jetpack_sharing_enabled":true,"jetpack_shortlink":"https:\/\/wp.me\/pe6lTn-avq","_links":{"self":[{"href":"https:\/\/www.visit-ulcinj.com\/blog\/wp-json\/wp\/v2\/posts\/40388"}],"collection":[{"href":"https:\/\/www.visit-ulcinj.com\/blog\/wp-json\/wp\/v2\/posts"}],"about":[{"href":"https:\/\/www.visit-ulcinj.com\/blog\/wp-json\/wp\/v2\/types\/post"}],"author":[{"embeddable":true,"href":"https:\/\/www.visit-ulcinj.com\/blog\/wp-json\/wp\/v2\/users\/1"}],"replies":[{"embeddable":true,"href":"https:\/\/www.visit-ulcinj.com\/blog\/wp-json\/wp\/v2\/comments?post=40388"}],"version-history":[{"count":0,"href":"https:\/\/www.visit-ulcinj.com\/blog\/wp-json\/wp\/v2\/posts\/40388\/revisions"}],"wp:attachment":[{"href":"https:\/\/www.visit-ulcinj.com\/blog\/wp-json\/wp\/v2\/media?parent=40388"}],"wp:term":[{"taxonomy":"category","embeddable":true,"href":"https:\/\/www.visit-ulcinj.com\/blog\/wp-json\/wp\/v2\/categories?post=40388"},{"taxonomy":"post_tag","embeddable":true,"href":"https:\/\/www.visit-ulcinj.com\/blog\/wp-json\/wp\/v2\/tags?post=40388"}],"curies":[{"name":"wp","href":"https:\/\/api.w.org\/{rel}","templated":true}]}}