{"id":40390,"date":"2010-12-01T13:28:13","date_gmt":"2010-12-01T12:28:13","guid":{"rendered":"http:\/\/www.visit-ulcinj.com\/blog\/?p=40390"},"modified":"2010-12-01T13:29:32","modified_gmt":"2010-12-01T12:29:32","slug":"pirro-cako-ju-rrefej-25-vitet-me-inven","status":"publish","type":"post","link":"https:\/\/www.visit-ulcinj.com\/blog\/2010\/12\/01\/pirro-cako-ju-rrefej-25-vitet-me-inven\/","title":{"rendered":"Pirro \u00c7ako: Ju rrefej 25 vitet me Inven"},"content":{"rendered":"<p><a href=\"http:\/\/www.visit-ulcinj.com\/blog\/wp-content\/uploads\/2010\/12\/Pirro-Cako.jpg\"><img loading=\"lazy\" class=\"alignleft size-full wp-image-40429\" title=\"Pirro Cako\" src=\"http:\/\/www.visit-ulcinj.com\/blog\/wp-content\/uploads\/2010\/12\/Pirro-Cako.jpg\" alt=\"\" width=\"330\" height=\"480\" \/><\/a>Do t\u00eb ket\u00eb nj\u00eb apel t\u00eb fundit, q\u00eb kantautori i njohur \u00c7ako do t\u2019i b\u00ebj\u00eb sopranos s\u00eb njohur Inva Mula. Vendimin e Gjykat\u00ebs s\u00eb Tiran\u00ebs p\u00ebr divorc p\u00ebrfundimtar, \u00c7ako e ka \u00e7uar p\u00ebr rishikim n\u00eb Gjykat\u00ebn e Apelit p\u00ebr t\u00eb kund\u00ebrshtuar faktin q\u00eb p\u00ebr k\u00ebt\u00eb divorc fajtori ishte ai. Nuk \u00ebsht\u00eb supersticioz, por kur vjen puna p\u00ebr t\u00eb komentuar ndarjen e jet\u00ebs s\u00eb tij, ai i referohet shenj\u00ebs s\u00eb tij zoodiakale, peshores, sepse sipas tij n\u00eb nj\u00eb ndarje faji peshon nj\u00eblloj mbi t\u00eb dy. \u00cbsht\u00eb e v\u00ebshtir\u00eb q\u00eb t\u00eb hedh\u00eb pas krah\u00ebve historin\u00eb e dashuris\u00eb s\u00eb madhe t\u00eb jet\u00ebs s\u00eb tij, q\u00eb e b\u00ebri m\u00eb t\u00eb komentuarin e faqeve t\u00eb shtypit roz\u00eb edhe pse kurr\u00eb s\u2019do ta kishte d\u00ebshiruar. Pas tri vitesh ndarjeje, tani q\u00eb\u201dzjarri\u201d \u00ebsht\u00eb shuar disi, ai vendos t\u00eb jap\u00eb intervist\u00ebn e tij t\u00eb par\u00eb p\u00ebr t\u00eb rr\u00ebfyer se \u00e7far\u00eb ndodhi pas 25 vitesh dashuri me sopranon e njohur. Shkak p\u00ebr k\u00ebt\u00eb rr\u00ebfim u b\u00eb k\u00ebnga q\u00eb rr\u00ebmbeu trofeun e festivalit \u201cK\u00ebnga Magjike\u201d, me titull \u201cSa e shite zemr\u00ebn\u201d. N\u00eb duetin ku i k\u00ebndohet nj\u00eb dueli dashurie, Pirro tregon se e ka shkruar p\u00ebr t\u00eb gjith\u00eb t\u00eb ndar\u00ebt e k\u00ebsaj bote, me t\u00eb cil\u00ebt i bashkon fati dhe \u00e7iftin Pirro-Inva:<br \/>\nK\u00ebnga \u201cSa e shite zemr\u00ebn\u201d u komentua si nj\u00eb krijim autobiografik, q\u00eb i kushtohet Inv\u00ebs. Me t\u00eb v\u00ebrtet\u00eb e ke shkruar p\u00ebr t\u00eb?<br \/>\nNuk do t\u00eb thosha q\u00eb b\u00ebhet fjal\u00eb p\u00ebr k\u00ebng\u00eb autobiografike, pasi kjo ka qen\u00eb nj\u00eb hamend\u00ebsi mediatike teksa i referohen historis\u00eb s\u00eb jet\u00ebs sime. K\u00ebnga e k\u00ebnduar nga Juliana Pasha dhe Luiz Ejlli \u00ebsht\u00eb nj\u00eb k\u00ebng\u00eb ndoshta me nuanca autobiografike, ku \u00e7do person q\u00eb ka provuar ndarjen gjen di\u00e7ka nga vetja n\u00eb vargjet e saj. Njer\u00ebzit e paramendojn\u00eb se \u00ebsht\u00eb shkruar posa\u00e7\u00ebrisht p\u00ebr Inv\u00ebn, por un\u00eb do thosha q\u00eb histori t\u00eb tilla ka mij\u00ebra n\u00ebp\u00ebr bot\u00eb. \u00cbsht\u00eb versioni i k\u00ebng\u00ebs \u201cKuturu\u201d dhe fjal\u00eb t\u00eb tjera, pyetja \u201cSa e shite zemr\u00ebn?\u201d \u00ebsht\u00eb nj\u00eb fraz\u00eb q\u00eb r\u00ebndon mbi t\u00eb gjitha historit\u00eb e dashuris\u00eb q\u00eb ngjajn\u00eb me historin\u00eb time. P\u00ebr k\u00ebto vargje jam frym\u00ebzuar edhe nga librat q\u00eb kam lexuar, por u jam referuar edhe eksperiencave t\u00eb mia, duke marr\u00eb shkas nga mjedisi q\u00eb na rrethon, nga historit\u00eb q\u00eb m\u00eb kan\u00eb rr\u00ebfyer miqt\u00eb, nga fakti q\u00eb ky fenomen prek\u2026 histori ndarjesh d\u00ebgjojm\u00eb shpesh\u2026 Ndaj mos i merrni si t\u00eb mir\u00ebqena se vargjet i dedikohen pik\u00ebrisht Inv\u00ebs, pasi m\u00eb s\u00eb shumti \u00ebsht\u00eb nj\u00eb histori q\u00eb e imagjinoj k\u00ebshtu. Gjithsesi, p\u00ebrfundimi \u00ebsht\u00eb fantastik, k\u00ebnga fitoi \u00e7mimin e par\u00eb n\u00eb \u201cK\u00ebnga Magjike\u201d.<br \/>\nNj\u00eb nga vargjet q\u00eb t\u00eb ngelen n\u00eb mendje \u00ebsht\u00eb \u201cAs apeli i fundit nuk ta ndali ritmin\u201d. B\u00ebhemi kureshtar\u00eb t\u00eb dim\u00eb se si ishte ky apel drejtuar Inv\u00ebs?<br \/>\nN\u00eb k\u00ebt\u00eb rast e kam imagjinuar k\u00ebt\u00eb apel. Pas nj\u00eb ndarjeje, ka gjithmon\u00eb nj\u00eb ndales\u00eb ku t\u00eb dy partner\u00ebt i shprehin nj\u00ebri-tjetrit apelin e fundit, vendosin p\u00ebr nj\u00eb pik\u00eb takimi ku t\u00eb thon\u00eb shum\u00eb gj\u00ebra. Edhe pse un\u00eb nuk e kam zakon q\u00eb n\u00eb historit\u00eb e mia t\u00eb dashuris\u00eb t\u00eb b\u00ebj apel, mendoj se \u00ebsht\u00eb thirrja e fundit p\u00ebr t\u00eb parandaluar ndarjen. N\u00ebse i referohem martes\u00ebs me Inv\u00ebn do t\u00eb thosha q\u00eb ne kaluam 25 vite bashk\u00eb dhe mund ta rishihnim k\u00ebt\u00eb vendim, por ishte von\u00eb dhe kur \u00ebsht\u00eb gj\u00ebrat s\u2019mund t\u00eb kthehen m\u00eb.<br \/>\nGjithsesi, \u201cSa e shite zemr\u00ebn\u201d fitoi nj\u00eb trofe dhe t\u00eb solli g\u00ebzim si kompozitor. Por n\u00eb fakt \u00ebsht\u00eb k\u00ebng\u00eb d\u00ebshp\u00ebrimi apo urrejtjeje?<br \/>\nS\u2019\u00ebsht\u00eb k\u00ebng\u00eb urrejtjeje dhe as d\u00ebshp\u00ebrimi, ndoshta \u00ebsht\u00eb mosp\u00ebrfillje. K\u00ebshtu e kam par\u00eb un\u00eb k\u00ebt\u00eb q\u00eb ndodhi, k\u00ebshtu e kam p\u00ebrjetuar. Kam v\u00ebn\u00eb veten n\u00eb pozitat e nj\u00eb mashkulli, q\u00eb pavar\u00ebsisht t\u00eb gjithave, thot\u00eb \u201cjeta vazhdon\u201d. Kjo k\u00ebng\u00eb \u00ebsht\u00eb dhe si nj\u00eb mesazh jo vet\u00ebm p\u00ebr mua, por p\u00ebr t\u00eb gjith\u00eb ata njer\u00ebz q\u00eb kalojn\u00eb nj\u00eb ndarje n\u00eb historin\u00eb e tyre, un\u00eb u them se n\u00eb k\u00ebt\u00eb jet\u00eb ka vend p\u00ebr ta jetuar jet\u00ebn n\u00eb nj\u00eb k\u00ebndv\u00ebshtrim tjet\u00ebr. Po, e v\u00ebrtet\u00eb dhe kjo \u00ebsht\u00eb b\u00ebr\u00eb me q\u00ebllimin q\u00eb ata ta thon\u00eb t\u00eb dy n\u00eb t\u00eb nj\u00ebjt\u00ebn koh\u00eb \u201cti mund t\u00eb jesh tradhtari\u201d. Vargjet i kam shkruar un\u00eb dhe jo pa q\u00ebllim k\u00ebng\u00ebtar\u00ebt Juliana Pasha dhe Luiz Ejlli vendosen t\u00eb k\u00ebndojn\u00eb larg nj\u00ebri-tjetrit n\u00eb sken\u00eb, nd\u00ebrkoh\u00eb q\u00eb \u00ebsht\u00eb v\u00ebshtir\u00eb t\u00eb merret vesh se kush e akuzon tjetrin. Nga p\u00ebrvoja ime, n\u00eb nj\u00eb histori dashurie \u00ebsht\u00eb e v\u00ebshtir\u00eb t\u2019ia jap\u00ebsh t\u00eb drejt\u00ebn tjetrit. P\u00ebr t\u00eb mos e zgjidhur k\u00ebt\u00eb enigm\u00eb se kush e ka fajin, un\u00eb zgjodha k\u00ebt\u00eb m\u00ebnyr\u00eb. Ndoshta mund t\u00eb ishin dy k\u00ebng\u00eb ve\u00e7 e ve\u00e7 se \u00e7far\u00eb mendon vajza dhe \u00e7far\u00eb djali, por zakonisht mendimet e dy t\u00eb ndar\u00ebve jan\u00eb nj\u00eb, secili mendon se ka t\u00eb drejt\u00eb dhe simbolikisht vendosa t\u00eb nj\u00ebjtat vargje n\u00eb goj\u00ebn e dyve, p\u00ebrderisa secili mendon se e drejta \u00ebsht\u00eb nga ana e tij. Njer\u00ebzit jan\u00eb egoist\u00eb.<br \/>\nNdryshe nga ti q\u00eb vendose t\u00eb hesht\u00ebsh n\u00eb media, Inva u rr\u00ebfye n\u00eb media duke treguar se ai q\u00eb la familjen ishe ti, dhe ajo t\u00eb ishte lutur p\u00ebr t\u2019u rikthyer n\u00eb Paris\u2026 Ndodhi k\u00ebshtu v\u00ebrtet?<br \/>\nPo, \u00ebsht\u00eb e v\u00ebrtet\u00eb q\u00eb un\u00eb ika nga Parisi p\u00ebr t\u2019u rikthyer n\u00eb Shqip\u00ebri dhe k\u00ebt\u00eb fakt s\u2019mund ta mohoj. Por e v\u00ebrteta \u00ebsht\u00eb q\u00eb me t\u00eb drejt\u00ebn e Zotit, p\u00ebr familjen un\u00eb dhash\u00eb shum\u00eb nga vetja ime p\u00ebr shum\u00eb koh\u00eb, duke b\u00ebr\u00eb detyr\u00ebn q\u00eb m\u00eb takonte si bashk\u00ebshort dhe baba. Por ndjeva q\u00eb shpirti im po vdiste si njeri dhe si artist. Ngadal\u00eb isha ndar\u00eb n\u00eb dy pjes\u00eb. N\u00eb Pirron q\u00eb e kishte shum\u00eb t\u00eb v\u00ebshtir\u00eb t\u00eb ndahej nga familja ime, q\u00eb e kisha nd\u00ebrtuar me shum\u00eb dashuri dhe sakrifica dhe n\u00eb Pirron tjet\u00ebr, kompozitorin m\u00eb t\u00eb k\u00ebrkuar nga t\u00eb rinjt\u00eb nga viti 1988 deri n\u00eb vitin 1992, pik\u00ebrisht vitin kur ne t\u00eb dy u larguam drejt Parisit dhe karriera ime n\u00eb nj\u00ebfar\u00eb m\u00ebnyre pushoi. U ndava n\u00eb k\u00ebto dy pjes\u00eb, ku me shum\u00eb luft\u00eb brenda vetes vendosa q\u00eb t\u00eb isha ai Pirroja i dyt\u00eb. E pranoj t\u00ebrheqjen time drejt Shqip\u00ebris\u00eb, por tashm\u00eb \u00ebsht\u00eb v\u00ebrtetuar q\u00eb nuk jam kthyer kot. Mos harroni q\u00eb vij nga familje artist\u00ebsh t\u00eb shquar dhe ata kishin shum\u00eb nevoj\u00eb t\u00eb m\u00eb shihnin t\u00eb realizuar n\u00eb rrug\u00ebn time muzikore. Po ashtu jam babai i nj\u00eb djali, t\u00eb cilit nuk do i duhej vet\u00ebm nj\u00eb baba q\u00eb ta rriste dhe edukonte, por do i duhej nj\u00eb baba me identitet n\u00eb jet\u00eb. Pirroja i dyt\u00eb luftoi shum\u00eb gjat\u00eb dhe n\u00eb nj\u00eb moment z\u00ebri i brendsh\u00ebm doli pas 15 vjet\u00ebsh. Natyrisht q\u00eb nuk ishte nj\u00eb vendim apo nj\u00eb kapri\u00e7o e imja. E theksoj, un\u00eb vendosa t\u00eb kthehem n\u00eb Shqip\u00ebri n\u00eb momentin kur gj\u00ebrat shkonin m\u00eb s\u00eb miri n\u00eb familjen time. Sepse Pirro artisti s\u2019e pranonte dot pamund\u00ebsin\u00eb p\u00ebr t\u2019u shprehur si artist i shumansh\u00ebm.<br \/>\nPor mund t\u00eb gjeje nj\u00eb rrug\u00eb t\u00eb mesme, si\u00e7 b\u00ebre me realizimin e dy albumeve nga Parisi\u2026<br \/>\nN\u00eb fakt s\u2019mund ta mohoj q\u00eb n\u00eb Paris realizova dy albumet e mia, por m\u00eb von\u00eb kuptova q\u00eb nuk m\u00eb mjaftonin, e ndieja q\u00eb kisha shum\u00eb mund\u00ebsi t\u00eb kthehesha n\u00eb at\u00eb Pirro \u00c7ako, q\u00eb kisha qen\u00eb n\u00eb vitin \u201988-t\u00eb. Dhe veprova me zem\u00ebr. D\u00ebshira e brendshme p\u00ebr t\u2019u rikthyer n\u00eb gar\u00eb me koleg\u00ebt e mi k\u00ebtu, q\u00eb i ndiqja tek b\u00ebnin krijime t\u00eb bukura dhe q\u00eb i kisha zili, m\u00eb b\u00ebri t\u2019i jepja vetes forc\u00eb p\u00ebr ndryshim. E dija shum\u00eb mir\u00eb q\u00eb do prishja di\u00e7ka nga jeta ime familjare, por do rregulloja di\u00e7ka tjet\u00ebr n\u00eb planin artistik. Si\u00e7 e kan\u00eb komentuar dhe t\u00eb tjer\u00ebt, kthimi im ishte \u201cnj\u00eb ogur t\u00eb mir\u00eb\u201d, pasi tashm\u00eb jam nj\u00eb em\u00ebr q\u00eb kontribuoj p\u00ebr muzik\u00ebn dhe artin shqiptar. N\u00eb fillim mendoja se ma thoshin p\u00ebr t\u00eb m\u00eb b\u00ebr\u00eb qejfin, por tani jam i bindur q\u00eb ma kan\u00eb th\u00ebn\u00eb me sinqeritet, sepse k\u00ebshtu \u00ebsht\u00eb.<br \/>\nKy \u00ebsht\u00eb nga rastet kur shum\u00eb artist\u00eb bien pre e dilem\u00ebs s\u00eb jet\u00ebs s\u00eb tyre, \u201ckarrier\u00eb apo familje\u201d. Ti zgjedh karrier\u00ebn, duke l\u00ebn\u00eb familjen. Nuk mendon se je treguar egoist?<br \/>\nPo jam treguar egoist. Por egoizmi \u00ebsht\u00eb virtyt i gjith\u00eb njer\u00ebzve dhe b\u00ebhet m\u00eb evident tek artist\u00ebt. Nuk jam penduar, pasi v\u00ebrtet jam treguar egoist n\u00eb nj\u00eb moment q\u00eb mendoja se ishin pjekur kushtet p\u00ebr t\u2019u rikthyer n\u00eb sken\u00ebn shqiptare. Vendosa n\u00eb nj\u00eb moment kur n\u00eb familjet time gj\u00ebrat kishin shkuar (jasht\u00eb parashikimeve t\u00eb mia), p\u00ebr mir\u00eb. Un\u00eb s\u2019doja thjesht t\u00eb kthehesha kantautor (pasi un\u00eb kantautorin e b\u00ebj p\u00ebr hobi). Un\u00eb doja t\u00eb rikthehesha si kompozitor, si krijues, q\u00eb \u00ebsht\u00eb talenti im. Doni t\u00eb dini se kush isha un\u00eb n\u00eb Paris? Po jua them. N\u00eb Paris un\u00eb isha nj\u00eb njeri i mbyllur, pa shoq\u00ebri, s\u2019kisha emrin e Pirros q\u00eb kam sot kur t\u00eb gjith\u00eb m\u00eb njohin, m\u00eb k\u00ebrkojn\u00eb k\u00ebng\u00eb. K\u00ebto tri vite punoj me shum\u00eb pasion. Tashm\u00eb jam nj\u00eb em\u00ebr i k\u00ebrkuar n\u00eb muzik\u00eb. Ndryshim shum\u00eb i madh apo jo\u2026 ndaj ia vlejti. Gjithsesi, un\u00eb para se t\u00eb kthehesha, kisha dyshimet e mia nd\u00ebrsa po lija komoditetin e jet\u00ebs q\u00eb b\u00ebra. Por ndoqa intuit\u00ebn time p\u00ebr t\u2019u rikthyer dhe p\u00ebr t\u00eb v\u00ebrtetuar se nuk u ktheva aspak p\u00ebr t\u2019u shp\u00ebtuar p\u00ebrgjegj\u00ebsive t\u00eb nj\u00eb familjari. T\u00eb kund\u00ebrt\u00ebn e v\u00ebrtetova k\u00ebto tri vjet n\u00eb t\u00eb gjitha aspektet dhe me pun\u00ebn time.<br \/>\nPo prind\u00ebrit e tu si e p\u00ebrjetuan k\u00ebt\u00eb ndarje dhe a k\u00ebmb\u00ebngul\u00ebn q\u00eb t\u00eb mos ndodhte?<br \/>\nPrind\u00ebrit e mi, nj\u00eb \u00e7ift q\u00eb kan\u00eb jetuar gjith\u00eb jet\u00ebn n\u00eb harmoni, kan\u00eb qen\u00eb kund\u00ebr prishjes s\u00eb familjes dhe s\u2019kan\u00eb dashur kurr\u00eb q\u00eb un\u00eb t\u00eb ndahesha. Ata natyrisht q\u00eb e kan\u00eb vuajtur shum\u00eb k\u00ebt\u00eb ndarje, ashtu si\u00e7 e kam vuajtur dhe un\u00eb, fakt q\u00eb nuk e mohoj. Por at\u00ebher\u00eb nj\u00eb drit\u00eb besimi m\u2019u dha nga im bir Anthony, i cili edhe pse ishte vet\u00ebm 12 vje\u00e7, m\u00eb tha me bindje: \u201cB\u00ebre shum\u00eb mir\u00eb q\u00eb u ktheve n\u00eb Tiran\u00eb\u201d. Ai m\u00eb jepte kurajo dhe kur n\u00eb momente t\u00eb caktuara pata dob\u00ebsit\u00eb e mia dhe mendoja t\u00eb rikthehesha n\u00eb Paris pran\u00eb familjes. Por Anthony, nj\u00eb f\u00ebmij\u00eb shum\u00eb i zgjuar, me logjik\u00ebn e nj\u00eb t\u00eb rrituri, m\u00eb jepte zem\u00ebr: \u201cS\u2019ka gj\u00eb, do m\u00ebsohemi dhe larg nj\u00ebri-tjetrit\u201d. Tani, Anthony kalon ver\u00ebn me mua n\u00eb Tiran\u00eb dhe \u00ebsht\u00eb shum\u00eb koherent me krijimet e mia. Ndihet krenar me mua dhe thot\u00eb se tashm\u00eb i dukem tjet\u00ebr njeri, \u201cm\u00eb i qet\u00eb dhe m\u00eb i qeshur\u201d. Djali m\u00eb ka kuptuar dhe besuar dhe nuk faj\u00ebson asnj\u00eb nga ne. P\u00ebr t\u00eb, t\u00eb dy kemi t\u00eb drejt\u00eb dhe kjo \u00ebsht\u00eb nj\u00eb gj\u00eb q\u00eb m\u00eb p\u00eblqen shum\u00eb. Tani q\u00eb ai e ka pranuar k\u00ebt\u00eb verdikt timin ndihet i lumtur, pasi edhe mamaja e tij \u00ebsht\u00eb n\u00eb nj\u00eb karrier\u00eb t\u00eb shk\u00eblqyer. Besoj q\u00eb dhe vet\u00eb Inva tashm\u00eb e ka kuptuar q\u00eb n\u00eb Tiran\u00eb erdha p\u00ebr t\u00eb kontribuuar n\u00eb muzik\u00eb dhe jo p\u00ebr t\u2019u sjell\u00eb v\u00ebrdall\u00eb kot m\u00eb kot.<br \/>\nPo me prind\u00ebrit e Inv\u00ebs, t\u00eb ka ndodhur t\u00eb komunikosh?<br \/>\nJo, realisht pas k\u00ebsaj q\u00eb ndodhi, s\u2019kam asnj\u00eb ide rreth tyre. Zakonisht prind\u00ebrit mbrojn\u00eb f\u00ebmij\u00ebt, t\u00eb nj\u00ebjt\u00ebn gj\u00eb kan\u00eb b\u00ebr\u00eb dhe ata. Un\u00eb s\u2019i ndaloj dot komentet q\u00eb mund t\u00eb b\u00ebhen pas shpin\u00ebs sime, por mund t\u00eb them se me ta kam pasur raporte shum\u00eb t\u00eb mira dhe u uroj sh\u00ebndet e jet\u00eb t\u00eb gjat\u00eb, se n\u00eb fund t\u00eb fundit ata s\u2019kan\u00eb lidhje me k\u00ebt\u00eb histori, vendimin e kemi marr\u00eb ne dhe ne jemi p\u00ebrgjegj\u00ebsit.<br \/>\nPo miqt\u00eb tuaj t\u00eb p\u00ebrbashk\u00ebt si u pozicionuan?<br \/>\nN\u00eb fakt disa m\u00eb q\u00ebndruan af\u00ebr, por m\u00eb kan\u00eb b\u00ebr\u00eb shum\u00eb p\u00ebrshtypje disa miq t\u00eb tjer\u00eb, t\u00eb cil\u00ebt pas ndarjes u larguan nga un\u00eb dhe un\u00eb kuptova se sa shum\u00eb ishin shtirur m\u00eb par\u00eb, duke u hequr edhe si miqt\u00eb e mi.<br \/>\nKan\u00eb kaluar tre vite tashm\u00eb, t\u00eb dhemb ende kjo histori dhe si e gjykon tashm\u00eb k\u00ebt\u00eb ndodhi t\u00eb jet\u00ebs t\u00ebnde?<br \/>\nMendoj q\u00eb pas tre vitesh flas p\u00ebr her\u00eb t\u00eb par\u00eb n\u00eb media, edhe pse \u00e7\u00ebshtja e divorcit ka qen\u00eb nd\u00ebr m\u00eb t\u00eb komentuarat mediatikisht. Dhe jo m\u00eb kot vendos t\u00eb flas tani, pasi gj\u00ebrat jan\u00eb qart\u00ebsuar n\u00eb kok\u00ebn time. Tani mund t\u00eb flas me qet\u00ebsi pa at\u00eb inatin e momentit. I shoh gj\u00ebrat shum\u00eb ndryshe, aq ndryshe sa ajo q\u00eb mendoj tani \u00ebsht\u00eb se ne kemi nj\u00eb f\u00ebmij\u00eb dhe \u00e7far\u00ebdo q\u00eb t\u00eb ndodh\u00eb \u00ebsht\u00eb ai f\u00ebmij\u00eb q\u00eb do na mbaj\u00eb peng shpirt\u00ebrisht, edhe pse n\u00eb heshtje.<br \/>\nPor ky f\u00ebmij\u00eb zgjodhi t\u00eb jetoj\u00eb me n\u00ebn\u00ebn n\u00eb Paris, pse?<br \/>\nN\u00eb fakt, ai e tha vet\u00eb n\u00eb procesin gjyq\u00ebsor, q\u00eb zgjedh t\u00eb jetoj\u00eb me mamin n\u00eb Paris, pasi atje ka lindur, atje ka shoq\u00ebrin\u00eb e tij, dhe do vazhdoj\u00eb t\u00eb jetoj\u00eb t\u00eb pakt\u00ebn derisa t\u00eb mbaroj\u00eb studimet e larta. Un\u00eb vet\u00eb ia b\u00ebra ofert\u00ebn t\u00eb vinte t\u00eb jetonte k\u00ebtu, por pa iu lutur, sepse mendoj q\u00eb kishte t\u00eb drejt\u00eb dhe realisht do ishte v\u00ebshtir\u00eb p\u00ebr t\u00eb t\u00eb niste nj\u00eb jet\u00eb t\u00eb re n\u00eb Tiran\u00eb.<br \/>\nNd\u00ebrkoh\u00eb q\u00eb mediat shkruan p\u00ebr ndarjen p\u00ebrfundimtare, ju e \u00e7uat vendimin n\u00eb Gjykat\u00ebn e Apelit. Pse, me \u00e7far\u00eb nuk ishit dakord n\u00eb at\u00eb vendim?<br \/>\nE hodha n\u00eb Gjykat\u00ebn e Apelit \u00e7\u00ebshtjen, pasi n\u00eb at\u00eb vendim faji r\u00ebndonte mbi mua. Nganj\u00ebher\u00eb, koha i qart\u00ebson gj\u00ebrat, prandaj vendosa q\u00eb k\u00ebtij procesi t\u2019i jap edhe pak koh\u00eb, jo se do t\u00eb ndryshoj ndonj\u00eb gj\u00eb, por mendoj q\u00eb p\u00ebrball\u00eb opinionit publik t\u00eb dal\u00eb n\u00eb pah e v\u00ebrteta. Un\u00eb, duke mos u shprehur n\u00eb media dhe duke krijuar muzik\u00eb, i dhash\u00eb koh\u00eb opinionit publik t\u00eb gjente vet\u00eb t\u00eb v\u00ebrtet\u00ebn dhe e v\u00ebrteta e ikjes sime nga Parisi ishte muzika, q\u00eb u v\u00ebrtetua nga sukseset e mia. Ndaj e apelova pik\u00ebrisht p\u00ebr t\u00eb v\u00ebrtetuar se kthimi im kishte vet\u00ebm k\u00ebt\u00eb q\u00ebllim, pasi n\u00eb Shqip\u00ebri kam pasur shum\u00eb presion dhe paragjykime.<br \/>\nNdarja e pasuris\u00eb \u00ebsht\u00eb nj\u00eb tjet\u00ebr \u00e7\u00ebshtje e p\u00ebrfolur p\u00ebr \u00e7iftin \u00c7ako-Mula. Do t\u00eb vazhdosh s\u00ebrish me gjyqe?<br \/>\nP\u00ebr mua pak r\u00ebnd\u00ebsi ka kjo. Pasuria m\u00eb e madhe ishte familja, por tani q\u00eb ajo nuk ekziston, zerove t\u00eb parave u mungon nj\u00ebshi, k\u00ebshtu q\u00eb pasuria \u00ebsht\u00eb zeruar n\u00eb mendjen time. Kam respekt p\u00ebr veten dhe shpresoj shum\u00eb q\u00eb kjo pik\u00eb t\u00eb mos b\u00ebhet edhe m\u00eb objekt i shfrenuar mediatik, duke shitur tirazhe pa fund nga proceset tona gjyq\u00ebsore. Shpresoj shum\u00eb q\u00eb un\u00eb dhe Inva t\u00eb gjejm\u00eb nj\u00eb gjuh\u00eb t\u00eb p\u00ebrbashk\u00ebt dhe k\u00ebt\u00eb \u00e7\u00ebshtje ta zgjidhim me marr\u00ebveshje, pra, pa gjyqe. Besoj se jemi aq t\u00eb vet\u00ebdijsh\u00ebm sa t\u00eb respektojm\u00eb nj\u00ebri-tjetrin n\u00eb k\u00ebt\u00eb pik\u00eb.<br \/>\n\u00cbsht\u00eb e mundur q\u00eb ju nj\u00eb dit\u00eb t\u00eb uleni p\u00ebrball\u00eb nj\u00ebri-tjetrit?<br \/>\nPatjet\u00ebr, pasi do t\u00eb ishte pa kuptim n\u00ebse nuk do arrinim t\u00eb uleshim nj\u00eb dit\u00eb p\u00ebr t\u00eb folur. Divorcet jan\u00eb kthyer n\u00eb fenomene t\u00eb p\u00ebrhapura n\u00eb bot\u00eb, ndaj mendoj q\u00eb inatet dhe m\u00ebrit\u00eb jan\u00eb metoda t\u00eb vjet\u00ebruara tashm\u00eb, n\u00eb koh\u00ebt q\u00eb jetojm\u00eb. Pasi kemi kaluar 25 vite bashk\u00eb, t\u00eb dalim n\u00eb nj\u00eb duel t\u00eb k\u00ebtij tipi s\u2019\u00ebsht\u00eb gj\u00eb e mir\u00eb. E adhuroj Inv\u00ebn dhe tani q\u00eb koha ka b\u00ebr\u00eb t\u00eb vet\u00ebn, mendoj se asgj\u00eb s\u2019ka ndodhur, inati m\u00eb duket absurd.<br \/>\nN\u00eb k\u00ebto koh\u00eb ke tentuar p\u00ebr t\u00eb b\u00ebr\u00eb paqe, pra p\u00ebr t\u00eb folur nga af\u00ebr?<br \/>\nE kam b\u00ebr\u00eb tentativ\u00ebn time para nj\u00eb viti disa her\u00eb, n\u00ebp\u00ebrmjet djalit, jo p\u00ebr t\u2019u rikthyer m\u00eb shum\u00eb sesa p\u00ebr t\u00eb pasur nj\u00eb komunikim. Por mendoj se at\u00ebher\u00eb s\u2019ishin pjekur kushtet p\u00ebr ta b\u00ebr\u00eb k\u00ebt\u00eb dhe me t\u00eb drejt\u00eb Inva m\u00eb ka refuzuar.<br \/>\n\u00c7far\u00eb p\u00ebrjeton kur d\u00ebgjon p\u00ebr Inv\u00ebn, qoft\u00eb p\u00ebr karrier\u00ebn dhe p\u00ebr vendimet e saj t\u00eb reja n\u00eb jet\u00ebn private?<br \/>\nJam shum\u00eb realist dhe normal q\u00eb vjen nj\u00eb moment q\u00eb dikush nga dy vet\u00eb e ka koh\u00ebn p\u00ebr t\u00eb ikur dhe duhet ta respektosh vendimin e tij. Por n\u00eb k\u00ebt\u00eb lidhje dikush iku fizikisht, nd\u00ebrsa tjetri me mendje.<br \/>\nTashm\u00eb Inva nuk e fsheh m\u00eb faktin q\u00eb po jeton nj\u00eb lidhje t\u00eb re me biznesmenin kosovar Et\u2019hem Ramadani. E kishe pritur k\u00ebt\u00eb vendim ndoshta t\u00eb shpejt\u00eb nga gruaja me t\u00eb cil\u00ebn ke provuar dashurin\u00eb e madhe?<br \/>\nN\u00eb momentin q\u00eb s\u2019jemi bashk\u00eb, ajo \u00ebsht\u00eb e lir\u00eb t\u00eb zgjedh\u00eb k\u00eb person t\u00eb doj\u00eb. Por mua s\u2019m\u00eb tronditi fakti q\u00eb ajo ishte me dik\u00eb tjet\u00ebr, sepse ndonj\u00ebher\u00eb vendimet n\u00eb k\u00ebto raste merren p\u00ebr hakmarrje dhe domosdoshm\u00ebri sepse nj\u00eb fem\u00ebr artiste e ka t\u00eb v\u00ebshtir\u00eb t\u00eb jet\u00eb vet\u00ebm. Por tek Inva m\u00eb habiti fakti q\u00eb ajo kishte qen\u00eb nj\u00eb koh\u00eb p\u00ebrpara meje. N\u00eb at\u00eb moment q\u00eb un\u00eb ende nuk mendoja se e kisha humbur Inv\u00ebn plot\u00ebsisht, ajo kishte krijuar nj\u00eb lidhje tjet\u00ebr vet\u00ebm pak muaj pas ndarjes. Un\u00eb personalisht s\u2019mund ta b\u00ebja kurr\u00eb q\u00eb t\u00eb hidhja posht\u00eb 25 vite me Inv\u00ebn vet\u00ebm pak muaj pasi i kishim th\u00ebn\u00eb nj\u00ebri-tjetrit q\u00eb kjo lidhje ka marr\u00eb fund. At\u00ebher\u00eb hoqa \u00e7do iluzion p\u00ebr ribashkim, nj\u00eb iluzion q\u00eb e kisha n\u00eb vetvete, pasi s\u2019\u00ebsht\u00eb \u00e7udi q\u00eb dy t\u00eb ndar\u00eb t\u00eb ribashkohen, jo vet\u00ebm pas disa muajsh, por edhe pas shum\u00eb vitesh. Por jo, pas k\u00ebsaj, p\u00ebr mua dhe Inv\u00ebn kishte marr\u00eb fund.<br \/>\nKush ka qen\u00eb Inva Mula at\u00ebher\u00eb dhe kush \u00ebsht\u00eb p\u00ebr ty tani pas ndarjes?<br \/>\nDeri n\u00eb momentin q\u00eb u ndam\u00eb, martesa jon\u00eb ishte model p\u00ebr t\u2019u marr\u00eb shembull. Por n\u00ebse do flas p\u00ebr Inv\u00ebn at\u00ebher\u00eb, un\u00eb tashm\u00eb kam filluar t\u00eb kuptoj m\u00eb shum\u00eb q\u00eb njeriu e dashka suksesin, suksesi e tjet\u00ebrson, e b\u00ebn t\u00eb besuesh\u00ebm, t\u00eb pagabuesh\u00ebm, e b\u00ebn njeriun lider. Tani q\u00eb un\u00eb ndihem i barabart\u00eb me Inv\u00ebn, e admiroj p\u00ebr at\u00eb q\u00eb ajo ka arritur n\u00eb jet\u00eb, se me t\u00eb v\u00ebrtet\u00eb nuk \u00ebsht\u00eb e leht\u00eb t\u00eb b\u00ebsh karrier\u00eb n\u00eb bot\u00eb. Dhe do doja q\u00eb ashtu si\u00e7 un\u00eb u b\u00ebra mb\u00ebshtet\u00ebsi i saj q\u00eb ajo t\u00eb arrinte at\u00eb sukses, edhe pse tani s\u2019jam m\u00eb pran\u00eb saj, i uroj q\u00eb ky sukses t\u2019i zgjas\u00eb gjith\u00eb jet\u00ebn. \u00cbsht\u00eb e leht\u00eb t\u00eb flas\u00ebsh dhe t\u00eb paragjykosh me inate t\u00eb vogla. Por theksoj q\u00eb po flas me sinqeritetin e shpirtit. Ne ik\u00ebm t\u00eb dy nga Shqip\u00ebria n\u00eb vitin \u201892 si dy njer\u00ebz t\u00eb humbur n\u00eb nj\u00eb Paris gjigant. Inva u realizua atje dhe kur mendoj q\u00eb fal\u00eb Zotit g\u00ebzojm\u00eb sh\u00ebndet t\u00eb plot\u00eb, them q\u00eb tashm\u00eb mund t\u00eb p\u00ebrsh\u00ebndesim suksesin e nj\u00ebri-tjetrit n\u00eb distanc\u00eb dhe t\u2019i pranojm\u00eb vendimet tona.<br \/>\nMe k\u00ebng\u00ebn \u201cMir\u00ebmbr\u00ebma, si je?\u201d krijon iden\u00eb se tani dashurin\u00eb nuk e k\u00ebrkon m\u00eb nga njohjet e gjata si ajo me Inv\u00ebn, por nga rast\u00ebsia. Beson se mund t\u00eb lind\u00eb nj\u00eb dashuri e madhe kaq rast\u00ebsisht?<br \/>\nPo fakti q\u00eb dal k\u00ebndoj k\u00ebt\u00eb k\u00ebng\u00eb, edhe mund t\u00eb paragjykohem. Po mendoj q\u00eb shum\u00eb njer\u00ebz e kan\u00eb gjetur dashurin\u00eb e madhe te rast\u00ebsia. Nd\u00ebrsa un\u00eb vet\u00eb po e k\u00ebrkoj te rruga e jet\u00ebs sime, nj\u00eb itinerar q\u00eb e b\u00ebj p\u00ebrdit\u00eb dhe e b\u00ebj vet\u00ebm un\u00eb.<br \/>\nK\u00ebto tre vite ku b\u00ebn jet\u00ebn si beqar, t\u00eb ka ndihmuar ndopak rast\u00ebsia?<br \/>\nUn\u00eb kam dashur shpesh t\u00eb dal nga vetja, por nj\u00eb Pirro q\u00eb i takon shenj\u00ebs zodiakale t\u00eb peshores, nuk do t\u00eb ndryshoj\u00eb kurr\u00eb. Kam b\u00ebr\u00eb jet\u00eb aktive, kam pasur liri pafund, por n\u00eb thelb kam mbetur i nj\u00ebjti. S\u2019jam aventurieri q\u00eb mund t\u00eb jem komentuar nisur nga vargjet e mia, pasi tekstet s\u2019jan\u00eb gjith\u00e7ka. Thon\u00eb ndonj\u00ebher\u00eb q\u00eb Pirro \u00ebsht\u00eb \u201cnaiv\u201d, por t\u00eb jesh naiv n\u00eb mosh\u00ebn time \u00ebsht\u00eb si piktor\u00ebt naiv\u00eb q\u00eb b\u00ebjn\u00eb mrekulli. Me jet\u00ebn time n\u00eb Tiran\u00eb kam hedhur drit\u00eb mbi \u00ebndrrat e mia, pasi kam pasur \u00ebnd\u00ebrr t\u00eb realizohem si muzikant. P\u00ebr fat, Zoti nuk m\u00eb ka harruar, pasi t\u00eb gjith\u00eb pyesin me \u00e7udi se ku e gjen Pirro at\u00eb forc\u00eb p\u00ebr t\u00eb qen\u00eb energjik dhe gjithmon\u00eb i ri. E Zoti ma jep gjithmon\u00eb nj\u00eb dor\u00eb, \u00ebsht\u00eb Ai q\u00eb m\u00eb kupton dhe m\u00eb jep t\u00eb drejt\u00eb.<br \/>\nJe nj\u00eb nga kompozitor\u00ebt m\u00eb t\u00eb lakmuar, je pasuruar n\u00eb k\u00ebto vite nga muzika?<br \/>\nJo, me muzik\u00eb n\u00eb Shqip\u00ebri vet\u00ebm mund t\u00eb mbijetosh. Un\u00eb tashm\u00eb realizoj 15 k\u00ebng\u00eb n\u00eb vit dhe secili mund ta b\u00ebj\u00eb llogarin\u00eb vet\u00eb sesa para fitoj un\u00eb.<br \/>\nFol\u00ebm p\u00ebr nj\u00eb martes\u00eb t\u00eb gjat\u00eb, t\u00eb bukur, por jo me \u201cHappy end\u201d. Je i trembur nga kjo eksperienc\u00eb, do e provoj\u00eb s\u00ebrish?<br \/>\nK\u00ebto tre vjet jam ndier i vetmuar, por martesa nuk \u00ebsht\u00eb nj\u00eb kombinim matematik, ku mund t\u00eb arrish rezultat ideal me mbledhje e shum\u00ebzime. Nuk dua q\u00eb t\u00eb provoj prap\u00eb t\u00eb nj\u00ebjt\u00ebn eksperienc\u00eb ndarjeje dhe n\u00eb k\u00ebt\u00eb pik\u00eb do tregohem shum\u00eb i kujdessh\u00ebm. Deri tani s\u2019e kam k\u00ebrkuar femr\u00ebn q\u00eb mund t\u00eb m\u00eb b\u00ebj\u00eb ta rimendoj martes\u00ebn, por n\u00ebse do vij\u00eb ndonj\u00ebra q\u00eb t\u00eb m\u00eb b\u00ebj\u00eb t\u00eb ndihem mir\u00eb, pse jo\u2026!<\/p>\n<p><strong>Panorama Plus<br \/>\n<!--YouTube Error: bad URL entered--><\/strong><\/p>\n","protected":false},"excerpt":{"rendered":"<p>Do t\u00eb ket\u00eb nj\u00eb apel t\u00eb fundit, q\u00eb kantautori i njohur \u00c7ako do t\u2019i b\u00ebj\u00eb sopranos s\u00eb njohur Inva Mula. Vendimin e Gjykat\u00ebs s\u00eb Tiran\u00ebs p\u00ebr divorc p\u00ebrfundimtar, \u00c7ako e ka \u00e7uar p\u00ebr rishikim n\u00eb Gjykat\u00ebn e Apelit p\u00ebr t\u00eb kund\u00ebrshtuar faktin q\u00eb p\u00ebr k\u00ebt\u00eb divorc fajtori ishte ai. Nuk \u00ebsht\u00eb supersticioz, por kur vjen [&hellip;]<\/p>\n","protected":false},"author":1,"featured_media":0,"comment_status":"open","ping_status":"closed","sticky":false,"template":"","format":"standard","meta":{"spay_email":"","jetpack_publicize_message":"","jetpack_is_tweetstorm":false,"jetpack_publicize_feature_enabled":true},"categories":[1],"tags":[7415,7419],"jetpack_publicize_connections":[],"yoast_head":"<!-- This site is optimized with the Yoast SEO plugin v19.1 - https:\/\/yoast.com\/wordpress\/plugins\/seo\/ -->\n<title>Pirro \u00c7ako: Ju rrefej 25 vitet me Inven - Lajme nga Ulqini<\/title>\n<meta name=\"description\" content=\"Do t\u00eb ket\u00eb nj\u00eb apel t\u00eb fundit, q\u00eb kantautori i njohur \u00c7ako do t\u2019i b\u00ebj\u00eb sopranos s\u00eb njohur Inva Mula. Vendimin e Gjykat\u00ebs s\u00eb Tiran\u00ebs p\u00ebr divorc\" \/>\n<meta name=\"robots\" content=\"index, follow, max-snippet:-1, max-image-preview:large, max-video-preview:-1\" \/>\n<link rel=\"canonical\" href=\"https:\/\/www.visit-ulcinj.com\/blog\/2010\/12\/01\/pirro-cako-ju-rrefej-25-vitet-me-inven\/\" \/>\n<meta property=\"og:locale\" content=\"en_US\" \/>\n<meta property=\"og:type\" content=\"article\" \/>\n<meta property=\"og:title\" content=\"Pirro \u00c7ako: Ju rrefej 25 vitet me Inven - Lajme nga Ulqini\" \/>\n<meta property=\"og:description\" content=\"Do t\u00eb ket\u00eb nj\u00eb apel t\u00eb fundit, q\u00eb kantautori i njohur \u00c7ako do t\u2019i b\u00ebj\u00eb sopranos s\u00eb njohur Inva Mula. Vendimin e Gjykat\u00ebs s\u00eb Tiran\u00ebs p\u00ebr divorc\" \/>\n<meta property=\"og:url\" content=\"https:\/\/www.visit-ulcinj.com\/blog\/2010\/12\/01\/pirro-cako-ju-rrefej-25-vitet-me-inven\/\" \/>\n<meta property=\"og:site_name\" content=\"Lajme nga Ulqini\" \/>\n<meta property=\"article:published_time\" content=\"2010-12-01T12:28:13+00:00\" \/>\n<meta property=\"article:modified_time\" content=\"2010-12-01T12:29:32+00:00\" \/>\n<meta property=\"og:image\" content=\"http:\/\/www.visit-ulcinj.com\/blog\/wp-content\/uploads\/2010\/12\/Pirro-Cako.jpg\" \/>\n<meta name=\"twitter:label1\" content=\"Written by\" \/>\n\t<meta name=\"twitter:data1\" content=\"ulqini\" \/>\n\t<meta name=\"twitter:label2\" content=\"Est. reading time\" \/>\n\t<meta name=\"twitter:data2\" content=\"19 minutes\" \/>\n<script type=\"application\/ld+json\" class=\"yoast-schema-graph\">{\"@context\":\"https:\/\/schema.org\",\"@graph\":[{\"@type\":\"WebSite\",\"@id\":\"https:\/\/www.visit-ulcinj.com\/blog\/#website\",\"url\":\"https:\/\/www.visit-ulcinj.com\/blog\/\",\"name\":\"Lajme nga Ulqini\",\"description\":\"Lajme,Vijesti,Ulqini,Ulqin,Crna Gora,Mali i Zi\",\"potentialAction\":[{\"@type\":\"SearchAction\",\"target\":{\"@type\":\"EntryPoint\",\"urlTemplate\":\"https:\/\/www.visit-ulcinj.com\/blog\/?s={search_term_string}\"},\"query-input\":\"required name=search_term_string\"}],\"inLanguage\":\"en-US\"},{\"@type\":\"ImageObject\",\"inLanguage\":\"en-US\",\"@id\":\"https:\/\/www.visit-ulcinj.com\/blog\/2010\/12\/01\/pirro-cako-ju-rrefej-25-vitet-me-inven\/#primaryimage\",\"url\":\"http:\/\/www.visit-ulcinj.com\/blog\/wp-content\/uploads\/2010\/12\/Pirro-Cako.jpg\",\"contentUrl\":\"http:\/\/www.visit-ulcinj.com\/blog\/wp-content\/uploads\/2010\/12\/Pirro-Cako.jpg\"},{\"@type\":\"WebPage\",\"@id\":\"https:\/\/www.visit-ulcinj.com\/blog\/2010\/12\/01\/pirro-cako-ju-rrefej-25-vitet-me-inven\/#webpage\",\"url\":\"https:\/\/www.visit-ulcinj.com\/blog\/2010\/12\/01\/pirro-cako-ju-rrefej-25-vitet-me-inven\/\",\"name\":\"Pirro \u00c7ako: Ju rrefej 25 vitet me Inven - Lajme nga Ulqini\",\"isPartOf\":{\"@id\":\"https:\/\/www.visit-ulcinj.com\/blog\/#website\"},\"primaryImageOfPage\":{\"@id\":\"https:\/\/www.visit-ulcinj.com\/blog\/2010\/12\/01\/pirro-cako-ju-rrefej-25-vitet-me-inven\/#primaryimage\"},\"datePublished\":\"2010-12-01T12:28:13+00:00\",\"dateModified\":\"2010-12-01T12:29:32+00:00\",\"author\":{\"@id\":\"https:\/\/www.visit-ulcinj.com\/blog\/#\/schema\/person\/dcab619c614d3038751c63bc2aadc06d\"},\"description\":\"Do t\u00eb ket\u00eb nj\u00eb apel t\u00eb fundit, q\u00eb kantautori i njohur \u00c7ako do t\u2019i b\u00ebj\u00eb sopranos s\u00eb njohur Inva Mula. Vendimin e Gjykat\u00ebs s\u00eb Tiran\u00ebs p\u00ebr divorc\",\"breadcrumb\":{\"@id\":\"https:\/\/www.visit-ulcinj.com\/blog\/2010\/12\/01\/pirro-cako-ju-rrefej-25-vitet-me-inven\/#breadcrumb\"},\"inLanguage\":\"en-US\",\"potentialAction\":[{\"@type\":\"ReadAction\",\"target\":[\"https:\/\/www.visit-ulcinj.com\/blog\/2010\/12\/01\/pirro-cako-ju-rrefej-25-vitet-me-inven\/\"]}]},{\"@type\":\"BreadcrumbList\",\"@id\":\"https:\/\/www.visit-ulcinj.com\/blog\/2010\/12\/01\/pirro-cako-ju-rrefej-25-vitet-me-inven\/#breadcrumb\",\"itemListElement\":[{\"@type\":\"ListItem\",\"position\":1,\"name\":\"Pirro \u00c7ako: Ju rrefej 25 vitet me Inven\"}]},{\"@type\":\"Person\",\"@id\":\"https:\/\/www.visit-ulcinj.com\/blog\/#\/schema\/person\/dcab619c614d3038751c63bc2aadc06d\",\"name\":\"ulqini\",\"sameAs\":[\"http:\/\/www.visit-ulcinj.com\"],\"url\":\"https:\/\/www.visit-ulcinj.com\/blog\/author\/admin\/\"}]}<\/script>\n<!-- \/ Yoast SEO plugin. -->","yoast_head_json":{"title":"Pirro \u00c7ako: Ju rrefej 25 vitet me Inven - Lajme nga Ulqini","description":"Do t\u00eb ket\u00eb nj\u00eb apel t\u00eb fundit, q\u00eb kantautori i njohur \u00c7ako do t\u2019i b\u00ebj\u00eb sopranos s\u00eb njohur Inva Mula. Vendimin e Gjykat\u00ebs s\u00eb Tiran\u00ebs p\u00ebr divorc","robots":{"index":"index","follow":"follow","max-snippet":"max-snippet:-1","max-image-preview":"max-image-preview:large","max-video-preview":"max-video-preview:-1"},"canonical":"https:\/\/www.visit-ulcinj.com\/blog\/2010\/12\/01\/pirro-cako-ju-rrefej-25-vitet-me-inven\/","og_locale":"en_US","og_type":"article","og_title":"Pirro \u00c7ako: Ju rrefej 25 vitet me Inven - Lajme nga Ulqini","og_description":"Do t\u00eb ket\u00eb nj\u00eb apel t\u00eb fundit, q\u00eb kantautori i njohur \u00c7ako do t\u2019i b\u00ebj\u00eb sopranos s\u00eb njohur Inva Mula. Vendimin e Gjykat\u00ebs s\u00eb Tiran\u00ebs p\u00ebr divorc","og_url":"https:\/\/www.visit-ulcinj.com\/blog\/2010\/12\/01\/pirro-cako-ju-rrefej-25-vitet-me-inven\/","og_site_name":"Lajme nga Ulqini","article_published_time":"2010-12-01T12:28:13+00:00","article_modified_time":"2010-12-01T12:29:32+00:00","og_image":[{"url":"http:\/\/www.visit-ulcinj.com\/blog\/wp-content\/uploads\/2010\/12\/Pirro-Cako.jpg"}],"twitter_misc":{"Written by":"ulqini","Est. reading time":"19 minutes"},"schema":{"@context":"https:\/\/schema.org","@graph":[{"@type":"WebSite","@id":"https:\/\/www.visit-ulcinj.com\/blog\/#website","url":"https:\/\/www.visit-ulcinj.com\/blog\/","name":"Lajme nga Ulqini","description":"Lajme,Vijesti,Ulqini,Ulqin,Crna Gora,Mali i Zi","potentialAction":[{"@type":"SearchAction","target":{"@type":"EntryPoint","urlTemplate":"https:\/\/www.visit-ulcinj.com\/blog\/?s={search_term_string}"},"query-input":"required name=search_term_string"}],"inLanguage":"en-US"},{"@type":"ImageObject","inLanguage":"en-US","@id":"https:\/\/www.visit-ulcinj.com\/blog\/2010\/12\/01\/pirro-cako-ju-rrefej-25-vitet-me-inven\/#primaryimage","url":"http:\/\/www.visit-ulcinj.com\/blog\/wp-content\/uploads\/2010\/12\/Pirro-Cako.jpg","contentUrl":"http:\/\/www.visit-ulcinj.com\/blog\/wp-content\/uploads\/2010\/12\/Pirro-Cako.jpg"},{"@type":"WebPage","@id":"https:\/\/www.visit-ulcinj.com\/blog\/2010\/12\/01\/pirro-cako-ju-rrefej-25-vitet-me-inven\/#webpage","url":"https:\/\/www.visit-ulcinj.com\/blog\/2010\/12\/01\/pirro-cako-ju-rrefej-25-vitet-me-inven\/","name":"Pirro \u00c7ako: Ju rrefej 25 vitet me Inven - Lajme nga Ulqini","isPartOf":{"@id":"https:\/\/www.visit-ulcinj.com\/blog\/#website"},"primaryImageOfPage":{"@id":"https:\/\/www.visit-ulcinj.com\/blog\/2010\/12\/01\/pirro-cako-ju-rrefej-25-vitet-me-inven\/#primaryimage"},"datePublished":"2010-12-01T12:28:13+00:00","dateModified":"2010-12-01T12:29:32+00:00","author":{"@id":"https:\/\/www.visit-ulcinj.com\/blog\/#\/schema\/person\/dcab619c614d3038751c63bc2aadc06d"},"description":"Do t\u00eb ket\u00eb nj\u00eb apel t\u00eb fundit, q\u00eb kantautori i njohur \u00c7ako do t\u2019i b\u00ebj\u00eb sopranos s\u00eb njohur Inva Mula. Vendimin e Gjykat\u00ebs s\u00eb Tiran\u00ebs p\u00ebr divorc","breadcrumb":{"@id":"https:\/\/www.visit-ulcinj.com\/blog\/2010\/12\/01\/pirro-cako-ju-rrefej-25-vitet-me-inven\/#breadcrumb"},"inLanguage":"en-US","potentialAction":[{"@type":"ReadAction","target":["https:\/\/www.visit-ulcinj.com\/blog\/2010\/12\/01\/pirro-cako-ju-rrefej-25-vitet-me-inven\/"]}]},{"@type":"BreadcrumbList","@id":"https:\/\/www.visit-ulcinj.com\/blog\/2010\/12\/01\/pirro-cako-ju-rrefej-25-vitet-me-inven\/#breadcrumb","itemListElement":[{"@type":"ListItem","position":1,"name":"Pirro \u00c7ako: Ju rrefej 25 vitet me Inven"}]},{"@type":"Person","@id":"https:\/\/www.visit-ulcinj.com\/blog\/#\/schema\/person\/dcab619c614d3038751c63bc2aadc06d","name":"ulqini","sameAs":["http:\/\/www.visit-ulcinj.com"],"url":"https:\/\/www.visit-ulcinj.com\/blog\/author\/admin\/"}]}},"jetpack_featured_media_url":"","jetpack_sharing_enabled":true,"jetpack_shortlink":"https:\/\/wp.me\/pe6lTn-avs","_links":{"self":[{"href":"https:\/\/www.visit-ulcinj.com\/blog\/wp-json\/wp\/v2\/posts\/40390"}],"collection":[{"href":"https:\/\/www.visit-ulcinj.com\/blog\/wp-json\/wp\/v2\/posts"}],"about":[{"href":"https:\/\/www.visit-ulcinj.com\/blog\/wp-json\/wp\/v2\/types\/post"}],"author":[{"embeddable":true,"href":"https:\/\/www.visit-ulcinj.com\/blog\/wp-json\/wp\/v2\/users\/1"}],"replies":[{"embeddable":true,"href":"https:\/\/www.visit-ulcinj.com\/blog\/wp-json\/wp\/v2\/comments?post=40390"}],"version-history":[{"count":0,"href":"https:\/\/www.visit-ulcinj.com\/blog\/wp-json\/wp\/v2\/posts\/40390\/revisions"}],"wp:attachment":[{"href":"https:\/\/www.visit-ulcinj.com\/blog\/wp-json\/wp\/v2\/media?parent=40390"}],"wp:term":[{"taxonomy":"category","embeddable":true,"href":"https:\/\/www.visit-ulcinj.com\/blog\/wp-json\/wp\/v2\/categories?post=40390"},{"taxonomy":"post_tag","embeddable":true,"href":"https:\/\/www.visit-ulcinj.com\/blog\/wp-json\/wp\/v2\/tags?post=40390"}],"curies":[{"name":"wp","href":"https:\/\/api.w.org\/{rel}","templated":true}]}}