{"id":40395,"date":"2010-12-01T16:27:25","date_gmt":"2010-12-01T15:27:25","guid":{"rendered":"http:\/\/www.visit-ulcinj.com\/blog\/?p=40395"},"modified":"2010-12-01T16:27:25","modified_gmt":"2010-12-01T15:27:25","slug":"genta-eurovizioni-zviceran-me-ka-vjedhur-votat","status":"publish","type":"post","link":"https:\/\/www.visit-ulcinj.com\/blog\/2010\/12\/01\/genta-eurovizioni-zviceran-me-ka-vjedhur-votat\/","title":{"rendered":"Genta: Eurovizioni zviceran m\u00eb ka vjedhur votat"},"content":{"rendered":"<p><a href=\"http:\/\/www.visit-ulcinj.com\/blog\/wp-content\/uploads\/2010\/12\/Genta_Eurovizioni-zviceran-me-ka-vjedhur-votat.jpg\"><img loading=\"lazy\" class=\"alignleft size-full wp-image-40433\" title=\"Genta_Eurovizioni zviceran me ka vjedhur votat\" src=\"http:\/\/www.visit-ulcinj.com\/blog\/wp-content\/uploads\/2010\/12\/Genta_Eurovizioni-zviceran-me-ka-vjedhur-votat.jpg\" alt=\"\" width=\"490\" height=\"380\" \/><\/a>Duket se s\u00eb fundmi k\u00ebng\u00ebtarja e njohur si \u201cdiva\u201d e muzik\u00ebs kosovare dhe asaj shqiptare, Genta Ismajli, \u00ebsht\u00eb mjaft e irrituar. Shkak sipas saj \u00ebsht\u00eb b\u00ebr\u00eb vjedhja e votave duke ia hequr mundesine p\u00ebr t\u00eb qen\u00eb pjes\u00ebmarr\u00ebse n\u00eb konkurrimin p\u00ebrfundimtar t\u00eb Eurovizionit zviceran.<br \/>\nGenta hyri n\u00eb konkursin seleksionues p\u00ebr t\u00eb p\u00ebrfaq\u00ebsuar shtetin zviceran n\u00eb Eurovizion. Vet\u00ebm pak koh\u00eb m\u00eb par\u00eb transmetuesi zyrtar i Zvicr\u00ebs SF, mbajti nj\u00eb konkurs online votimi p\u00ebr t\u00eb zgjedhur 7 k\u00ebng\u00ebt m\u00eb t\u00eb mira nga 327 pjes\u00ebmarr\u00ebs.<\/p>\n<p>Vet\u00eb k\u00ebng\u00ebtarja kishte besim se votimi do t\u00eb trajtohej n\u00eb m\u00ebnyr\u00eb t\u00eb drejt\u00eb, por shprehet se p\u00ebr fat t\u00eb keq ata kan\u00eb g\u00ebnjyer duke e p\u00ebrjashtuar at\u00eb nga mund\u00ebsia p\u00ebr t\u00eb merituar fitoren.<br \/>\nTelevizoni zviceran mbylli afatin p\u00ebr t\u00eb hyr\u00eb n\u00eb konkurrim n\u00eb dat\u00ebn 30 tetor nd\u00ebrkoh\u00eb q\u00eb hapi votimin online p\u00ebr t\u00eb par\u00eb dhe rezultatin e disa dit\u00ebve m\u00eb pas.<br \/>\nDhe s\u00eb fundmi rezultatet tregojn\u00eb se Genta nuk \u00ebsht\u00eb me numrin e caktuar t\u00eb votave p\u00ebr t\u00eb pretenduar p\u00ebr p\u00ebrfaq\u00ebsim n\u00eb k\u00ebt\u00eb eveniment nd\u00ebrkoh\u00eb q\u00eb aktiviteti i madh do t\u00eb mbahet n\u00eb dat\u00ebn 11 Dhjetor dhe fituesi do t\u00eb vendoset nga votat e teleshikuesve.<br \/>\nDo t\u00eb jet\u00eb pik\u00ebrisht k\u00ebnga fituese e dal\u00eb nga ky aktivitet q\u00eb do t\u00eb p\u00ebrfaq\u00ebsoj\u00eb Zvicr\u00ebn n\u00eb Eurivizionin e k\u00ebtij viti q\u00eb mbahet n\u00eb Gjermani.<br \/>\n<!--YouTube Error: bad URL entered--><\/p>\n","protected":false},"excerpt":{"rendered":"<p>Duket se s\u00eb fundmi k\u00ebng\u00ebtarja e njohur si \u201cdiva\u201d e muzik\u00ebs kosovare dhe asaj shqiptare, Genta Ismajli, \u00ebsht\u00eb mjaft e irrituar. Shkak sipas saj \u00ebsht\u00eb b\u00ebr\u00eb vjedhja e votave duke ia hequr mundesine p\u00ebr t\u00eb qen\u00eb pjes\u00ebmarr\u00ebse n\u00eb konkurrimin p\u00ebrfundimtar t\u00eb Eurovizionit zviceran. Genta hyri n\u00eb konkursin seleksionues p\u00ebr t\u00eb p\u00ebrfaq\u00ebsuar shtetin zviceran n\u00eb Eurovizion. [&hellip;]<\/p>\n","protected":false},"author":1,"featured_media":0,"comment_status":"open","ping_status":"closed","sticky":false,"template":"","format":"standard","meta":{"spay_email":"","jetpack_publicize_message":"","jetpack_is_tweetstorm":false,"jetpack_publicize_feature_enabled":true},"categories":[1],"tags":[323],"jetpack_publicize_connections":[],"yoast_head":"<!-- This site is optimized with the Yoast SEO plugin v19.1 - https:\/\/yoast.com\/wordpress\/plugins\/seo\/ -->\n<title>Genta: Eurovizioni zviceran m\u00eb ka vjedhur votat - Lajme nga Ulqini<\/title>\n<meta name=\"description\" content=\"Duket se s\u00eb fundmi k\u00ebng\u00ebtarja e njohur si \u201cdiva\u201d e muzik\u00ebs kosovare dhe asaj shqiptare, Genta Ismajli, \u00ebsht\u00eb mjaft e irrituar. Shkak sipas saj \u00ebsht\u00eb b\u00ebr\u00eb\" \/>\n<meta name=\"robots\" content=\"index, follow, max-snippet:-1, max-image-preview:large, max-video-preview:-1\" \/>\n<link rel=\"canonical\" href=\"https:\/\/www.visit-ulcinj.com\/blog\/2010\/12\/01\/genta-eurovizioni-zviceran-me-ka-vjedhur-votat\/\" \/>\n<meta property=\"og:locale\" content=\"en_US\" \/>\n<meta property=\"og:type\" content=\"article\" \/>\n<meta property=\"og:title\" content=\"Genta: Eurovizioni zviceran m\u00eb ka vjedhur votat - Lajme nga Ulqini\" \/>\n<meta property=\"og:description\" content=\"Duket se s\u00eb fundmi k\u00ebng\u00ebtarja e njohur si \u201cdiva\u201d e muzik\u00ebs kosovare dhe asaj shqiptare, Genta Ismajli, \u00ebsht\u00eb mjaft e irrituar. Shkak sipas saj \u00ebsht\u00eb b\u00ebr\u00eb\" \/>\n<meta property=\"og:url\" content=\"https:\/\/www.visit-ulcinj.com\/blog\/2010\/12\/01\/genta-eurovizioni-zviceran-me-ka-vjedhur-votat\/\" \/>\n<meta property=\"og:site_name\" content=\"Lajme nga Ulqini\" \/>\n<meta property=\"article:published_time\" content=\"2010-12-01T15:27:25+00:00\" \/>\n<meta property=\"og:image\" content=\"http:\/\/www.visit-ulcinj.com\/blog\/wp-content\/uploads\/2010\/12\/Genta_Eurovizioni-zviceran-me-ka-vjedhur-votat.jpg\" \/>\n<meta name=\"twitter:label1\" content=\"Written by\" \/>\n\t<meta name=\"twitter:data1\" content=\"ulqini\" \/>\n\t<meta name=\"twitter:label2\" content=\"Est. reading time\" \/>\n\t<meta name=\"twitter:data2\" content=\"1 minute\" \/>\n<script type=\"application\/ld+json\" class=\"yoast-schema-graph\">{\"@context\":\"https:\/\/schema.org\",\"@graph\":[{\"@type\":\"WebSite\",\"@id\":\"https:\/\/www.visit-ulcinj.com\/blog\/#website\",\"url\":\"https:\/\/www.visit-ulcinj.com\/blog\/\",\"name\":\"Lajme nga Ulqini\",\"description\":\"Lajme,Vijesti,Ulqini,Ulqin,Crna Gora,Mali i Zi\",\"potentialAction\":[{\"@type\":\"SearchAction\",\"target\":{\"@type\":\"EntryPoint\",\"urlTemplate\":\"https:\/\/www.visit-ulcinj.com\/blog\/?s={search_term_string}\"},\"query-input\":\"required name=search_term_string\"}],\"inLanguage\":\"en-US\"},{\"@type\":\"ImageObject\",\"inLanguage\":\"en-US\",\"@id\":\"https:\/\/www.visit-ulcinj.com\/blog\/2010\/12\/01\/genta-eurovizioni-zviceran-me-ka-vjedhur-votat\/#primaryimage\",\"url\":\"http:\/\/www.visit-ulcinj.com\/blog\/wp-content\/uploads\/2010\/12\/Genta_Eurovizioni-zviceran-me-ka-vjedhur-votat.jpg\",\"contentUrl\":\"http:\/\/www.visit-ulcinj.com\/blog\/wp-content\/uploads\/2010\/12\/Genta_Eurovizioni-zviceran-me-ka-vjedhur-votat.jpg\"},{\"@type\":\"WebPage\",\"@id\":\"https:\/\/www.visit-ulcinj.com\/blog\/2010\/12\/01\/genta-eurovizioni-zviceran-me-ka-vjedhur-votat\/#webpage\",\"url\":\"https:\/\/www.visit-ulcinj.com\/blog\/2010\/12\/01\/genta-eurovizioni-zviceran-me-ka-vjedhur-votat\/\",\"name\":\"Genta: Eurovizioni zviceran m\u00eb ka vjedhur votat - Lajme nga Ulqini\",\"isPartOf\":{\"@id\":\"https:\/\/www.visit-ulcinj.com\/blog\/#website\"},\"primaryImageOfPage\":{\"@id\":\"https:\/\/www.visit-ulcinj.com\/blog\/2010\/12\/01\/genta-eurovizioni-zviceran-me-ka-vjedhur-votat\/#primaryimage\"},\"datePublished\":\"2010-12-01T15:27:25+00:00\",\"dateModified\":\"2010-12-01T15:27:25+00:00\",\"author\":{\"@id\":\"https:\/\/www.visit-ulcinj.com\/blog\/#\/schema\/person\/dcab619c614d3038751c63bc2aadc06d\"},\"description\":\"Duket se s\u00eb fundmi k\u00ebng\u00ebtarja e njohur si \u201cdiva\u201d e muzik\u00ebs kosovare dhe asaj shqiptare, Genta Ismajli, \u00ebsht\u00eb mjaft e irrituar. Shkak sipas saj \u00ebsht\u00eb b\u00ebr\u00eb\",\"breadcrumb\":{\"@id\":\"https:\/\/www.visit-ulcinj.com\/blog\/2010\/12\/01\/genta-eurovizioni-zviceran-me-ka-vjedhur-votat\/#breadcrumb\"},\"inLanguage\":\"en-US\",\"potentialAction\":[{\"@type\":\"ReadAction\",\"target\":[\"https:\/\/www.visit-ulcinj.com\/blog\/2010\/12\/01\/genta-eurovizioni-zviceran-me-ka-vjedhur-votat\/\"]}]},{\"@type\":\"BreadcrumbList\",\"@id\":\"https:\/\/www.visit-ulcinj.com\/blog\/2010\/12\/01\/genta-eurovizioni-zviceran-me-ka-vjedhur-votat\/#breadcrumb\",\"itemListElement\":[{\"@type\":\"ListItem\",\"position\":1,\"name\":\"Genta: Eurovizioni zviceran m\u00eb ka vjedhur votat\"}]},{\"@type\":\"Person\",\"@id\":\"https:\/\/www.visit-ulcinj.com\/blog\/#\/schema\/person\/dcab619c614d3038751c63bc2aadc06d\",\"name\":\"ulqini\",\"sameAs\":[\"http:\/\/www.visit-ulcinj.com\"],\"url\":\"https:\/\/www.visit-ulcinj.com\/blog\/author\/admin\/\"}]}<\/script>\n<!-- \/ Yoast SEO plugin. -->","yoast_head_json":{"title":"Genta: Eurovizioni zviceran m\u00eb ka vjedhur votat - Lajme nga Ulqini","description":"Duket se s\u00eb fundmi k\u00ebng\u00ebtarja e njohur si \u201cdiva\u201d e muzik\u00ebs kosovare dhe asaj shqiptare, Genta Ismajli, \u00ebsht\u00eb mjaft e irrituar. Shkak sipas saj \u00ebsht\u00eb b\u00ebr\u00eb","robots":{"index":"index","follow":"follow","max-snippet":"max-snippet:-1","max-image-preview":"max-image-preview:large","max-video-preview":"max-video-preview:-1"},"canonical":"https:\/\/www.visit-ulcinj.com\/blog\/2010\/12\/01\/genta-eurovizioni-zviceran-me-ka-vjedhur-votat\/","og_locale":"en_US","og_type":"article","og_title":"Genta: Eurovizioni zviceran m\u00eb ka vjedhur votat - Lajme nga Ulqini","og_description":"Duket se s\u00eb fundmi k\u00ebng\u00ebtarja e njohur si \u201cdiva\u201d e muzik\u00ebs kosovare dhe asaj shqiptare, Genta Ismajli, \u00ebsht\u00eb mjaft e irrituar. Shkak sipas saj \u00ebsht\u00eb b\u00ebr\u00eb","og_url":"https:\/\/www.visit-ulcinj.com\/blog\/2010\/12\/01\/genta-eurovizioni-zviceran-me-ka-vjedhur-votat\/","og_site_name":"Lajme nga Ulqini","article_published_time":"2010-12-01T15:27:25+00:00","og_image":[{"url":"http:\/\/www.visit-ulcinj.com\/blog\/wp-content\/uploads\/2010\/12\/Genta_Eurovizioni-zviceran-me-ka-vjedhur-votat.jpg"}],"twitter_misc":{"Written by":"ulqini","Est. reading time":"1 minute"},"schema":{"@context":"https:\/\/schema.org","@graph":[{"@type":"WebSite","@id":"https:\/\/www.visit-ulcinj.com\/blog\/#website","url":"https:\/\/www.visit-ulcinj.com\/blog\/","name":"Lajme nga Ulqini","description":"Lajme,Vijesti,Ulqini,Ulqin,Crna Gora,Mali i Zi","potentialAction":[{"@type":"SearchAction","target":{"@type":"EntryPoint","urlTemplate":"https:\/\/www.visit-ulcinj.com\/blog\/?s={search_term_string}"},"query-input":"required name=search_term_string"}],"inLanguage":"en-US"},{"@type":"ImageObject","inLanguage":"en-US","@id":"https:\/\/www.visit-ulcinj.com\/blog\/2010\/12\/01\/genta-eurovizioni-zviceran-me-ka-vjedhur-votat\/#primaryimage","url":"http:\/\/www.visit-ulcinj.com\/blog\/wp-content\/uploads\/2010\/12\/Genta_Eurovizioni-zviceran-me-ka-vjedhur-votat.jpg","contentUrl":"http:\/\/www.visit-ulcinj.com\/blog\/wp-content\/uploads\/2010\/12\/Genta_Eurovizioni-zviceran-me-ka-vjedhur-votat.jpg"},{"@type":"WebPage","@id":"https:\/\/www.visit-ulcinj.com\/blog\/2010\/12\/01\/genta-eurovizioni-zviceran-me-ka-vjedhur-votat\/#webpage","url":"https:\/\/www.visit-ulcinj.com\/blog\/2010\/12\/01\/genta-eurovizioni-zviceran-me-ka-vjedhur-votat\/","name":"Genta: Eurovizioni zviceran m\u00eb ka vjedhur votat - Lajme nga Ulqini","isPartOf":{"@id":"https:\/\/www.visit-ulcinj.com\/blog\/#website"},"primaryImageOfPage":{"@id":"https:\/\/www.visit-ulcinj.com\/blog\/2010\/12\/01\/genta-eurovizioni-zviceran-me-ka-vjedhur-votat\/#primaryimage"},"datePublished":"2010-12-01T15:27:25+00:00","dateModified":"2010-12-01T15:27:25+00:00","author":{"@id":"https:\/\/www.visit-ulcinj.com\/blog\/#\/schema\/person\/dcab619c614d3038751c63bc2aadc06d"},"description":"Duket se s\u00eb fundmi k\u00ebng\u00ebtarja e njohur si \u201cdiva\u201d e muzik\u00ebs kosovare dhe asaj shqiptare, Genta Ismajli, \u00ebsht\u00eb mjaft e irrituar. Shkak sipas saj \u00ebsht\u00eb b\u00ebr\u00eb","breadcrumb":{"@id":"https:\/\/www.visit-ulcinj.com\/blog\/2010\/12\/01\/genta-eurovizioni-zviceran-me-ka-vjedhur-votat\/#breadcrumb"},"inLanguage":"en-US","potentialAction":[{"@type":"ReadAction","target":["https:\/\/www.visit-ulcinj.com\/blog\/2010\/12\/01\/genta-eurovizioni-zviceran-me-ka-vjedhur-votat\/"]}]},{"@type":"BreadcrumbList","@id":"https:\/\/www.visit-ulcinj.com\/blog\/2010\/12\/01\/genta-eurovizioni-zviceran-me-ka-vjedhur-votat\/#breadcrumb","itemListElement":[{"@type":"ListItem","position":1,"name":"Genta: Eurovizioni zviceran m\u00eb ka vjedhur votat"}]},{"@type":"Person","@id":"https:\/\/www.visit-ulcinj.com\/blog\/#\/schema\/person\/dcab619c614d3038751c63bc2aadc06d","name":"ulqini","sameAs":["http:\/\/www.visit-ulcinj.com"],"url":"https:\/\/www.visit-ulcinj.com\/blog\/author\/admin\/"}]}},"jetpack_featured_media_url":"","jetpack_sharing_enabled":true,"jetpack_shortlink":"https:\/\/wp.me\/pe6lTn-avx","_links":{"self":[{"href":"https:\/\/www.visit-ulcinj.com\/blog\/wp-json\/wp\/v2\/posts\/40395"}],"collection":[{"href":"https:\/\/www.visit-ulcinj.com\/blog\/wp-json\/wp\/v2\/posts"}],"about":[{"href":"https:\/\/www.visit-ulcinj.com\/blog\/wp-json\/wp\/v2\/types\/post"}],"author":[{"embeddable":true,"href":"https:\/\/www.visit-ulcinj.com\/blog\/wp-json\/wp\/v2\/users\/1"}],"replies":[{"embeddable":true,"href":"https:\/\/www.visit-ulcinj.com\/blog\/wp-json\/wp\/v2\/comments?post=40395"}],"version-history":[{"count":0,"href":"https:\/\/www.visit-ulcinj.com\/blog\/wp-json\/wp\/v2\/posts\/40395\/revisions"}],"wp:attachment":[{"href":"https:\/\/www.visit-ulcinj.com\/blog\/wp-json\/wp\/v2\/media?parent=40395"}],"wp:term":[{"taxonomy":"category","embeddable":true,"href":"https:\/\/www.visit-ulcinj.com\/blog\/wp-json\/wp\/v2\/categories?post=40395"},{"taxonomy":"post_tag","embeddable":true,"href":"https:\/\/www.visit-ulcinj.com\/blog\/wp-json\/wp\/v2\/tags?post=40395"}],"curies":[{"name":"wp","href":"https:\/\/api.w.org\/{rel}","templated":true}]}}