{"id":4043,"date":"2008-10-08T11:49:45","date_gmt":"2008-10-08T16:49:45","guid":{"rendered":"http:\/\/www.visit-ulcinj.com\/blog\/?p=4043"},"modified":"2008-10-17T13:26:09","modified_gmt":"2008-10-17T18:26:09","slug":"hapet-rruga-per-njohjen-e-pavaresise-se-kosoves","status":"publish","type":"post","link":"https:\/\/www.visit-ulcinj.com\/blog\/2008\/10\/08\/hapet-rruga-per-njohjen-e-pavaresise-se-kosoves\/","title":{"rendered":"Hapet rruga p\u00ebr njohjen e pavar\u00ebsis\u00eb s\u00eb Kosov\u00ebs"},"content":{"rendered":"<p><a href=\"http:\/\/www.visit-ulcinj.com\/blog\/wp-content\/uploads\/2008\/10\/skupstina-crne-gore.jpg\"><img loading=\"lazy\" class=\"alignleft size-medium wp-image-3863\" title=\"skupstina-crne-gore\" src=\"http:\/\/www.visit-ulcinj.com\/blog\/wp-content\/uploads\/2008\/10\/skupstina-crne-gore-300x225.jpg\" alt=\"\" width=\"300\" height=\"225\" srcset=\"https:\/\/www.visit-ulcinj.com\/blog\/wp-content\/uploads\/2008\/10\/skupstina-crne-gore-300x225.jpg 300w, https:\/\/www.visit-ulcinj.com\/blog\/wp-content\/uploads\/2008\/10\/skupstina-crne-gore.jpg 640w\" sizes=\"(max-width: 300px) 100vw, 300px\" \/><\/a><strong>Parlamenti miratoi rezolut\u00ebn e integrimeve<\/strong><br \/>\nUn\u00eb jam i bindur se LD n\u00eb MZ dhe ASH do t\u00eb prishin koalicionin n\u00eb Komun\u00ebn Urbane t\u00eb Tuzit me Partit\u00eb Socialiste Popullore me t\u00eb cil\u00ebn mbajn\u00eb pushtetin. Nuk mund t\u00eb lumturohet Mal\u00ebsia me ata t\u00eb cil\u00ebt nes\u00ebr do t\u00eb protestojn\u00eb kund\u00ebr njohjes s\u00eb pavar\u00ebsis\u00eb s\u00eb Kosov\u00ebs. Me ata t\u00eb cil\u00ebt djepin e tyre e duan n\u00eb dhomat tona t\u00eb fjetjes.<br \/>\nParlamenti i Malit t\u00eb Zi ka miratuar m\u00eb 3 tetor Rezolut\u00ebn p\u00ebr domosdoshm\u00ebrin\u00eb e p\u00ebrshpejtimit t\u00eb procesit t\u00eb integrimeve europiane dhe euroatlantike t\u00eb k\u00ebtij shteti. Natyrisht se integrimi n\u00eb BE, por edhe ai n\u00eb NATO, jan\u00eb me interes jetik p\u00ebr nj\u00eb shtet dhe shqiptar\u00ebt k\u00ebto duhet t`i p\u00ebrsh\u00ebndesin pa rezerv\u00eb, por rezoluta e sip\u00ebrp\u00ebrmendur ka p\u00ebr ne edhe nj\u00eb dimension t\u00eb ve\u00e7ant\u00eb. N\u00eb nj\u00ebr\u00ebn nga pikat e saj ajo, n\u00eb m\u00ebnyr\u00eb elegante, hap\u00eb rrug\u00eb p\u00ebr Qeverin\u00eb e Malit t\u00eb Zi q\u00eb t\u00eb njoh\u00eb pavar\u00ebsin\u00eb e Kosov\u00ebs.<br \/>\nHartues t\u00eb Rezolut\u00ebs ishin deputet\u00ebt e Partis\u00eb Demokratike t\u00eb Socialist\u00ebve t\u00eb kryeministrit Gjukanoviq dhe ata t\u00eb Partis\u00eb Social Demokratike t\u00eb kryeparlamentarit Krivokapiq, t\u00eb cilat s\u00eb bashku me Unionin Demokratik t\u00eb Shqiptar\u00ebve, b\u00ebjn\u00eb Qeverin\u00eb e Malit t\u00eb Zi. N\u00eb Rezolut\u00eb thuhet qart\u00eb se Mali i Zi i sheh integrimet europiane dhe euroatlantike si interes strategjik t\u00eb tij dhe se do t\u00eb jet\u00eb i gatsh\u00ebm t\u00eb p\u00ebrmbush t\u00eb gjitha normat dhe sugjerimet e BE-s\u00eb dhe t\u00eb NATO-s lidhur me t\u00eb gjitha \u00e7\u00ebshtjet, duke shtruar se sjellja e till\u00eb do t\u00eb jet\u00eb prezente edhe lidhur me \u00e7\u00ebshtjen e Kosov\u00ebs. Kjo, de facto, do t\u00eb thot\u00eb se Mali i Zi do t\u00eb njoh\u00eb Kosov\u00ebn dhe se Qeveria nuk do t\u00eb pres\u00eb shum\u00eb p\u00ebr t\u00eb marr\u00eb nj\u00eb vendim t\u00eb till\u00eb, pasi q\u00eb Rezoluta \u00ebsht\u00eb miratuar n\u00eb seanc\u00ebn e par\u00eb t\u00eb sesionit t\u00eb vjesht\u00ebs t\u00eb Parlamentit t\u00eb Malit t\u00eb Zi. Rezolut\u00ebn, pos PDS-s\u00eb, PSD-s\u00eb e UDSH-s\u00eb, e kan\u00eb p\u00ebrkrahur edhe Lidhja Demokratike n\u00eb Mal t\u00eb Zi, Alternativa Shqiptare dhe Partia Boshnjake. Edhe deputeti kroat i cili \u00ebsht\u00eb n\u00eb list\u00ebn e PDS-s\u00eb votoi pro.<br \/>\nKund\u00ebr saj kan\u00eb votuar Lista Serbe, Partia Socialiste Popullore, Partia Popullore dhe Partia Liberale. N\u00eb mbledhje nuk ka marr\u00eb pjes\u00eb L\u00ebvizja p\u00ebr Ndryshime, por, sipas liderit t\u00eb saj, sikur t\u00eb kishte marr\u00eb pjes\u00eb edhe ajo do t\u00eb kishte votuar kund\u00ebr.<br \/>\nMiratimi i Rezolut\u00ebs, diskutimi dhe votimi rreth saj, imponojn\u00eb analizimin e disa aspekteve t\u00eb proceseve politike n\u00eb Mal t\u00eb Zi, sidomos nga k\u00ebndi i interesit t\u00eb shqiptar\u00ebve.<br \/>\nS\u00eb pari, \u00ebsht\u00eb e qart\u00eb se pa partit\u00eb qeveritare kjo rezolut\u00eb nuk ishte miratuar dhe as q\u00eb kishte hyr\u00eb n\u00eb rend t\u00eb dit\u00ebs. Me k\u00ebto parti prej partive shqiptare bashk\u00ebpunon vet\u00ebm UDSH-ja edhe n\u00eb nivele lokale edhe n\u00eb ato shtet\u00ebrore, duke krijuar nj\u00eb partneritet t\u00eb mir\u00ebfillt\u00eb dhe duke i ndihmuar ato n\u00eb krye t\u00eb projekteve q\u00eb kan\u00eb qen\u00eb vendimtare p\u00ebr p\u00ebrmir\u00ebsimin e ambientit t\u00eb p\u00ebrgjithsh\u00ebm politik e shoq\u00ebror n\u00eb Mal t\u00eb Zi, pra edhe p\u00ebr avancimin e pozit\u00ebs dhe t\u00eb interesave t\u00eb shqiptar\u00ebve. Vet\u00ebm UDSH ka qen\u00eb i gatsh\u00ebm t\u00eb n\u00ebnshkruante pik\u00ebrisht me k\u00ebto parti Marr\u00ebveshjen p\u00ebr veprim t\u00eb p\u00ebrbashk\u00ebt n\u00eb fushat\u00ebn e referendumit p\u00ebr pavar\u00ebsin\u00eb e Malit t\u00eb Zi. Vet\u00ebm p\u00ebrfaq\u00ebsuesi i UDSH-s\u00eb ka folur n\u00eb konvent\u00ebn p\u00ebrfundimtare t\u00eb k\u00ebsaj fushate para m\u00eb se 70 mij\u00eb p\u00ebrkrah\u00ebsve t\u00eb pavar\u00ebsis\u00eb. Unioni ishte ai t\u00eb cilit asokohe i \u00ebsht\u00eb dukur se pavar\u00ebsia e Malit t\u00eb Zi do t\u00eb jet\u00eb e r\u00ebnd\u00ebsishme p\u00ebr pavar\u00ebsin\u00eb e Kosov\u00ebs. Unioni e ka dikur se pavar\u00ebsia e Malit t\u00eb Zi \u00ebsht\u00eb paradhom\u00eb e pavar\u00ebsis\u00eb s\u00eb Kosov\u00ebs. Dhe ja q\u00eb Mali i Zi i pavarur po tregon gatishm\u00ebri p\u00ebr t\u00eb njohur Kosov\u00ebn e pavarur.<a href=\"http:\/\/www.visit-ulcinj.com\/blog\/wp-content\/uploads\/2008\/09\/vujanoviq_dinosha_tuz-2008.jpg\"><img loading=\"lazy\" class=\"size-medium wp-image-3591 alignright\" title=\"Vujanoviq_Dinosha\" src=\"http:\/\/www.visit-ulcinj.com\/blog\/wp-content\/uploads\/2008\/09\/vujanoviq_dinosha_tuz-2008-300x205.jpg\" alt=\"\" width=\"300\" height=\"205\" srcset=\"https:\/\/www.visit-ulcinj.com\/blog\/wp-content\/uploads\/2008\/09\/vujanoviq_dinosha_tuz-2008-300x205.jpg 300w, https:\/\/www.visit-ulcinj.com\/blog\/wp-content\/uploads\/2008\/09\/vujanoviq_dinosha_tuz-2008.jpg 610w\" sizes=\"(max-width: 300px) 100vw, 300px\" \/><\/a><\/p>\n<p>Natyrisht, nuk e b\u00ebn ai k\u00ebt\u00eb p\u00ebr hat\u00ebr t\u00eb Kosov\u00ebs as pse i \u00ebsht\u00eb g\u00ebzuar shum\u00eb pavar\u00ebsis\u00eb s\u00eb saj. E b\u00ebn k\u00ebt\u00eb p\u00ebr hir t\u00eb interesit t\u00eb vet nacional dhe shtet\u00ebror.<br \/>\nE b\u00ebn p\u00ebr arsye se n\u00eb loj\u00ebn e shahut, t\u00eb mbik\u00ebqyrur nga nd\u00ebrkomb\u00ebtar\u00ebt, figurat kan\u00eb ardhur n\u00eb at\u00eb pozicion. Ka qen\u00eb me r\u00ebnd\u00ebsi q\u00eb ndonj\u00eb parti shqiptare &#8220;t\u00eb t\u00ebrheq\u00eb ndonj\u00eb potez&#8221; n\u00eb k\u00ebt\u00eb loj\u00eb dhe UDSH nuk e ka l\u00ebn\u00eb pa e b\u00ebr\u00eb k\u00ebt\u00eb.<br \/>\nPor, &#8220;potezat&#8221; e duhur nuk mund t`i t\u00ebrheq\u00eb kushdo. Ato jan\u00eb shpesh t\u00eb dhimbshme, por duhet t\u00eb t\u00ebrhiqen se t\u00eb mir\u00ebn e kan\u00eb pas. Nuk do ta ket\u00eb aspak t\u00eb leht\u00eb kryeministri Gjukanoviq q\u00eb ta njoh\u00eb Kosov\u00ebn. Nuk e ka pasur leht\u00eb as brenda partis\u00eb s\u00eb vet, do ta ket\u00eb v\u00ebshtir\u00eb edhe brenda opinionit malazez dhe atij serb. Por, vet\u00ebm ai ka qen\u00eb i aft\u00eb t`i dal\u00eb zot k\u00ebsaj pune, pa \u00e7ar\u00eb kok\u00ebn p\u00ebr fyerjet dhe anatemat e nacionalist\u00ebve serb\u00eb, duke th\u00ebn\u00eb se k\u00ebto jan\u00eb llogari p\u00ebr politikat e gabuara nacionaliste t\u00eb serbom\u00ebdhenjve n\u00eb t\u00eb kaluar\u00ebn. Andaj, partneriteti i partive shqiptare me t\u00eb dhe me pushtetin e tij nuk mund t\u00eb jet\u00eb n\u00eb d\u00ebm t\u00eb shqiptar\u00ebve.<br \/>\nS\u00eb dyti, \u00ebsht\u00eb e qart\u00eb se nuk mund t\u00eb kihet partneriz\u00ebm me partit\u00eb serbe n\u00eb Mal t\u00eb Zi. \u00cbsht\u00eb d\u00ebm i madh dhe humbje kohe \u00e7do bashk\u00ebpunim me to. Un\u00eb jam i bindur se k\u00ebt\u00eb e kan\u00eb kuptuar m\u00eb n\u00eb fund edhe LD n\u00eb MZ dhe ASH, t\u00eb cilat kan\u00eb flirtuar mjaft gjat\u00eb me to. Jam i bindur se e kan\u00eb kuptuar p\u00ebrse t\u00eb gjitha partit\u00eb serbe ishin zem\u00ebrgjera dhe p\u00ebrkrahnin komun\u00ebn e plot\u00eb t\u00eb Tuzit n\u00eb momentin e pik\u00ebrish\u00ebm politik n\u00eb Mal t\u00eb Zi. N\u00eb momentin kur ai po p\u00ebrgatitej p\u00ebr referendumin e pavar\u00ebsis\u00eb dhe kur, pa votat e Mal\u00ebsis\u00eb pushteti n\u00eb kryeqytetin e Malit t\u00eb Zi do t\u00eb kalonte n\u00eb duart e partive serbe, me t\u00eb gjitha pasojat fatale p\u00ebr proceset demokratike, gj\u00eb q\u00eb ende nuk \u00ebsht\u00eb evituar\u2026 Un\u00eb jam i bindur se LD n\u00eb MZ dhe ASH do t\u00eb prishin koalicionin n\u00eb Komun\u00ebn Urbane t\u00eb Tuzit me Partit\u00eb Socialiste Popullore me t\u00eb cil\u00ebn mbajn\u00eb pushtetin. Nuk mund t\u00eb lumturohet Mal\u00ebsia me ata t\u00eb cil\u00ebt nes\u00ebr do t\u00eb protestojn\u00eb kund\u00ebr njohjes s\u00eb pavar\u00ebsis\u00eb s\u00eb Kosov\u00ebs. Me ata t\u00eb cil\u00ebt djepin e tyre e duan n\u00eb dhomat tona t\u00eb fjetjes.<\/p>\n<div id=\"attachment_4045\" style=\"width: 310px\" class=\"wp-caption alignleft\"><a href=\"http:\/\/www.youtube.com\/watch?v=E76Sp6BkI6I\"><img aria-describedby=\"caption-attachment-4045\" loading=\"lazy\" class=\"size-medium wp-image-4045\" title=\"nebojsa-medojevic\" src=\"http:\/\/www.visit-ulcinj.com\/blog\/wp-content\/uploads\/2008\/10\/nebojsa-medojevic-300x238.jpg\" alt=\"Konvencija u Ulcinju - Nebojsa Medojevic-Video klik\" width=\"300\" height=\"238\" srcset=\"https:\/\/www.visit-ulcinj.com\/blog\/wp-content\/uploads\/2008\/10\/nebojsa-medojevic-300x238.jpg 300w, https:\/\/www.visit-ulcinj.com\/blog\/wp-content\/uploads\/2008\/10\/nebojsa-medojevic.jpg 438w\" sizes=\"(max-width: 300px) 100vw, 300px\" \/><\/a><p id=\"caption-attachment-4045\" class=\"wp-caption-text\">Konvencija u Ulcinju - Nebojsa Medojevic-Video kliko<\/p><\/div>\n<p>S\u00eb treti, \u00ebsht\u00eb e qart\u00eb se bashk\u00ebpunimi dhe partneriteti nuk \u00ebsht\u00eb i mundsh\u00ebm as me disa parti opozitare malazeze t\u00eb cilat jan\u00eb paraqitur n\u00eb sken\u00eb me pak m\u00eb tep\u00ebr petk demokratik. Thash\u00eb m\u00eb sip\u00ebr se kund\u00ebr Rezolut\u00ebs ka votuar edhe Partia Liberale dhe se k\u00ebshtu kishte b\u00ebr\u00eb po t\u00eb kishte marr\u00eb pjes\u00eb n\u00eb mbledhje L\u00ebvizja p\u00ebr Ndryshime e z. Medojeviq. Liberal\u00ebt kan\u00eb ditur nj\u00eb koh\u00eb t\u00eb gjat\u00eb t\u00eb marrin nj\u00eb p\u00ebrqindje t\u00eb majme t\u00eb votave shqiptare, kurse L\u00ebvizja p\u00ebr Ndryshime si parti e re parlamentare ka pas filluar t\u00eb josh\u00eb p\u00ebr bashk\u00ebpunim edhe disa lider\u00eb shqiptar\u00eb. Ata, madje n\u00eb zgjedhjet e fundit presidenciale i pat\u00ebn ftuar shqiptar\u00ebt q\u00eb t\u00eb p\u00ebrkrahin liderin e tyre z. Medojeviq p\u00ebr president t\u00eb Malit t\u00eb Zi.<br \/>\nPor, ja q\u00eb koha i bie gj\u00ebrat n\u00eb vendin vet\u00eb. Z. Medojeviq \u00ebsht\u00eb ithtar i integrimeve, por jo edhe i atyre q\u00eb Kosov\u00ebn e shohin shtet t\u00eb pavarur.<br \/>\n\u00cbsht\u00eb p\u00ebr t\u00eb drejtat e shqiptar\u00ebve si pakic\u00eb nacionale n\u00eb Mal t\u00eb Zi, por jo edhe p\u00ebr t\u00eb drejtat e shqiptar\u00ebve si popull n\u00eb Kosov\u00eb!<br \/>\nUDSH t\u00eb till\u00ebve kaher\u00eb u ka th\u00ebn\u00eb STOP.<br \/>\nS\u00eb kat\u00ebrti, \u00ebsht\u00eb e qart\u00eb se edhe n\u00eb t\u00eb ardhmen, s\u00eb paku n\u00eb t\u00eb ardhmen e af\u00ebrt, partit\u00eb shqiptare n\u00eb Mal t\u00eb Zi duhet t\u00eb vazhdojn\u00eb t\u00eb k\u00ebrkojn\u00eb partneritet me partit\u00eb aktuale qeveritare n\u00eb Mal t\u00eb Zi. Me ato parti t\u00eb cilat nes\u00ebr do ta njohin Kosov\u00ebn; me ato t\u00eb cilat nes\u00ebr do t\u00eb jen\u00eb t\u00eb gatshme p\u00ebr fqinj\u00ebsi t\u00eb mir\u00eb me Kosov\u00ebn dhe me Shqip\u00ebrin\u00eb; me ato parti t\u00eb cilat nes\u00ebr Berish\u00ebn dhe Tha\u00e7in do t`i ken\u00eb mikprit\u00ebs n\u00eb Tiran\u00eb a Prishtin\u00eb ose mysafir\u00eb n\u00eb Podgoric\u00eb.<br \/>\nS\u00eb pesti e p\u00ebr fund, \u00ebsht\u00eb e qart\u00eb se p\u00ebr t`u krijuar k\u00ebto relacione e realitete \u00ebsht\u00eb dashur edhe nga ana e partive shqiptare n\u00eb Mal t\u00eb Zi shum\u00eb pun\u00eb e dije, durim e sakrific\u00eb, pragmatiz\u00ebm e diplomaci, vendosm\u00ebri e sinqeritet. Koha po d\u00ebshmon se qysh n\u00eb vitin 1997, kur z. Millo Gjukanoviq u ka th\u00ebn\u00eb &#8220;Jo&#8221; politikave t\u00eb Millosheviqit, k\u00ebto elemente n\u00eb pun\u00ebn e tij e kan\u00eb p\u00ebrcjellur m\u00eb s\u00eb shumti Unioinin Demokratik t\u00eb Shqiptar\u00ebve, t\u00eb cilit iu b\u00ebn\u00eb m\u00eb se dhjet\u00eb vjet n\u00eb Qeverin\u00eb e Malit t\u00eb Zi, n\u00eb at\u00eb Qeveri e cila nes\u00ebr do ta njoh\u00eb Kosov\u00ebn.<br \/>\n<strong>Ferhat Dinosha<br \/>\nKoha Javore<\/strong><\/p>\n<p><object classid=\"clsid:d27cdb6e-ae6d-11cf-96b8-444553540000\" width=\"425\" height=\"344\" codebase=\"http:\/\/download.macromedia.com\/pub\/shockwave\/cabs\/flash\/swflash.cab#version=6,0,40,0\"><param name=\"allowFullScreen\" value=\"true\" \/><param name=\"src\" value=\"http:\/\/www.youtube.com\/v\/GFp127i--jM&amp;hl=en&amp;fs=1\" \/><\/object><\/p>\n<p style=\"text-align: center;\"><a style=\"&quot;float:\" title=\"???? ????,?????,Ulcinj,Montenegru,??????????,\u00c7ernoqoriya,???????????,Montenegiro,?ern\u00e1 Hora,??????????,Cz\u00f4rnog\u00f3ra,Cz\u00f4rn\u00f4 G\u00f3ra,Carna G\u00f3ra,T\u0161ernogooria,\u00c7ernogoriya,Montain\u00e9agr\u00f3,Montenegwo,?orna Hora,Montenegr\u00f3,M?ntenigro,Chernogoriya ,\u00c7\u00earnogor\u00ee ,?????????,????????? ,??????? ,Montes Nigrae,Mons Niger,M\u00f4ntenegr\u00f4,Muntenegru,??????????,Czarnog\u00f3ra,Muntinigru,Muntenegro, Muntenegru,\t?ierna Hora,Cxerngora,????????,?rna gora,Moontineegro,?ornog?ra,\u00c7ernogori\u00fda,Chernogoriya,Mont\u00f5negro,????? ???? ,?r?na Gora,?r?nogorije,?ernogorija,?arnahoryja,??????????,???????????????????? ,?ern?g?riy\u00e2,M?nt?n??r?,????? ?????? ,????????,??????????,???????????,M?nten?gro,???? ????? ,????????,M\u00f4ntenegr\u00f4,????????????,???????????,????????????, ??????????? ,????????????,??????????? ,\u008d\u2022?R\/?K?R ,\u0192\u201a\u0192\u201c\u0192e\u0192l\u0192O\u0192\u008d,\u00b8???\u00b3?\u00b1?\u00b7? ,Muntenegru, ????? ????, Montenegr?,chambres ? louer ? ulcinj, location de vacance, location saisonni?res, louer villa,location de vacance, Locations vacance, h?bergements vacances, locations villa, logements de vacances, location maison avec piscine, Location vacance, locations de vacance, h?bergements de vacances, location villa, locations entre particulier, logements vacance, vacances ? Mont?n?gro - location ? Ulcinj ,location  de bigorre,Urlaub in Ulcinj -Montenegro,Hotelbewertungen Ulcinj,Reisen Ulcinj, Urlaub Ulcinj,Hotel in Serbien und Montenegro von Urlaubern bewertet,Billig Urlaub in Ulcinj,ferienh?user,ferienwohnung,Billige Ferienh?user,Ferienwohnung ULCINJ,Ferien an der Adria,Urlaub im Ferienhaus ulcinjBilligreisen Ulcinj,Pauschalreisen,FKK Strand Ada Bojana ulcinj,Last Minute Angebote ulcinj,Preise f?r Lastminute,Kleinanzeigen gratis,Ausflug nach Ulcinj,FKK-Reisen ada bojana,FKK-Urlaub ulcinj,Privatni smje?taj,rezervacija smje?taja,apartmani,sobe,ku?e,odmor,sobe za odmor ulcinj,Pretraivanje privatnog smje?taja,rooms rent accommodation ulcinj, rentail private accommodation ulcinj,?elite rezervirati privatni smje?taj,Private accommodation,Smje?taj ulcinj,Pushime Verore ulqin,pushime t? lira n? ulqin,Pushime ne plazh,Pushime te kendshme,dhoma per pushime ulqin,dhoma me qera ulqin,dhoma te lira ulqin,pushime te lira ulqin,mali i zi,kosova,maqedoni,shqiperi,Pushime ne det te ulqinit,godi?nji odmor u ulcinj,odmor u ulcinj,Ku?a za odmor,kuda na odmor,ljetovanje u ulcinj,slobodne sobe,dhoma te lira,ku?a uz more,turisti?ka ponuda,odmor i zabava,povolne cene,sobe,usluge,Mjesto za Va? odmor , Place for Your holiday,Odmor portal,putovanaja,Iznajmljivanje soba ulcinj,odmor ulcinj info,Va?e mjesto za odmor ulcinj,nudisticka plaza ada bojana,smjestaj ponuda ulcinj,lokacioni i dhomave ulqin,deti,plazhet e bukura,diskoteka,zbavitja,.&quot; copacabana ulcinj,  h?tels,  hotel ulqin,  Kosova,  Mali i Zi,  Maqedonija,  Montenegro,  montenegro tourisme plage,  montenegro ulcinj,  Shpallje Falas,  Shpallje Falas per shitjen e shtepis se juaj,  Shpallje Falas per villat e juaj,  Shpallje Falas Real Estate,  Shpallje Falas turistike,  shqiperija,  tourisme,  Ulci?,  ulcinj,  ulqin,  ulqin hotel,  ulqini,  ulqini 2007,Ada Bojana,  Alba?czyk,  Cita di Dolcino,  Copacabana,  Czarnog?ra,  Czarnog?rzec,  Don Kichota,  Ma\u00b3a Pla?a,  Mandra,  MIGUEL DE SERVANTES,  p?\u00b3wyspy Marjan,  Pla?a Valdanos,  Rzeka Bojana,  Shas \/ ?as \/ Sva\u00e8,  Ulci?,  Ulcinjsk\u00b9 Riwier\u00ea,  Wielka Pla?a,  Wyspa Bojana,WELCOME ,BIENVENUE , WILLKOMMEN ,- BENVENUTO ,- MIR? SE VINI ,- DOBRO DO?LI TO ULCINJ \/ ULQIN ,\u2013 MONTENEGRO ,????? ?????????? ,- VITAJTE, - BRUCHIM HABAYIM ,-V?TEJTE, - WITAJCIE, - KHOSH ?MAD?D ,- BITAEMO ,- CHAIRE, - ZAPRASHAJEM ,- V?LKOMMEN,  - VELKOMMEN ,- DOBRE DOSHLE, - PARI YEGAK ,- SW?GATAM, - ISTEN HOZTA, - ZAYT VILKUM, - HO?GELDINIZ ,- BIENVENIDOS ,- SUSHRI AKAL, - HUSH KILDEGEZ, - BUN VENIT, - PE KHER RAGLE, - BEM-VINDO, - HUAN YIN ,- BIEN ATI VENI ,- ?SANTU ,- SELAMAT DATANG, - W?LLKOMM ,- XUSH AMD?D, - SVEIKI, - HUN BI XER HATIN, - KIRINIZ ,- ENNA ,VISHAYAM ,- MERHABA ,- F?ILTE, - VELKOMINN ,- VAELKOMIN, - TERE TULEMAST ,- M?RSHA W?GH?L ,- MISHTO AVILAN , WELKOM ,- TERVETULOA ,- ONGI ETORRI ,-, REKHIM ITEGEZ ,- XOSH G?LM?S?N, - WILICOM ,- CROESO ,- SHAGATOM, - IRASHAIMASU ,- KEBLAR, - AHUP YAN, - IRKHT ERGANAVIDN, - LUID, - SOHM SW?KOHM, - URAKAZA ,- KARIBU, - SELAM, - VIDZA ,KORAM -, YEYACHI -, KUSHE - ,BIENVENIDA -, ESIET SVEICINATI ,- FAILT ,- ,KRUPAY? ?TUY?, - MAIEM ,- BENVEGN?U ,- TAVTAI ,MORIL, - TAMA ,- BENVINUTU ,- SILAMO, - WILUJENG SUMPING ,- MABUHAY ,- GAZHACA ?TISKOM, - DOBRO POZHALOVAT' ,- TISTIK ,- ISIBINGELELO, - BALLE, - INDE TORN LAP ,- SOO DHA WOOW ,- PILIGANIMU, - MALIU MAI, - PASAYKAMOY, - HAERE MAI, - BOYEI BOLAMU ,- BARKA D? ZUW? ,- W?CHIY? , KOPIVOSIAN ,- SANSOF? ,- KALOS ORISATE, - W?LJKIIMEN ,- ILO LA, - WILKEMEN, - A JARAAMA ,- TUAJ LOS ,- DUMANON CAYO, - ADANAVE ,\u2013 VITAMEVAS , MALI I ZI,CRNA GORA,??????????,???????,??????????, ?ern? Hora,TO ULCINJ \/ ULQIN \u2013 MONTENEGRO, Czarnog?ra, Muntenegru, ????? ????, Montenegr?,,Holiday ,Beach,Vacation,WELCOME ,BIENVENUE , WILLKOMMEN ,- BENVENUTO ,- MIR? SE VINI ,- DOBRO DO?LI TO ULCINJ \/ ULQIN ,\u2013 MONTENEGRO ,????? ?????????? ,- VITAJTE, - BRUCHIM HABAYIM ,-V?TEJTE, - WITAJCIE, - KHOSH ?MAD?D ,- BITAEMO ,- CHAIRE, - ZAPRASHAJEM ,- V?LKOMMEN,  - VELKOMMEN ,- DOBRE DOSHLE, - PARI YEGAK ,- SW?GATAM, - ISTEN HOZTA, - ZAYT VILKUM, - HO?GELDINIZ ,- BIENVENIDOS ,- SUSHRI AKAL, - HUSH KILDEGEZ, - BUN VENIT, - PE KHER RAGLE, - BEM-VINDO, - HUAN YIN ,- BIEN ATI VENI ,- ?SANTU ,- SELAMAT DATANG, - W?LLKOMM ,- XUSH AMD?D, - SVEIKI, - HUN BI XER HATIN, - KIRINIZ ,- ENNA ,VISHAYAM ,- MERHABA ,- F?ILTE, - VELKOMINN ,- VAELKOMIN, - TERE TULEMAST ,- M?RSHA W?GH?L ,- MISHTO AVILAN , WELKOM ,- TERVETULOA ,- ONGI ETORRI ,-, REKHIM ITEGEZ ,- XOSH G?LM?S?N, - WILICOM ,- CROESO ,- SHAGATOM, - IRASHAIMASU ,- KEBLAR, - AHUP YAN, - IRKHT ERGANAVIDN, - LUID, - SOHM SW?KOHM, - URAKAZA ,- KARIBU, - SELAM, - VIDZA ,KORAM -, YEYACHI -, KUSHE - ,BIENVENIDA -, ESIET SVEICINATI ,- FAILT ,- ,KRUPAY? ?TUY?, - MAIEM ,- BENVEGN?U ,- TAVTAI ,MORIL, - TAMA ,- BENVINUTU ,- SILAMO, - WILUJENG SUMPING ,- MABUHAY ,- GAZHACA ?TISKOM, - DOBRO POZHALOVAT ,- TISTIK ,- ISIBINGELELO, - BALLE, - INDE TORN LAP ,- SOO DHA WOOW ,- PILIGANIMU, - MALIU MAI, - PASAYKAMOY, - HAERE MAI, - BOYEI BOLAMU ,- BARKA D? ZUW? ,- W?CHIY? , KOPIVOSIAN ,- SANSOF? ,- KALOS ORISATE, - W?LJKIIMEN ,- ILO LA, - WILKEMEN, - A JARAAMA ,- TUAJ LOS ,- DUMANON CAYO, - ADANAVE ,\u2013 VITAMEVAS , MALI I ZI,CRNA GORA,??????????,???????,??????????, ?ern? Hora,TO ULCINJ \/ ULQIN,MONTENEGRO, Czarnog?ra, Muntenegru, ????? ????, Montenegr?,Adelina Isamajli,  Albaniku,  Artana,  Bujanoci,  Burimi,  Dardana,  Dardan\u00eb,  De\u00e7an,  Dibra,  Drenas,  Drenasi,  Ferizaj,  Ferizaji,  Fush\u00eb Kosova,  Fush\u00eb Kosov\u00eb,  Gjakova,  Gjakov\u00eb,  Gjilan,  Gjilani,  Gostivari,  Istog,  Istog\u2022,  Ka\u00e7anik,  Ka\u00e7aniku,  Kastrioti,  K\u00ebr\u00e7ova,  Klina,  Klin\u00eb,  Kumanova,  Leposaviq,  Leskovci,  Likova,  Lipjan,  Lipjani,  Malisheva,  Malishev\u00eb,  Manastiri,  Medvegja,  Mitrovica,  Mitrovic\u00eb,  Novob\u00ebrd\u00eb,  Obiliq\u2022 Rahovec,  Ohri,  Peja,  Pej\u00eb,  Podujeva,  Podujev\u00eb,  Presheva,  Prishtina,  Prishtin\u00eb,  Prizren,  Prizreni,  Rahoveci,  Sharri,  Sharri (Kosov\u00eb),  Shkupi,  Sht\u00ebrpca,  Sht\u00ebrpc\u00eb,  Shtime,  Sk\u00ebnderaj,  Struga,  Tetova,  Theranda,  Therand\u00eb,  Triumf Riza,  Veleshta,  Viti,  Vitia,  Vushtrri,  Vushtrria,  Zubin Potok,  Zubin Potoku,  Zve\u00e7an,  Zve\u00e7ani,villa \u00e0 louer \u00e0 ulcinj, location de vacance, location saisonni\u00e8res, louer villa,location de vacance, Locations vacance, h\u00e9bergements vacances, , logements de vacances, location maison avec piscine, Location vacance, locations de vacance, h\u00e9bergements de vacances,  locations entre particulier, logements vacance, vacances \u00e0 Mont\u00e9n\u00e9gro - location \u00e0 Ulcinj ,location  de bigorre.&quot; href=\" href=\" mce_href=\"><img loading=\"lazy\" class=\"aligncenter size-full wp-image-2798\" title=\"taxi-cobi-ulqintaxi-cobi-ulcinjcrna-goramontenegromali-i-ziulqini\" src=\"http:\/\/www.visit-ulcinj.com\/blog\/wp-content\/uploads\/2008\/08\/taxi-cobi-ulqintaxi-cobi-ulcinjcrna-goramontenegromali-i-ziulqini.jpg\" alt=\"???? ????,?????,Ulcinj,Montenegru,??????????,?ernoqoriya,?????????\u00bc?,Montenegiro,?ern? Hora,??????????,Cz\u00f4rnog?ra,Cz\u00f4rn\u00f4 G?ra,Carna G?ra,T?ernogooria,?ernogoriya,Montain\u00e9agr?,Montenegwo,?orna Hora,Montenegr?,M?ntenigro,Chernogoriya ,?\u00earnogor\u00ee ,?????????,????????? ,??????? ,Montes Nigrae,Mons Niger,M\u00f4ntenegr\u00f4,Muntenegru,??????????,Czarnog?ra,Muntinigru,Muntenegro, Muntenegru,\t?ierna Hora,Cxerngora,????????,?rna gora,Moontineegro,?ornog\u00f9ra,?ernogori?a,Chernogoriya,Mont?negro,????? ???? ,?r?na Gora,?r?nogorije,?ernogorija,?arnahoryja,??????????,???????????????????? ,?ern?g?riy\u00e2,M?nt?n??r?,????? ?????? ,????????,??????????,???????????,M?nten?gro,???? ????? ,????????,M\u00f4ntenegr\u00f4,????????????,???????????,????????????, ??????????? ,????????????,??????????? ,\u008d\u2022?R\/?K?R ,\u0192\u201a\u0192\u201c\u0192e\u0192l\u0192O\u0192\u008d,\u00b8???\u00b3?\u00b1?\u00b7? ,Muntenegru, ????? ????, Montenegr?,chambres ? louer ? ulcinj, location de vacance, location saisonni?res, louer villa,location de vacance, Locations vacance, h?bergements vacances, locations villa, logements de vacances, location maison avec piscine, Location vacance, locations de vacance, h?bergements de vacances, location villa, locations entre particulier, logements vacance, vacances ? Mont?n?gro - location ? Ulcinj ,location  de bigorre,Urlaub in Ulcinj -Montenegro,Hotelbewertungen Ulcinj,Reisen Ulcinj, Urlaub Ulcinj,Hotel in Serbien und Montenegro von Urlaubern bewertet,Billig Urlaub in Ulcinj,ferienh?user,ferienwohnung,Billige Ferienh?user,Ferienwohnung ULCINJ,Ferien an der Adria,Urlaub im Ferienhaus ulcinjBilligreisen Ulcinj,Pauschalreisen,FKK Strand Ada Bojana ulcinj,Last Minute Angebote ulcinj,Preise f?r Lastminute,Kleinanzeigen gratis,Ausflug nach Ulcinj,FKK-Reisen ada bojana,FKK-Urlaub ulcinj,Privatni smje?taj,rezervacija smje?taja,apartmani,sobe,ku?e,odmor,sobe za odmor ulcinj,Pretraivanje privatnog smje?taja,rooms rent accommodation ulcinj, rentail private accommodation ulcinj,?elite rezervirati privatni smje?taj,Private accommodation,Smje?taj ulcinj,Pushime Verore ulqin,pushime t? lira n? ulqin,Pushime ne plazh,Pushime te kendshme,dhoma per pushime ulqin,dhoma me qera ulqin,dhoma te lira ulqin,pushime te lira ulqin,mali i zi,kosova,maqedoni,shqiperi,Pushime ne det te ulqinit,godi?nji odmor u ulcinj,odmor u ulcinj,Ku?a za odmor,kuda na odmor,ljetovanje u ulcinj,slobodne sobe,dhoma te lira,ku?a uz more,turisti?ka ponuda,odmor i zabava,povolne cene,sobe,usluge,Mjesto za Va? odmor , Place for Your holiday,Odmor portal,putovanaja,Iznajmljivanje soba ulcinj,odmor ulcinj info,Va?e mjesto za odmor ulcinj,nudisticka plaza ada bojana,smjestaj ponuda ulcinj,lokacioni i dhomave ulqin,deti,plazhet e bukura,diskoteka,zbavitja,.&quot; copacabana ulcinj,  h?tels,  hotel ulqin,  Kosova,  Mali i Zi,  Maqedonija,  Montenegro,  montenegro tourisme plage,  montenegro ulcinj,  Shpallje Falas,  Shpallje Falas per shitjen e shtepis se juaj,  Shpallje Falas per villat e juaj,  Shpallje Falas Real Estate,  Shpallje Falas turistike,  shqiperija,  tourisme,  Ulci?,  ulcinj,  ulqin,  ulqin hotel,  ulqini,  ulqini 2007,Ada Bojana,  Alba?czyk,  Cita di Dolcino,  Copacabana,  Czarnog?ra,  Czarnog?rzec,  Don Kichota,  Ma\u00b3a Pla?a,  Mandra,  MIGUEL DE SERVANTES,  p?\u00b3wyspy Marjan,  Pla?a Valdanos,  Rzeka Bojana,  Shas \/ ?as \/ Sva\u00e8,  Ulci?,  Ulcinjsk\u00b9 Riwier\u00ea,  Wielka Pla?a,  Wyspa Bojana,WELCOME ,BIENVENUE , WILLKOMMEN ,- BENVENUTO ,- MIR? SE VINI ,- DOBRO DO?LI TO ULCINJ \/ ULQIN ,\u2013 MONTENEGRO ,????? ?????????? ,- VITAJTE, - BRUCHIM HABAYIM ,-V?TEJTE, - WITAJCIE, - KHOSH ?MAD?D ,- BITAEMO ,- CHAIRE, - ZAPRASHAJEM ,- V?LKOMMEN,  - VELKOMMEN ,- DOBRE DOSHLE, - PARI YEGAK ,- SW?GATAM, - ISTEN HOZTA, - ZAYT VILKUM, - HO?GELDINIZ ,- BIENVENIDOS ,- SUSHRI AKAL, - HUSH KILDEGEZ, - BUN VENIT, - PE KHER RAGLE, - BEM-VINDO, - HUAN YIN ,- BIEN ATI VENI ,- ?SANTU ,- SELAMAT DATANG, - W?LLKOMM ,- XUSH AMD?D, - SVEIKI, - HUN BI XER HATIN, - KIRINIZ ,- ENNA ,VISHAYAM ,- MERHABA ,- F?ILTE, - VELKOMINN ,- VAELKOMIN, - TERE TULEMAST ,- M?RSHA W?GH?L ,- MISHTO AVILAN , WELKOM ,- TERVETULOA ,- ONGI ETORRI ,-, REKHIM ITEGEZ ,- XOSH G?LM?S?N, - WILICOM ,- CROESO ,- SHAGATOM, - IRASHAIMASU ,- KEBLAR, - AHUP YAN, - IRKHT ERGANAVIDN, - LUID, - SOHM SW?KOHM, - URAKAZA ,- KARIBU, - SELAM, - VIDZA ,KORAM -, YEYACHI -, KUSHE - ,BIENVENIDA -, ESIET SVEICINATI ,- FAILT ,- ,KRUPAY? ?TUY?, - MAIEM ,- BENVEGN?U ,- TAVTAI ,MORIL, - TAMA ,- BENVINUTU ,- SILAMO, - WILUJENG SUMPING ,- MABUHAY ,- GAZHACA ?TISKOM, - DOBRO POZHALOVAT' ,- TISTIK ,- ISIBINGELELO, - BALLE, - INDE TORN LAP ,- SOO DHA WOOW ,- PILIGANIMU, - MALIU MAI, - PASAYKAMOY, - HAERE MAI, - BOYEI BOLAMU ,- BARKA D? ZUW? ,- W?CHIY? , KOPIVOSIAN ,- SANSOF? ,- KALOS ORISATE, - W?LJKIIMEN ,- ILO LA, - WILKEMEN, - A JARAAMA ,- TUAJ LOS ,- DUMANON CAYO, - ADANAVE ,\u2013 VITAMEVAS , MALI I ZI,CRNA GORA,??????????,???????,??????????, ?ern? Hora,TO ULCINJ \/ ULQIN \u2013 MONTENEGRO, Czarnog?ra, Muntenegru, ????? ????, Montenegr?,,Holiday ,Beach,Vacation,WELCOME ,BIENVENUE , WILLKOMMEN ,- BENVENUTO ,- MIR? SE VINI ,- DOBRO DO?LI TO ULCINJ \/ ULQIN ,\u2013 MONTENEGRO ,????? ?????????? ,- VITAJTE, - BRUCHIM HABAYIM ,-V?TEJTE, - WITAJCIE, - KHOSH ?MAD?D ,- BITAEMO ,- CHAIRE, - ZAPRASHAJEM ,- V?LKOMMEN,  - VELKOMMEN ,- DOBRE DOSHLE, - PARI YEGAK ,- SW?GATAM, - ISTEN HOZTA, - ZAYT VILKUM, - HO?GELDINIZ ,- BIENVENIDOS ,- SUSHRI AKAL, - HUSH KILDEGEZ, - BUN VENIT, - PE KHER RAGLE, - BEM-VINDO, - HUAN YIN ,- BIEN ATI VENI ,- ?SANTU ,- SELAMAT DATANG, - W?LLKOMM ,- XUSH AMD?D, - SVEIKI, - HUN BI XER HATIN, - KIRINIZ ,- ENNA ,VISHAYAM ,- MERHABA ,- F?ILTE, - VELKOMINN ,- VAELKOMIN, - TERE TULEMAST ,- M?RSHA W?GH?L ,- MISHTO AVILAN , WELKOM ,- TERVETULOA ,- ONGI ETORRI ,-, REKHIM ITEGEZ ,- XOSH G?LM?S?N, - WILICOM ,- CROESO ,- SHAGATOM, - IRASHAIMASU ,- KEBLAR, - AHUP YAN, - IRKHT ERGANAVIDN, - LUID, - SOHM SW?KOHM, - URAKAZA ,- KARIBU, - SELAM, - VIDZA ,KORAM -, YEYACHI -, KUSHE - ,BIENVENIDA -, ESIET SVEICINATI ,- FAILT ,- ,KRUPAY? ?TUY?, - MAIEM ,- BENVEGN?U ,- TAVTAI ,MORIL, - TAMA ,- BENVINUTU ,- SILAMO, - WILUJENG SUMPING ,- MABUHAY ,- GAZHACA ?TISKOM, - DOBRO POZHALOVAT ,- TISTIK ,- ISIBINGELELO, - BALLE, - INDE TORN LAP ,- SOO DHA WOOW ,- PILIGANIMU, - MALIU MAI, - PASAYKAMOY, - HAERE MAI, - BOYEI BOLAMU ,- BARKA D? ZUW? ,- W?CHIY? , KOPIVOSIAN ,- SANSOF? ,- KALOS ORISATE, - W?LJKIIMEN ,- ILO LA, - WILKEMEN, - A JARAAMA ,- TUAJ LOS ,- DUMANON CAYO, - ADANAVE ,\u2013 VITAMEVAS , MALI I ZI,CRNA GORA,??????????,???????,??????????, ?ern? Hora,TO ULCINJ \/ ULQIN,MONTENEGRO, Czarnog?ra, Muntenegru, ????? ????, Montenegr?,Adelina Isamajli,  Albaniku,  Artana,  Bujanoci,  Burimi,  Dardana,  Dardan\u00eb,  De\u00e7an,  Dibra,  Drenas,  Drenasi,  Ferizaj,  Ferizaji,  Fush\u00eb Kosova,  Fush\u00eb Kosov\u00eb,  Gjakova,  Gjakov\u00eb,  Gjilan,  Gjilani,  Gostivari,  Istog,  Istog\u2022,  Ka\u00e7anik,  Ka\u00e7aniku,  Kastrioti,  K\u00ebr\u00e7ova,  Klina,  Klin\u00eb,  Kumanova,  Leposaviq,  Leskovci,  Likova,  Lipjan,  Lipjani,  Malisheva,  Malishev\u00eb,  Manastiri,  Medvegja,  Mitrovica,  Mitrovic\u00eb,  Novob\u00ebrd\u00eb,  Obiliq\u2022 Rahovec,  Ohri,  Peja,  Pej\u00eb,  Podujeva,  Podujev\u00eb,  Presheva,  Prishtina,  Prishtin\u00eb,  Prizren,  Prizreni,  Rahoveci,  Sharri,  Sharri (Kosov\u00eb),  Shkupi,  Sht\u00ebrpca,  Sht\u00ebrpc\u00eb,  Shtime,  Sk\u00ebnderaj,  Struga,  Tetova,  Theranda,  Therand\u00eb,  Triumf Riza,  Veleshta,  Viti,  Vitia,  Vushtrri,  Vushtrria,  Zubin Potok,  Zubin Potoku,  Zve\u00e7an,  Zve\u00e7ani,villa \u00e0 louer \u00e0 ulcinj, location de vacance, location saisonni\u00e8res, louer villa,location de vacance, Locations vacance, h\u00e9bergements vacances, , logements de vacances, location maison avec piscine, Location vacance, locations de vacance, h\u00e9bergements de vacances,  locations entre particulier, logements vacance, vacances \u00e0 Mont\u00e9n\u00e9gro - location \u00e0 Ulcinj ,location  de bigorre.&quot; href=\" width=\" mce_href=\" height=\"160\" srcset=\"https:\/\/www.visit-ulcinj.com\/blog\/wp-content\/uploads\/2008\/08\/taxi-cobi-ulqintaxi-cobi-ulcinjcrna-goramontenegromali-i-ziulqini.jpg 320w, https:\/\/www.visit-ulcinj.com\/blog\/wp-content\/uploads\/2008\/08\/taxi-cobi-ulqintaxi-cobi-ulcinjcrna-goramontenegromali-i-ziulqini-300x140.jpg 300w\" sizes=\"(max-width: 320px) 100vw, 320px\" \/><\/a><\/p>\n","protected":false},"excerpt":{"rendered":"<p>Parlamenti miratoi rezolut\u00ebn e integrimeve Un\u00eb jam i bindur se LD n\u00eb MZ dhe ASH do t\u00eb prishin koalicionin n\u00eb Komun\u00ebn Urbane t\u00eb Tuzit me Partit\u00eb Socialiste Popullore me t\u00eb cil\u00ebn mbajn\u00eb pushtetin. Nuk mund t\u00eb lumturohet Mal\u00ebsia me ata t\u00eb cil\u00ebt nes\u00ebr do t\u00eb protestojn\u00eb kund\u00ebr njohjes s\u00eb pavar\u00ebsis\u00eb s\u00eb Kosov\u00ebs. Me ata t\u00eb [&hellip;]<\/p>\n","protected":false},"author":1,"featured_media":0,"comment_status":"open","ping_status":"closed","sticky":false,"template":"","format":"standard","meta":{"spay_email":"","jetpack_publicize_message":"","jetpack_is_tweetstorm":false,"jetpack_publicize_feature_enabled":true},"categories":[8,12],"tags":[49,276,2306],"jetpack_publicize_connections":[],"yoast_head":"<!-- This site is optimized with the Yoast SEO plugin v19.1 - https:\/\/yoast.com\/wordpress\/plugins\/seo\/ -->\n<title>Hapet rruga p\u00ebr njohjen e pavar\u00ebsis\u00eb s\u00eb Kosov\u00ebs - Lajme nga Ulqini<\/title>\n<meta name=\"description\" content=\"Parlamenti miratoi rezolut\u00ebn e integrimeve Un\u00eb jam i bindur se LD n\u00eb MZ dhe ASH do t\u00eb prishin koalicionin n\u00eb Komun\u00ebn Urbane t\u00eb Tuzit me Partit\u00eb Socialiste\" \/>\n<meta name=\"robots\" content=\"index, follow, max-snippet:-1, max-image-preview:large, max-video-preview:-1\" \/>\n<link rel=\"canonical\" href=\"https:\/\/www.visit-ulcinj.com\/blog\/2008\/10\/08\/hapet-rruga-per-njohjen-e-pavaresise-se-kosoves\/\" \/>\n<meta property=\"og:locale\" content=\"en_US\" \/>\n<meta property=\"og:type\" content=\"article\" \/>\n<meta property=\"og:title\" content=\"Hapet rruga p\u00ebr njohjen e pavar\u00ebsis\u00eb s\u00eb Kosov\u00ebs - Lajme nga Ulqini\" \/>\n<meta property=\"og:description\" content=\"Parlamenti miratoi rezolut\u00ebn e integrimeve Un\u00eb jam i bindur se LD n\u00eb MZ dhe ASH do t\u00eb prishin koalicionin n\u00eb Komun\u00ebn Urbane t\u00eb Tuzit me Partit\u00eb Socialiste\" \/>\n<meta property=\"og:url\" content=\"https:\/\/www.visit-ulcinj.com\/blog\/2008\/10\/08\/hapet-rruga-per-njohjen-e-pavaresise-se-kosoves\/\" \/>\n<meta property=\"og:site_name\" content=\"Lajme nga Ulqini\" \/>\n<meta property=\"article:published_time\" content=\"2008-10-08T16:49:45+00:00\" \/>\n<meta property=\"article:modified_time\" content=\"2008-10-17T18:26:09+00:00\" \/>\n<meta property=\"og:image\" content=\"http:\/\/www.visit-ulcinj.com\/blog\/wp-content\/uploads\/2008\/10\/skupstina-crne-gore-300x225.jpg\" \/>\n<meta name=\"twitter:label1\" content=\"Written by\" \/>\n\t<meta name=\"twitter:data1\" content=\"ulqini\" \/>\n\t<meta name=\"twitter:label2\" content=\"Est. reading time\" \/>\n\t<meta name=\"twitter:data2\" content=\"8 minutes\" \/>\n<script type=\"application\/ld+json\" class=\"yoast-schema-graph\">{\"@context\":\"https:\/\/schema.org\",\"@graph\":[{\"@type\":\"WebSite\",\"@id\":\"https:\/\/www.visit-ulcinj.com\/blog\/#website\",\"url\":\"https:\/\/www.visit-ulcinj.com\/blog\/\",\"name\":\"Lajme nga Ulqini\",\"description\":\"Lajme,Vijesti,Ulqini,Ulqin,Crna Gora,Mali i Zi\",\"potentialAction\":[{\"@type\":\"SearchAction\",\"target\":{\"@type\":\"EntryPoint\",\"urlTemplate\":\"https:\/\/www.visit-ulcinj.com\/blog\/?s={search_term_string}\"},\"query-input\":\"required name=search_term_string\"}],\"inLanguage\":\"en-US\"},{\"@type\":\"ImageObject\",\"inLanguage\":\"en-US\",\"@id\":\"https:\/\/www.visit-ulcinj.com\/blog\/2008\/10\/08\/hapet-rruga-per-njohjen-e-pavaresise-se-kosoves\/#primaryimage\",\"url\":\"http:\/\/www.visit-ulcinj.com\/blog\/wp-content\/uploads\/2008\/10\/skupstina-crne-gore-300x225.jpg\",\"contentUrl\":\"http:\/\/www.visit-ulcinj.com\/blog\/wp-content\/uploads\/2008\/10\/skupstina-crne-gore-300x225.jpg\"},{\"@type\":\"WebPage\",\"@id\":\"https:\/\/www.visit-ulcinj.com\/blog\/2008\/10\/08\/hapet-rruga-per-njohjen-e-pavaresise-se-kosoves\/#webpage\",\"url\":\"https:\/\/www.visit-ulcinj.com\/blog\/2008\/10\/08\/hapet-rruga-per-njohjen-e-pavaresise-se-kosoves\/\",\"name\":\"Hapet rruga p\u00ebr njohjen e pavar\u00ebsis\u00eb s\u00eb Kosov\u00ebs - Lajme nga Ulqini\",\"isPartOf\":{\"@id\":\"https:\/\/www.visit-ulcinj.com\/blog\/#website\"},\"primaryImageOfPage\":{\"@id\":\"https:\/\/www.visit-ulcinj.com\/blog\/2008\/10\/08\/hapet-rruga-per-njohjen-e-pavaresise-se-kosoves\/#primaryimage\"},\"datePublished\":\"2008-10-08T16:49:45+00:00\",\"dateModified\":\"2008-10-17T18:26:09+00:00\",\"author\":{\"@id\":\"https:\/\/www.visit-ulcinj.com\/blog\/#\/schema\/person\/dcab619c614d3038751c63bc2aadc06d\"},\"description\":\"Parlamenti miratoi rezolut\u00ebn e integrimeve Un\u00eb jam i bindur se LD n\u00eb MZ dhe ASH do t\u00eb prishin koalicionin n\u00eb Komun\u00ebn Urbane t\u00eb Tuzit me Partit\u00eb Socialiste\",\"breadcrumb\":{\"@id\":\"https:\/\/www.visit-ulcinj.com\/blog\/2008\/10\/08\/hapet-rruga-per-njohjen-e-pavaresise-se-kosoves\/#breadcrumb\"},\"inLanguage\":\"en-US\",\"potentialAction\":[{\"@type\":\"ReadAction\",\"target\":[\"https:\/\/www.visit-ulcinj.com\/blog\/2008\/10\/08\/hapet-rruga-per-njohjen-e-pavaresise-se-kosoves\/\"]}]},{\"@type\":\"BreadcrumbList\",\"@id\":\"https:\/\/www.visit-ulcinj.com\/blog\/2008\/10\/08\/hapet-rruga-per-njohjen-e-pavaresise-se-kosoves\/#breadcrumb\",\"itemListElement\":[{\"@type\":\"ListItem\",\"position\":1,\"name\":\"Hapet rruga p\u00ebr njohjen e pavar\u00ebsis\u00eb s\u00eb Kosov\u00ebs\"}]},{\"@type\":\"Person\",\"@id\":\"https:\/\/www.visit-ulcinj.com\/blog\/#\/schema\/person\/dcab619c614d3038751c63bc2aadc06d\",\"name\":\"ulqini\",\"sameAs\":[\"http:\/\/www.visit-ulcinj.com\"],\"url\":\"https:\/\/www.visit-ulcinj.com\/blog\/author\/admin\/\"}]}<\/script>\n<!-- \/ Yoast SEO plugin. -->","yoast_head_json":{"title":"Hapet rruga p\u00ebr njohjen e pavar\u00ebsis\u00eb s\u00eb Kosov\u00ebs - Lajme nga Ulqini","description":"Parlamenti miratoi rezolut\u00ebn e integrimeve Un\u00eb jam i bindur se LD n\u00eb MZ dhe ASH do t\u00eb prishin koalicionin n\u00eb Komun\u00ebn Urbane t\u00eb Tuzit me Partit\u00eb Socialiste","robots":{"index":"index","follow":"follow","max-snippet":"max-snippet:-1","max-image-preview":"max-image-preview:large","max-video-preview":"max-video-preview:-1"},"canonical":"https:\/\/www.visit-ulcinj.com\/blog\/2008\/10\/08\/hapet-rruga-per-njohjen-e-pavaresise-se-kosoves\/","og_locale":"en_US","og_type":"article","og_title":"Hapet rruga p\u00ebr njohjen e pavar\u00ebsis\u00eb s\u00eb Kosov\u00ebs - Lajme nga Ulqini","og_description":"Parlamenti miratoi rezolut\u00ebn e integrimeve Un\u00eb jam i bindur se LD n\u00eb MZ dhe ASH do t\u00eb prishin koalicionin n\u00eb Komun\u00ebn Urbane t\u00eb Tuzit me Partit\u00eb Socialiste","og_url":"https:\/\/www.visit-ulcinj.com\/blog\/2008\/10\/08\/hapet-rruga-per-njohjen-e-pavaresise-se-kosoves\/","og_site_name":"Lajme nga Ulqini","article_published_time":"2008-10-08T16:49:45+00:00","article_modified_time":"2008-10-17T18:26:09+00:00","og_image":[{"url":"http:\/\/www.visit-ulcinj.com\/blog\/wp-content\/uploads\/2008\/10\/skupstina-crne-gore-300x225.jpg"}],"twitter_misc":{"Written by":"ulqini","Est. reading time":"8 minutes"},"schema":{"@context":"https:\/\/schema.org","@graph":[{"@type":"WebSite","@id":"https:\/\/www.visit-ulcinj.com\/blog\/#website","url":"https:\/\/www.visit-ulcinj.com\/blog\/","name":"Lajme nga Ulqini","description":"Lajme,Vijesti,Ulqini,Ulqin,Crna Gora,Mali i Zi","potentialAction":[{"@type":"SearchAction","target":{"@type":"EntryPoint","urlTemplate":"https:\/\/www.visit-ulcinj.com\/blog\/?s={search_term_string}"},"query-input":"required name=search_term_string"}],"inLanguage":"en-US"},{"@type":"ImageObject","inLanguage":"en-US","@id":"https:\/\/www.visit-ulcinj.com\/blog\/2008\/10\/08\/hapet-rruga-per-njohjen-e-pavaresise-se-kosoves\/#primaryimage","url":"http:\/\/www.visit-ulcinj.com\/blog\/wp-content\/uploads\/2008\/10\/skupstina-crne-gore-300x225.jpg","contentUrl":"http:\/\/www.visit-ulcinj.com\/blog\/wp-content\/uploads\/2008\/10\/skupstina-crne-gore-300x225.jpg"},{"@type":"WebPage","@id":"https:\/\/www.visit-ulcinj.com\/blog\/2008\/10\/08\/hapet-rruga-per-njohjen-e-pavaresise-se-kosoves\/#webpage","url":"https:\/\/www.visit-ulcinj.com\/blog\/2008\/10\/08\/hapet-rruga-per-njohjen-e-pavaresise-se-kosoves\/","name":"Hapet rruga p\u00ebr njohjen e pavar\u00ebsis\u00eb s\u00eb Kosov\u00ebs - Lajme nga Ulqini","isPartOf":{"@id":"https:\/\/www.visit-ulcinj.com\/blog\/#website"},"primaryImageOfPage":{"@id":"https:\/\/www.visit-ulcinj.com\/blog\/2008\/10\/08\/hapet-rruga-per-njohjen-e-pavaresise-se-kosoves\/#primaryimage"},"datePublished":"2008-10-08T16:49:45+00:00","dateModified":"2008-10-17T18:26:09+00:00","author":{"@id":"https:\/\/www.visit-ulcinj.com\/blog\/#\/schema\/person\/dcab619c614d3038751c63bc2aadc06d"},"description":"Parlamenti miratoi rezolut\u00ebn e integrimeve Un\u00eb jam i bindur se LD n\u00eb MZ dhe ASH do t\u00eb prishin koalicionin n\u00eb Komun\u00ebn Urbane t\u00eb Tuzit me Partit\u00eb Socialiste","breadcrumb":{"@id":"https:\/\/www.visit-ulcinj.com\/blog\/2008\/10\/08\/hapet-rruga-per-njohjen-e-pavaresise-se-kosoves\/#breadcrumb"},"inLanguage":"en-US","potentialAction":[{"@type":"ReadAction","target":["https:\/\/www.visit-ulcinj.com\/blog\/2008\/10\/08\/hapet-rruga-per-njohjen-e-pavaresise-se-kosoves\/"]}]},{"@type":"BreadcrumbList","@id":"https:\/\/www.visit-ulcinj.com\/blog\/2008\/10\/08\/hapet-rruga-per-njohjen-e-pavaresise-se-kosoves\/#breadcrumb","itemListElement":[{"@type":"ListItem","position":1,"name":"Hapet rruga p\u00ebr njohjen e pavar\u00ebsis\u00eb s\u00eb Kosov\u00ebs"}]},{"@type":"Person","@id":"https:\/\/www.visit-ulcinj.com\/blog\/#\/schema\/person\/dcab619c614d3038751c63bc2aadc06d","name":"ulqini","sameAs":["http:\/\/www.visit-ulcinj.com"],"url":"https:\/\/www.visit-ulcinj.com\/blog\/author\/admin\/"}]}},"jetpack_featured_media_url":"","jetpack_sharing_enabled":true,"jetpack_shortlink":"https:\/\/wp.me\/pe6lTn-13d","_links":{"self":[{"href":"https:\/\/www.visit-ulcinj.com\/blog\/wp-json\/wp\/v2\/posts\/4043"}],"collection":[{"href":"https:\/\/www.visit-ulcinj.com\/blog\/wp-json\/wp\/v2\/posts"}],"about":[{"href":"https:\/\/www.visit-ulcinj.com\/blog\/wp-json\/wp\/v2\/types\/post"}],"author":[{"embeddable":true,"href":"https:\/\/www.visit-ulcinj.com\/blog\/wp-json\/wp\/v2\/users\/1"}],"replies":[{"embeddable":true,"href":"https:\/\/www.visit-ulcinj.com\/blog\/wp-json\/wp\/v2\/comments?post=4043"}],"version-history":[{"count":0,"href":"https:\/\/www.visit-ulcinj.com\/blog\/wp-json\/wp\/v2\/posts\/4043\/revisions"}],"wp:attachment":[{"href":"https:\/\/www.visit-ulcinj.com\/blog\/wp-json\/wp\/v2\/media?parent=4043"}],"wp:term":[{"taxonomy":"category","embeddable":true,"href":"https:\/\/www.visit-ulcinj.com\/blog\/wp-json\/wp\/v2\/categories?post=4043"},{"taxonomy":"post_tag","embeddable":true,"href":"https:\/\/www.visit-ulcinj.com\/blog\/wp-json\/wp\/v2\/tags?post=4043"}],"curies":[{"name":"wp","href":"https:\/\/api.w.org\/{rel}","templated":true}]}}