{"id":40439,"date":"2010-12-01T16:50:21","date_gmt":"2010-12-01T15:50:21","guid":{"rendered":"http:\/\/www.visit-ulcinj.com\/blog\/?p=40439"},"modified":"2010-12-01T16:51:11","modified_gmt":"2010-12-01T15:51:11","slug":"majkl-mejdsen-usred-primorske-oluje","status":"publish","type":"post","link":"https:\/\/www.visit-ulcinj.com\/blog\/2010\/12\/01\/majkl-mejdsen-usred-primorske-oluje\/","title":{"rendered":"Majkl Mejdsen usred primorske oluje!"},"content":{"rendered":"<p><a href=\"http:\/\/www.visit-ulcinj.com\/blog\/wp-content\/uploads\/2010\/12\/majkl-medsen-unutra.jpg\"><img loading=\"lazy\" class=\"alignleft size-medium wp-image-40440\" title=\"majkl medsen unutra\" src=\"http:\/\/www.visit-ulcinj.com\/blog\/wp-content\/uploads\/2010\/12\/majkl-medsen-unutra-225x300.jpg\" alt=\"\" width=\"225\" height=\"300\" \/><\/a>U Baru i Ulcinju po\u010delo je snimanje filma \u201cAs Pik\u201d, crnogorskog reditelja <strong>Dra\u0161ka \u0110urovi\u0107a<\/strong>, po scenariju <strong>Obrada Nenezi\u0107a<\/strong>, koji se, za sada dr\u017ei u tajnosti. Reditelj samo otkriva da film tretira te\u017eak period i da je u centru pri\u010de ljubavna storija oko koje su mr\u017enja, osveta, pohlepa. Ipak, najve\u0107e iznena\u0111enje ovog projekta jeste anga\u017eman velike holivudske zvezde, junaka Tarantinovih filmova <strong>Majkla Medsena<\/strong>, koji je za Crnu Goru \u010duo od svog prijatelja. \u017delio je da se u to uveri i kada ga je do\u010dekala ki\u0161a, bio je sretan, jer iako zvu\u010di ludo, u\u017eiva u dobroj oluji. U\u017eiva i u radu sa Dra\u0161kom \u0110urovi\u0107em, za kojeg ka\u017ee da je mla\u0111i i lep\u0161i od <strong>Tarantina,<\/strong> a ono \u0161to im je zajedni\u010dko je da ga obojica razumiju. Iako je u toku svoje tri decenije duge karijere, ovaj grubijan hrapavog glasa, igrao uglavnom negativce \u017eelio bi da ga ne pamte samo po njima, a i u \u0110urovi\u0107evom filmu \u0107e ponovo biti &#8220;bad guy&#8221;. Novinarka \u201cPinkM\u201d televizije, <strong>Maja Popovi\u0107 <\/strong>iskoristila je prilku da se fotografi\u0161e i porazgovara sa jednim od svojih omiljenih glumaca i u\u017eivala u Medsenoj pri\u010di o tome kako je svoju problemati\u010dnu li\u010dnost obuzdao tako \u0161to je po\u010deo da snima filmove i radi mnogo, jer brine o svojih pet sinova, da ga brine internet generacija, zatim o filmskim idolima svoje mladosti, o poeziji koju pi\u0161e, ali da se ipak najbolje ose\u0107a sa \u017eenom&#8230;u krevetu!<\/p>\n<p><strong>Autor: Dragana \u0110uri\u0107<br \/>\n<a href=\"http:\/\/www.svet.rs\/\" target=\"_blank\">svet.rs<\/a><\/strong><\/p>\n","protected":false},"excerpt":{"rendered":"<p>U Baru i Ulcinju po\u010delo je snimanje filma \u201cAs Pik\u201d, crnogorskog reditelja Dra\u0161ka \u0110urovi\u0107a, po scenariju Obrada Nenezi\u0107a, koji se, za sada dr\u017ei u tajnosti. Reditelj samo otkriva da film tretira te\u017eak period i da je u centru pri\u010de ljubavna storija oko koje su mr\u017enja, osveta, pohlepa. Ipak, najve\u0107e iznena\u0111enje ovog projekta jeste anga\u017eman velike [&hellip;]<\/p>\n","protected":false},"author":1,"featured_media":0,"comment_status":"open","ping_status":"closed","sticky":false,"template":"","format":"standard","meta":{"spay_email":"","jetpack_publicize_message":"","jetpack_is_tweetstorm":false,"jetpack_publicize_feature_enabled":true},"categories":[8337],"tags":[748,16466,19],"jetpack_publicize_connections":[],"yoast_head":"<!-- This site is optimized with the Yoast SEO plugin v19.1 - https:\/\/yoast.com\/wordpress\/plugins\/seo\/ -->\n<title>Majkl Mejdsen usred primorske oluje! - Lajme nga Ulqini<\/title>\n<meta name=\"description\" content=\"U Baru i Ulcinju po\u010delo je snimanje filma \u201cAs Pik\u201d, crnogorskog reditelja Dra\u0161ka \u0110urovi\u0107a, po scenariju Obrada Nenezi\u0107a, koji se, za sada dr\u017ei u tajnosti.\" \/>\n<meta name=\"robots\" content=\"index, follow, max-snippet:-1, max-image-preview:large, max-video-preview:-1\" \/>\n<link rel=\"canonical\" href=\"https:\/\/www.visit-ulcinj.com\/blog\/2010\/12\/01\/majkl-mejdsen-usred-primorske-oluje\/\" \/>\n<meta property=\"og:locale\" content=\"en_US\" \/>\n<meta property=\"og:type\" content=\"article\" \/>\n<meta property=\"og:title\" content=\"Majkl Mejdsen usred primorske oluje! - Lajme nga Ulqini\" \/>\n<meta property=\"og:description\" content=\"U Baru i Ulcinju po\u010delo je snimanje filma \u201cAs Pik\u201d, crnogorskog reditelja Dra\u0161ka \u0110urovi\u0107a, po scenariju Obrada Nenezi\u0107a, koji se, za sada dr\u017ei u tajnosti.\" \/>\n<meta property=\"og:url\" content=\"https:\/\/www.visit-ulcinj.com\/blog\/2010\/12\/01\/majkl-mejdsen-usred-primorske-oluje\/\" \/>\n<meta property=\"og:site_name\" content=\"Lajme nga Ulqini\" \/>\n<meta property=\"article:published_time\" content=\"2010-12-01T15:50:21+00:00\" \/>\n<meta property=\"article:modified_time\" content=\"2010-12-01T15:51:11+00:00\" \/>\n<meta property=\"og:image\" content=\"http:\/\/www.visit-ulcinj.com\/blog\/wp-content\/uploads\/2010\/12\/majkl-medsen-unutra-225x300.jpg\" \/>\n<meta name=\"twitter:label1\" content=\"Written by\" \/>\n\t<meta name=\"twitter:data1\" content=\"ulqini\" \/>\n\t<meta name=\"twitter:label2\" content=\"Est. reading time\" \/>\n\t<meta name=\"twitter:data2\" content=\"1 minute\" \/>\n<script type=\"application\/ld+json\" class=\"yoast-schema-graph\">{\"@context\":\"https:\/\/schema.org\",\"@graph\":[{\"@type\":\"WebSite\",\"@id\":\"https:\/\/www.visit-ulcinj.com\/blog\/#website\",\"url\":\"https:\/\/www.visit-ulcinj.com\/blog\/\",\"name\":\"Lajme nga Ulqini\",\"description\":\"Lajme,Vijesti,Ulqini,Ulqin,Crna Gora,Mali i Zi\",\"potentialAction\":[{\"@type\":\"SearchAction\",\"target\":{\"@type\":\"EntryPoint\",\"urlTemplate\":\"https:\/\/www.visit-ulcinj.com\/blog\/?s={search_term_string}\"},\"query-input\":\"required name=search_term_string\"}],\"inLanguage\":\"en-US\"},{\"@type\":\"ImageObject\",\"inLanguage\":\"en-US\",\"@id\":\"https:\/\/www.visit-ulcinj.com\/blog\/2010\/12\/01\/majkl-mejdsen-usred-primorske-oluje\/#primaryimage\",\"url\":\"http:\/\/www.visit-ulcinj.com\/blog\/wp-content\/uploads\/2010\/12\/majkl-medsen-unutra-225x300.jpg\",\"contentUrl\":\"http:\/\/www.visit-ulcinj.com\/blog\/wp-content\/uploads\/2010\/12\/majkl-medsen-unutra-225x300.jpg\"},{\"@type\":\"WebPage\",\"@id\":\"https:\/\/www.visit-ulcinj.com\/blog\/2010\/12\/01\/majkl-mejdsen-usred-primorske-oluje\/#webpage\",\"url\":\"https:\/\/www.visit-ulcinj.com\/blog\/2010\/12\/01\/majkl-mejdsen-usred-primorske-oluje\/\",\"name\":\"Majkl Mejdsen usred primorske oluje! - Lajme nga Ulqini\",\"isPartOf\":{\"@id\":\"https:\/\/www.visit-ulcinj.com\/blog\/#website\"},\"primaryImageOfPage\":{\"@id\":\"https:\/\/www.visit-ulcinj.com\/blog\/2010\/12\/01\/majkl-mejdsen-usred-primorske-oluje\/#primaryimage\"},\"datePublished\":\"2010-12-01T15:50:21+00:00\",\"dateModified\":\"2010-12-01T15:51:11+00:00\",\"author\":{\"@id\":\"https:\/\/www.visit-ulcinj.com\/blog\/#\/schema\/person\/dcab619c614d3038751c63bc2aadc06d\"},\"description\":\"U Baru i Ulcinju po\u010delo je snimanje filma \u201cAs Pik\u201d, crnogorskog reditelja Dra\u0161ka \u0110urovi\u0107a, po scenariju Obrada Nenezi\u0107a, koji se, za sada dr\u017ei u tajnosti.\",\"breadcrumb\":{\"@id\":\"https:\/\/www.visit-ulcinj.com\/blog\/2010\/12\/01\/majkl-mejdsen-usred-primorske-oluje\/#breadcrumb\"},\"inLanguage\":\"en-US\",\"potentialAction\":[{\"@type\":\"ReadAction\",\"target\":[\"https:\/\/www.visit-ulcinj.com\/blog\/2010\/12\/01\/majkl-mejdsen-usred-primorske-oluje\/\"]}]},{\"@type\":\"BreadcrumbList\",\"@id\":\"https:\/\/www.visit-ulcinj.com\/blog\/2010\/12\/01\/majkl-mejdsen-usred-primorske-oluje\/#breadcrumb\",\"itemListElement\":[{\"@type\":\"ListItem\",\"position\":1,\"name\":\"Majkl Mejdsen usred primorske oluje!\"}]},{\"@type\":\"Person\",\"@id\":\"https:\/\/www.visit-ulcinj.com\/blog\/#\/schema\/person\/dcab619c614d3038751c63bc2aadc06d\",\"name\":\"ulqini\",\"sameAs\":[\"http:\/\/www.visit-ulcinj.com\"],\"url\":\"https:\/\/www.visit-ulcinj.com\/blog\/author\/admin\/\"}]}<\/script>\n<!-- \/ Yoast SEO plugin. -->","yoast_head_json":{"title":"Majkl Mejdsen usred primorske oluje! - Lajme nga Ulqini","description":"U Baru i Ulcinju po\u010delo je snimanje filma \u201cAs Pik\u201d, crnogorskog reditelja Dra\u0161ka \u0110urovi\u0107a, po scenariju Obrada Nenezi\u0107a, koji se, za sada dr\u017ei u tajnosti.","robots":{"index":"index","follow":"follow","max-snippet":"max-snippet:-1","max-image-preview":"max-image-preview:large","max-video-preview":"max-video-preview:-1"},"canonical":"https:\/\/www.visit-ulcinj.com\/blog\/2010\/12\/01\/majkl-mejdsen-usred-primorske-oluje\/","og_locale":"en_US","og_type":"article","og_title":"Majkl Mejdsen usred primorske oluje! - Lajme nga Ulqini","og_description":"U Baru i Ulcinju po\u010delo je snimanje filma \u201cAs Pik\u201d, crnogorskog reditelja Dra\u0161ka \u0110urovi\u0107a, po scenariju Obrada Nenezi\u0107a, koji se, za sada dr\u017ei u tajnosti.","og_url":"https:\/\/www.visit-ulcinj.com\/blog\/2010\/12\/01\/majkl-mejdsen-usred-primorske-oluje\/","og_site_name":"Lajme nga Ulqini","article_published_time":"2010-12-01T15:50:21+00:00","article_modified_time":"2010-12-01T15:51:11+00:00","og_image":[{"url":"http:\/\/www.visit-ulcinj.com\/blog\/wp-content\/uploads\/2010\/12\/majkl-medsen-unutra-225x300.jpg"}],"twitter_misc":{"Written by":"ulqini","Est. reading time":"1 minute"},"schema":{"@context":"https:\/\/schema.org","@graph":[{"@type":"WebSite","@id":"https:\/\/www.visit-ulcinj.com\/blog\/#website","url":"https:\/\/www.visit-ulcinj.com\/blog\/","name":"Lajme nga Ulqini","description":"Lajme,Vijesti,Ulqini,Ulqin,Crna Gora,Mali i Zi","potentialAction":[{"@type":"SearchAction","target":{"@type":"EntryPoint","urlTemplate":"https:\/\/www.visit-ulcinj.com\/blog\/?s={search_term_string}"},"query-input":"required name=search_term_string"}],"inLanguage":"en-US"},{"@type":"ImageObject","inLanguage":"en-US","@id":"https:\/\/www.visit-ulcinj.com\/blog\/2010\/12\/01\/majkl-mejdsen-usred-primorske-oluje\/#primaryimage","url":"http:\/\/www.visit-ulcinj.com\/blog\/wp-content\/uploads\/2010\/12\/majkl-medsen-unutra-225x300.jpg","contentUrl":"http:\/\/www.visit-ulcinj.com\/blog\/wp-content\/uploads\/2010\/12\/majkl-medsen-unutra-225x300.jpg"},{"@type":"WebPage","@id":"https:\/\/www.visit-ulcinj.com\/blog\/2010\/12\/01\/majkl-mejdsen-usred-primorske-oluje\/#webpage","url":"https:\/\/www.visit-ulcinj.com\/blog\/2010\/12\/01\/majkl-mejdsen-usred-primorske-oluje\/","name":"Majkl Mejdsen usred primorske oluje! - Lajme nga Ulqini","isPartOf":{"@id":"https:\/\/www.visit-ulcinj.com\/blog\/#website"},"primaryImageOfPage":{"@id":"https:\/\/www.visit-ulcinj.com\/blog\/2010\/12\/01\/majkl-mejdsen-usred-primorske-oluje\/#primaryimage"},"datePublished":"2010-12-01T15:50:21+00:00","dateModified":"2010-12-01T15:51:11+00:00","author":{"@id":"https:\/\/www.visit-ulcinj.com\/blog\/#\/schema\/person\/dcab619c614d3038751c63bc2aadc06d"},"description":"U Baru i Ulcinju po\u010delo je snimanje filma \u201cAs Pik\u201d, crnogorskog reditelja Dra\u0161ka \u0110urovi\u0107a, po scenariju Obrada Nenezi\u0107a, koji se, za sada dr\u017ei u tajnosti.","breadcrumb":{"@id":"https:\/\/www.visit-ulcinj.com\/blog\/2010\/12\/01\/majkl-mejdsen-usred-primorske-oluje\/#breadcrumb"},"inLanguage":"en-US","potentialAction":[{"@type":"ReadAction","target":["https:\/\/www.visit-ulcinj.com\/blog\/2010\/12\/01\/majkl-mejdsen-usred-primorske-oluje\/"]}]},{"@type":"BreadcrumbList","@id":"https:\/\/www.visit-ulcinj.com\/blog\/2010\/12\/01\/majkl-mejdsen-usred-primorske-oluje\/#breadcrumb","itemListElement":[{"@type":"ListItem","position":1,"name":"Majkl Mejdsen usred primorske oluje!"}]},{"@type":"Person","@id":"https:\/\/www.visit-ulcinj.com\/blog\/#\/schema\/person\/dcab619c614d3038751c63bc2aadc06d","name":"ulqini","sameAs":["http:\/\/www.visit-ulcinj.com"],"url":"https:\/\/www.visit-ulcinj.com\/blog\/author\/admin\/"}]}},"jetpack_featured_media_url":"","jetpack_sharing_enabled":true,"jetpack_shortlink":"https:\/\/wp.me\/pe6lTn-awf","_links":{"self":[{"href":"https:\/\/www.visit-ulcinj.com\/blog\/wp-json\/wp\/v2\/posts\/40439"}],"collection":[{"href":"https:\/\/www.visit-ulcinj.com\/blog\/wp-json\/wp\/v2\/posts"}],"about":[{"href":"https:\/\/www.visit-ulcinj.com\/blog\/wp-json\/wp\/v2\/types\/post"}],"author":[{"embeddable":true,"href":"https:\/\/www.visit-ulcinj.com\/blog\/wp-json\/wp\/v2\/users\/1"}],"replies":[{"embeddable":true,"href":"https:\/\/www.visit-ulcinj.com\/blog\/wp-json\/wp\/v2\/comments?post=40439"}],"version-history":[{"count":0,"href":"https:\/\/www.visit-ulcinj.com\/blog\/wp-json\/wp\/v2\/posts\/40439\/revisions"}],"wp:attachment":[{"href":"https:\/\/www.visit-ulcinj.com\/blog\/wp-json\/wp\/v2\/media?parent=40439"}],"wp:term":[{"taxonomy":"category","embeddable":true,"href":"https:\/\/www.visit-ulcinj.com\/blog\/wp-json\/wp\/v2\/categories?post=40439"},{"taxonomy":"post_tag","embeddable":true,"href":"https:\/\/www.visit-ulcinj.com\/blog\/wp-json\/wp\/v2\/tags?post=40439"}],"curies":[{"name":"wp","href":"https:\/\/api.w.org\/{rel}","templated":true}]}}