{"id":40454,"date":"2010-12-01T20:05:42","date_gmt":"2010-12-01T19:05:42","guid":{"rendered":"http:\/\/www.visit-ulcinj.com\/blog\/?p=40454"},"modified":"2010-12-01T20:05:42","modified_gmt":"2010-12-01T19:05:42","slug":"obilne-kise-izazvale-poplave-u-vecini-crnogorskih-opstina-video","status":"publish","type":"post","link":"https:\/\/www.visit-ulcinj.com\/blog\/2010\/12\/01\/obilne-kise-izazvale-poplave-u-vecini-crnogorskih-opstina-video\/","title":{"rendered":"Obilne ki\u0161e izazvale poplave u ve\u0107ini crnogorskih op\u0161tina &#8211; Video"},"content":{"rendered":"<p><strong><a href=\"http:\/\/www.visit-ulcinj.com\/blog\/wp-content\/uploads\/2010\/12\/POPLAVE-U-CRNU-GORU.jpg\"><img loading=\"lazy\" class=\"alignleft size-full wp-image-40455\" title=\"POPLAVE U CRNU GORU\" src=\"http:\/\/www.visit-ulcinj.com\/blog\/wp-content\/uploads\/2010\/12\/POPLAVE-U-CRNU-GORU.jpg\" alt=\"\" width=\"490\" height=\"370\" \/><\/a>Nabujale rijeke ru\u0161e mostove<br \/>\n<\/strong>Obilne padavine, koje su ju\u010de pogodile Crnu Goru, stanje u ve\u0107ini crnogorskih op\u0161tina dovele su do alarmantnog. Stanovnici ugro\u017eenih podru\u010dja se sele ili se pripremaju za evakuaciju, a prognoze ne ulivaju nade, jer hidrometeorolozi najavljuju da \u0107e ki\u0161e biti do kraja sedmice.<br \/>\nU ve\u0107 pogo\u0111enim podru\u010djima na sjeveru, sutuacija se pogor\u0161ava, pa je u Beranama opet najkriti\u010dnije.<\/p>\n<p>Evakuacija osam porodica iz romskog naselja, koje se nalazi pored izbjegli\u010dkog naselja Riversajd, po\u010dela je sino\u0107 prije pono\u0107i, koje su smje\u0161tene u prostorijama Celuloze.<br \/>\nJedan od betonskih stubova na drugom mostu na Limu, na magistralnom putu Berane\u2013 Ro\u017eaje, sino\u0107 je popustio.<\/p>\n<p>U izbjegli\u010dkom naselju Riversajd vode iz Lima su sino\u0107 bile ozbiljna prijetnja, pa ukoliko se situacija nastavi, preko 200 osoba mora\u0107e da bude evakuisano, rekao je \u201eVijestima\u201c Sadrija \u0160alja, stanovnik Riversajda.<br \/>\nSino\u0107 su u Berane doputovali predstavnici UNHCR \u2013 a i HELP \u2013 a koji su dopremili vre\u0107e sa pijeskom koje su sino\u0107 postavljene kao \u0161tit.<br \/>\nGradski most je do pono\u0107i odolijevao Limu me\u0111utim, ukoliko se sru\u0161i, pored ostalih nevolja, stanovnici kompletne desne obale \u0107e ostati bez vode, jer su cijevi uvezane za most.<\/p>\n<p>Nabujali Lim je ju\u010de o\u0161tetio gradski most u centru, pa je u jutarnjim \u010dasovima zatvoren za saobra\u0107aj i pje\u0161ake nakon popu\u0161tanja konstrukcije stare 50 godina. Kabinet gradona\u010delnika je saop\u0161tio da je pod budnom pa\u017enjom i drugi most koji je bio ugro\u017een od nabujale rijeke jo\u0161 za vrijeme prethodnih poplava.<br \/>\nVi\u0161e od 10.000 stanovnika naselja Hareme, Petnjik, Donje Luge, Donje R\u017eanice, Zagorja, Kaludre i drugih zaselaka, ju\u010de je odsje\u010deno od grada, a jedini im je put alternativni most, na magistrali Berane-Ro\u017eaje, oko kilometar i po udaljen od gradskog mosta.<\/p>\n<p>U Beranama se ju\u010de radilo na preusmjeravanju nabujalog Lima od ugro\u017eene stope gradskog mosta. Ukoliko bi ona popustila, most bi pregradio vodotok \u0161to bi izazvalo poplave gradske zone nizvodno od mosta sa obje strane. Krizni \u0161tab \u0107e, kako je kazao Golubovi\u0107, procijeniti mogu\u0107nost pada mosta, i ako do toga do\u0111e, minira\u0107e ga.<br \/>\nGolubovi\u0107 je dodao da je ugro\u017een i drugi most na Limu. Ukoliko bi i taj most bio o\u0161te\u0107en, jedina komunikacija sa drugom obalom bila bi preko mosta na Rijeci Marseni\u0107a, koji je oko desetak kilometara udaljen od centra Berana.<\/p>\n<p>Stepeni\u0161ta i ulice u Herceg Novom su ju\u010de pretvoreni u potoke i vodopade. Kanali za odvod povr\u0161inskih voda, kao i potoci nijesu mogli da prime ogromnu koli\u010dinu vode koja se izlivala na saobra\u0107ajnice. Samo za pet sati palo je vi\u0161e od 90 litara ki\u0161e po metru kvadratnom.<br \/>\nNa pojedinim ulicama nivo vode dostizao je pola metra. Niz Mojde\u0161ki put tekla je buji\u010dna rijeka, a na magistralnom putu u Zelenici formirano je jezero koje je usporavalo saobra\u0107aj.<\/p>\n<p>Najte\u017ea situacija bila je u Igalu gdje je poplavljena Jugopetrolova pumpa. Nijesu pomagale ni pumpe Vatrogasne jedinice koje mogu da \u201eprihvate\u201c do 2.000 litara vode u minuti. Bio je anga\u017eovan i bager koji je \u010distio nanose omogu\u0107avaju\u0107i vodi da oti\u010de u more. Poplavljena su prizemlja i gara\u017ee obli\u017enjih zgrada.<br \/>\nKomandir vatrogasne slu\u017ebe Damjan Lon\u010dar kazao je da su za ovakvu situaciju dobrim dijelom krivi sami gra\u0111ani, koji su nesavjesnom gradnjom ili odlaganjem sme\u0107a i \u0161uta zabetonirali ili zatvorili sve otvore, pa voda nema gdje da oti\u010de.<\/p>\n<p>U Nik\u0161i\u0107u je ki\u0161a, koja neprekidno pada, napunila Slano jezero. Ovo jezero je sino\u0107, prema informacijama \u201cVijesti\u201d, bilo na ivici izlivanja, pove\u0107ao se vodostaj Zete i kompletni dotoci nizvodno od Budo\u0161a, ali poplavljenih stambenih i privrednih objekata jo\u0161 nema.<\/p>\n<p>\u201eU par objekata voda je pro\u0161la u podrumske prostorije, ali situacija nije alarmantna. Sve zavisi od daljih padavina\u201c, rekao je Dimitrije Toma\u0161evi\u0107, na\u010delnik op\u0161tinske Slu\u017ebe za\u0161tite.<br \/>\nVoda ve\u0107 \u010detiri dana preliva preko brana jezera Krupac i Vrtac, kao i kompletno korito Zete od izvora na Vidrovanu i kanale do Budo\u0161a.<br \/>\nNajvi\u0161e problema ju\u010de su imali stanari ku\u0107a uz korito rijeke kod Vukovog mosta, gdje je vi\u0161e doma\u0107ina izmje\u0161talo stoku iz poplavljenih \u0161tala.<br \/>\nIako voda nije dostigla pro\u0161logodi\u0161nji nivo, situacija u Zeti uznemiruje stanovnike.<\/p>\n<p>Voda u Ponarima, Bistrici i drugim selima Zete ju\u010de je bila ni\u017ea za 30-40 centimetara od pro\u0161logodi\u0161njeg maksimalnog nivoa, a s obzirom na ki\u0161u koja je padala ju\u010de i vremensku prognozu, rekordni nivo vode bi mogao da bude oboren, tako da su mje\u0161tani ve\u0107 po\u010deli sa evakuacijom stoke, ali i najugro\u017eenijih ku\u0107a, sele\u0107i se u vi\u0161e predjele. Ve\u0107ina lokalnih puteva je blokirana.<\/p>\n<p>\u201cDo sada nam se niko od nadle\u017enih nije javljao, iako smo na najni\u017eoj ta\u010dki pored Mora\u010de. Meni je voda ve\u0107 u\u0161la u sve pomo\u0107ne objekte, tako da u njih unosimo palete i cigle kako bismo stoku podigli na vi\u0161i nivo da ne stoji u vodi\u201c, kazao mje\u0161tanin Ponara \u017deljko Marku\u0161.<br \/>\nPredsjednik GO Golubovci, Du\u0161an Radonji\u0107 rekao je da je krizni \u0161tab stalno na terenu i da se pomno prate de\u0161avanja na teritoriji Zete. On je kazao da je donekle povoljna situacija \u0161to poplave nijesu do\u0161le iznenada i da su mje\u0161tani imali dovoljno dana da se za njih pripreme kako bi \u0161teta bila \u0161to manja.<\/p>\n<p>Od ponavljanja januarskih poplava strahuju i u ulcinjskoj op\u0161tini, jer je nivo Bojane od ju\u010de u porastu.<br \/>\n\u201dStanje u priobalnim podru\u010djima postaje alarmantno\u201d, potvrdio je ju\u010de \u201cVijestima\u201d \u010dlan Op\u0161tinskog kriznog \u0161taba Fljamur Selovi\u0107. On je kazao da je nakon obilaska terena utvrdio da je restoran u \u0160asu pod vodom kao i pojedina doma\u0107instva i poljoprivredna imanja u vladimirskim selima Li\u0161na bori i Fraskanjel, gdje je izvr\u0161ena i evakuacija stoke.<br \/>\nBojana je porasla i nizvodno prema u\u0161\u0107u vlasnici restorana i ku\u0107ica strahuju od novih poplava.<\/p>\n<p>Direktor Javnog preduze\u0107a Komunalno Kotor, Zoran Mrdak, kazao je agenciji MINA da je grad u saobra\u0107ajnom kolapsu jer se vi\u0161e automobila ugasilo zbog visoke vode.<br \/>\n\u201cOko 18 sati Risan je preplavljen buji\u010dnim vodama koje se slivaju u ogromnim koli\u010dinama ka obali\u201d, rekao je Mrdak, i naveo da su na terenu ekipe Vatrogasne jedinice i Komunalnog preduze\u0107a koje poku\u0161avaju da pomognu u pomjeranju zarobljenih automobila i barki koje je izbacilo more.<\/p>\n<p>I u cetinjskoj op\u0161tini su spremni za najgore. Kako je kazao koordinator Kriznog \u0161taba Prijestonice Rajko Jankovi\u0107, poplavljen je odre\u0111eni broj podrumskih i pomo\u0107nih objekata.<br \/>\n\u201dVodostaj Skadarskog jezera u prethodnih 50 sati porastao je 18 centimetara. Me\u0111utim, da bi voda dostigla nivo januarskih poplava, trebalo bi da vodostaj jezera poraste jo\u0161 oko 40 centimetara\u201c, obja\u0161njava Jankovi\u0107.<\/p>\n<p>Rukovodilac Slu\u017ebe za\u0161tite i komunalne policije Mojkovca Dragan Markovi\u0107 izjavio je sino\u0107 da se rijeka Tara izlila u selu Slatina. Put koji povezuje to selo s gradom je u prekidu. Tara je poplavila uzvodno od Slatine imanja u Poljima, a ku\u0107e za sada nijesu ugro\u017eene.<br \/>\n\u201c\u0160titari\u010dka rijeka u MZ \u0160titarica nadolazi, lomljenim kamenom smo poja\u010dali obalou. Mehanizacija ve\u0107 dva dana interveni\u0161e a jedna ma\u0161ina de\u017eura no\u0107u.Vodostaj potoka i rijeka raste, pripadnici Slu\u017ebe za\u0161tite neprekidno prate situaciju na terenu\u201d, kazao je Markovi\u0107.<\/p>\n<p>Iz Elektrprivrede su pozivali stanovnike ugro\u017eenog podru\u010dja, prvenstveno radi sopstvene bezbjednosti i izbjegavanja eventualnih \u0161teta, da u podrumskim i prizemnim prostorijama isklju\u010de sve elektri\u010dne ure\u0111aje. Tokom poslijepodneva svi stanovnici u Vranjini ponovo \u0107e dobiti elektri\u010dnu energiju, nakon \u0161to elektrodistributivne ekipe privremeno premoste o\u0161te\u0107enu fazu trafoa u tamo\u0161njoj trafo-stanici.<\/p>\n<p>Porasli vodostaji<\/p>\n<p>Hidrolog tehni\u010dar Miroslav Vrane\u0161 iz Hidrometeorolo\u0161kog zavoda izjavio je ju\u010de da je vodostaj rijeke Mora\u010de u padu, a na Plavnici u porastu.<br \/>\n\u201cVodostaj na rijeci Mora\u010di ju\u010de ujutro bio je 763 centimetra a u ponedjeljek ve\u010de izmjerena su 844 centimetra. Na Plavnici je nivo vode porastao za deset centimetara, danas su izmjerena 452 a ju\u010de 442 centimetra. Rekordni vodostaj na Plavnici zabilje\u017een je 1963. godine i iznosio je 530 centimetara. S obzirom na to da su meteorolozi najavili obilne padavine do kraja sedmice, postoji velika mogu\u0107nost da se dostigne maksimum\u201d, rekao je Vrane\u0161.<br \/>\nNivo rijeke Zete je u padu, a u hidrolo\u0161koj stanici Duklov most u op\u0161tini Nik\u0161i\u0107, kazao je Vrane\u0161, ju\u010de je izmjereno 186, a prethodnog dana centimetar manje.<br \/>\n\u201cVodostaj na rijeci Zeti u Danilovgradu porastao je ju\u010de 70 centimetara u odnosu na prethodni dan. Vodostaj raste i na rijeci Bojani, gdje je ju\u010de izmjereno 535, a dan ranije 552 centimetra. U Ulcinju u hidrolo\u0161koj stanici Sraskanjel izmjerena su 552 centimetra, a maksimum je bio 603 centimetra\u201d, rekao je Vrane\u0161.<br \/>\nIz Hidrometeorolo\u0161kog zavoda su za srijedu, \u010detvrtak i petak, najavili umjereno do potpuno obla\u010dno, povremeno sa ki\u0161om, u ju\u017enim i centralnim predjelima i pljuskovima sa grmljavinom. U srijedu i petak se mjestimi\u010dno o\u010dekuju umjerene ili obilne padavine.<\/p>\n<p>Most oslabilo i va\u0111enje \u0161ljunka<\/p>\n<p>Uprkos jakoj ki\u0161i i vjetru, Beranci su ju\u010de \u010ditav dan dolazili kod omiljenog mosta za koji su emotivno vezani. Nijemo su posmatrali borbu mosta, koji je odolijevao Limu da ga ne obori. Jedan od njih je bio i predsjednik MZ Hareme Musa \u0110uki\u0107.<br \/>\n\u201cTu smo, gledamo bespomo\u0107no kako most iz \u010dasa u \u010das tone. Od velikog je zna\u010daja bio ne samo za Hareme i njegove dvije i po hiljade stanovnika, ve\u0107 i za sva ostala naselja i ustanove koje se nalaze s druge strane Lima\u201d, kazao je \u0110uki\u0107.<br \/>\n\u0110uki\u0107 smatra da je uzrok havarije na mostu izazvalo nekontrolisano eksploatisanje \u0161ljunka i pijeska iz Lima.<br \/>\n\u201cDa je Lim bio raspore\u0111en, ne bi do\u0161lo do ovoga\u201d, rekao je \u0110uki\u0107.<br \/>\nVreme\u0161ni Beranac Milutin Ze\u010devi\u0107, rekao je \u2019\u2019Vijestima\u2019\u2019 da je do\u0161ao da vidi ho\u0107e li zapamtiti i tre\u0107e ru\u0161enje gradskog mosta.<br \/>\n\u201cPamtim kada su ga Njemci ru\u0161ili 1943. godine. Deset godina kasnije most se sru\u0161io, a ovo bi sada bio tre\u0107i put da gledam ru\u0161enje mosta. Sada je uzrok isklju\u010divo ljudska ruka\u201d, rekao je Ze\u010devi\u0107 pitaju\u0107i se u \u010dudu kome je moglo da padne na pamet da pravi pla\u017eu pravo ispod mosta gdje je zbog te gradnje vjerovatno potkopana stopa mosta.<\/p>\n<p>MUP: Situacija je slo\u017eena<\/p>\n<p>Vodostaji u svim djelovima Crne Gore su u porastu, a situacija je slo\u017eena, saop\u0161teno je ve\u010deras iz Ministarstva unutra\u0161njih poslova i javne uprave.<br \/>\nDanilo Miljevi\u0107 iz Sektora za vanredne situacije MUP-a kazao je agenciji MINA da je ugro\u017eeno vi\u0161e mjesta u gradskoj op\u0161tini Golubovci, kao i kola\u0161insko naselje Lugovi, gdje je anga\u017eovana mehanizacija da bi se sprije\u010dio prodor Tare kroz pje\u0161\u010danu branu.<br \/>\nVojska Crne Gore spremna je da u\u010destvuje u evakuaciji ugro\u017eenih gra\u0111ana i materijalnih dobara ukoliko se za to, usljed poplava, uka\u017ee potreba, saop\u0161tio je ju\u010de na\u010delnik General\u0161taba Vojske Crne Gore Dragan Samard\u017ei\u0107.<br \/>\nDa je situacija u Crnoj Gori zbog poplava sve slo\u017eenija i da se mora uraditi sve kako bi se za\u0161titila imovina gra\u0111ana, smatra pomo\u0107nik ministra unutra\u0161njih poslova za vanredne situacije Zoran Begovi\u0107.<\/p>\n<p><strong>EKIPA \u201cVIJESTI\u201d<br \/>\n[flv width=&#8221;490&#8243; height=&#8221;380&#8243;]http:\/\/a10.video2.blip.tv\/9480007179165\/Rtvvijesti-dnevnik301110286.flv[\/flv]<\/strong><\/p>\n","protected":false},"excerpt":{"rendered":"<p>Nabujale rijeke ru\u0161e mostove Obilne padavine, koje su ju\u010de pogodile Crnu Goru, stanje u ve\u0107ini crnogorskih op\u0161tina dovele su do alarmantnog. Stanovnici ugro\u017eenih podru\u010dja se sele ili se pripremaju za evakuaciju, a prognoze ne ulivaju nade, jer hidrometeorolozi najavljuju da \u0107e ki\u0161e biti do kraja sedmice. U ve\u0107 pogo\u0111enim podru\u010djima na sjeveru, sutuacija se pogor\u0161ava, [&hellip;]<\/p>\n","protected":false},"author":1,"featured_media":0,"comment_status":"open","ping_status":"closed","sticky":false,"template":"","format":"standard","meta":{"spay_email":"","jetpack_publicize_message":"","jetpack_is_tweetstorm":false,"jetpack_publicize_feature_enabled":true},"categories":[8337],"tags":[16469],"jetpack_publicize_connections":[],"yoast_head":"<!-- This site is optimized with the Yoast SEO plugin v19.1 - https:\/\/yoast.com\/wordpress\/plugins\/seo\/ -->\n<title>Obilne ki\u0161e izazvale poplave u ve\u0107ini crnogorskih op\u0161tina - Video - Lajme nga Ulqini<\/title>\n<meta name=\"description\" content=\"Nabujale rijeke ru\u0161e mostove Obilne padavine, koje su ju\u010de pogodile Crnu Goru, stanje u ve\u0107ini crnogorskih op\u0161tina dovele su do alarmantnog. Stanovnici\" \/>\n<meta name=\"robots\" content=\"index, follow, max-snippet:-1, max-image-preview:large, max-video-preview:-1\" \/>\n<link rel=\"canonical\" href=\"https:\/\/www.visit-ulcinj.com\/blog\/2010\/12\/01\/obilne-kise-izazvale-poplave-u-vecini-crnogorskih-opstina-video\/\" \/>\n<meta property=\"og:locale\" content=\"en_US\" \/>\n<meta property=\"og:type\" content=\"article\" \/>\n<meta property=\"og:title\" content=\"Obilne ki\u0161e izazvale poplave u ve\u0107ini crnogorskih op\u0161tina - Video - Lajme nga Ulqini\" \/>\n<meta property=\"og:description\" content=\"Nabujale rijeke ru\u0161e mostove Obilne padavine, koje su ju\u010de pogodile Crnu Goru, stanje u ve\u0107ini crnogorskih op\u0161tina dovele su do alarmantnog. Stanovnici\" \/>\n<meta property=\"og:url\" content=\"https:\/\/www.visit-ulcinj.com\/blog\/2010\/12\/01\/obilne-kise-izazvale-poplave-u-vecini-crnogorskih-opstina-video\/\" \/>\n<meta property=\"og:site_name\" content=\"Lajme nga Ulqini\" \/>\n<meta property=\"article:published_time\" content=\"2010-12-01T19:05:42+00:00\" \/>\n<meta property=\"og:image\" content=\"http:\/\/www.visit-ulcinj.com\/blog\/wp-content\/uploads\/2010\/12\/POPLAVE-U-CRNU-GORU.jpg\" \/>\n<meta name=\"twitter:label1\" content=\"Written by\" \/>\n\t<meta name=\"twitter:data1\" content=\"ulqini\" \/>\n\t<meta name=\"twitter:label2\" content=\"Est. reading time\" \/>\n\t<meta name=\"twitter:data2\" content=\"10 minutes\" \/>\n<script type=\"application\/ld+json\" class=\"yoast-schema-graph\">{\"@context\":\"https:\/\/schema.org\",\"@graph\":[{\"@type\":\"WebSite\",\"@id\":\"https:\/\/www.visit-ulcinj.com\/blog\/#website\",\"url\":\"https:\/\/www.visit-ulcinj.com\/blog\/\",\"name\":\"Lajme nga Ulqini\",\"description\":\"Lajme,Vijesti,Ulqini,Ulqin,Crna Gora,Mali i Zi\",\"potentialAction\":[{\"@type\":\"SearchAction\",\"target\":{\"@type\":\"EntryPoint\",\"urlTemplate\":\"https:\/\/www.visit-ulcinj.com\/blog\/?s={search_term_string}\"},\"query-input\":\"required name=search_term_string\"}],\"inLanguage\":\"en-US\"},{\"@type\":\"ImageObject\",\"inLanguage\":\"en-US\",\"@id\":\"https:\/\/www.visit-ulcinj.com\/blog\/2010\/12\/01\/obilne-kise-izazvale-poplave-u-vecini-crnogorskih-opstina-video\/#primaryimage\",\"url\":\"https:\/\/www.visit-ulcinj.com\/blog\/wp-content\/uploads\/2010\/12\/POPLAVE-U-CRNU-GORU.jpg\",\"contentUrl\":\"https:\/\/www.visit-ulcinj.com\/blog\/wp-content\/uploads\/2010\/12\/POPLAVE-U-CRNU-GORU.jpg\",\"width\":\"800\",\"height\":\"544\"},{\"@type\":\"WebPage\",\"@id\":\"https:\/\/www.visit-ulcinj.com\/blog\/2010\/12\/01\/obilne-kise-izazvale-poplave-u-vecini-crnogorskih-opstina-video\/#webpage\",\"url\":\"https:\/\/www.visit-ulcinj.com\/blog\/2010\/12\/01\/obilne-kise-izazvale-poplave-u-vecini-crnogorskih-opstina-video\/\",\"name\":\"Obilne ki\u0161e izazvale poplave u ve\u0107ini crnogorskih op\u0161tina - Video - Lajme nga Ulqini\",\"isPartOf\":{\"@id\":\"https:\/\/www.visit-ulcinj.com\/blog\/#website\"},\"primaryImageOfPage\":{\"@id\":\"https:\/\/www.visit-ulcinj.com\/blog\/2010\/12\/01\/obilne-kise-izazvale-poplave-u-vecini-crnogorskih-opstina-video\/#primaryimage\"},\"datePublished\":\"2010-12-01T19:05:42+00:00\",\"dateModified\":\"2010-12-01T19:05:42+00:00\",\"author\":{\"@id\":\"https:\/\/www.visit-ulcinj.com\/blog\/#\/schema\/person\/dcab619c614d3038751c63bc2aadc06d\"},\"description\":\"Nabujale rijeke ru\u0161e mostove Obilne padavine, koje su ju\u010de pogodile Crnu Goru, stanje u ve\u0107ini crnogorskih op\u0161tina dovele su do alarmantnog. Stanovnici\",\"breadcrumb\":{\"@id\":\"https:\/\/www.visit-ulcinj.com\/blog\/2010\/12\/01\/obilne-kise-izazvale-poplave-u-vecini-crnogorskih-opstina-video\/#breadcrumb\"},\"inLanguage\":\"en-US\",\"potentialAction\":[{\"@type\":\"ReadAction\",\"target\":[\"https:\/\/www.visit-ulcinj.com\/blog\/2010\/12\/01\/obilne-kise-izazvale-poplave-u-vecini-crnogorskih-opstina-video\/\"]}]},{\"@type\":\"BreadcrumbList\",\"@id\":\"https:\/\/www.visit-ulcinj.com\/blog\/2010\/12\/01\/obilne-kise-izazvale-poplave-u-vecini-crnogorskih-opstina-video\/#breadcrumb\",\"itemListElement\":[{\"@type\":\"ListItem\",\"position\":1,\"name\":\"Obilne ki\u0161e izazvale poplave u ve\u0107ini crnogorskih op\u0161tina &#8211; Video\"}]},{\"@type\":\"Person\",\"@id\":\"https:\/\/www.visit-ulcinj.com\/blog\/#\/schema\/person\/dcab619c614d3038751c63bc2aadc06d\",\"name\":\"ulqini\",\"sameAs\":[\"http:\/\/www.visit-ulcinj.com\"],\"url\":\"https:\/\/www.visit-ulcinj.com\/blog\/author\/admin\/\"}]}<\/script>\n<!-- \/ Yoast SEO plugin. -->","yoast_head_json":{"title":"Obilne ki\u0161e izazvale poplave u ve\u0107ini crnogorskih op\u0161tina - Video - Lajme nga Ulqini","description":"Nabujale rijeke ru\u0161e mostove Obilne padavine, koje su ju\u010de pogodile Crnu Goru, stanje u ve\u0107ini crnogorskih op\u0161tina dovele su do alarmantnog. Stanovnici","robots":{"index":"index","follow":"follow","max-snippet":"max-snippet:-1","max-image-preview":"max-image-preview:large","max-video-preview":"max-video-preview:-1"},"canonical":"https:\/\/www.visit-ulcinj.com\/blog\/2010\/12\/01\/obilne-kise-izazvale-poplave-u-vecini-crnogorskih-opstina-video\/","og_locale":"en_US","og_type":"article","og_title":"Obilne ki\u0161e izazvale poplave u ve\u0107ini crnogorskih op\u0161tina - Video - Lajme nga Ulqini","og_description":"Nabujale rijeke ru\u0161e mostove Obilne padavine, koje su ju\u010de pogodile Crnu Goru, stanje u ve\u0107ini crnogorskih op\u0161tina dovele su do alarmantnog. Stanovnici","og_url":"https:\/\/www.visit-ulcinj.com\/blog\/2010\/12\/01\/obilne-kise-izazvale-poplave-u-vecini-crnogorskih-opstina-video\/","og_site_name":"Lajme nga Ulqini","article_published_time":"2010-12-01T19:05:42+00:00","og_image":[{"url":"http:\/\/www.visit-ulcinj.com\/blog\/wp-content\/uploads\/2010\/12\/POPLAVE-U-CRNU-GORU.jpg"}],"twitter_misc":{"Written by":"ulqini","Est. reading time":"10 minutes"},"schema":{"@context":"https:\/\/schema.org","@graph":[{"@type":"WebSite","@id":"https:\/\/www.visit-ulcinj.com\/blog\/#website","url":"https:\/\/www.visit-ulcinj.com\/blog\/","name":"Lajme nga Ulqini","description":"Lajme,Vijesti,Ulqini,Ulqin,Crna Gora,Mali i Zi","potentialAction":[{"@type":"SearchAction","target":{"@type":"EntryPoint","urlTemplate":"https:\/\/www.visit-ulcinj.com\/blog\/?s={search_term_string}"},"query-input":"required name=search_term_string"}],"inLanguage":"en-US"},{"@type":"ImageObject","inLanguage":"en-US","@id":"https:\/\/www.visit-ulcinj.com\/blog\/2010\/12\/01\/obilne-kise-izazvale-poplave-u-vecini-crnogorskih-opstina-video\/#primaryimage","url":"https:\/\/www.visit-ulcinj.com\/blog\/wp-content\/uploads\/2010\/12\/POPLAVE-U-CRNU-GORU.jpg","contentUrl":"https:\/\/www.visit-ulcinj.com\/blog\/wp-content\/uploads\/2010\/12\/POPLAVE-U-CRNU-GORU.jpg","width":"800","height":"544"},{"@type":"WebPage","@id":"https:\/\/www.visit-ulcinj.com\/blog\/2010\/12\/01\/obilne-kise-izazvale-poplave-u-vecini-crnogorskih-opstina-video\/#webpage","url":"https:\/\/www.visit-ulcinj.com\/blog\/2010\/12\/01\/obilne-kise-izazvale-poplave-u-vecini-crnogorskih-opstina-video\/","name":"Obilne ki\u0161e izazvale poplave u ve\u0107ini crnogorskih op\u0161tina - Video - Lajme nga Ulqini","isPartOf":{"@id":"https:\/\/www.visit-ulcinj.com\/blog\/#website"},"primaryImageOfPage":{"@id":"https:\/\/www.visit-ulcinj.com\/blog\/2010\/12\/01\/obilne-kise-izazvale-poplave-u-vecini-crnogorskih-opstina-video\/#primaryimage"},"datePublished":"2010-12-01T19:05:42+00:00","dateModified":"2010-12-01T19:05:42+00:00","author":{"@id":"https:\/\/www.visit-ulcinj.com\/blog\/#\/schema\/person\/dcab619c614d3038751c63bc2aadc06d"},"description":"Nabujale rijeke ru\u0161e mostove Obilne padavine, koje su ju\u010de pogodile Crnu Goru, stanje u ve\u0107ini crnogorskih op\u0161tina dovele su do alarmantnog. Stanovnici","breadcrumb":{"@id":"https:\/\/www.visit-ulcinj.com\/blog\/2010\/12\/01\/obilne-kise-izazvale-poplave-u-vecini-crnogorskih-opstina-video\/#breadcrumb"},"inLanguage":"en-US","potentialAction":[{"@type":"ReadAction","target":["https:\/\/www.visit-ulcinj.com\/blog\/2010\/12\/01\/obilne-kise-izazvale-poplave-u-vecini-crnogorskih-opstina-video\/"]}]},{"@type":"BreadcrumbList","@id":"https:\/\/www.visit-ulcinj.com\/blog\/2010\/12\/01\/obilne-kise-izazvale-poplave-u-vecini-crnogorskih-opstina-video\/#breadcrumb","itemListElement":[{"@type":"ListItem","position":1,"name":"Obilne ki\u0161e izazvale poplave u ve\u0107ini crnogorskih op\u0161tina &#8211; Video"}]},{"@type":"Person","@id":"https:\/\/www.visit-ulcinj.com\/blog\/#\/schema\/person\/dcab619c614d3038751c63bc2aadc06d","name":"ulqini","sameAs":["http:\/\/www.visit-ulcinj.com"],"url":"https:\/\/www.visit-ulcinj.com\/blog\/author\/admin\/"}]}},"jetpack_featured_media_url":"","jetpack_sharing_enabled":true,"jetpack_shortlink":"https:\/\/wp.me\/pe6lTn-awu","_links":{"self":[{"href":"https:\/\/www.visit-ulcinj.com\/blog\/wp-json\/wp\/v2\/posts\/40454"}],"collection":[{"href":"https:\/\/www.visit-ulcinj.com\/blog\/wp-json\/wp\/v2\/posts"}],"about":[{"href":"https:\/\/www.visit-ulcinj.com\/blog\/wp-json\/wp\/v2\/types\/post"}],"author":[{"embeddable":true,"href":"https:\/\/www.visit-ulcinj.com\/blog\/wp-json\/wp\/v2\/users\/1"}],"replies":[{"embeddable":true,"href":"https:\/\/www.visit-ulcinj.com\/blog\/wp-json\/wp\/v2\/comments?post=40454"}],"version-history":[{"count":0,"href":"https:\/\/www.visit-ulcinj.com\/blog\/wp-json\/wp\/v2\/posts\/40454\/revisions"}],"wp:attachment":[{"href":"https:\/\/www.visit-ulcinj.com\/blog\/wp-json\/wp\/v2\/media?parent=40454"}],"wp:term":[{"taxonomy":"category","embeddable":true,"href":"https:\/\/www.visit-ulcinj.com\/blog\/wp-json\/wp\/v2\/categories?post=40454"},{"taxonomy":"post_tag","embeddable":true,"href":"https:\/\/www.visit-ulcinj.com\/blog\/wp-json\/wp\/v2\/tags?post=40454"}],"curies":[{"name":"wp","href":"https:\/\/api.w.org\/{rel}","templated":true}]}}