{"id":40460,"date":"2010-12-02T13:33:18","date_gmt":"2010-12-02T12:33:18","guid":{"rendered":"http:\/\/www.visit-ulcinj.com\/blog\/?p=40460"},"modified":"2010-12-02T18:49:55","modified_gmt":"2010-12-02T17:49:55","slug":"situata-hidroologjike-ne-komunen-e-ulqinit-jashte-kontrolle-perbytje-qe-nuk-mbahen-mend-ne-tri-dekadat-e-fundit-video","status":"publish","type":"post","link":"https:\/\/www.visit-ulcinj.com\/blog\/2010\/12\/02\/situata-hidroologjike-ne-komunen-e-ulqinit-jashte-kontrolle-perbytje-qe-nuk-mbahen-mend-ne-tri-dekadat-e-fundit-video\/","title":{"rendered":"Situata hidroologjike n\u00eb komun\u00ebn e Ulqinit jasht\u00eb kontrolle, p\u00ebrbytje q\u00eb nuk mbahen mend n\u00eb tri dekadat e fundit &#8211; Video"},"content":{"rendered":"<p><strong><a href=\"http:\/\/www.visit-ulcinj.com\/blog\/wp-content\/uploads\/2010\/12\/Perbytjet-e-lumit-buna_ulqin.jpg\"><img loading=\"lazy\" class=\"alignleft size-full wp-image-40461\" title=\"Perbytjet e lumit buna_ulqin\" src=\"http:\/\/www.visit-ulcinj.com\/blog\/wp-content\/uploads\/2010\/12\/Perbytjet-e-lumit-buna_ulqin.jpg\" alt=\"\" width=\"490\" height=\"380\" \/><\/a>02.12.2010<\/strong><\/p>\n<p><strong>Nga Hatixhe Nelaj<\/strong><\/p>\n<p>Situate hidroologjike n\u00eb komun\u00ebn e Ulqinit ka dalur nga kontrolla,t\u00eb p\u00ebrmbytura jan\u00eb t\u00eb gjitha viset pran\u00eb bregut t\u00eb lumit Buna,banor\u00ebt e k\u00ebsaj zone nuk mbajn\u00eb mend p\u00ebrbytje t\u00eb tilla madje n\u00eb 3 dekadat e fundit nuk kishte p\u00ebrmbytje t\u00eb k\u00ebsaj p\u00ebrmase.<\/p>\n<p>Evakuimi i bag\u00ebtive \u00ebsht\u00eb b\u00ebr\u00eb q\u00eb para dy dit\u00ebve n\u00eb zon\u00ebn e Boreve,nd\u00ebrkoh\u00eb q\u00eb sot pas ngritjes s\u00eb nivelit t\u00eb ujit q\u00eb n\u00eb disa vende arrin edhe n\u00eb 2 metra nga toka, \u00ebsht\u00eb duke u b\u00ebr\u00eb edhe evakuimi i pleq\u00ebve dhe f\u00ebmij\u00ebve. Nga t\u00eb dh\u00ebnat q\u00eb i kemi nga terreni situate sa vjen e v\u00ebshtirsohet,dhe niveli i ujit \u00e7do or\u00eb \u00ebsht\u00eb n\u00eb rritje.M\u00eb t\u00eb rrezikuarit jan\u00eb fshatrat pran\u00eb bregut t\u00eb lumit Buna, Bore ,Fraskanjel,Lis\u00ebn,Re\u00e7,dhe Shtoji.<\/p>\n<p>Pas p\u00ebrkeq\u00ebsimit t\u00eb situates dje Minisitri malazez i uj\u00ebrave\u00a0 Millutin Simoviq dhe homolohu i tij shqiptar Fatmir Mejdiu me bashk\u00ebpun\u00ebtor\u00ebt e vet \u00a0u takuan \u00a0\u00a0n\u00eb kabinetin e kryetarit t\u00eb\u00a0 komun\u00ebs s\u00eb Ulqinit, G\u00ebzim Hajdiana ku u diskutua situata e v\u00ebshtir\u00eb e p\u00ebrbashk\u00ebt \u00a0hidroologjike n\u00eb k\u00ebto dy shtete fqinje. N\u00eb k\u00ebt\u00eb takim miq\u00ebsor \u00a0t\u00eb dy pal\u00ebt\u00a0 kan\u00eb r\u00ebn\u00eb dakord \u00a0q\u00eb\u00a0 \u00a0t\u00eb ngrihet nj\u00eb grup\u00a0 teknik i cili do t\u00eb shqyrtoj\u00eb problemet e emergjenc\u00ebs, ballafaqimin e p\u00ebrbashk\u00ebt p\u00ebr k\u00ebto probleme, duke e konsiderur t\u00eb gjith\u00eb rrjedh\u00ebn e lumit Buna, nd\u00ebrhyrjen e p\u00ebrbashk\u00ebt n\u00eb problemet q\u00eb ka lumi\u00a0 p\u00ebr t\u00eb minimizuar v\u00ebshtir\u00ebsit\u00eb, me q\u00ebllim t\u00eb k\u00ebrkimit t\u00eb nj\u00eb zgjidhjeje \u00a0reciproke definitive.<\/p>\n<p>Ministri Simoviq dhe ministri Mediu than\u00eb se \u00a0sot do t\u00eb \u00a0mblidhet grupi teknik n\u00eb qytetin e Shkodr\u00ebs, i cili do t\u00eb p\u00ebrgatis\u00eb Platform\u00ebn e verpimit t\u00eb p\u00ebrbashk\u00ebt dhe shtuan se me dat\u00ebn 13 t\u00eb k\u00ebtij muaji do t\u00eb takohen\u00a0 kryeministri i Malit t\u00eb Zi Millo Gjukanoviq dhe kryeministri i Shqip\u00ebris\u00eb dr. Sali Berisha p\u00ebr t\u00eb diskutuar zgjidhjen\u00a0 konkrete\u00a0 hidrologjike.<\/p>\n<p>Pas k\u00ebtij takimi\u00a0 ministri Simoviq dhe ministri Mediu vizituan zonat m\u00eb t\u00eb rrezikuara nga p\u00ebrmbytjet n\u00eb komun\u00ebn e Ulqinit.<\/p>\n<p>Nga t\u00eb dh\u00ebnat q\u00eb i kemi nga terreni situate sa vjen e v\u00ebshtirsohet,dhe niveli i ujit \u00e7do or\u00eb \u00ebsht\u00eb n\u00eb rritje.M\u00eb t\u00eb rrezikuarit jan\u00eb fshatrat pran\u00eb bregut t\u00eb lumit Buna,Fraskanjel,Lis\u00ebn,Re\u00e7,dhe Shtoji,ku i vetmi mjet p\u00ebr t\u00eb l\u00ebvizur \u00ebsht\u00eb varka.<br \/>\n[flv width=&#8221;490&#8243; height=&#8221;390&#8243;]http:\/\/video1.top-channel.tv\/18754796\/flv\/kronika\/shkoderdramaujit0112.flv[\/flv]<\/p>\n<p><strong>Ekspertska grupa sa Albanijom za 15 dana<\/strong><\/p>\n<p>U Ulcinju je Bojana ju\u010de dostigla januarski nivo, koji i dalje raste. Situacija je primoralazvani\u010dnu Tiranu primorala da Podgorici obe\u0107a kvalitetniju kontrolu nad ispustima na hidrocentralama na Drimu. Ministar poljoprivrede Milutin Simovi\u0107 i njegov albanski kolega Fatmir Mejdiu ju\u010de su na sastanku kod gradona\u010delnika Gzima Hajdinage dogovorili nu\u017ene korake da bi se Bojana vratila u korito.<br \/>\n\u201eShvatio sam da je Simovi\u0107 zabrinut zbog saradnje dva \u0161taba a posebno kada je u pitanju informisanje crnogorske strane oko ispu\u0161tanja vode sa hidrocentrala na Drimu. \u017delim da ka\u017eem da je cijela stvar u rukama eksperata koji imaju na\u0161u politi\u010dku podr\u0161ku da to urade kako treba\u201c, rekao je Mejdiu.<br \/>\nSimovi\u0107 se zahvalio Albaniji \u0161to \u0107e u narednom periodu pa\u017eljivije pratiti ispu\u0161tanje voda iz akumulacija na Drimu. On je kazao da je dogovoreno formiranje zajedni\u010dkog tima koji \u0107e do sredine decembra izraditi osnovu plana za dugoro\u010dno rje\u0161enje problema oko izlivanja Bojane.<\/p>\n<p><strong>S.A.<br \/>\n<a href=\"http:\/\/www.vijesti.me\/\" target=\"_blank\">Vijesti<\/a><\/strong><br \/>\n[flv width=&#8221;490&#8243; height=&#8221;390&#8243;]http:\/\/www.balkanweb.com\/videoAlbum\/Video\/7923.flv[\/flv]<\/p>\n","protected":false},"excerpt":{"rendered":"<p>02.12.2010 Nga Hatixhe Nelaj Situate hidroologjike n\u00eb komun\u00ebn e Ulqinit ka dalur nga kontrolla,t\u00eb p\u00ebrmbytura jan\u00eb t\u00eb gjitha viset pran\u00eb bregut t\u00eb lumit Buna,banor\u00ebt e k\u00ebsaj zone nuk mbajn\u00eb mend p\u00ebrbytje t\u00eb tilla madje n\u00eb 3 dekadat e fundit nuk kishte p\u00ebrmbytje t\u00eb k\u00ebsaj p\u00ebrmase. Evakuimi i bag\u00ebtive \u00ebsht\u00eb b\u00ebr\u00eb q\u00eb para dy dit\u00ebve n\u00eb [&hellip;]<\/p>\n","protected":false},"author":1,"featured_media":0,"comment_status":"open","ping_status":"closed","sticky":false,"template":"","format":"standard","meta":{"spay_email":"","jetpack_publicize_message":"","jetpack_is_tweetstorm":false,"jetpack_publicize_feature_enabled":true},"categories":[12],"tags":[14351,3505,212,14352,14349,14353,3510,3502,14354,12340,14355,16216,14356,3516,14357,3511,3504,14358,3220,16214,14359,3506,3499,14360,14361,3509,16210,16211,14362,14363,3507,14655,3717,3500,1762,4625,3228,14364,13230,3512,16212,95,14365,3227,14366,3513,14348,4642,3514,16467,14367,13178,3501,14368,14369,14370,10472,2083,3231,14371,3617,16202,3508,14372,3503,14373,14374,3515,16215,3498,2800,15160,14375,200,18,16213,14376],"jetpack_publicize_connections":[],"yoast_head":"<!-- This site is optimized with the Yoast SEO plugin v19.1 - https:\/\/yoast.com\/wordpress\/plugins\/seo\/ -->\n<title>Situata hidroologjike n\u00eb komun\u00ebn e Ulqinit jasht\u00eb kontrolle, p\u00ebrbytje q\u00eb nuk mbahen mend n\u00eb tri dekadat e fundit - Video - Lajme nga Ulqini<\/title>\n<meta name=\"description\" content=\"02.12.2010 Nga Hatixhe Nelaj Situate hidroologjike n\u00eb komun\u00ebn e Ulqinit ka dalur nga kontrolla,t\u00eb p\u00ebrmbytura jan\u00eb t\u00eb gjitha viset pran\u00eb bregut t\u00eb lumit\" \/>\n<meta name=\"robots\" content=\"index, follow, max-snippet:-1, max-image-preview:large, max-video-preview:-1\" \/>\n<link rel=\"canonical\" href=\"https:\/\/www.visit-ulcinj.com\/blog\/2010\/12\/02\/situata-hidroologjike-ne-komunen-e-ulqinit-jashte-kontrolle-perbytje-qe-nuk-mbahen-mend-ne-tri-dekadat-e-fundit-video\/\" \/>\n<meta property=\"og:locale\" content=\"en_US\" \/>\n<meta property=\"og:type\" content=\"article\" \/>\n<meta property=\"og:title\" content=\"Situata hidroologjike n\u00eb komun\u00ebn e Ulqinit jasht\u00eb kontrolle, p\u00ebrbytje q\u00eb nuk mbahen mend n\u00eb tri dekadat e fundit - Video - Lajme nga Ulqini\" \/>\n<meta property=\"og:description\" content=\"02.12.2010 Nga Hatixhe Nelaj Situate hidroologjike n\u00eb komun\u00ebn e Ulqinit ka dalur nga kontrolla,t\u00eb p\u00ebrmbytura jan\u00eb t\u00eb gjitha viset pran\u00eb bregut t\u00eb lumit\" \/>\n<meta property=\"og:url\" content=\"https:\/\/www.visit-ulcinj.com\/blog\/2010\/12\/02\/situata-hidroologjike-ne-komunen-e-ulqinit-jashte-kontrolle-perbytje-qe-nuk-mbahen-mend-ne-tri-dekadat-e-fundit-video\/\" \/>\n<meta property=\"og:site_name\" content=\"Lajme nga Ulqini\" \/>\n<meta property=\"article:published_time\" content=\"2010-12-02T12:33:18+00:00\" \/>\n<meta property=\"article:modified_time\" content=\"2010-12-02T17:49:55+00:00\" \/>\n<meta property=\"og:image\" content=\"http:\/\/www.visit-ulcinj.com\/blog\/wp-content\/uploads\/2010\/12\/Perbytjet-e-lumit-buna_ulqin.jpg\" \/>\n<meta name=\"twitter:label1\" content=\"Written by\" \/>\n\t<meta name=\"twitter:data1\" content=\"ulqini\" \/>\n\t<meta name=\"twitter:label2\" content=\"Est. reading time\" \/>\n\t<meta name=\"twitter:data2\" content=\"3 minutes\" \/>\n<script type=\"application\/ld+json\" class=\"yoast-schema-graph\">{\"@context\":\"https:\/\/schema.org\",\"@graph\":[{\"@type\":\"WebSite\",\"@id\":\"https:\/\/www.visit-ulcinj.com\/blog\/#website\",\"url\":\"https:\/\/www.visit-ulcinj.com\/blog\/\",\"name\":\"Lajme nga Ulqini\",\"description\":\"Lajme,Vijesti,Ulqini,Ulqin,Crna Gora,Mali i Zi\",\"potentialAction\":[{\"@type\":\"SearchAction\",\"target\":{\"@type\":\"EntryPoint\",\"urlTemplate\":\"https:\/\/www.visit-ulcinj.com\/blog\/?s={search_term_string}\"},\"query-input\":\"required name=search_term_string\"}],\"inLanguage\":\"en-US\"},{\"@type\":\"ImageObject\",\"inLanguage\":\"en-US\",\"@id\":\"https:\/\/www.visit-ulcinj.com\/blog\/2010\/12\/02\/situata-hidroologjike-ne-komunen-e-ulqinit-jashte-kontrolle-perbytje-qe-nuk-mbahen-mend-ne-tri-dekadat-e-fundit-video\/#primaryimage\",\"url\":\"https:\/\/www.visit-ulcinj.com\/blog\/wp-content\/uploads\/2010\/12\/Perbytjet-e-lumit-buna_ulqin.jpg\",\"contentUrl\":\"https:\/\/www.visit-ulcinj.com\/blog\/wp-content\/uploads\/2010\/12\/Perbytjet-e-lumit-buna_ulqin.jpg\",\"width\":\"604\",\"height\":\"453\"},{\"@type\":\"WebPage\",\"@id\":\"https:\/\/www.visit-ulcinj.com\/blog\/2010\/12\/02\/situata-hidroologjike-ne-komunen-e-ulqinit-jashte-kontrolle-perbytje-qe-nuk-mbahen-mend-ne-tri-dekadat-e-fundit-video\/#webpage\",\"url\":\"https:\/\/www.visit-ulcinj.com\/blog\/2010\/12\/02\/situata-hidroologjike-ne-komunen-e-ulqinit-jashte-kontrolle-perbytje-qe-nuk-mbahen-mend-ne-tri-dekadat-e-fundit-video\/\",\"name\":\"Situata hidroologjike n\u00eb komun\u00ebn e Ulqinit jasht\u00eb kontrolle, p\u00ebrbytje q\u00eb nuk mbahen mend n\u00eb tri dekadat e fundit - Video - Lajme nga Ulqini\",\"isPartOf\":{\"@id\":\"https:\/\/www.visit-ulcinj.com\/blog\/#website\"},\"primaryImageOfPage\":{\"@id\":\"https:\/\/www.visit-ulcinj.com\/blog\/2010\/12\/02\/situata-hidroologjike-ne-komunen-e-ulqinit-jashte-kontrolle-perbytje-qe-nuk-mbahen-mend-ne-tri-dekadat-e-fundit-video\/#primaryimage\"},\"datePublished\":\"2010-12-02T12:33:18+00:00\",\"dateModified\":\"2010-12-02T17:49:55+00:00\",\"author\":{\"@id\":\"https:\/\/www.visit-ulcinj.com\/blog\/#\/schema\/person\/dcab619c614d3038751c63bc2aadc06d\"},\"description\":\"02.12.2010 Nga Hatixhe Nelaj Situate hidroologjike n\u00eb komun\u00ebn e Ulqinit ka dalur nga kontrolla,t\u00eb p\u00ebrmbytura jan\u00eb t\u00eb gjitha viset pran\u00eb bregut t\u00eb lumit\",\"breadcrumb\":{\"@id\":\"https:\/\/www.visit-ulcinj.com\/blog\/2010\/12\/02\/situata-hidroologjike-ne-komunen-e-ulqinit-jashte-kontrolle-perbytje-qe-nuk-mbahen-mend-ne-tri-dekadat-e-fundit-video\/#breadcrumb\"},\"inLanguage\":\"en-US\",\"potentialAction\":[{\"@type\":\"ReadAction\",\"target\":[\"https:\/\/www.visit-ulcinj.com\/blog\/2010\/12\/02\/situata-hidroologjike-ne-komunen-e-ulqinit-jashte-kontrolle-perbytje-qe-nuk-mbahen-mend-ne-tri-dekadat-e-fundit-video\/\"]}]},{\"@type\":\"BreadcrumbList\",\"@id\":\"https:\/\/www.visit-ulcinj.com\/blog\/2010\/12\/02\/situata-hidroologjike-ne-komunen-e-ulqinit-jashte-kontrolle-perbytje-qe-nuk-mbahen-mend-ne-tri-dekadat-e-fundit-video\/#breadcrumb\",\"itemListElement\":[{\"@type\":\"ListItem\",\"position\":1,\"name\":\"Situata hidroologjike n\u00eb komun\u00ebn e Ulqinit jasht\u00eb kontrolle, p\u00ebrbytje q\u00eb nuk mbahen mend n\u00eb tri dekadat e fundit &#8211; Video\"}]},{\"@type\":\"Person\",\"@id\":\"https:\/\/www.visit-ulcinj.com\/blog\/#\/schema\/person\/dcab619c614d3038751c63bc2aadc06d\",\"name\":\"ulqini\",\"sameAs\":[\"http:\/\/www.visit-ulcinj.com\"],\"url\":\"https:\/\/www.visit-ulcinj.com\/blog\/author\/admin\/\"}]}<\/script>\n<!-- \/ Yoast SEO plugin. -->","yoast_head_json":{"title":"Situata hidroologjike n\u00eb komun\u00ebn e Ulqinit jasht\u00eb kontrolle, p\u00ebrbytje q\u00eb nuk mbahen mend n\u00eb tri dekadat e fundit - Video - Lajme nga Ulqini","description":"02.12.2010 Nga Hatixhe Nelaj Situate hidroologjike n\u00eb komun\u00ebn e Ulqinit ka dalur nga kontrolla,t\u00eb p\u00ebrmbytura jan\u00eb t\u00eb gjitha viset pran\u00eb bregut t\u00eb lumit","robots":{"index":"index","follow":"follow","max-snippet":"max-snippet:-1","max-image-preview":"max-image-preview:large","max-video-preview":"max-video-preview:-1"},"canonical":"https:\/\/www.visit-ulcinj.com\/blog\/2010\/12\/02\/situata-hidroologjike-ne-komunen-e-ulqinit-jashte-kontrolle-perbytje-qe-nuk-mbahen-mend-ne-tri-dekadat-e-fundit-video\/","og_locale":"en_US","og_type":"article","og_title":"Situata hidroologjike n\u00eb komun\u00ebn e Ulqinit jasht\u00eb kontrolle, p\u00ebrbytje q\u00eb nuk mbahen mend n\u00eb tri dekadat e fundit - Video - Lajme nga Ulqini","og_description":"02.12.2010 Nga Hatixhe Nelaj Situate hidroologjike n\u00eb komun\u00ebn e Ulqinit ka dalur nga kontrolla,t\u00eb p\u00ebrmbytura jan\u00eb t\u00eb gjitha viset pran\u00eb bregut t\u00eb lumit","og_url":"https:\/\/www.visit-ulcinj.com\/blog\/2010\/12\/02\/situata-hidroologjike-ne-komunen-e-ulqinit-jashte-kontrolle-perbytje-qe-nuk-mbahen-mend-ne-tri-dekadat-e-fundit-video\/","og_site_name":"Lajme nga Ulqini","article_published_time":"2010-12-02T12:33:18+00:00","article_modified_time":"2010-12-02T17:49:55+00:00","og_image":[{"url":"http:\/\/www.visit-ulcinj.com\/blog\/wp-content\/uploads\/2010\/12\/Perbytjet-e-lumit-buna_ulqin.jpg"}],"twitter_misc":{"Written by":"ulqini","Est. reading time":"3 minutes"},"schema":{"@context":"https:\/\/schema.org","@graph":[{"@type":"WebSite","@id":"https:\/\/www.visit-ulcinj.com\/blog\/#website","url":"https:\/\/www.visit-ulcinj.com\/blog\/","name":"Lajme nga Ulqini","description":"Lajme,Vijesti,Ulqini,Ulqin,Crna Gora,Mali i Zi","potentialAction":[{"@type":"SearchAction","target":{"@type":"EntryPoint","urlTemplate":"https:\/\/www.visit-ulcinj.com\/blog\/?s={search_term_string}"},"query-input":"required name=search_term_string"}],"inLanguage":"en-US"},{"@type":"ImageObject","inLanguage":"en-US","@id":"https:\/\/www.visit-ulcinj.com\/blog\/2010\/12\/02\/situata-hidroologjike-ne-komunen-e-ulqinit-jashte-kontrolle-perbytje-qe-nuk-mbahen-mend-ne-tri-dekadat-e-fundit-video\/#primaryimage","url":"https:\/\/www.visit-ulcinj.com\/blog\/wp-content\/uploads\/2010\/12\/Perbytjet-e-lumit-buna_ulqin.jpg","contentUrl":"https:\/\/www.visit-ulcinj.com\/blog\/wp-content\/uploads\/2010\/12\/Perbytjet-e-lumit-buna_ulqin.jpg","width":"604","height":"453"},{"@type":"WebPage","@id":"https:\/\/www.visit-ulcinj.com\/blog\/2010\/12\/02\/situata-hidroologjike-ne-komunen-e-ulqinit-jashte-kontrolle-perbytje-qe-nuk-mbahen-mend-ne-tri-dekadat-e-fundit-video\/#webpage","url":"https:\/\/www.visit-ulcinj.com\/blog\/2010\/12\/02\/situata-hidroologjike-ne-komunen-e-ulqinit-jashte-kontrolle-perbytje-qe-nuk-mbahen-mend-ne-tri-dekadat-e-fundit-video\/","name":"Situata hidroologjike n\u00eb komun\u00ebn e Ulqinit jasht\u00eb kontrolle, p\u00ebrbytje q\u00eb nuk mbahen mend n\u00eb tri dekadat e fundit - Video - Lajme nga Ulqini","isPartOf":{"@id":"https:\/\/www.visit-ulcinj.com\/blog\/#website"},"primaryImageOfPage":{"@id":"https:\/\/www.visit-ulcinj.com\/blog\/2010\/12\/02\/situata-hidroologjike-ne-komunen-e-ulqinit-jashte-kontrolle-perbytje-qe-nuk-mbahen-mend-ne-tri-dekadat-e-fundit-video\/#primaryimage"},"datePublished":"2010-12-02T12:33:18+00:00","dateModified":"2010-12-02T17:49:55+00:00","author":{"@id":"https:\/\/www.visit-ulcinj.com\/blog\/#\/schema\/person\/dcab619c614d3038751c63bc2aadc06d"},"description":"02.12.2010 Nga Hatixhe Nelaj Situate hidroologjike n\u00eb komun\u00ebn e Ulqinit ka dalur nga kontrolla,t\u00eb p\u00ebrmbytura jan\u00eb t\u00eb gjitha viset pran\u00eb bregut t\u00eb lumit","breadcrumb":{"@id":"https:\/\/www.visit-ulcinj.com\/blog\/2010\/12\/02\/situata-hidroologjike-ne-komunen-e-ulqinit-jashte-kontrolle-perbytje-qe-nuk-mbahen-mend-ne-tri-dekadat-e-fundit-video\/#breadcrumb"},"inLanguage":"en-US","potentialAction":[{"@type":"ReadAction","target":["https:\/\/www.visit-ulcinj.com\/blog\/2010\/12\/02\/situata-hidroologjike-ne-komunen-e-ulqinit-jashte-kontrolle-perbytje-qe-nuk-mbahen-mend-ne-tri-dekadat-e-fundit-video\/"]}]},{"@type":"BreadcrumbList","@id":"https:\/\/www.visit-ulcinj.com\/blog\/2010\/12\/02\/situata-hidroologjike-ne-komunen-e-ulqinit-jashte-kontrolle-perbytje-qe-nuk-mbahen-mend-ne-tri-dekadat-e-fundit-video\/#breadcrumb","itemListElement":[{"@type":"ListItem","position":1,"name":"Situata hidroologjike n\u00eb komun\u00ebn e Ulqinit jasht\u00eb kontrolle, p\u00ebrbytje q\u00eb nuk mbahen mend n\u00eb tri dekadat e fundit &#8211; Video"}]},{"@type":"Person","@id":"https:\/\/www.visit-ulcinj.com\/blog\/#\/schema\/person\/dcab619c614d3038751c63bc2aadc06d","name":"ulqini","sameAs":["http:\/\/www.visit-ulcinj.com"],"url":"https:\/\/www.visit-ulcinj.com\/blog\/author\/admin\/"}]}},"jetpack_featured_media_url":"","jetpack_sharing_enabled":true,"jetpack_shortlink":"https:\/\/wp.me\/pe6lTn-awA","_links":{"self":[{"href":"https:\/\/www.visit-ulcinj.com\/blog\/wp-json\/wp\/v2\/posts\/40460"}],"collection":[{"href":"https:\/\/www.visit-ulcinj.com\/blog\/wp-json\/wp\/v2\/posts"}],"about":[{"href":"https:\/\/www.visit-ulcinj.com\/blog\/wp-json\/wp\/v2\/types\/post"}],"author":[{"embeddable":true,"href":"https:\/\/www.visit-ulcinj.com\/blog\/wp-json\/wp\/v2\/users\/1"}],"replies":[{"embeddable":true,"href":"https:\/\/www.visit-ulcinj.com\/blog\/wp-json\/wp\/v2\/comments?post=40460"}],"version-history":[{"count":0,"href":"https:\/\/www.visit-ulcinj.com\/blog\/wp-json\/wp\/v2\/posts\/40460\/revisions"}],"wp:attachment":[{"href":"https:\/\/www.visit-ulcinj.com\/blog\/wp-json\/wp\/v2\/media?parent=40460"}],"wp:term":[{"taxonomy":"category","embeddable":true,"href":"https:\/\/www.visit-ulcinj.com\/blog\/wp-json\/wp\/v2\/categories?post=40460"},{"taxonomy":"post_tag","embeddable":true,"href":"https:\/\/www.visit-ulcinj.com\/blog\/wp-json\/wp\/v2\/tags?post=40460"}],"curies":[{"name":"wp","href":"https:\/\/api.w.org\/{rel}","templated":true}]}}