{"id":40463,"date":"2010-12-02T14:05:41","date_gmt":"2010-12-02T13:05:41","guid":{"rendered":"http:\/\/www.visit-ulcinj.com\/blog\/?p=40463"},"modified":"2010-12-02T14:05:41","modified_gmt":"2010-12-02T13:05:41","slug":"vazhdojne-sukseset-e-klubit-te-karatese-ulqini","status":"publish","type":"post","link":"https:\/\/www.visit-ulcinj.com\/blog\/2010\/12\/02\/vazhdojne-sukseset-e-klubit-te-karatese-ulqini\/","title":{"rendered":"Vazhdojn\u00eb sukseset e Klubit t\u00eb karates\u00eb Ulqini"},"content":{"rendered":"<p><strong><a href=\"http:\/\/www.visit-ulcinj.com\/blog\/wp-content\/uploads\/2010\/12\/Sukseset-e-Klubit-te-karates-Ulqini_picnik.jpg\"><img loading=\"lazy\" class=\"alignleft size-full wp-image-40471\" title=\"Sukseset e Klubit te karates Ulqini_picnik\" src=\"http:\/\/www.visit-ulcinj.com\/blog\/wp-content\/uploads\/2010\/12\/Sukseset-e-Klubit-te-karates-Ulqini_picnik.jpg\" alt=\"\" width=\"490\" height=\"380\" \/><\/a>Medalje e art\u00eb p\u00ebr Dardan Cek\u00ebn n\u00eb turneun mbar\u00ebkomb\u00ebtar<\/strong><\/p>\n<p>T\u00eb shtun\u00ebn, m\u00eb 27 n\u00ebntor 2010, n\u00eb Prishtin\u00eb u mbajt Turneu Mbar\u00ebkomb\u00ebtar i Karates\u00eb kushtuar 28 N\u00ebntorit, Dit\u00ebs s\u00eb Flamurit Komb\u00ebtar Shqiptar.<\/p>\n<p>N\u00eb k\u00ebt\u00eb turne mor\u00ebn pjes\u00eb rreth 80 garues nga klube t\u00eb karates\u00eb nga Shqip\u00ebria, Maqedonia, Lugina e Preshev\u00ebs, Kosova dhe nga Mali i Zi &#8211; Ulqini.<\/p>\n<p>Klubi i karates\u00eb \u201cUlqini\u201d, i cili n\u00eb k\u00ebt\u00eb Turne Mbar\u00ebkomb\u00ebtar ishte p\u00ebrfaq\u00ebsues i shqiptar\u00ebve q\u00eb jetojn\u00eb n\u00eb Mal t\u00eb Zi, u paraqit me dy garues, Kreshnik Tahirin dhe Dardan Cek\u00ebn, t\u00eb cil\u00ebt d\u00ebshmuan nivelin e lart\u00eb t\u00eb karates\u00eb dhe cil\u00ebsin\u00eb e tyre si garues t\u00eb mir\u00eb. Kreshnik Tahiri n\u00eb disiplin\u00ebn e luft\u00ebrave tregoi mjeshtri profesionale n\u00eb aren\u00eb, por fatkeq\u00ebsisht k\u00ebsaj radhe nuk u kuror\u00ebzua me medalje. Dardan Ceka n\u00eb disiplin\u00ebn e katave pati nj\u00eb paraqitje t\u00eb shk\u00eblqyer, e cila edhe u shp\u00ebrblye me medaljen e art\u00eb.<\/p>\n<p>Po ashtu, t\u00eb diel\u00ebn, me 28 n\u00ebntor, n\u00eb Podgoric\u00eb u mbajt\u00ebn Kampionati i i Karates\u00eb s\u00eb Malit t\u00eb Zi p\u00ebr kadet\u00eb dhe junior\u00eb dhe Kupa e karates\u00eb s\u00eb Malit t\u00eb Zi p\u00ebr senior\u00eb t\u00eb rinj, n\u00eb t\u00eb cilat mor\u00ebn pjes\u00eb 26 klube me 189 garues.<\/p>\n<p>N\u00eb k\u00ebt\u00eb gar\u00eb Klubi i Karates\u00eb \u201cUlqini\u201d mori pjes\u00eb me 11 garues, t\u00eb cil\u00ebt pat\u00ebn nj\u00eb paraqitje t\u00eb denj\u00eb e p\u00ebr t\u2019u lavd\u00ebruar.<\/p>\n<p>Antigona Rama u shpall n\u00ebnkampione e Malit t\u00eb Zi n\u00eb disiplin\u00ebn e katave, duke u kuror\u00ebzuar me medaljen e argjendt\u00eb, nd\u00ebrsa ekipi i vajzave po ashtu n\u00eb disiplin\u00ebn e katave i p\u00ebrb\u00ebr\u00eb nga Gentiana Kuqi, Antigona Rama dhe Xhemale Elezi u rendit nd\u00ebr tre t\u00eb par\u00ebt, duke marr\u00eb medaljen e bronzt\u00eb.<\/p>\n<p>Sa i p\u00ebrket luft\u00ebrave n\u00ebnkampione e Malit t\u00eb Zi u shpall Hantie Ibro\u00e7i, nd\u00ebrsa t\u00eb suksesh\u00ebm ishin edhe Radica Dashiq dhe Petar Barloviq t\u00eb cil\u00ebt u kuror\u00ebzuan me medalje t\u00eb bronzta.<\/p>\n<p>Trajner\u00ebt e Klubit t\u00eb Karates\u00eb \u201cUlqini\u201d Kujtim Sukaliqi dhe Naim Duraku, si dhe drejtori i marketingut \u00a0Skender Tahiri than\u00eb se jan\u00eb t\u00eb k\u00ebnaqur me cil\u00ebsit\u00eb q\u00eb treguan garuesit e tyre n\u00eb k\u00ebto gara. \u201cUikendi i kaluar ishte mjaft i suksesh\u00ebm p\u00ebr garuesiit tan\u00eb. Nuk ka qen\u00eb e leht\u00eb t\u00eb organizojm\u00eb pjes\u00ebmarrjen n\u00eb k\u00ebto gara, sepse mund\u00ebsit\u00eb financiare na kufizojn\u00eb mjaft. Urojm\u00eb q\u00eb t\u00eb vijn\u00eb dit\u00eb m\u00eb t\u00eb mira p\u00ebr karaten\u00eb dhe sportin n\u00eb p\u00ebrgjith\u00ebsi, sepse t\u00eb rinjt\u00eb tan\u00eb e d\u00ebshmojn\u00eb \u00e7do dit\u00eb q\u00eb meritojn\u00eb nj\u00eb p\u00ebrkrahje m\u00eb t\u00eb madhe. Fal\u00ebnderojm\u00eb ata q\u00eb e kuptojn\u00eb k\u00ebt\u00eb dhe po na ndihmojn\u00eb e p\u00ebrkrahin vazhdimisht.\u201d<\/p>\n<p><strong>Sh\u00ebrbimi p\u00ebr marr\u00ebdh\u00ebnie me publikun i Klubit t\u00eb Karates\u00eb \u201cUlqini\u201d<br \/>\n\n\t\t<style type=\"text\/css\">\n\t\t\t#gallery-1 {\n\t\t\t\tmargin: auto;\n\t\t\t}\n\t\t\t#gallery-1 .gallery-item {\n\t\t\t\tfloat: left;\n\t\t\t\tmargin-top: 10px;\n\t\t\t\ttext-align: center;\n\t\t\t\twidth: 33%;\n\t\t\t}\n\t\t\t#gallery-1 img {\n\t\t\t\tborder: 2px solid #cfcfcf;\n\t\t\t}\n\t\t\t#gallery-1 .gallery-caption {\n\t\t\t\tmargin-left: 0;\n\t\t\t}\n\t\t\t\/* see gallery_shortcode() in wp-includes\/media.php *\/\n\t\t<\/style>\n\t\t<div id='gallery-1' class='gallery galleryid-40463 gallery-columns-3 gallery-size-thumbnail'><dl class='gallery-item'>\n\t\t\t<dt class='gallery-icon landscape'>\n\t\t\t\t<a href='https:\/\/www.visit-ulcinj.com\/blog\/wp-content\/uploads\/2010\/12\/Sukseset-e-Klubit-te-karates-Ulqini.2_picnik.jpg'><img width=\"150\" height=\"150\" src=\"https:\/\/www.visit-ulcinj.com\/blog\/wp-content\/uploads\/2010\/12\/Sukseset-e-Klubit-te-karates-Ulqini.2_picnik-150x150.jpg\" class=\"attachment-thumbnail size-thumbnail\" alt=\"\" loading=\"lazy\" \/><\/a>\n\t\t\t<\/dt><\/dl><dl class='gallery-item'>\n\t\t\t<dt class='gallery-icon portrait'>\n\t\t\t\t<a href='https:\/\/www.visit-ulcinj.com\/blog\/wp-content\/uploads\/2010\/12\/Sukseset-e-Klubit-te-karates-Ulqini.1_picnik.jpg'><img width=\"150\" height=\"150\" src=\"https:\/\/www.visit-ulcinj.com\/blog\/wp-content\/uploads\/2010\/12\/Sukseset-e-Klubit-te-karates-Ulqini.1_picnik-150x150.jpg\" class=\"attachment-thumbnail size-thumbnail\" alt=\"\" loading=\"lazy\" \/><\/a>\n\t\t\t<\/dt><\/dl><dl class='gallery-item'>\n\t\t\t<dt class='gallery-icon portrait'>\n\t\t\t\t<a href='https:\/\/www.visit-ulcinj.com\/blog\/wp-content\/uploads\/2010\/12\/Sukseset-e-Klubit-te-karates-Ulqini.3_picnik.jpg'><img width=\"150\" height=\"150\" src=\"https:\/\/www.visit-ulcinj.com\/blog\/wp-content\/uploads\/2010\/12\/Sukseset-e-Klubit-te-karates-Ulqini.3_picnik-150x150.jpg\" class=\"attachment-thumbnail size-thumbnail\" alt=\"\" loading=\"lazy\" \/><\/a>\n\t\t\t<\/dt><\/dl><br style=\"clear: both\" \/><dl class='gallery-item'>\n\t\t\t<dt class='gallery-icon landscape'>\n\t\t\t\t<a href='https:\/\/www.visit-ulcinj.com\/blog\/wp-content\/uploads\/2010\/12\/Sukseset-e-Klubit-te-karates-Ulqini.4_picnik.jpg'><img width=\"150\" height=\"150\" src=\"https:\/\/www.visit-ulcinj.com\/blog\/wp-content\/uploads\/2010\/12\/Sukseset-e-Klubit-te-karates-Ulqini.4_picnik-150x150.jpg\" class=\"attachment-thumbnail size-thumbnail\" alt=\"\" loading=\"lazy\" \/><\/a>\n\t\t\t<\/dt><\/dl><dl class='gallery-item'>\n\t\t\t<dt class='gallery-icon landscape'>\n\t\t\t\t<a href='https:\/\/www.visit-ulcinj.com\/blog\/wp-content\/uploads\/2010\/12\/Sukseset-e-Klubit-te-karates-Ulqini.5_picnik.jpg'><img width=\"150\" height=\"150\" src=\"https:\/\/www.visit-ulcinj.com\/blog\/wp-content\/uploads\/2010\/12\/Sukseset-e-Klubit-te-karates-Ulqini.5_picnik-150x150.jpg\" class=\"attachment-thumbnail size-thumbnail\" alt=\"\" loading=\"lazy\" \/><\/a>\n\t\t\t<\/dt><\/dl><dl class='gallery-item'>\n\t\t\t<dt class='gallery-icon portrait'>\n\t\t\t\t<a href='https:\/\/www.visit-ulcinj.com\/blog\/wp-content\/uploads\/2010\/12\/Sukseset-e-Klubit-te-karates-Ulqini.6_picnik.jpg'><img width=\"150\" height=\"150\" src=\"https:\/\/www.visit-ulcinj.com\/blog\/wp-content\/uploads\/2010\/12\/Sukseset-e-Klubit-te-karates-Ulqini.6_picnik-150x150.jpg\" class=\"attachment-thumbnail size-thumbnail\" alt=\"\" loading=\"lazy\" \/><\/a>\n\t\t\t<\/dt><\/dl><br style=\"clear: both\" \/><dl class='gallery-item'>\n\t\t\t<dt class='gallery-icon landscape'>\n\t\t\t\t<a href='https:\/\/www.visit-ulcinj.com\/blog\/wp-content\/uploads\/2010\/12\/Sukseset-e-Klubit-te-karates-Ulqini.7_picnik.jpg'><img width=\"150\" height=\"150\" src=\"https:\/\/www.visit-ulcinj.com\/blog\/wp-content\/uploads\/2010\/12\/Sukseset-e-Klubit-te-karates-Ulqini.7_picnik-150x150.jpg\" class=\"attachment-thumbnail size-thumbnail\" alt=\"\" loading=\"lazy\" \/><\/a>\n\t\t\t<\/dt><\/dl><dl class='gallery-item'>\n\t\t\t<dt class='gallery-icon landscape'>\n\t\t\t\t<a href='https:\/\/www.visit-ulcinj.com\/blog\/wp-content\/uploads\/2010\/12\/Sukseset-e-Klubit-te-karates-Ulqini_picnik.jpg'><img width=\"150\" height=\"150\" src=\"https:\/\/www.visit-ulcinj.com\/blog\/wp-content\/uploads\/2010\/12\/Sukseset-e-Klubit-te-karates-Ulqini_picnik-150x150.jpg\" class=\"attachment-thumbnail size-thumbnail\" alt=\"\" loading=\"lazy\" \/><\/a>\n\t\t\t<\/dt><\/dl>\n\t\t\t<br style='clear: both' \/>\n\t\t<\/div>\n<\/p>\n<p><\/strong><\/p>\n","protected":false},"excerpt":{"rendered":"<p>Medalje e art\u00eb p\u00ebr Dardan Cek\u00ebn n\u00eb turneun mbar\u00ebkomb\u00ebtar T\u00eb shtun\u00ebn, m\u00eb 27 n\u00ebntor 2010, n\u00eb Prishtin\u00eb u mbajt Turneu Mbar\u00ebkomb\u00ebtar i Karates\u00eb kushtuar 28 N\u00ebntorit, Dit\u00ebs s\u00eb Flamurit Komb\u00ebtar Shqiptar. N\u00eb k\u00ebt\u00eb turne mor\u00ebn pjes\u00eb rreth 80 garues nga klube t\u00eb karates\u00eb nga Shqip\u00ebria, Maqedonia, Lugina e Preshev\u00ebs, Kosova dhe nga Mali i Zi [&hellip;]<\/p>\n","protected":false},"author":1,"featured_media":0,"comment_status":"open","ping_status":"closed","sticky":false,"template":"","format":"standard","meta":{"spay_email":"","jetpack_publicize_message":"","jetpack_is_tweetstorm":false,"jetpack_publicize_feature_enabled":true},"categories":[3],"tags":[10936,2065,5821,5828,10599,9714,16004,2077,16471,16470,2066],"jetpack_publicize_connections":[],"yoast_head":"<!-- This site is optimized with the Yoast SEO plugin v19.1 - https:\/\/yoast.com\/wordpress\/plugins\/seo\/ -->\n<title>Vazhdojn\u00eb sukseset e Klubit t\u00eb karates\u00eb Ulqini - Lajme nga Ulqini<\/title>\n<meta name=\"description\" content=\"Medalje e art\u00eb p\u00ebr Dardan Cek\u00ebn n\u00eb turneun mbar\u00ebkomb\u00ebtar T\u00eb shtun\u00ebn, m\u00eb 27 n\u00ebntor 2010, n\u00eb Prishtin\u00eb u mbajt Turneu Mbar\u00ebkomb\u00ebtar i Karates\u00eb kushtuar 28\" \/>\n<meta name=\"robots\" content=\"index, follow, max-snippet:-1, max-image-preview:large, max-video-preview:-1\" \/>\n<link rel=\"canonical\" href=\"https:\/\/www.visit-ulcinj.com\/blog\/2010\/12\/02\/vazhdojne-sukseset-e-klubit-te-karatese-ulqini\/\" \/>\n<meta property=\"og:locale\" content=\"en_US\" \/>\n<meta property=\"og:type\" content=\"article\" \/>\n<meta property=\"og:title\" content=\"Vazhdojn\u00eb sukseset e Klubit t\u00eb karates\u00eb Ulqini - Lajme nga Ulqini\" \/>\n<meta property=\"og:description\" content=\"Medalje e art\u00eb p\u00ebr Dardan Cek\u00ebn n\u00eb turneun mbar\u00ebkomb\u00ebtar T\u00eb shtun\u00ebn, m\u00eb 27 n\u00ebntor 2010, n\u00eb Prishtin\u00eb u mbajt Turneu Mbar\u00ebkomb\u00ebtar i Karates\u00eb kushtuar 28\" \/>\n<meta property=\"og:url\" content=\"https:\/\/www.visit-ulcinj.com\/blog\/2010\/12\/02\/vazhdojne-sukseset-e-klubit-te-karatese-ulqini\/\" \/>\n<meta property=\"og:site_name\" content=\"Lajme nga Ulqini\" \/>\n<meta property=\"article:published_time\" content=\"2010-12-02T13:05:41+00:00\" \/>\n<meta property=\"og:image\" content=\"https:\/\/www.visit-ulcinj.com\/blog\/wp-content\/uploads\/2010\/12\/Sukseset-e-Klubit-te-karates-Ulqini.2_picnik-150x150.jpg\" \/>\n<meta name=\"twitter:label1\" content=\"Written by\" \/>\n\t<meta name=\"twitter:data1\" content=\"ulqini\" \/>\n\t<meta name=\"twitter:label2\" content=\"Est. reading time\" \/>\n\t<meta name=\"twitter:data2\" content=\"2 minutes\" \/>\n<script type=\"application\/ld+json\" class=\"yoast-schema-graph\">{\"@context\":\"https:\/\/schema.org\",\"@graph\":[{\"@type\":\"WebSite\",\"@id\":\"https:\/\/www.visit-ulcinj.com\/blog\/#website\",\"url\":\"https:\/\/www.visit-ulcinj.com\/blog\/\",\"name\":\"Lajme nga Ulqini\",\"description\":\"Lajme,Vijesti,Ulqini,Ulqin,Crna Gora,Mali i Zi\",\"potentialAction\":[{\"@type\":\"SearchAction\",\"target\":{\"@type\":\"EntryPoint\",\"urlTemplate\":\"https:\/\/www.visit-ulcinj.com\/blog\/?s={search_term_string}\"},\"query-input\":\"required name=search_term_string\"}],\"inLanguage\":\"en-US\"},{\"@type\":\"ImageObject\",\"inLanguage\":\"en-US\",\"@id\":\"https:\/\/www.visit-ulcinj.com\/blog\/2010\/12\/02\/vazhdojne-sukseset-e-klubit-te-karatese-ulqini\/#primaryimage\",\"url\":\"https:\/\/www.visit-ulcinj.com\/blog\/wp-content\/uploads\/2010\/12\/Sukseset-e-Klubit-te-karates-Ulqini_picnik.jpg\",\"contentUrl\":\"https:\/\/www.visit-ulcinj.com\/blog\/wp-content\/uploads\/2010\/12\/Sukseset-e-Klubit-te-karates-Ulqini_picnik.jpg\",\"width\":\"1040\",\"height\":\"780\"},{\"@type\":\"WebPage\",\"@id\":\"https:\/\/www.visit-ulcinj.com\/blog\/2010\/12\/02\/vazhdojne-sukseset-e-klubit-te-karatese-ulqini\/#webpage\",\"url\":\"https:\/\/www.visit-ulcinj.com\/blog\/2010\/12\/02\/vazhdojne-sukseset-e-klubit-te-karatese-ulqini\/\",\"name\":\"Vazhdojn\u00eb sukseset e Klubit t\u00eb karates\u00eb Ulqini - Lajme nga Ulqini\",\"isPartOf\":{\"@id\":\"https:\/\/www.visit-ulcinj.com\/blog\/#website\"},\"primaryImageOfPage\":{\"@id\":\"https:\/\/www.visit-ulcinj.com\/blog\/2010\/12\/02\/vazhdojne-sukseset-e-klubit-te-karatese-ulqini\/#primaryimage\"},\"datePublished\":\"2010-12-02T13:05:41+00:00\",\"dateModified\":\"2010-12-02T13:05:41+00:00\",\"author\":{\"@id\":\"https:\/\/www.visit-ulcinj.com\/blog\/#\/schema\/person\/dcab619c614d3038751c63bc2aadc06d\"},\"description\":\"Medalje e art\u00eb p\u00ebr Dardan Cek\u00ebn n\u00eb turneun mbar\u00ebkomb\u00ebtar T\u00eb shtun\u00ebn, m\u00eb 27 n\u00ebntor 2010, n\u00eb Prishtin\u00eb u mbajt Turneu Mbar\u00ebkomb\u00ebtar i Karates\u00eb kushtuar 28\",\"breadcrumb\":{\"@id\":\"https:\/\/www.visit-ulcinj.com\/blog\/2010\/12\/02\/vazhdojne-sukseset-e-klubit-te-karatese-ulqini\/#breadcrumb\"},\"inLanguage\":\"en-US\",\"potentialAction\":[{\"@type\":\"ReadAction\",\"target\":[\"https:\/\/www.visit-ulcinj.com\/blog\/2010\/12\/02\/vazhdojne-sukseset-e-klubit-te-karatese-ulqini\/\"]}]},{\"@type\":\"BreadcrumbList\",\"@id\":\"https:\/\/www.visit-ulcinj.com\/blog\/2010\/12\/02\/vazhdojne-sukseset-e-klubit-te-karatese-ulqini\/#breadcrumb\",\"itemListElement\":[{\"@type\":\"ListItem\",\"position\":1,\"name\":\"Vazhdojn\u00eb sukseset e Klubit t\u00eb karates\u00eb Ulqini\"}]},{\"@type\":\"Person\",\"@id\":\"https:\/\/www.visit-ulcinj.com\/blog\/#\/schema\/person\/dcab619c614d3038751c63bc2aadc06d\",\"name\":\"ulqini\",\"sameAs\":[\"http:\/\/www.visit-ulcinj.com\"],\"url\":\"https:\/\/www.visit-ulcinj.com\/blog\/author\/admin\/\"}]}<\/script>\n<!-- \/ Yoast SEO plugin. -->","yoast_head_json":{"title":"Vazhdojn\u00eb sukseset e Klubit t\u00eb karates\u00eb Ulqini - Lajme nga Ulqini","description":"Medalje e art\u00eb p\u00ebr Dardan Cek\u00ebn n\u00eb turneun mbar\u00ebkomb\u00ebtar T\u00eb shtun\u00ebn, m\u00eb 27 n\u00ebntor 2010, n\u00eb Prishtin\u00eb u mbajt Turneu Mbar\u00ebkomb\u00ebtar i Karates\u00eb kushtuar 28","robots":{"index":"index","follow":"follow","max-snippet":"max-snippet:-1","max-image-preview":"max-image-preview:large","max-video-preview":"max-video-preview:-1"},"canonical":"https:\/\/www.visit-ulcinj.com\/blog\/2010\/12\/02\/vazhdojne-sukseset-e-klubit-te-karatese-ulqini\/","og_locale":"en_US","og_type":"article","og_title":"Vazhdojn\u00eb sukseset e Klubit t\u00eb karates\u00eb Ulqini - Lajme nga Ulqini","og_description":"Medalje e art\u00eb p\u00ebr Dardan Cek\u00ebn n\u00eb turneun mbar\u00ebkomb\u00ebtar T\u00eb shtun\u00ebn, m\u00eb 27 n\u00ebntor 2010, n\u00eb Prishtin\u00eb u mbajt Turneu Mbar\u00ebkomb\u00ebtar i Karates\u00eb kushtuar 28","og_url":"https:\/\/www.visit-ulcinj.com\/blog\/2010\/12\/02\/vazhdojne-sukseset-e-klubit-te-karatese-ulqini\/","og_site_name":"Lajme nga Ulqini","article_published_time":"2010-12-02T13:05:41+00:00","og_image":[{"url":"https:\/\/www.visit-ulcinj.com\/blog\/wp-content\/uploads\/2010\/12\/Sukseset-e-Klubit-te-karates-Ulqini.2_picnik-150x150.jpg"}],"twitter_misc":{"Written by":"ulqini","Est. reading time":"2 minutes"},"schema":{"@context":"https:\/\/schema.org","@graph":[{"@type":"WebSite","@id":"https:\/\/www.visit-ulcinj.com\/blog\/#website","url":"https:\/\/www.visit-ulcinj.com\/blog\/","name":"Lajme nga Ulqini","description":"Lajme,Vijesti,Ulqini,Ulqin,Crna Gora,Mali i Zi","potentialAction":[{"@type":"SearchAction","target":{"@type":"EntryPoint","urlTemplate":"https:\/\/www.visit-ulcinj.com\/blog\/?s={search_term_string}"},"query-input":"required name=search_term_string"}],"inLanguage":"en-US"},{"@type":"ImageObject","inLanguage":"en-US","@id":"https:\/\/www.visit-ulcinj.com\/blog\/2010\/12\/02\/vazhdojne-sukseset-e-klubit-te-karatese-ulqini\/#primaryimage","url":"https:\/\/www.visit-ulcinj.com\/blog\/wp-content\/uploads\/2010\/12\/Sukseset-e-Klubit-te-karates-Ulqini_picnik.jpg","contentUrl":"https:\/\/www.visit-ulcinj.com\/blog\/wp-content\/uploads\/2010\/12\/Sukseset-e-Klubit-te-karates-Ulqini_picnik.jpg","width":"1040","height":"780"},{"@type":"WebPage","@id":"https:\/\/www.visit-ulcinj.com\/blog\/2010\/12\/02\/vazhdojne-sukseset-e-klubit-te-karatese-ulqini\/#webpage","url":"https:\/\/www.visit-ulcinj.com\/blog\/2010\/12\/02\/vazhdojne-sukseset-e-klubit-te-karatese-ulqini\/","name":"Vazhdojn\u00eb sukseset e Klubit t\u00eb karates\u00eb Ulqini - Lajme nga Ulqini","isPartOf":{"@id":"https:\/\/www.visit-ulcinj.com\/blog\/#website"},"primaryImageOfPage":{"@id":"https:\/\/www.visit-ulcinj.com\/blog\/2010\/12\/02\/vazhdojne-sukseset-e-klubit-te-karatese-ulqini\/#primaryimage"},"datePublished":"2010-12-02T13:05:41+00:00","dateModified":"2010-12-02T13:05:41+00:00","author":{"@id":"https:\/\/www.visit-ulcinj.com\/blog\/#\/schema\/person\/dcab619c614d3038751c63bc2aadc06d"},"description":"Medalje e art\u00eb p\u00ebr Dardan Cek\u00ebn n\u00eb turneun mbar\u00ebkomb\u00ebtar T\u00eb shtun\u00ebn, m\u00eb 27 n\u00ebntor 2010, n\u00eb Prishtin\u00eb u mbajt Turneu Mbar\u00ebkomb\u00ebtar i Karates\u00eb kushtuar 28","breadcrumb":{"@id":"https:\/\/www.visit-ulcinj.com\/blog\/2010\/12\/02\/vazhdojne-sukseset-e-klubit-te-karatese-ulqini\/#breadcrumb"},"inLanguage":"en-US","potentialAction":[{"@type":"ReadAction","target":["https:\/\/www.visit-ulcinj.com\/blog\/2010\/12\/02\/vazhdojne-sukseset-e-klubit-te-karatese-ulqini\/"]}]},{"@type":"BreadcrumbList","@id":"https:\/\/www.visit-ulcinj.com\/blog\/2010\/12\/02\/vazhdojne-sukseset-e-klubit-te-karatese-ulqini\/#breadcrumb","itemListElement":[{"@type":"ListItem","position":1,"name":"Vazhdojn\u00eb sukseset e Klubit t\u00eb karates\u00eb Ulqini"}]},{"@type":"Person","@id":"https:\/\/www.visit-ulcinj.com\/blog\/#\/schema\/person\/dcab619c614d3038751c63bc2aadc06d","name":"ulqini","sameAs":["http:\/\/www.visit-ulcinj.com"],"url":"https:\/\/www.visit-ulcinj.com\/blog\/author\/admin\/"}]}},"jetpack_featured_media_url":"","jetpack_sharing_enabled":true,"jetpack_shortlink":"https:\/\/wp.me\/pe6lTn-awD","_links":{"self":[{"href":"https:\/\/www.visit-ulcinj.com\/blog\/wp-json\/wp\/v2\/posts\/40463"}],"collection":[{"href":"https:\/\/www.visit-ulcinj.com\/blog\/wp-json\/wp\/v2\/posts"}],"about":[{"href":"https:\/\/www.visit-ulcinj.com\/blog\/wp-json\/wp\/v2\/types\/post"}],"author":[{"embeddable":true,"href":"https:\/\/www.visit-ulcinj.com\/blog\/wp-json\/wp\/v2\/users\/1"}],"replies":[{"embeddable":true,"href":"https:\/\/www.visit-ulcinj.com\/blog\/wp-json\/wp\/v2\/comments?post=40463"}],"version-history":[{"count":0,"href":"https:\/\/www.visit-ulcinj.com\/blog\/wp-json\/wp\/v2\/posts\/40463\/revisions"}],"wp:attachment":[{"href":"https:\/\/www.visit-ulcinj.com\/blog\/wp-json\/wp\/v2\/media?parent=40463"}],"wp:term":[{"taxonomy":"category","embeddable":true,"href":"https:\/\/www.visit-ulcinj.com\/blog\/wp-json\/wp\/v2\/categories?post=40463"},{"taxonomy":"post_tag","embeddable":true,"href":"https:\/\/www.visit-ulcinj.com\/blog\/wp-json\/wp\/v2\/tags?post=40463"}],"curies":[{"name":"wp","href":"https:\/\/api.w.org\/{rel}","templated":true}]}}