{"id":40473,"date":"2010-12-02T14:18:04","date_gmt":"2010-12-02T13:18:04","guid":{"rendered":"http:\/\/www.visit-ulcinj.com\/blog\/?p=40473"},"modified":"2010-12-02T18:06:12","modified_gmt":"2010-12-02T17:06:12","slug":"otpocela-kampanje-16-dana-aktivizma-za-borbu-protiv-nasilja-nad-zenama","status":"publish","type":"post","link":"https:\/\/www.visit-ulcinj.com\/blog\/2010\/12\/02\/otpocela-kampanje-16-dana-aktivizma-za-borbu-protiv-nasilja-nad-zenama\/","title":{"rendered":"Otpo\u010dela kampanje -16 dana aktivizma za borbu protiv nasilja nad \u017eenama"},"content":{"rendered":"<p><a href=\"http:\/\/www.visit-ulcinj.com\/blog\/wp-content\/uploads\/2010\/12\/Ferhat-Dinosa-i-sef-Misije-OEBS-a-u-Crnoj-Gori.jpg\"><img loading=\"lazy\" class=\"alignleft size-full wp-image-40475\" title=\"Ferhat Dinosa i sef Misije OEBS-a u Crnoj Gori,\" src=\"http:\/\/www.visit-ulcinj.com\/blog\/wp-content\/uploads\/2010\/12\/Ferhat-Dinosa-i-sef-Misije-OEBS-a-u-Crnoj-Gori.jpg\" alt=\"\" width=\"490\" height=\"377\" \/><\/a>Ministarstvo za ljudska i \u00a0manjinska prava &#8211; Odjeljenje za poslove rodne ravnopravnosti i Misija OEBS-a u Crnoj Gori\u00a0 danas su i zvani\u010dno pokrenuli kampanju \u201e16 dana aktivizma za borbu protiv nasilja nad \u017eenama\u201d<\/p>\n<p>Me\u0111unarodna kampanja koja se odr\u017eava od 1991. godine, promovi\u0161e eliminaciju svih oblika nasilja nad \u017eenama. U Crnoj Gori, kampanja ima za cilj podignje svijesti o ovom problemu i podstakne nadle\u017ene organe i javnost da u\u010destvuju u borbi protiv nasilja nad \u017eenama i nasilja u porodici.<\/p>\n<p>Uvodnu rije\u010d dali su ministar za ljudska i manjinska prava Ferhat Dino\u0161a i \u0161ef Misije OEBS-a u Crnoj Gori, ambasador \u0160ar\u016bnas Adomavi\u010dijus.<\/p>\n<p><strong>Autor:<\/strong> Ministarstvo za ljudska i manjinska prava<\/p>\n<p><strong>Po\u0161tovani gosti, uva\u017eene ekselencije,dame i gospodo,<\/strong><\/p>\n<p>Posebno mi je zadovoljstvo da vas pozdravim danas, kada mogu da ka\u017eem da se Crna Gora, pridru\u017euje kampanji \u201e16 dana aktivizma protiv nasilja nad \u017eenama\u201c. Uklju\u010divanjem u Kampanju mi jo\u0161 jednom potvr\u0111ujemo svoju pripadnost globalnoj porodici koju \u010dini vi\u0161e od 2.000 vladinih, me\u0111uvladinih i nevladinih organizacija iz 156 zemalja svijeta, koje svake godine vode\u0107i ovu kampanju, unapre\u0111uju njene<\/p>\n<p>rezultate i postavljaju nove ciljeve koji \u0107e obezbijediti za\u0161titu jednakih prava \u017eena, kao ljudskih prava.<\/p>\n<p>Organizatori ovogodi\u0161nje kampanje \u00bb16 dana aktivizma protiv nasilja nad \u017eenama\u00ab su Ministarstvo za ljudska i manjinska prava, Odbor za rodnu ravnopravnost Skup\u0161tine Crne Gore i Misija OEBS-a u Crnoj Gori. S obzirom da su ove aktivnosti prepoznate i podr\u017eane na najvi\u0161em dr\u017eavnom nivou, kao i da je uklju\u010divanje velikog broja organizacija i institucija u obilje\u017eavanje Kampanje postalo ve\u0107 uobi\u010dajeno prepoznata djelatnost sa vidljivim rezultatima, to i na ovaj na\u010din potvr\u0111ujemo da se samo udru\u017eenim snagama mo\u017ee posti\u0107i cilj. Tokom kampanje bi\u0107e sproveden niz aktivnosti kojima \u0107e biti upoznata \u0161ira javnost sa problemom nasilja nad \u017eenama \u00a0i nasilja u porodici.<\/p>\n<p>Danas se treba podsjetiti kako je sve po\u010delo. A po\u010delo je jo\u0161 \u00a0davne 1945. godine, u procesu izrade Univerzalne deklaracije o ljudskim pravima kada je, intervencijom Eleonore Ruzvelt, umjesto termina prava mu\u0161karaca usvojen, i za Univerzalnu deklaraciju prihva\u0107en, termin &#8211; ljudska prava. Ova naizgled nebitna jezicka intervencija, otvorila \u00a0je brojne rasprave, pa \u010dak i nedoumice \u00a0&#8211; da li su \u017eenska prava i ljudska prava, da li to podrazumjeva i pravo na obrazovanje, pravo \u017eena da glasaju, ali i da se za njih glasa, pravo na rad i jednaku zaradu, pravo na jednakost i jednake mogucnosti, pravo na posebnu za\u0161titu od svih vrsta nasilja. Ovo iz razloga \u0161to inicijatori i kreatori ideja univerzalnosti ljudskih prava, koja su svakako va\u017enija od prava dr\u017eava i njihovog suvereniteta, nijesu do tada prepoznavali specifi\u010dnosti \u201d\u017eenskih pitanja\u201d kada su se pozivali na nediskriminaciju i ravnopravnost.<br \/>\nIpak se mora naglasiti da glavnu ulogu u procesu priznavanja \u017eenskih prava, kao ljudskih prava, nesumnjivo ima usvajanje \u00a0Konvencije o eliminaciji svih oblika diskriminacije \u017eena (CEDAW), najva\u017enijeg dokumenta u oblasti za\u0161tite \u017eenskih ljudskih prava do danas, koja je nedvosmisleno potvrdila da \u017eenska prava pripadaju korpusu ljudskih prava. Me\u0111unarodna zajednica, prepoznala je \u00a0specifi\u010dne potrebe \u017eena u svakom drustvu, a svaka odgovorna vlast te\u017ei afirmisanju mjera koje obezbje\u0111uju jednake mogucnosti i u politici, i u ekonomiji, i u porodici i svim drugim sferama \u017eivota.<\/p>\n<p>Posebnu va\u017enost svakako predstavlja trajna spoznaja i me\u0111unarodno priznanje da je nasilje nad \u017eenama manifestacija lo\u0161eg istorijskog nasle\u0111a, \u00a0neravnopravnih odnosa i nejednake raspodjele mo\u0107i izme\u0111u mu\u0161karaca i \u017eena. Nasilje nad \u017eenama godinama je bila neistra\u017eena ili \u010dak zabranjena tema. Iako je novo zna\u010denje koje se pridaje ljudskim pravima i mehanizmi njihove za\u0161tite sigurno poslu\u017eio kao polazi\u0161te kampanje protiv nasilja nad \u017eenama, ovaj problem je tek u skorije vrijeme, odnosno 70-ih i 80-ih godina XX veka, dobio svoju pravu afirmaciju, pa mu se posve\u0107uje odgovaraju\u0107i zna\u010daj.<br \/>\nNasilje nad \u017eenama postalo je \u00a0globalni problem koji nadilazi granice politika, kultura, ekonomija, religija, iskazuju\u0107i se u razli\u010ditim oblicima i ne zaobilaze\u0107i ni jedno dru\u0161tvo.<br \/>\nCrna Gora se suo\u010dila sa ovim problemom i \u00a0uz punu podr\u0161ku svoje politi\u010dke, stru\u010dne i \u0161ire javnosti, krenula putem unaprije\u0111enja svog zakonodavstva, kao i profesionalnog postupanja i ukupne saradnje svih relevantnih institucija.<br \/>\n\u017delim da posebno istaknem i podr\u017eim do sada izvr\u0161ena istra\u017eivanja o ovom problemu, napore u obezbje\u0111enju statistike, pobolj\u0161anju interakcije na nacionalnom i me\u0111unarodnom nivou, kao i saradnje nau\u010dnih zajednica, NVO-a, politi\u010dara, zdravstvenih, edukativnih, socijalnih i policijskih tijela, kako bi se postigla koordinirana akcija svih protiv nasilja, usmjerenih na potrebe zrtava prije svega.<br \/>\nVlada Crne Gore prepoznala je i usvojila u Nacionalnom Akcionom Planu za postizanje rodne ravnopravnost\u00a0 niz mjera u cilju za\u0161tite od nasilja nad \u017eenama koje se kontinuirano sprovode. Vlada Crne Gore je tako\u0111e donijela je i Deklaraciju o progla\u0161enju 2010. godine \u2013 Godinom borbe protiv nasilja nad \u017eenama i nasilja u porodici.<\/p>\n<p>Kao jedan od veoma zna\u010dajnih pokazatelja opredjeljenja Crne Gore, da istraje u uspostavljanju normativnih okvira za borbu protiv nasilja nad \u017eenama i u porodici,\u00a0 \u00a0Skup\u0161tina Crne Gore, usvojila je i Zakon o za\u0161titi od nasilja u porodici, koji je usagla\u0161en sa modernim evropskim zakonodavstvom.<\/p>\n<p>Tokom ovogodi\u0161njih \u00bb16 dana aktivizma protiv nasilja nad \u017eenama\u00ab ohrabrujemo sve gradjane i gradjanke da se posvete borbi protiv nasilja, i iskazujemo punu podr\u0161ku svima koji daju, i dali su, svoj nesumnjiv doprinos i podrsku zrtvama u proteklom periodu.<\/p>\n<p>Zajedno \u0107emo i dalje predano raditi na suzbijanju ovog problema, osiguranju politicke podrske, daljem unaprijedjenju zakonskih okvira, kao i profesionalnog postupanja i razvijanja saradnje medju relevantnim institucijama na svim nivoima.<\/p>\n<p><strong>Ferhat Dino\u0161a &#8211; <\/strong><strong>Ministar za ljudska i manjinska prava<br \/>\n<\/strong><\/p>\n<p><strong>Otvoreni za OEBS<\/strong><\/p>\n<p>Ulcinj &#8211; Novoimenovani ambasador OEBS-a u Crnoj Gori Sarunas Adomavicus boravio je ju\u010de u radnoj posjeti Ulcinju, gdje se sreo sa gradona\u010delnikom Gzimom Hajdinagom i posjetio O\u0160 \u201eMar\u0161al Tito\u201c. \u010cestitaju\u0107i mu na izboru, Hajdinaga je Adomaviciusu kazao da je Ulcinj sa svim njegovim prethodnicima imao plodnu saradnju.<br \/>\n\u201cO\u010dekujem da \u0107emo u va\u0161em mandatu imati jo\u0161 ja\u010du saradnju i ra\u010dunajte da su vam vrata na\u0161e op\u0161tine uvijek \u0161irom otvorena\u201d, poru\u010dio je Hajdinaga.<br \/>\nUkrajinac je nakon razgovora sa Hajdinagom posjetio O\u0160 \u201eMar\u0161al Tito\u201c, gdje je prisustvovao finalizaciji projekta o toleranciji i integraciji etni\u010dkih grupa i manjina, koji je realizovan pod pokroviteljstvom OEBS-a.<br \/>\n<strong>S.A.<br \/>\n<a href=\"http:\/\/www.vijesti.me\/\" target=\"_blank\">Vijesti<\/a><\/strong><\/p>\n","protected":false},"excerpt":{"rendered":"<p>Ministarstvo za ljudska i \u00a0manjinska prava &#8211; Odjeljenje za poslove rodne ravnopravnosti i Misija OEBS-a u Crnoj Gori\u00a0 danas su i zvani\u010dno pokrenuli kampanju \u201e16 dana aktivizma za borbu protiv nasilja nad \u017eenama\u201d Me\u0111unarodna kampanja koja se odr\u017eava od 1991. godine, promovi\u0161e eliminaciju svih oblika nasilja nad \u017eenama. U Crnoj Gori, kampanja ima za cilj [&hellip;]<\/p>\n","protected":false},"author":1,"featured_media":0,"comment_status":"open","ping_status":"closed","sticky":false,"template":"","format":"standard","meta":{"spay_email":"","jetpack_publicize_message":"","jetpack_is_tweetstorm":false,"jetpack_publicize_feature_enabled":true},"categories":[6950],"tags":[16473,16472],"jetpack_publicize_connections":[],"yoast_head":"<!-- This site is optimized with the Yoast SEO plugin v19.1 - https:\/\/yoast.com\/wordpress\/plugins\/seo\/ -->\n<title>Otpo\u010dela kampanje -16 dana aktivizma za borbu protiv nasilja nad \u017eenama - Lajme nga Ulqini<\/title>\n<meta name=\"description\" content=\"Ministarstvo za ljudska i \u00a0manjinska prava - Odjeljenje za poslove rodne ravnopravnosti i Misija OEBS-a u Crnoj Gori\u00a0 danas su i zvani\u010dno pokrenuli\" \/>\n<meta name=\"robots\" content=\"index, follow, max-snippet:-1, max-image-preview:large, max-video-preview:-1\" \/>\n<link rel=\"canonical\" href=\"https:\/\/www.visit-ulcinj.com\/blog\/2010\/12\/02\/otpocela-kampanje-16-dana-aktivizma-za-borbu-protiv-nasilja-nad-zenama\/\" \/>\n<meta property=\"og:locale\" content=\"en_US\" \/>\n<meta property=\"og:type\" content=\"article\" \/>\n<meta property=\"og:title\" content=\"Otpo\u010dela kampanje -16 dana aktivizma za borbu protiv nasilja nad \u017eenama - Lajme nga Ulqini\" \/>\n<meta property=\"og:description\" content=\"Ministarstvo za ljudska i \u00a0manjinska prava - Odjeljenje za poslove rodne ravnopravnosti i Misija OEBS-a u Crnoj Gori\u00a0 danas su i zvani\u010dno pokrenuli\" \/>\n<meta property=\"og:url\" content=\"https:\/\/www.visit-ulcinj.com\/blog\/2010\/12\/02\/otpocela-kampanje-16-dana-aktivizma-za-borbu-protiv-nasilja-nad-zenama\/\" \/>\n<meta property=\"og:site_name\" content=\"Lajme nga Ulqini\" \/>\n<meta property=\"article:published_time\" content=\"2010-12-02T13:18:04+00:00\" \/>\n<meta property=\"article:modified_time\" content=\"2010-12-02T17:06:12+00:00\" \/>\n<meta property=\"og:image\" content=\"http:\/\/www.visit-ulcinj.com\/blog\/wp-content\/uploads\/2010\/12\/Ferhat-Dinosa-i-sef-Misije-OEBS-a-u-Crnoj-Gori.jpg\" \/>\n<meta name=\"twitter:label1\" content=\"Written by\" \/>\n\t<meta name=\"twitter:data1\" content=\"ulqini\" \/>\n\t<meta name=\"twitter:label2\" content=\"Est. reading time\" \/>\n\t<meta name=\"twitter:data2\" content=\"5 minutes\" \/>\n<script type=\"application\/ld+json\" class=\"yoast-schema-graph\">{\"@context\":\"https:\/\/schema.org\",\"@graph\":[{\"@type\":\"WebSite\",\"@id\":\"https:\/\/www.visit-ulcinj.com\/blog\/#website\",\"url\":\"https:\/\/www.visit-ulcinj.com\/blog\/\",\"name\":\"Lajme nga Ulqini\",\"description\":\"Lajme,Vijesti,Ulqini,Ulqin,Crna Gora,Mali i Zi\",\"potentialAction\":[{\"@type\":\"SearchAction\",\"target\":{\"@type\":\"EntryPoint\",\"urlTemplate\":\"https:\/\/www.visit-ulcinj.com\/blog\/?s={search_term_string}\"},\"query-input\":\"required name=search_term_string\"}],\"inLanguage\":\"en-US\"},{\"@type\":\"ImageObject\",\"inLanguage\":\"en-US\",\"@id\":\"https:\/\/www.visit-ulcinj.com\/blog\/2010\/12\/02\/otpocela-kampanje-16-dana-aktivizma-za-borbu-protiv-nasilja-nad-zenama\/#primaryimage\",\"url\":\"https:\/\/www.visit-ulcinj.com\/blog\/wp-content\/uploads\/2010\/12\/Ferhat-Dinosa-i-sef-Misije-OEBS-a-u-Crnoj-Gori.jpg\",\"contentUrl\":\"https:\/\/www.visit-ulcinj.com\/blog\/wp-content\/uploads\/2010\/12\/Ferhat-Dinosa-i-sef-Misije-OEBS-a-u-Crnoj-Gori.jpg\",\"width\":\"590\",\"height\":\"377\"},{\"@type\":\"WebPage\",\"@id\":\"https:\/\/www.visit-ulcinj.com\/blog\/2010\/12\/02\/otpocela-kampanje-16-dana-aktivizma-za-borbu-protiv-nasilja-nad-zenama\/#webpage\",\"url\":\"https:\/\/www.visit-ulcinj.com\/blog\/2010\/12\/02\/otpocela-kampanje-16-dana-aktivizma-za-borbu-protiv-nasilja-nad-zenama\/\",\"name\":\"Otpo\u010dela kampanje -16 dana aktivizma za borbu protiv nasilja nad \u017eenama - Lajme nga Ulqini\",\"isPartOf\":{\"@id\":\"https:\/\/www.visit-ulcinj.com\/blog\/#website\"},\"primaryImageOfPage\":{\"@id\":\"https:\/\/www.visit-ulcinj.com\/blog\/2010\/12\/02\/otpocela-kampanje-16-dana-aktivizma-za-borbu-protiv-nasilja-nad-zenama\/#primaryimage\"},\"datePublished\":\"2010-12-02T13:18:04+00:00\",\"dateModified\":\"2010-12-02T17:06:12+00:00\",\"author\":{\"@id\":\"https:\/\/www.visit-ulcinj.com\/blog\/#\/schema\/person\/dcab619c614d3038751c63bc2aadc06d\"},\"description\":\"Ministarstvo za ljudska i \u00a0manjinska prava - Odjeljenje za poslove rodne ravnopravnosti i Misija OEBS-a u Crnoj Gori\u00a0 danas su i zvani\u010dno pokrenuli\",\"breadcrumb\":{\"@id\":\"https:\/\/www.visit-ulcinj.com\/blog\/2010\/12\/02\/otpocela-kampanje-16-dana-aktivizma-za-borbu-protiv-nasilja-nad-zenama\/#breadcrumb\"},\"inLanguage\":\"en-US\",\"potentialAction\":[{\"@type\":\"ReadAction\",\"target\":[\"https:\/\/www.visit-ulcinj.com\/blog\/2010\/12\/02\/otpocela-kampanje-16-dana-aktivizma-za-borbu-protiv-nasilja-nad-zenama\/\"]}]},{\"@type\":\"BreadcrumbList\",\"@id\":\"https:\/\/www.visit-ulcinj.com\/blog\/2010\/12\/02\/otpocela-kampanje-16-dana-aktivizma-za-borbu-protiv-nasilja-nad-zenama\/#breadcrumb\",\"itemListElement\":[{\"@type\":\"ListItem\",\"position\":1,\"name\":\"Otpo\u010dela kampanje -16 dana aktivizma za borbu protiv nasilja nad \u017eenama\"}]},{\"@type\":\"Person\",\"@id\":\"https:\/\/www.visit-ulcinj.com\/blog\/#\/schema\/person\/dcab619c614d3038751c63bc2aadc06d\",\"name\":\"ulqini\",\"sameAs\":[\"http:\/\/www.visit-ulcinj.com\"],\"url\":\"https:\/\/www.visit-ulcinj.com\/blog\/author\/admin\/\"}]}<\/script>\n<!-- \/ Yoast SEO plugin. -->","yoast_head_json":{"title":"Otpo\u010dela kampanje -16 dana aktivizma za borbu protiv nasilja nad \u017eenama - Lajme nga Ulqini","description":"Ministarstvo za ljudska i \u00a0manjinska prava - Odjeljenje za poslove rodne ravnopravnosti i Misija OEBS-a u Crnoj Gori\u00a0 danas su i zvani\u010dno pokrenuli","robots":{"index":"index","follow":"follow","max-snippet":"max-snippet:-1","max-image-preview":"max-image-preview:large","max-video-preview":"max-video-preview:-1"},"canonical":"https:\/\/www.visit-ulcinj.com\/blog\/2010\/12\/02\/otpocela-kampanje-16-dana-aktivizma-za-borbu-protiv-nasilja-nad-zenama\/","og_locale":"en_US","og_type":"article","og_title":"Otpo\u010dela kampanje -16 dana aktivizma za borbu protiv nasilja nad \u017eenama - Lajme nga Ulqini","og_description":"Ministarstvo za ljudska i \u00a0manjinska prava - Odjeljenje za poslove rodne ravnopravnosti i Misija OEBS-a u Crnoj Gori\u00a0 danas su i zvani\u010dno pokrenuli","og_url":"https:\/\/www.visit-ulcinj.com\/blog\/2010\/12\/02\/otpocela-kampanje-16-dana-aktivizma-za-borbu-protiv-nasilja-nad-zenama\/","og_site_name":"Lajme nga Ulqini","article_published_time":"2010-12-02T13:18:04+00:00","article_modified_time":"2010-12-02T17:06:12+00:00","og_image":[{"url":"http:\/\/www.visit-ulcinj.com\/blog\/wp-content\/uploads\/2010\/12\/Ferhat-Dinosa-i-sef-Misije-OEBS-a-u-Crnoj-Gori.jpg"}],"twitter_misc":{"Written by":"ulqini","Est. reading time":"5 minutes"},"schema":{"@context":"https:\/\/schema.org","@graph":[{"@type":"WebSite","@id":"https:\/\/www.visit-ulcinj.com\/blog\/#website","url":"https:\/\/www.visit-ulcinj.com\/blog\/","name":"Lajme nga Ulqini","description":"Lajme,Vijesti,Ulqini,Ulqin,Crna Gora,Mali i Zi","potentialAction":[{"@type":"SearchAction","target":{"@type":"EntryPoint","urlTemplate":"https:\/\/www.visit-ulcinj.com\/blog\/?s={search_term_string}"},"query-input":"required name=search_term_string"}],"inLanguage":"en-US"},{"@type":"ImageObject","inLanguage":"en-US","@id":"https:\/\/www.visit-ulcinj.com\/blog\/2010\/12\/02\/otpocela-kampanje-16-dana-aktivizma-za-borbu-protiv-nasilja-nad-zenama\/#primaryimage","url":"https:\/\/www.visit-ulcinj.com\/blog\/wp-content\/uploads\/2010\/12\/Ferhat-Dinosa-i-sef-Misije-OEBS-a-u-Crnoj-Gori.jpg","contentUrl":"https:\/\/www.visit-ulcinj.com\/blog\/wp-content\/uploads\/2010\/12\/Ferhat-Dinosa-i-sef-Misije-OEBS-a-u-Crnoj-Gori.jpg","width":"590","height":"377"},{"@type":"WebPage","@id":"https:\/\/www.visit-ulcinj.com\/blog\/2010\/12\/02\/otpocela-kampanje-16-dana-aktivizma-za-borbu-protiv-nasilja-nad-zenama\/#webpage","url":"https:\/\/www.visit-ulcinj.com\/blog\/2010\/12\/02\/otpocela-kampanje-16-dana-aktivizma-za-borbu-protiv-nasilja-nad-zenama\/","name":"Otpo\u010dela kampanje -16 dana aktivizma za borbu protiv nasilja nad \u017eenama - Lajme nga Ulqini","isPartOf":{"@id":"https:\/\/www.visit-ulcinj.com\/blog\/#website"},"primaryImageOfPage":{"@id":"https:\/\/www.visit-ulcinj.com\/blog\/2010\/12\/02\/otpocela-kampanje-16-dana-aktivizma-za-borbu-protiv-nasilja-nad-zenama\/#primaryimage"},"datePublished":"2010-12-02T13:18:04+00:00","dateModified":"2010-12-02T17:06:12+00:00","author":{"@id":"https:\/\/www.visit-ulcinj.com\/blog\/#\/schema\/person\/dcab619c614d3038751c63bc2aadc06d"},"description":"Ministarstvo za ljudska i \u00a0manjinska prava - Odjeljenje za poslove rodne ravnopravnosti i Misija OEBS-a u Crnoj Gori\u00a0 danas su i zvani\u010dno pokrenuli","breadcrumb":{"@id":"https:\/\/www.visit-ulcinj.com\/blog\/2010\/12\/02\/otpocela-kampanje-16-dana-aktivizma-za-borbu-protiv-nasilja-nad-zenama\/#breadcrumb"},"inLanguage":"en-US","potentialAction":[{"@type":"ReadAction","target":["https:\/\/www.visit-ulcinj.com\/blog\/2010\/12\/02\/otpocela-kampanje-16-dana-aktivizma-za-borbu-protiv-nasilja-nad-zenama\/"]}]},{"@type":"BreadcrumbList","@id":"https:\/\/www.visit-ulcinj.com\/blog\/2010\/12\/02\/otpocela-kampanje-16-dana-aktivizma-za-borbu-protiv-nasilja-nad-zenama\/#breadcrumb","itemListElement":[{"@type":"ListItem","position":1,"name":"Otpo\u010dela kampanje -16 dana aktivizma za borbu protiv nasilja nad \u017eenama"}]},{"@type":"Person","@id":"https:\/\/www.visit-ulcinj.com\/blog\/#\/schema\/person\/dcab619c614d3038751c63bc2aadc06d","name":"ulqini","sameAs":["http:\/\/www.visit-ulcinj.com"],"url":"https:\/\/www.visit-ulcinj.com\/blog\/author\/admin\/"}]}},"jetpack_featured_media_url":"","jetpack_sharing_enabled":true,"jetpack_shortlink":"https:\/\/wp.me\/pe6lTn-awN","_links":{"self":[{"href":"https:\/\/www.visit-ulcinj.com\/blog\/wp-json\/wp\/v2\/posts\/40473"}],"collection":[{"href":"https:\/\/www.visit-ulcinj.com\/blog\/wp-json\/wp\/v2\/posts"}],"about":[{"href":"https:\/\/www.visit-ulcinj.com\/blog\/wp-json\/wp\/v2\/types\/post"}],"author":[{"embeddable":true,"href":"https:\/\/www.visit-ulcinj.com\/blog\/wp-json\/wp\/v2\/users\/1"}],"replies":[{"embeddable":true,"href":"https:\/\/www.visit-ulcinj.com\/blog\/wp-json\/wp\/v2\/comments?post=40473"}],"version-history":[{"count":0,"href":"https:\/\/www.visit-ulcinj.com\/blog\/wp-json\/wp\/v2\/posts\/40473\/revisions"}],"wp:attachment":[{"href":"https:\/\/www.visit-ulcinj.com\/blog\/wp-json\/wp\/v2\/media?parent=40473"}],"wp:term":[{"taxonomy":"category","embeddable":true,"href":"https:\/\/www.visit-ulcinj.com\/blog\/wp-json\/wp\/v2\/categories?post=40473"},{"taxonomy":"post_tag","embeddable":true,"href":"https:\/\/www.visit-ulcinj.com\/blog\/wp-json\/wp\/v2\/tags?post=40473"}],"curies":[{"name":"wp","href":"https:\/\/api.w.org\/{rel}","templated":true}]}}