{"id":40480,"date":"2010-12-02T18:14:44","date_gmt":"2010-12-02T17:14:44","guid":{"rendered":"http:\/\/www.visit-ulcinj.com\/blog\/?p=40480"},"modified":"2010-12-02T18:14:44","modified_gmt":"2010-12-02T17:14:44","slug":"u-dva-smjera-ispod-starog-grada","status":"publish","type":"post","link":"https:\/\/www.visit-ulcinj.com\/blog\/2010\/12\/02\/u-dva-smjera-ispod-starog-grada\/","title":{"rendered":"U dva smjera ispod Starog grada"},"content":{"rendered":"<p><strong><a href=\"http:\/\/www.visit-ulcinj.com\/blog\/wp-content\/uploads\/2010\/12\/lucice-Kacema_ulcinj.jpg\"><img loading=\"lazy\" class=\"alignleft size-full wp-image-40481\" title=\"lucice Kacema_ulcinj\" src=\"http:\/\/www.visit-ulcinj.com\/blog\/wp-content\/uploads\/2010\/12\/lucice-Kacema_ulcinj.jpg\" alt=\"\" width=\"300\" height=\"200\" \/><\/a>Raspisan tender za zavr\u0161nu fazu projekta u Ulcinju<\/strong><br \/>\nUlcinj &#8211; Javno preduze\u0107e za upravljanje morskim dobrom raspisalo je tender za izbor ponu\u0111a\u010da za drugu fazu radova na izgradnji lu\u010dice Kacema, ispod Starog grada u Ulcinju. U tom preduze\u0107u su priznali da razmi\u0161ljaju o novom tehni\u010dkom rje\u0161enju I faze, koja je podrazumijevala izradu osnovne gra\u0111evinske konstrukcije budu\u0107e lu\u010dice.<br \/>\n\u201cImaju\u0107i u vidu iznesene primjedbe gra\u0111ana na posljedice udara talasa za vrijeme juga, stru\u010dne slu\u017ebe JP prate pona\u0161anje morskih struja na ovom projektu, kako bi te informacije dostavili projektantima i ekspertima za oblast hidrogra\u0111evinskih radova, koji bi eventualno predlo\u017eili novo tehni\u010dko rje\u0161enje\u201d, navodi se u dopisu JP.<br \/>\nDodaje se da II faza predvi\u0111a \u201c\u0161irok spektar poslova koji \u0107e prostor ispod Starog grada kvalitetno i trajno urediti\u201d.<\/p>\n<p>\u201cPostoje\u0107a saobra\u0107ajnica, koja i sad postoji obodom lu\u010dice, bi\u0107e pro\u0161irena za obavljanje dvosmjernog saobra\u0107aja, u du\u017eini od oko 220 metara, asfaltirana, saobra\u0107ajno ozna\u010dena, sa postavljenim ivi\u010dnjacima i za\u0161titnom ogradom, dok \u0107e na cijelom prostoru biti postavljena nova javna rasvjeta\u201d, pi\u0161e u dopisu.<br \/>\nNavodi se da \u0107e operativna obala i marinska staza biti presvu\u010dene \u201c\u0161tampanim betonom\u201d, dok \u0107e za vezivanje \u010damaca biti postavljene bitve, a vertikalne betonske strane potpornih zidova oblo\u017eene kamenim plo\u010dama.<br \/>\n\u201cPrilaz operativnoj obali bi\u0107e obezbije\u0111en izradom silaznih stepeni\u0161ta na vi\u0161e mjesta, a u sklopu ure\u0111enja planirano je ure\u0111enje zelenih povr\u0161ina i zasa\u0111ivanje palmi, kao i postavljanje urbanog mobilijara\u201d, isti\u010de se i navodi da procijenjena vrijednost radova na drugoj fazi iznosi 380.000 eura.<br \/>\n<strong>S.A.<br \/>\n<a href=\"http:\/\/www.vijesti.me\/\" target=\"_blank\">Vijesti<br \/>\n<\/a><!--YouTube Error: bad URL entered--><a href=\"http:\/\/www.vijesti.me\/\" target=\"_blank\"><\/a><\/strong><\/p>\n","protected":false},"excerpt":{"rendered":"<p>Raspisan tender za zavr\u0161nu fazu projekta u Ulcinju Ulcinj &#8211; Javno preduze\u0107e za upravljanje morskim dobrom raspisalo je tender za izbor ponu\u0111a\u010da za drugu fazu radova na izgradnji lu\u010dice Kacema, ispod Starog grada u Ulcinju. U tom preduze\u0107u su priznali da razmi\u0161ljaju o novom tehni\u010dkom rje\u0161enju I faze, koja je podrazumijevala izradu osnovne gra\u0111evinske konstrukcije [&hellip;]<\/p>\n","protected":false},"author":1,"featured_media":0,"comment_status":"open","ping_status":"closed","sticky":false,"template":"","format":"standard","meta":{"spay_email":"","jetpack_publicize_message":"","jetpack_is_tweetstorm":false,"jetpack_publicize_feature_enabled":true},"categories":[8337],"tags":[16475,16474],"jetpack_publicize_connections":[],"yoast_head":"<!-- This site is optimized with the Yoast SEO plugin v19.1 - https:\/\/yoast.com\/wordpress\/plugins\/seo\/ -->\n<title>U dva smjera ispod Starog grada - Lajme nga Ulqini<\/title>\n<meta name=\"description\" content=\"Raspisan tender za zavr\u0161nu fazu projekta u Ulcinju Ulcinj - Javno preduze\u0107e za upravljanje morskim dobrom raspisalo je tender za izbor ponu\u0111a\u010da za drugu\" \/>\n<meta name=\"robots\" content=\"index, follow, max-snippet:-1, max-image-preview:large, max-video-preview:-1\" \/>\n<link rel=\"canonical\" href=\"https:\/\/www.visit-ulcinj.com\/blog\/2010\/12\/02\/u-dva-smjera-ispod-starog-grada\/\" \/>\n<meta property=\"og:locale\" content=\"en_US\" \/>\n<meta property=\"og:type\" content=\"article\" \/>\n<meta property=\"og:title\" content=\"U dva smjera ispod Starog grada - Lajme nga Ulqini\" \/>\n<meta property=\"og:description\" content=\"Raspisan tender za zavr\u0161nu fazu projekta u Ulcinju Ulcinj - Javno preduze\u0107e za upravljanje morskim dobrom raspisalo je tender za izbor ponu\u0111a\u010da za drugu\" \/>\n<meta property=\"og:url\" content=\"https:\/\/www.visit-ulcinj.com\/blog\/2010\/12\/02\/u-dva-smjera-ispod-starog-grada\/\" \/>\n<meta property=\"og:site_name\" content=\"Lajme nga Ulqini\" \/>\n<meta property=\"article:published_time\" content=\"2010-12-02T17:14:44+00:00\" \/>\n<meta property=\"og:image\" content=\"http:\/\/www.visit-ulcinj.com\/blog\/wp-content\/uploads\/2010\/12\/lucice-Kacema_ulcinj.jpg\" \/>\n<meta name=\"twitter:label1\" content=\"Written by\" \/>\n\t<meta name=\"twitter:data1\" content=\"ulqini\" \/>\n\t<meta name=\"twitter:label2\" content=\"Est. reading time\" \/>\n\t<meta name=\"twitter:data2\" content=\"1 minute\" \/>\n<script type=\"application\/ld+json\" class=\"yoast-schema-graph\">{\"@context\":\"https:\/\/schema.org\",\"@graph\":[{\"@type\":\"WebSite\",\"@id\":\"https:\/\/www.visit-ulcinj.com\/blog\/#website\",\"url\":\"https:\/\/www.visit-ulcinj.com\/blog\/\",\"name\":\"Lajme nga Ulqini\",\"description\":\"Lajme,Vijesti,Ulqini,Ulqin,Crna Gora,Mali i Zi\",\"potentialAction\":[{\"@type\":\"SearchAction\",\"target\":{\"@type\":\"EntryPoint\",\"urlTemplate\":\"https:\/\/www.visit-ulcinj.com\/blog\/?s={search_term_string}\"},\"query-input\":\"required name=search_term_string\"}],\"inLanguage\":\"en-US\"},{\"@type\":\"ImageObject\",\"inLanguage\":\"en-US\",\"@id\":\"https:\/\/www.visit-ulcinj.com\/blog\/2010\/12\/02\/u-dva-smjera-ispod-starog-grada\/#primaryimage\",\"url\":\"https:\/\/www.visit-ulcinj.com\/blog\/wp-content\/uploads\/2010\/12\/lucice-Kacema_ulcinj.jpg\",\"contentUrl\":\"https:\/\/www.visit-ulcinj.com\/blog\/wp-content\/uploads\/2010\/12\/lucice-Kacema_ulcinj.jpg\",\"width\":\"290\",\"height\":\"190\"},{\"@type\":\"WebPage\",\"@id\":\"https:\/\/www.visit-ulcinj.com\/blog\/2010\/12\/02\/u-dva-smjera-ispod-starog-grada\/#webpage\",\"url\":\"https:\/\/www.visit-ulcinj.com\/blog\/2010\/12\/02\/u-dva-smjera-ispod-starog-grada\/\",\"name\":\"U dva smjera ispod Starog grada - Lajme nga Ulqini\",\"isPartOf\":{\"@id\":\"https:\/\/www.visit-ulcinj.com\/blog\/#website\"},\"primaryImageOfPage\":{\"@id\":\"https:\/\/www.visit-ulcinj.com\/blog\/2010\/12\/02\/u-dva-smjera-ispod-starog-grada\/#primaryimage\"},\"datePublished\":\"2010-12-02T17:14:44+00:00\",\"dateModified\":\"2010-12-02T17:14:44+00:00\",\"author\":{\"@id\":\"https:\/\/www.visit-ulcinj.com\/blog\/#\/schema\/person\/dcab619c614d3038751c63bc2aadc06d\"},\"description\":\"Raspisan tender za zavr\u0161nu fazu projekta u Ulcinju Ulcinj - Javno preduze\u0107e za upravljanje morskim dobrom raspisalo je tender za izbor ponu\u0111a\u010da za drugu\",\"breadcrumb\":{\"@id\":\"https:\/\/www.visit-ulcinj.com\/blog\/2010\/12\/02\/u-dva-smjera-ispod-starog-grada\/#breadcrumb\"},\"inLanguage\":\"en-US\",\"potentialAction\":[{\"@type\":\"ReadAction\",\"target\":[\"https:\/\/www.visit-ulcinj.com\/blog\/2010\/12\/02\/u-dva-smjera-ispod-starog-grada\/\"]}]},{\"@type\":\"BreadcrumbList\",\"@id\":\"https:\/\/www.visit-ulcinj.com\/blog\/2010\/12\/02\/u-dva-smjera-ispod-starog-grada\/#breadcrumb\",\"itemListElement\":[{\"@type\":\"ListItem\",\"position\":1,\"name\":\"U dva smjera ispod Starog grada\"}]},{\"@type\":\"Person\",\"@id\":\"https:\/\/www.visit-ulcinj.com\/blog\/#\/schema\/person\/dcab619c614d3038751c63bc2aadc06d\",\"name\":\"ulqini\",\"sameAs\":[\"http:\/\/www.visit-ulcinj.com\"],\"url\":\"https:\/\/www.visit-ulcinj.com\/blog\/author\/admin\/\"}]}<\/script>\n<!-- \/ Yoast SEO plugin. -->","yoast_head_json":{"title":"U dva smjera ispod Starog grada - Lajme nga Ulqini","description":"Raspisan tender za zavr\u0161nu fazu projekta u Ulcinju Ulcinj - Javno preduze\u0107e za upravljanje morskim dobrom raspisalo je tender za izbor ponu\u0111a\u010da za drugu","robots":{"index":"index","follow":"follow","max-snippet":"max-snippet:-1","max-image-preview":"max-image-preview:large","max-video-preview":"max-video-preview:-1"},"canonical":"https:\/\/www.visit-ulcinj.com\/blog\/2010\/12\/02\/u-dva-smjera-ispod-starog-grada\/","og_locale":"en_US","og_type":"article","og_title":"U dva smjera ispod Starog grada - Lajme nga Ulqini","og_description":"Raspisan tender za zavr\u0161nu fazu projekta u Ulcinju Ulcinj - Javno preduze\u0107e za upravljanje morskim dobrom raspisalo je tender za izbor ponu\u0111a\u010da za drugu","og_url":"https:\/\/www.visit-ulcinj.com\/blog\/2010\/12\/02\/u-dva-smjera-ispod-starog-grada\/","og_site_name":"Lajme nga Ulqini","article_published_time":"2010-12-02T17:14:44+00:00","og_image":[{"url":"http:\/\/www.visit-ulcinj.com\/blog\/wp-content\/uploads\/2010\/12\/lucice-Kacema_ulcinj.jpg"}],"twitter_misc":{"Written by":"ulqini","Est. reading time":"1 minute"},"schema":{"@context":"https:\/\/schema.org","@graph":[{"@type":"WebSite","@id":"https:\/\/www.visit-ulcinj.com\/blog\/#website","url":"https:\/\/www.visit-ulcinj.com\/blog\/","name":"Lajme nga Ulqini","description":"Lajme,Vijesti,Ulqini,Ulqin,Crna Gora,Mali i Zi","potentialAction":[{"@type":"SearchAction","target":{"@type":"EntryPoint","urlTemplate":"https:\/\/www.visit-ulcinj.com\/blog\/?s={search_term_string}"},"query-input":"required name=search_term_string"}],"inLanguage":"en-US"},{"@type":"ImageObject","inLanguage":"en-US","@id":"https:\/\/www.visit-ulcinj.com\/blog\/2010\/12\/02\/u-dva-smjera-ispod-starog-grada\/#primaryimage","url":"https:\/\/www.visit-ulcinj.com\/blog\/wp-content\/uploads\/2010\/12\/lucice-Kacema_ulcinj.jpg","contentUrl":"https:\/\/www.visit-ulcinj.com\/blog\/wp-content\/uploads\/2010\/12\/lucice-Kacema_ulcinj.jpg","width":"290","height":"190"},{"@type":"WebPage","@id":"https:\/\/www.visit-ulcinj.com\/blog\/2010\/12\/02\/u-dva-smjera-ispod-starog-grada\/#webpage","url":"https:\/\/www.visit-ulcinj.com\/blog\/2010\/12\/02\/u-dva-smjera-ispod-starog-grada\/","name":"U dva smjera ispod Starog grada - Lajme nga Ulqini","isPartOf":{"@id":"https:\/\/www.visit-ulcinj.com\/blog\/#website"},"primaryImageOfPage":{"@id":"https:\/\/www.visit-ulcinj.com\/blog\/2010\/12\/02\/u-dva-smjera-ispod-starog-grada\/#primaryimage"},"datePublished":"2010-12-02T17:14:44+00:00","dateModified":"2010-12-02T17:14:44+00:00","author":{"@id":"https:\/\/www.visit-ulcinj.com\/blog\/#\/schema\/person\/dcab619c614d3038751c63bc2aadc06d"},"description":"Raspisan tender za zavr\u0161nu fazu projekta u Ulcinju Ulcinj - Javno preduze\u0107e za upravljanje morskim dobrom raspisalo je tender za izbor ponu\u0111a\u010da za drugu","breadcrumb":{"@id":"https:\/\/www.visit-ulcinj.com\/blog\/2010\/12\/02\/u-dva-smjera-ispod-starog-grada\/#breadcrumb"},"inLanguage":"en-US","potentialAction":[{"@type":"ReadAction","target":["https:\/\/www.visit-ulcinj.com\/blog\/2010\/12\/02\/u-dva-smjera-ispod-starog-grada\/"]}]},{"@type":"BreadcrumbList","@id":"https:\/\/www.visit-ulcinj.com\/blog\/2010\/12\/02\/u-dva-smjera-ispod-starog-grada\/#breadcrumb","itemListElement":[{"@type":"ListItem","position":1,"name":"U dva smjera ispod Starog grada"}]},{"@type":"Person","@id":"https:\/\/www.visit-ulcinj.com\/blog\/#\/schema\/person\/dcab619c614d3038751c63bc2aadc06d","name":"ulqini","sameAs":["http:\/\/www.visit-ulcinj.com"],"url":"https:\/\/www.visit-ulcinj.com\/blog\/author\/admin\/"}]}},"jetpack_featured_media_url":"","jetpack_sharing_enabled":true,"jetpack_shortlink":"https:\/\/wp.me\/pe6lTn-awU","_links":{"self":[{"href":"https:\/\/www.visit-ulcinj.com\/blog\/wp-json\/wp\/v2\/posts\/40480"}],"collection":[{"href":"https:\/\/www.visit-ulcinj.com\/blog\/wp-json\/wp\/v2\/posts"}],"about":[{"href":"https:\/\/www.visit-ulcinj.com\/blog\/wp-json\/wp\/v2\/types\/post"}],"author":[{"embeddable":true,"href":"https:\/\/www.visit-ulcinj.com\/blog\/wp-json\/wp\/v2\/users\/1"}],"replies":[{"embeddable":true,"href":"https:\/\/www.visit-ulcinj.com\/blog\/wp-json\/wp\/v2\/comments?post=40480"}],"version-history":[{"count":0,"href":"https:\/\/www.visit-ulcinj.com\/blog\/wp-json\/wp\/v2\/posts\/40480\/revisions"}],"wp:attachment":[{"href":"https:\/\/www.visit-ulcinj.com\/blog\/wp-json\/wp\/v2\/media?parent=40480"}],"wp:term":[{"taxonomy":"category","embeddable":true,"href":"https:\/\/www.visit-ulcinj.com\/blog\/wp-json\/wp\/v2\/categories?post=40480"},{"taxonomy":"post_tag","embeddable":true,"href":"https:\/\/www.visit-ulcinj.com\/blog\/wp-json\/wp\/v2\/tags?post=40480"}],"curies":[{"name":"wp","href":"https:\/\/api.w.org\/{rel}","templated":true}]}}