{"id":40484,"date":"2010-12-02T18:39:24","date_gmt":"2010-12-02T17:39:24","guid":{"rendered":"http:\/\/www.visit-ulcinj.com\/blog\/?p=40484"},"modified":"2010-12-02T18:39:24","modified_gmt":"2010-12-02T17:39:24","slug":"saka-nos-valdanos-2","status":"publish","type":"post","link":"https:\/\/www.visit-ulcinj.com\/blog\/2010\/12\/02\/saka-nos-valdanos-2\/","title":{"rendered":"\u0160aka, nos &#8211; Valdanos (2)"},"content":{"rendered":"<p><strong><a href=\"http:\/\/www.visit-ulcinj.com\/blog\/wp-content\/uploads\/2010\/12\/Dritan-Abazovic.jpg\"><img loading=\"lazy\" class=\"alignleft size-full wp-image-40485\" title=\"Dritan Abazovic\" src=\"http:\/\/www.visit-ulcinj.com\/blog\/wp-content\/uploads\/2010\/12\/Dritan-Abazovic.jpg\" alt=\"\" width=\"490\" height=\"380\" \/><\/a>Ni\u0161ta nije slu\u010dajno<br \/>\nPi\u0161e: mr Dritan Abazovi\u0107<\/strong><\/p>\n<p>E to vam je Crna Gora! Tesktove komotno mo\u017eete ponavljati vi\u0161e puta, na njih vrijeme ne uti\u010de, mo\u017eete sve ponavljati i ponovo \u0107ete do\u0107i na isto ili sli\u010dno.<br \/>\nNo, \u010demu je vrijeme tome je i vakat! Ponovo se aktuelizuje pri\u010da o rajskoj uvali Valdanosu: emotivno-tu\u017ena pri\u010da, sa i dalje nepoznatim krajem. Odustalo se od onih samo nama poznatih modela, da vlasnici zakupe svoju zemlju, \u0161to je vrhunac crnogorske politi\u010dke ironije, me\u0111utim apetiti jo\u0161 nijesu splasnuli. Nakon \u0161to je pri\u010da o Valdanosu svjesno marginalizovana dok su trajala dva izborna ciklusa u Ulcinju, sada se jasnije vidi da je to dio dobro uigrane taktike, iskusnih politi\u010dkih igra\u010da koji simulacijama uvijek uspiju da zbune ionako podmi\u0107ene \u201earbitre\u201c.<br \/>\nNije pro\u0161lo mnogo vremena kada su za na\u0161 grad govorili da \u0107e postati evropski Dubai, da \u0107emo postati \u0161eici, a da \u0107e drugi postati na\u0161e sluge. I evo, desilo se sve to, samo \u0161to mi to ne vidimo, pardon, ne \u017eelimo da vidimo jer smo zlonamjerni i jedini smo ljudi na svjetu koji \u201ene \u017eele\u201c razvoj svoga grada. Sve je to manje bitno u odnosu na ono \u0161to se de\u0161ava vezano za najljep\u0161u crnogorsku uvalu. Tamo le\u017ei na\u0161 ponos, tamo je na\u0161a veza sa metafizi\u010dkim najja\u010da, a oni koji se ne pla\u0161e ljudi ne pla\u0161e ni Boga, i ni\u0161ta im nije sveto.<\/p>\n<p>Medijskim pumpanjem bajkovitih pri\u010da poku\u0161ava se uticati na umorno lokalno ekonomski iscrpljeno stanovni\u0161tvo da digne ruke od Valdanosa, odnosno da digne ruku na samoga sebe! Ovakva samodestrukcija koja proizilazi iz \u0107utanja i bojazni, ko\u0161tala je mnogo Crnu Goru kroz njenu istoriju, ali ona iz nje ne u\u010di, zato i ostaje ponavlja\u010d. U prethodnom istoimenom tekstu naveo sam taksativno koji su sve argumenti u prilog vra\u0107anja Maslinjaka stvarnim vlasnicima i to ne\u0107u ponavljati, jer gra\u0111ani to znaju. Naprotiv, \u017eelim da krenem drugom stranom, onako ekstremno kao \u0161to smo nau\u010dili mi \u201edivlji\u201c, \u201estrani\u201c, narod sa \u201erogovima\u201c, a dobronamjerni, multikulturalni i tolerantni vlastodr\u0161ci nijesu i pored velikog truda kojeg su ulo\u017eili, uspjeli da nas pripitome i u potpunosti pacificiraju.<br \/>\n<a href=\"http:\/\/www.visit-ulcinj.com\/blog\/wp-content\/uploads\/2010\/12\/Ne-damo-Valdanos-Nuk-e-dorezojme-Valdanosin.jpg\"><img loading=\"lazy\" class=\"alignleft size-full wp-image-40486\" title=\"Ne damo Valdanos! Nuk e dorezojme Valdanosin!\" src=\"http:\/\/www.visit-ulcinj.com\/blog\/wp-content\/uploads\/2010\/12\/Ne-damo-Valdanos-Nuk-e-dorezojme-Valdanosin.jpg\" alt=\"\" width=\"490\" height=\"380\" \/><\/a><br \/>\n<strong>Temeljno pitanje koje se postavlja: da li Ulcinj, njegova teritorija i gra\u0111ani, pripadaju dr\u017eavi Crnoj Gori? <\/strong><br \/>\nDa \u2013 da, to su oni ljudi koji su 2006. godine postali dr\u017eavotvorni narod za Crnu Goru, to su oni koji imaju lijepe i puste pla\u017ee, to su i oni koji nemaju hotele i gdje je vrijeme stalo. Ma, to su samo neki Albanci i grupa njihovih prijatelja! Dobro je da imamo i takve, valjaju za \u201etur\u0161iju\u201c, a \u201ezima je ovdje duga\u201c. Ako smo mi zaista sastavni i konstitutivni dio dr\u017eave zbog \u010dega dr\u017eava ima takav odnos prema nama? \u010cime smo to zaslu\u017eili?! Da li je va\u017enije da Valdanos ustupi malenoj firmi ili svojim gra\u0111anima?! Od kad je to Cubus Lux ispunio uslove tendera?! Za\u0161to se dr\u017eavni organi time ne bave?! Da li iko zna da se u prosjeku od 150 stabala maslina mo\u017ee prihodovati oko 10.000 (i slovima: deset hiljada) eura godi\u0161nje?! Pa na\u0161a dosada\u0161nja \u0161teta je ravna ponemutim investicijama u Valdanosu! Sve je jasnije da nije stvarni cilj pobolj\u0161anje turisti\u010dke ponude, jer u Ulcinju brojne atraktivne lokacije zure prazne.<\/p>\n<p>Naprotiv, na osnovu empirije zaklju\u010dujemo da u pozadini le\u017ei kulturocid ovda\u0161njeg naroda kojeg odvajaju\u0107i od svoje tradicije, naprosto depersonalizujete i gubite mu svaki smisao. Kako druga\u010dije misliti kada nadle\u017eni, doma\u0107i i me\u0111unarodni sudovi nijesu rekli posljednju rije\u010d, a vi ustupate uvalu i ako zakupac ne ispunjava nijedan od uslova tendera! Kako?! Ovdje se javlja i analogija sa periodom od prije 130 godina, ali \u0107u o tome drugom prilikom.<br \/>\nNije kriv samo ma\u0107ehinski odnos Vlade, krivi su i pojedini \u201ealbanski tezgaro\u0161i\u201c koji o svemu tome \u0107ute. Vjerovatno u ne\u010dijim glavama nijesmo zaslu\u017eili da budemo bogati, niti obra\u0111ujemo svoju zemlju, ali ako ni\u0161ta barem zato \u0161to smo ljudska bi\u0107a (mada za neke drugog ili tre\u0107eg reda) zaslu\u017eili da se prema nama poka\u017ee malo vi\u0161e po\u0161tovanja, jer mi kao i svi drugi imamo svoje dostojanstvo! Bilo kako bilo, znam da \u0107e oni koji ovaj biznis privode kraju samo slatko da se podsmiju ovom tekstu, kao \u0161to se godinama podsmijavaju svemu \u0161to je vezano za Ulcinj. Ali neka ne zaborave, ko se posljednji smije najsla\u0111e se smije!<br \/>\nNemaju jo\u0161 puno posla sa nama, lako su preva\u017ei\u0161i i ovu prepreku, a sada neka se suo\u010de sa sudbinom. Ako ne znaju \u0161ta ih \u010deka, neka pri\u010dekaju jo\u0161 malo. Vidje\u0107e za\u0161to je maslina sveta! Vjerovatno bi neko trebalo da podnese krivi\u010dne prijave zbog nesavjesnog vr\u0161enja slu\u017ebene du\u017enosti, ali se postavlja pitanje ima li to smisla raditi, kada je onima \u0161to rade ovakve stvari ve\u0107 uveliko presu\u0111eno!<\/p>\n<p><strong>Autor je magistar politi\u010dkih nauka<br \/>\n<a href=\"mailto:katakomba@hotmail.com\" target=\"_blank\">katakomba@hotmail.com<\/a><\/strong><strong><br \/>\n<a href=\"http:\/\/www.vijesti.me\/\" target=\"_blank\">Vijesti<\/a><\/strong><\/p>\n<p><strong>\n\t\t<style type=\"text\/css\">\n\t\t\t#gallery-1 {\n\t\t\t\tmargin: auto;\n\t\t\t}\n\t\t\t#gallery-1 .gallery-item {\n\t\t\t\tfloat: left;\n\t\t\t\tmargin-top: 10px;\n\t\t\t\ttext-align: center;\n\t\t\t\twidth: 33%;\n\t\t\t}\n\t\t\t#gallery-1 img {\n\t\t\t\tborder: 2px solid #cfcfcf;\n\t\t\t}\n\t\t\t#gallery-1 .gallery-caption {\n\t\t\t\tmargin-left: 0;\n\t\t\t}\n\t\t\t\/* see gallery_shortcode() in wp-includes\/media.php *\/\n\t\t<\/style>\n\t\t<div id='gallery-1' class='gallery galleryid-40484 gallery-columns-3 gallery-size-thumbnail'><dl class='gallery-item'>\n\t\t\t<dt class='gallery-icon landscape'>\n\t\t\t\t<a href='https:\/\/www.visit-ulcinj.com\/blog\/wp-content\/uploads\/2010\/12\/Dritan-Abazovic.jpg'><img width=\"150\" height=\"150\" src=\"https:\/\/www.visit-ulcinj.com\/blog\/wp-content\/uploads\/2010\/12\/Dritan-Abazovic-150x150.jpg\" class=\"attachment-thumbnail size-thumbnail\" alt=\"\" loading=\"lazy\" \/><\/a>\n\t\t\t<\/dt><\/dl><dl class='gallery-item'>\n\t\t\t<dt class='gallery-icon landscape'>\n\t\t\t\t<a href='https:\/\/www.visit-ulcinj.com\/blog\/wp-content\/uploads\/2010\/12\/Ne-damo-Valdanos-Nuk-e-dorezojme-Valdanosin.jpg'><img width=\"150\" height=\"150\" src=\"https:\/\/www.visit-ulcinj.com\/blog\/wp-content\/uploads\/2010\/12\/Ne-damo-Valdanos-Nuk-e-dorezojme-Valdanosin-150x150.jpg\" class=\"attachment-thumbnail size-thumbnail\" alt=\"\" loading=\"lazy\" \/><\/a>\n\t\t\t<\/dt><\/dl><dl class='gallery-item'>\n\t\t\t<dt class='gallery-icon landscape'>\n\t\t\t\t<a href='https:\/\/www.visit-ulcinj.com\/blog\/wp-content\/uploads\/2010\/12\/Ne-damo-Valdanos-Nuk-e-dorezojme-Valdanosin.1.jpg'><img width=\"150\" height=\"150\" src=\"https:\/\/www.visit-ulcinj.com\/blog\/wp-content\/uploads\/2010\/12\/Ne-damo-Valdanos-Nuk-e-dorezojme-Valdanosin.1-150x150.jpg\" class=\"attachment-thumbnail size-thumbnail\" alt=\"\" loading=\"lazy\" \/><\/a>\n\t\t\t<\/dt><\/dl><br style=\"clear: both\" \/><dl class='gallery-item'>\n\t\t\t<dt class='gallery-icon landscape'>\n\t\t\t\t<a href='https:\/\/www.visit-ulcinj.com\/blog\/wp-content\/uploads\/2010\/12\/Ne-damo-Valdanos-Nuk-e-dorezojme-Valdanosin.2.jpg'><img width=\"150\" height=\"150\" src=\"https:\/\/www.visit-ulcinj.com\/blog\/wp-content\/uploads\/2010\/12\/Ne-damo-Valdanos-Nuk-e-dorezojme-Valdanosin.2-150x150.jpg\" class=\"attachment-thumbnail size-thumbnail\" alt=\"\" loading=\"lazy\" \/><\/a>\n\t\t\t<\/dt><\/dl><dl class='gallery-item'>\n\t\t\t<dt class='gallery-icon portrait'>\n\t\t\t\t<a href='https:\/\/www.visit-ulcinj.com\/blog\/wp-content\/uploads\/2010\/12\/Ne-damo-Valdanos-Nuk-e-dorezojme-Valdanosin.3.jpg'><img width=\"150\" height=\"150\" src=\"https:\/\/www.visit-ulcinj.com\/blog\/wp-content\/uploads\/2010\/12\/Ne-damo-Valdanos-Nuk-e-dorezojme-Valdanosin.3-150x150.jpg\" class=\"attachment-thumbnail size-thumbnail\" alt=\"\" loading=\"lazy\" \/><\/a>\n\t\t\t<\/dt><\/dl><dl class='gallery-item'>\n\t\t\t<dt class='gallery-icon landscape'>\n\t\t\t\t<a href='https:\/\/www.visit-ulcinj.com\/blog\/wp-content\/uploads\/2010\/12\/Ne-damo-Valdanos-Nuk-e-dorezojme-Valdanosin.4.jpg'><img width=\"150\" height=\"150\" src=\"https:\/\/www.visit-ulcinj.com\/blog\/wp-content\/uploads\/2010\/12\/Ne-damo-Valdanos-Nuk-e-dorezojme-Valdanosin.4-150x150.jpg\" class=\"attachment-thumbnail size-thumbnail\" alt=\"\" loading=\"lazy\" \/><\/a>\n\t\t\t<\/dt><\/dl><br style=\"clear: both\" \/>\n\t\t<\/div>\n<br \/>\n<\/strong><\/p>\n<p><strong><br \/>\n<\/strong><\/p>\n","protected":false},"excerpt":{"rendered":"<p>Ni\u0161ta nije slu\u010dajno Pi\u0161e: mr Dritan Abazovi\u0107 E to vam je Crna Gora! Tesktove komotno mo\u017eete ponavljati vi\u0161e puta, na njih vrijeme ne uti\u010de, mo\u017eete sve ponavljati i ponovo \u0107ete do\u0107i na isto ili sli\u010dno. No, \u010demu je vrijeme tome je i vakat! Ponovo se aktuelizuje pri\u010da o rajskoj uvali Valdanosu: emotivno-tu\u017ena pri\u010da, sa i [&hellip;]<\/p>\n","protected":false},"author":1,"featured_media":0,"comment_status":"open","ping_status":"closed","sticky":false,"template":"","format":"standard","meta":{"spay_email":"","jetpack_publicize_message":"","jetpack_is_tweetstorm":false,"jetpack_publicize_feature_enabled":true},"categories":[6950],"tags":[13184,19,136],"jetpack_publicize_connections":[],"yoast_head":"<!-- This site is optimized with the Yoast SEO plugin v19.1 - https:\/\/yoast.com\/wordpress\/plugins\/seo\/ -->\n<title>\u0160aka, nos - Valdanos (2) - Lajme nga Ulqini<\/title>\n<meta name=\"description\" content=\"Ni\u0161ta nije slu\u010dajno Pi\u0161e: mr Dritan Abazovi\u0107 E to vam je Crna Gora! Tesktove komotno mo\u017eete ponavljati vi\u0161e puta, na njih vrijeme ne uti\u010de, mo\u017eete sve\" \/>\n<meta name=\"robots\" content=\"index, follow, max-snippet:-1, max-image-preview:large, max-video-preview:-1\" \/>\n<link rel=\"canonical\" href=\"https:\/\/www.visit-ulcinj.com\/blog\/2010\/12\/02\/saka-nos-valdanos-2\/\" \/>\n<meta property=\"og:locale\" content=\"en_US\" \/>\n<meta property=\"og:type\" content=\"article\" \/>\n<meta property=\"og:title\" content=\"\u0160aka, nos - Valdanos (2) - Lajme nga Ulqini\" \/>\n<meta property=\"og:description\" content=\"Ni\u0161ta nije slu\u010dajno Pi\u0161e: mr Dritan Abazovi\u0107 E to vam je Crna Gora! Tesktove komotno mo\u017eete ponavljati vi\u0161e puta, na njih vrijeme ne uti\u010de, mo\u017eete sve\" \/>\n<meta property=\"og:url\" content=\"https:\/\/www.visit-ulcinj.com\/blog\/2010\/12\/02\/saka-nos-valdanos-2\/\" \/>\n<meta property=\"og:site_name\" content=\"Lajme nga Ulqini\" \/>\n<meta property=\"article:published_time\" content=\"2010-12-02T17:39:24+00:00\" \/>\n<meta property=\"og:image\" content=\"https:\/\/www.visit-ulcinj.com\/blog\/wp-content\/uploads\/2010\/12\/Dritan-Abazovic-150x150.jpg\" \/>\n<meta name=\"twitter:label1\" content=\"Written by\" \/>\n\t<meta name=\"twitter:data1\" content=\"ulqini\" \/>\n\t<meta name=\"twitter:label2\" content=\"Est. reading time\" \/>\n\t<meta name=\"twitter:data2\" content=\"4 minutes\" \/>\n<script type=\"application\/ld+json\" class=\"yoast-schema-graph\">{\"@context\":\"https:\/\/schema.org\",\"@graph\":[{\"@type\":\"WebSite\",\"@id\":\"https:\/\/www.visit-ulcinj.com\/blog\/#website\",\"url\":\"https:\/\/www.visit-ulcinj.com\/blog\/\",\"name\":\"Lajme nga Ulqini\",\"description\":\"Lajme,Vijesti,Ulqini,Ulqin,Crna Gora,Mali i Zi\",\"potentialAction\":[{\"@type\":\"SearchAction\",\"target\":{\"@type\":\"EntryPoint\",\"urlTemplate\":\"https:\/\/www.visit-ulcinj.com\/blog\/?s={search_term_string}\"},\"query-input\":\"required name=search_term_string\"}],\"inLanguage\":\"en-US\"},{\"@type\":\"ImageObject\",\"inLanguage\":\"en-US\",\"@id\":\"https:\/\/www.visit-ulcinj.com\/blog\/2010\/12\/02\/saka-nos-valdanos-2\/#primaryimage\",\"url\":\"https:\/\/www.visit-ulcinj.com\/blog\/wp-content\/uploads\/2010\/12\/Dritan-Abazovic.jpg\",\"contentUrl\":\"https:\/\/www.visit-ulcinj.com\/blog\/wp-content\/uploads\/2010\/12\/Dritan-Abazovic.jpg\",\"width\":\"604\",\"height\":\"453\"},{\"@type\":\"WebPage\",\"@id\":\"https:\/\/www.visit-ulcinj.com\/blog\/2010\/12\/02\/saka-nos-valdanos-2\/#webpage\",\"url\":\"https:\/\/www.visit-ulcinj.com\/blog\/2010\/12\/02\/saka-nos-valdanos-2\/\",\"name\":\"\u0160aka, nos - Valdanos (2) - Lajme nga Ulqini\",\"isPartOf\":{\"@id\":\"https:\/\/www.visit-ulcinj.com\/blog\/#website\"},\"primaryImageOfPage\":{\"@id\":\"https:\/\/www.visit-ulcinj.com\/blog\/2010\/12\/02\/saka-nos-valdanos-2\/#primaryimage\"},\"datePublished\":\"2010-12-02T17:39:24+00:00\",\"dateModified\":\"2010-12-02T17:39:24+00:00\",\"author\":{\"@id\":\"https:\/\/www.visit-ulcinj.com\/blog\/#\/schema\/person\/dcab619c614d3038751c63bc2aadc06d\"},\"description\":\"Ni\u0161ta nije slu\u010dajno Pi\u0161e: mr Dritan Abazovi\u0107 E to vam je Crna Gora! Tesktove komotno mo\u017eete ponavljati vi\u0161e puta, na njih vrijeme ne uti\u010de, mo\u017eete sve\",\"breadcrumb\":{\"@id\":\"https:\/\/www.visit-ulcinj.com\/blog\/2010\/12\/02\/saka-nos-valdanos-2\/#breadcrumb\"},\"inLanguage\":\"en-US\",\"potentialAction\":[{\"@type\":\"ReadAction\",\"target\":[\"https:\/\/www.visit-ulcinj.com\/blog\/2010\/12\/02\/saka-nos-valdanos-2\/\"]}]},{\"@type\":\"BreadcrumbList\",\"@id\":\"https:\/\/www.visit-ulcinj.com\/blog\/2010\/12\/02\/saka-nos-valdanos-2\/#breadcrumb\",\"itemListElement\":[{\"@type\":\"ListItem\",\"position\":1,\"name\":\"\u0160aka, nos &#8211; Valdanos (2)\"}]},{\"@type\":\"Person\",\"@id\":\"https:\/\/www.visit-ulcinj.com\/blog\/#\/schema\/person\/dcab619c614d3038751c63bc2aadc06d\",\"name\":\"ulqini\",\"sameAs\":[\"http:\/\/www.visit-ulcinj.com\"],\"url\":\"https:\/\/www.visit-ulcinj.com\/blog\/author\/admin\/\"}]}<\/script>\n<!-- \/ Yoast SEO plugin. -->","yoast_head_json":{"title":"\u0160aka, nos - Valdanos (2) - Lajme nga Ulqini","description":"Ni\u0161ta nije slu\u010dajno Pi\u0161e: mr Dritan Abazovi\u0107 E to vam je Crna Gora! Tesktove komotno mo\u017eete ponavljati vi\u0161e puta, na njih vrijeme ne uti\u010de, mo\u017eete sve","robots":{"index":"index","follow":"follow","max-snippet":"max-snippet:-1","max-image-preview":"max-image-preview:large","max-video-preview":"max-video-preview:-1"},"canonical":"https:\/\/www.visit-ulcinj.com\/blog\/2010\/12\/02\/saka-nos-valdanos-2\/","og_locale":"en_US","og_type":"article","og_title":"\u0160aka, nos - Valdanos (2) - Lajme nga Ulqini","og_description":"Ni\u0161ta nije slu\u010dajno Pi\u0161e: mr Dritan Abazovi\u0107 E to vam je Crna Gora! Tesktove komotno mo\u017eete ponavljati vi\u0161e puta, na njih vrijeme ne uti\u010de, mo\u017eete sve","og_url":"https:\/\/www.visit-ulcinj.com\/blog\/2010\/12\/02\/saka-nos-valdanos-2\/","og_site_name":"Lajme nga Ulqini","article_published_time":"2010-12-02T17:39:24+00:00","og_image":[{"url":"https:\/\/www.visit-ulcinj.com\/blog\/wp-content\/uploads\/2010\/12\/Dritan-Abazovic-150x150.jpg"}],"twitter_misc":{"Written by":"ulqini","Est. reading time":"4 minutes"},"schema":{"@context":"https:\/\/schema.org","@graph":[{"@type":"WebSite","@id":"https:\/\/www.visit-ulcinj.com\/blog\/#website","url":"https:\/\/www.visit-ulcinj.com\/blog\/","name":"Lajme nga Ulqini","description":"Lajme,Vijesti,Ulqini,Ulqin,Crna Gora,Mali i Zi","potentialAction":[{"@type":"SearchAction","target":{"@type":"EntryPoint","urlTemplate":"https:\/\/www.visit-ulcinj.com\/blog\/?s={search_term_string}"},"query-input":"required name=search_term_string"}],"inLanguage":"en-US"},{"@type":"ImageObject","inLanguage":"en-US","@id":"https:\/\/www.visit-ulcinj.com\/blog\/2010\/12\/02\/saka-nos-valdanos-2\/#primaryimage","url":"https:\/\/www.visit-ulcinj.com\/blog\/wp-content\/uploads\/2010\/12\/Dritan-Abazovic.jpg","contentUrl":"https:\/\/www.visit-ulcinj.com\/blog\/wp-content\/uploads\/2010\/12\/Dritan-Abazovic.jpg","width":"604","height":"453"},{"@type":"WebPage","@id":"https:\/\/www.visit-ulcinj.com\/blog\/2010\/12\/02\/saka-nos-valdanos-2\/#webpage","url":"https:\/\/www.visit-ulcinj.com\/blog\/2010\/12\/02\/saka-nos-valdanos-2\/","name":"\u0160aka, nos - Valdanos (2) - Lajme nga Ulqini","isPartOf":{"@id":"https:\/\/www.visit-ulcinj.com\/blog\/#website"},"primaryImageOfPage":{"@id":"https:\/\/www.visit-ulcinj.com\/blog\/2010\/12\/02\/saka-nos-valdanos-2\/#primaryimage"},"datePublished":"2010-12-02T17:39:24+00:00","dateModified":"2010-12-02T17:39:24+00:00","author":{"@id":"https:\/\/www.visit-ulcinj.com\/blog\/#\/schema\/person\/dcab619c614d3038751c63bc2aadc06d"},"description":"Ni\u0161ta nije slu\u010dajno Pi\u0161e: mr Dritan Abazovi\u0107 E to vam je Crna Gora! Tesktove komotno mo\u017eete ponavljati vi\u0161e puta, na njih vrijeme ne uti\u010de, mo\u017eete sve","breadcrumb":{"@id":"https:\/\/www.visit-ulcinj.com\/blog\/2010\/12\/02\/saka-nos-valdanos-2\/#breadcrumb"},"inLanguage":"en-US","potentialAction":[{"@type":"ReadAction","target":["https:\/\/www.visit-ulcinj.com\/blog\/2010\/12\/02\/saka-nos-valdanos-2\/"]}]},{"@type":"BreadcrumbList","@id":"https:\/\/www.visit-ulcinj.com\/blog\/2010\/12\/02\/saka-nos-valdanos-2\/#breadcrumb","itemListElement":[{"@type":"ListItem","position":1,"name":"\u0160aka, nos &#8211; Valdanos (2)"}]},{"@type":"Person","@id":"https:\/\/www.visit-ulcinj.com\/blog\/#\/schema\/person\/dcab619c614d3038751c63bc2aadc06d","name":"ulqini","sameAs":["http:\/\/www.visit-ulcinj.com"],"url":"https:\/\/www.visit-ulcinj.com\/blog\/author\/admin\/"}]}},"jetpack_featured_media_url":"","jetpack_sharing_enabled":true,"jetpack_shortlink":"https:\/\/wp.me\/pe6lTn-awY","_links":{"self":[{"href":"https:\/\/www.visit-ulcinj.com\/blog\/wp-json\/wp\/v2\/posts\/40484"}],"collection":[{"href":"https:\/\/www.visit-ulcinj.com\/blog\/wp-json\/wp\/v2\/posts"}],"about":[{"href":"https:\/\/www.visit-ulcinj.com\/blog\/wp-json\/wp\/v2\/types\/post"}],"author":[{"embeddable":true,"href":"https:\/\/www.visit-ulcinj.com\/blog\/wp-json\/wp\/v2\/users\/1"}],"replies":[{"embeddable":true,"href":"https:\/\/www.visit-ulcinj.com\/blog\/wp-json\/wp\/v2\/comments?post=40484"}],"version-history":[{"count":0,"href":"https:\/\/www.visit-ulcinj.com\/blog\/wp-json\/wp\/v2\/posts\/40484\/revisions"}],"wp:attachment":[{"href":"https:\/\/www.visit-ulcinj.com\/blog\/wp-json\/wp\/v2\/media?parent=40484"}],"wp:term":[{"taxonomy":"category","embeddable":true,"href":"https:\/\/www.visit-ulcinj.com\/blog\/wp-json\/wp\/v2\/categories?post=40484"},{"taxonomy":"post_tag","embeddable":true,"href":"https:\/\/www.visit-ulcinj.com\/blog\/wp-json\/wp\/v2\/tags?post=40484"}],"curies":[{"name":"wp","href":"https:\/\/api.w.org\/{rel}","templated":true}]}}