{"id":40499,"date":"2010-12-03T17:23:13","date_gmt":"2010-12-03T16:23:13","guid":{"rendered":"http:\/\/www.visit-ulcinj.com\/blog\/?p=40499"},"modified":"2010-12-07T11:51:31","modified_gmt":"2010-12-07T10:51:31","slug":"perbytjet-ne-ane-te-malit-mijera-hektare-e-shtepi-nen-uje","status":"publish","type":"post","link":"https:\/\/www.visit-ulcinj.com\/blog\/2010\/12\/03\/perbytjet-ne-ane-te-malit-mijera-hektare-e-shtepi-nen-uje\/","title":{"rendered":"Permbytjet ne Ane te Malit: Mij\u00ebra hektar\u00eb e sht\u00ebpi n\u00ebn uj\u00eb &#8211; Video LIVE"},"content":{"rendered":"<p><strong><a href=\"http:\/\/www.visit-ulcinj.com\/blog\/wp-content\/uploads\/2010\/12\/PERBYTJET_-ANA-MALIT.1.jpg\"><img loading=\"lazy\" class=\"alignleft size-full wp-image-40500\" title=\"PERBYTJET_ ANA  MALIT.1\" src=\"http:\/\/www.visit-ulcinj.com\/blog\/wp-content\/uploads\/2010\/12\/PERBYTJET_-ANA-MALIT.1.jpg\" alt=\"\" width=\"490\" height=\"380\" \/><\/a>Ulqim 3.12.2010<\/strong><\/p>\n<p><strong>Ana Malit \u00a0po perjeton nje situate dramatike me permbytjet. Vershimi i lumit Buna vazhdon, ndonese me shum i vrullshem se ditet e kaluara.<\/strong><\/p>\n<p>Por deri kur ujerat e lumit Buna te terhiqen, pamja qe ofrohet nga qielli tregon situaten gati apokaliptike te permbytjeve.<\/p>\n<p>Me mijera hektare toke te permbytura ne Ane te Malit e qindra shtepi nen uje, shume prej te cilave tashme u duken vetem catite.<\/p>\n<p>Pamjet e marra nga lart nga fotografit,tregojne se edhe ne kushte te veshtira disa prej banoreve nuk kane braktisur shtepite duke sfiduar ujerat dhe temperaturat e ulta. Ne fshatet Bore ,Fraskanjel,Lis\u00ebn,Re\u00e7,dhe Shtoj,situata paraqitet edhe me dramatike me shtepi totalisht nen uje. Fshatet te lartpermendura jan kthyer ne fshate fantazem.<br \/>\nNga korespondetja e jon nga Ulqini <strong>Hatixhe Nelaj thot se\u00a0\u00bb<\/strong>Situate hidroologjike n\u00eb komun\u00ebn e Ulqinit ka dalur nga kontrolla,t\u00eb p\u00ebrmbytura jan\u00eb t\u00eb gjitha viset pran\u00eb bregut t\u00eb lumit Buna,banor\u00ebt e k\u00ebsaj zone nuk mbajn\u00eb mend p\u00ebrbytje t\u00eb tilla madje n\u00eb 3 dekadat e fundit nuk kishte p\u00ebrmbytje t\u00eb k\u00ebsaj p\u00ebrmase\u00a0\u00bb<\/p>\n<p>Evakuimi i bag\u00ebtive \u00ebsht\u00eb b\u00ebr\u00eb q\u00eb para dy dit\u00ebve n\u00eb zon\u00ebn e Boreve,nd\u00ebrkoh\u00eb q\u00eb sot pas ngritjes s\u00eb nivelit t\u00eb ujit q\u00eb n\u00eb disa vende arrin edhe n\u00eb 2 metra nga toka, \u00ebsht\u00eb duke u b\u00ebr\u00eb edhe evakuimi i pleq\u00ebve dhe f\u00ebmij\u00ebve. Nga t\u00eb dh\u00ebnat q\u00eb i kemi nga terreni situate sa vjen e v\u00ebshtirsohet,dhe niveli i ujit \u00e7do or\u00eb \u00ebsht\u00eb n\u00eb rritje.M\u00eb t\u00eb rrezikuarit jan\u00eb fshatrat pran\u00eb bregut t\u00eb lumit Buna, Bore ,Fraskanjel,Lis\u00ebn,Re\u00e7,dhe Shtoji.<br \/>\nNga t\u00eb dh\u00ebnat q\u00eb i kemi nga terreni situate sa vjen e v\u00ebshtirsohet,dhe niveli i ujit \u00e7do or\u00eb \u00ebsht\u00eb n\u00eb rritje.M\u00eb t\u00eb rrezikuarit jan\u00eb fshatrat pran\u00eb bregut t\u00eb lumit Buna,Fraskanjel,Lis\u00ebn,Re\u00e7,dhe Shtoji,ku i vetmi mjet p\u00ebr t\u00eb l\u00ebvizur \u00ebsht\u00eb varka..<\/p>\n<p><strong>Lajme nga Ulqini<br \/>\nAutor i fotografive Din Zeneli<\/strong><\/p>\n<p><strong> <\/strong><\/p>\n<p><strong> <\/strong><\/p>\n<p><strong>\n\t\t<style type=\"text\/css\">\n\t\t\t#gallery-1 {\n\t\t\t\tmargin: auto;\n\t\t\t}\n\t\t\t#gallery-1 .gallery-item {\n\t\t\t\tfloat: left;\n\t\t\t\tmargin-top: 10px;\n\t\t\t\ttext-align: center;\n\t\t\t\twidth: 33%;\n\t\t\t}\n\t\t\t#gallery-1 img {\n\t\t\t\tborder: 2px solid #cfcfcf;\n\t\t\t}\n\t\t\t#gallery-1 .gallery-caption {\n\t\t\t\tmargin-left: 0;\n\t\t\t}\n\t\t\t\/* see gallery_shortcode() in wp-includes\/media.php *\/\n\t\t<\/style>\n\t\t<div id='gallery-1' class='gallery galleryid-40499 gallery-columns-3 gallery-size-thumbnail'><dl class='gallery-item'>\n\t\t\t<dt class='gallery-icon landscape'>\n\t\t\t\t<a href='https:\/\/www.visit-ulcinj.com\/blog\/wp-content\/uploads\/2010\/12\/PERBYTJET_-ANA-MALIT.9.jpg'><img width=\"150\" height=\"150\" src=\"https:\/\/www.visit-ulcinj.com\/blog\/wp-content\/uploads\/2010\/12\/PERBYTJET_-ANA-MALIT.9-150x150.jpg\" class=\"attachment-thumbnail size-thumbnail\" alt=\"\" loading=\"lazy\" \/><\/a>\n\t\t\t<\/dt><\/dl><dl class='gallery-item'>\n\t\t\t<dt class='gallery-icon landscape'>\n\t\t\t\t<a href='https:\/\/www.visit-ulcinj.com\/blog\/wp-content\/uploads\/2010\/12\/PERBYTJET_-ANA-MALIT.19.jpg'><img width=\"150\" height=\"150\" src=\"https:\/\/www.visit-ulcinj.com\/blog\/wp-content\/uploads\/2010\/12\/PERBYTJET_-ANA-MALIT.19-150x150.jpg\" class=\"attachment-thumbnail size-thumbnail\" alt=\"\" loading=\"lazy\" \/><\/a>\n\t\t\t<\/dt><\/dl><dl class='gallery-item'>\n\t\t\t<dt class='gallery-icon landscape'>\n\t\t\t\t<a href='https:\/\/www.visit-ulcinj.com\/blog\/wp-content\/uploads\/2010\/12\/PERBYTJET_-ANA-MALIT.22.jpg'><img width=\"150\" height=\"150\" src=\"https:\/\/www.visit-ulcinj.com\/blog\/wp-content\/uploads\/2010\/12\/PERBYTJET_-ANA-MALIT.22-150x150.jpg\" class=\"attachment-thumbnail size-thumbnail\" alt=\"\" loading=\"lazy\" \/><\/a>\n\t\t\t<\/dt><\/dl><br style=\"clear: both\" \/><dl class='gallery-item'>\n\t\t\t<dt class='gallery-icon landscape'>\n\t\t\t\t<a href='https:\/\/www.visit-ulcinj.com\/blog\/wp-content\/uploads\/2010\/12\/PERBYTJET_-ANA-MALIT.17.jpg'><img width=\"150\" height=\"150\" src=\"https:\/\/www.visit-ulcinj.com\/blog\/wp-content\/uploads\/2010\/12\/PERBYTJET_-ANA-MALIT.17-150x150.jpg\" class=\"attachment-thumbnail size-thumbnail\" alt=\"\" loading=\"lazy\" \/><\/a>\n\t\t\t<\/dt><\/dl><dl class='gallery-item'>\n\t\t\t<dt class='gallery-icon landscape'>\n\t\t\t\t<a href='https:\/\/www.visit-ulcinj.com\/blog\/wp-content\/uploads\/2010\/12\/PERBYTJET_-ANA-MALIT.4.jpg'><img width=\"150\" height=\"150\" src=\"https:\/\/www.visit-ulcinj.com\/blog\/wp-content\/uploads\/2010\/12\/PERBYTJET_-ANA-MALIT.4-150x150.jpg\" class=\"attachment-thumbnail size-thumbnail\" alt=\"\" loading=\"lazy\" \/><\/a>\n\t\t\t<\/dt><\/dl><dl class='gallery-item'>\n\t\t\t<dt class='gallery-icon landscape'>\n\t\t\t\t<a href='https:\/\/www.visit-ulcinj.com\/blog\/wp-content\/uploads\/2010\/12\/PERBYTJET_-ANA-MALIT.6.jpg'><img width=\"150\" height=\"150\" src=\"https:\/\/www.visit-ulcinj.com\/blog\/wp-content\/uploads\/2010\/12\/PERBYTJET_-ANA-MALIT.6-150x150.jpg\" class=\"attachment-thumbnail size-thumbnail\" alt=\"\" loading=\"lazy\" \/><\/a>\n\t\t\t<\/dt><\/dl><br style=\"clear: both\" \/><dl class='gallery-item'>\n\t\t\t<dt class='gallery-icon landscape'>\n\t\t\t\t<a href='https:\/\/www.visit-ulcinj.com\/blog\/wp-content\/uploads\/2010\/12\/Dajc-Samrishe.jpg'><img width=\"150\" height=\"150\" src=\"https:\/\/www.visit-ulcinj.com\/blog\/wp-content\/uploads\/2010\/12\/Dajc-Samrishe-150x150.jpg\" class=\"attachment-thumbnail size-thumbnail\" alt=\"\" loading=\"lazy\" \/><\/a>\n\t\t\t<\/dt><\/dl><dl class='gallery-item'>\n\t\t\t<dt class='gallery-icon landscape'>\n\t\t\t\t<a href='https:\/\/www.visit-ulcinj.com\/blog\/wp-content\/uploads\/2010\/12\/PERBYTJET_-ANA-MALIT.12.jpg'><img width=\"150\" height=\"150\" src=\"https:\/\/www.visit-ulcinj.com\/blog\/wp-content\/uploads\/2010\/12\/PERBYTJET_-ANA-MALIT.12-150x150.jpg\" class=\"attachment-thumbnail size-thumbnail\" alt=\"\" loading=\"lazy\" \/><\/a>\n\t\t\t<\/dt><\/dl><dl class='gallery-item'>\n\t\t\t<dt class='gallery-icon landscape'>\n\t\t\t\t<a href='https:\/\/www.visit-ulcinj.com\/blog\/wp-content\/uploads\/2010\/12\/PERBYTJET_-ANA-MALIT.11.jpg'><img width=\"150\" height=\"150\" src=\"https:\/\/www.visit-ulcinj.com\/blog\/wp-content\/uploads\/2010\/12\/PERBYTJET_-ANA-MALIT.11-150x150.jpg\" class=\"attachment-thumbnail size-thumbnail\" alt=\"\" loading=\"lazy\" \/><\/a>\n\t\t\t<\/dt><\/dl><br style=\"clear: both\" \/><dl class='gallery-item'>\n\t\t\t<dt class='gallery-icon landscape'>\n\t\t\t\t<a href='https:\/\/www.visit-ulcinj.com\/blog\/wp-content\/uploads\/2010\/12\/PERBYTJET_-ANA-MALIT.23.jpg'><img width=\"150\" height=\"150\" src=\"https:\/\/www.visit-ulcinj.com\/blog\/wp-content\/uploads\/2010\/12\/PERBYTJET_-ANA-MALIT.23-150x150.jpg\" class=\"attachment-thumbnail size-thumbnail\" alt=\"\" loading=\"lazy\" \/><\/a>\n\t\t\t<\/dt><\/dl><dl class='gallery-item'>\n\t\t\t<dt class='gallery-icon landscape'>\n\t\t\t\t<a href='https:\/\/www.visit-ulcinj.com\/blog\/wp-content\/uploads\/2010\/12\/PERBYTJET_-ANA-MALIT.15.jpg'><img width=\"150\" height=\"150\" src=\"https:\/\/www.visit-ulcinj.com\/blog\/wp-content\/uploads\/2010\/12\/PERBYTJET_-ANA-MALIT.15-150x150.jpg\" class=\"attachment-thumbnail size-thumbnail\" alt=\"\" loading=\"lazy\" \/><\/a>\n\t\t\t<\/dt><\/dl><dl class='gallery-item'>\n\t\t\t<dt class='gallery-icon landscape'>\n\t\t\t\t<a href='https:\/\/www.visit-ulcinj.com\/blog\/wp-content\/uploads\/2010\/12\/PERBYTJET_-ANA-MALIT.2.jpg'><img width=\"150\" height=\"150\" src=\"https:\/\/www.visit-ulcinj.com\/blog\/wp-content\/uploads\/2010\/12\/PERBYTJET_-ANA-MALIT.2-150x150.jpg\" class=\"attachment-thumbnail size-thumbnail\" alt=\"\" loading=\"lazy\" \/><\/a>\n\t\t\t<\/dt><\/dl><br style=\"clear: both\" \/><dl class='gallery-item'>\n\t\t\t<dt class='gallery-icon landscape'>\n\t\t\t\t<a href='https:\/\/www.visit-ulcinj.com\/blog\/wp-content\/uploads\/2010\/12\/PERBYTJET_-ANA-MALIT.jpg'><img width=\"150\" height=\"150\" src=\"https:\/\/www.visit-ulcinj.com\/blog\/wp-content\/uploads\/2010\/12\/PERBYTJET_-ANA-MALIT-150x150.jpg\" class=\"attachment-thumbnail size-thumbnail\" alt=\"\" loading=\"lazy\" \/><\/a>\n\t\t\t<\/dt><\/dl><dl class='gallery-item'>\n\t\t\t<dt class='gallery-icon landscape'>\n\t\t\t\t<a href='https:\/\/www.visit-ulcinj.com\/blog\/wp-content\/uploads\/2010\/12\/PERBYTJET_-ANA-MALIT.18.jpg'><img width=\"150\" height=\"150\" src=\"https:\/\/www.visit-ulcinj.com\/blog\/wp-content\/uploads\/2010\/12\/PERBYTJET_-ANA-MALIT.18-150x150.jpg\" class=\"attachment-thumbnail size-thumbnail\" alt=\"\" loading=\"lazy\" \/><\/a>\n\t\t\t<\/dt><\/dl><dl class='gallery-item'>\n\t\t\t<dt class='gallery-icon landscape'>\n\t\t\t\t<a href='https:\/\/www.visit-ulcinj.com\/blog\/wp-content\/uploads\/2010\/12\/PERBYTJET_-ANA-MALIT.5.jpg'><img width=\"150\" height=\"150\" src=\"https:\/\/www.visit-ulcinj.com\/blog\/wp-content\/uploads\/2010\/12\/PERBYTJET_-ANA-MALIT.5-150x150.jpg\" class=\"attachment-thumbnail size-thumbnail\" alt=\"\" loading=\"lazy\" \/><\/a>\n\t\t\t<\/dt><\/dl><br style=\"clear: both\" \/><dl class='gallery-item'>\n\t\t\t<dt class='gallery-icon landscape'>\n\t\t\t\t<a href='https:\/\/www.visit-ulcinj.com\/blog\/wp-content\/uploads\/2010\/12\/PERBYTJET_-ANA-MALIT.21.jpg'><img width=\"150\" height=\"150\" src=\"https:\/\/www.visit-ulcinj.com\/blog\/wp-content\/uploads\/2010\/12\/PERBYTJET_-ANA-MALIT.21-150x150.jpg\" class=\"attachment-thumbnail size-thumbnail\" alt=\"\" loading=\"lazy\" \/><\/a>\n\t\t\t<\/dt><\/dl><dl class='gallery-item'>\n\t\t\t<dt class='gallery-icon landscape'>\n\t\t\t\t<a href='https:\/\/www.visit-ulcinj.com\/blog\/wp-content\/uploads\/2010\/12\/PERBYTJET_-ANA-MALIT.14.jpg'><img width=\"150\" height=\"150\" src=\"https:\/\/www.visit-ulcinj.com\/blog\/wp-content\/uploads\/2010\/12\/PERBYTJET_-ANA-MALIT.14-150x150.jpg\" class=\"attachment-thumbnail size-thumbnail\" alt=\"\" loading=\"lazy\" \/><\/a>\n\t\t\t<\/dt><\/dl><dl class='gallery-item'>\n\t\t\t<dt class='gallery-icon landscape'>\n\t\t\t\t<a href='https:\/\/www.visit-ulcinj.com\/blog\/wp-content\/uploads\/2010\/12\/PERBYTJET_-ANA-MALIT.1.jpg'><img width=\"150\" height=\"150\" src=\"https:\/\/www.visit-ulcinj.com\/blog\/wp-content\/uploads\/2010\/12\/PERBYTJET_-ANA-MALIT.1-150x150.jpg\" class=\"attachment-thumbnail size-thumbnail\" alt=\"\" loading=\"lazy\" \/><\/a>\n\t\t\t<\/dt><\/dl><br style=\"clear: both\" \/><dl class='gallery-item'>\n\t\t\t<dt class='gallery-icon landscape'>\n\t\t\t\t<a href='https:\/\/www.visit-ulcinj.com\/blog\/wp-content\/uploads\/2010\/12\/PERBYTJET_-ANA-MALIT.13.jpg'><img width=\"150\" height=\"150\" src=\"https:\/\/www.visit-ulcinj.com\/blog\/wp-content\/uploads\/2010\/12\/PERBYTJET_-ANA-MALIT.13-150x150.jpg\" class=\"attachment-thumbnail size-thumbnail\" alt=\"\" loading=\"lazy\" \/><\/a>\n\t\t\t<\/dt><\/dl><dl class='gallery-item'>\n\t\t\t<dt class='gallery-icon landscape'>\n\t\t\t\t<a href='https:\/\/www.visit-ulcinj.com\/blog\/wp-content\/uploads\/2010\/12\/PERBYTJET_-ANA-MALIT.8.jpg'><img width=\"150\" height=\"150\" src=\"https:\/\/www.visit-ulcinj.com\/blog\/wp-content\/uploads\/2010\/12\/PERBYTJET_-ANA-MALIT.8-150x150.jpg\" class=\"attachment-thumbnail size-thumbnail\" alt=\"\" loading=\"lazy\" \/><\/a>\n\t\t\t<\/dt><\/dl><dl class='gallery-item'>\n\t\t\t<dt class='gallery-icon landscape'>\n\t\t\t\t<a href='https:\/\/www.visit-ulcinj.com\/blog\/wp-content\/uploads\/2010\/12\/PERBYTJET_-LUMI-BUNA.2.jpg'><img width=\"150\" height=\"150\" src=\"https:\/\/www.visit-ulcinj.com\/blog\/wp-content\/uploads\/2010\/12\/PERBYTJET_-LUMI-BUNA.2-150x150.jpg\" class=\"attachment-thumbnail size-thumbnail\" alt=\"\" loading=\"lazy\" \/><\/a>\n\t\t\t<\/dt><\/dl><br style=\"clear: both\" \/><dl class='gallery-item'>\n\t\t\t<dt class='gallery-icon landscape'>\n\t\t\t\t<a href='https:\/\/www.visit-ulcinj.com\/blog\/wp-content\/uploads\/2010\/12\/PERBYTJET_-LUMI-BUNA.1.jpg'><img width=\"150\" height=\"150\" src=\"https:\/\/www.visit-ulcinj.com\/blog\/wp-content\/uploads\/2010\/12\/PERBYTJET_-LUMI-BUNA.1-150x150.jpg\" class=\"attachment-thumbnail size-thumbnail\" alt=\"\" loading=\"lazy\" \/><\/a>\n\t\t\t<\/dt><\/dl><dl class='gallery-item'>\n\t\t\t<dt class='gallery-icon landscape'>\n\t\t\t\t<a href='https:\/\/www.visit-ulcinj.com\/blog\/wp-content\/uploads\/2010\/12\/PERBYTJET_-ANA-MALIT.16.jpg'><img width=\"150\" height=\"150\" src=\"https:\/\/www.visit-ulcinj.com\/blog\/wp-content\/uploads\/2010\/12\/PERBYTJET_-ANA-MALIT.16-150x150.jpg\" class=\"attachment-thumbnail size-thumbnail\" alt=\"\" loading=\"lazy\" \/><\/a>\n\t\t\t<\/dt><\/dl><dl class='gallery-item'>\n\t\t\t<dt class='gallery-icon landscape'>\n\t\t\t\t<a href='https:\/\/www.visit-ulcinj.com\/blog\/wp-content\/uploads\/2010\/12\/PERBYTJET_-ANA-MALIT.10.jpg'><img width=\"150\" height=\"150\" src=\"https:\/\/www.visit-ulcinj.com\/blog\/wp-content\/uploads\/2010\/12\/PERBYTJET_-ANA-MALIT.10-150x150.jpg\" class=\"attachment-thumbnail size-thumbnail\" alt=\"\" loading=\"lazy\" \/><\/a>\n\t\t\t<\/dt><\/dl><br style=\"clear: both\" \/><dl class='gallery-item'>\n\t\t\t<dt class='gallery-icon landscape'>\n\t\t\t\t<a href='https:\/\/www.visit-ulcinj.com\/blog\/wp-content\/uploads\/2010\/12\/PERBYTJET_-ANA-MALIT.3.jpg'><img width=\"150\" height=\"150\" src=\"https:\/\/www.visit-ulcinj.com\/blog\/wp-content\/uploads\/2010\/12\/PERBYTJET_-ANA-MALIT.3-150x150.jpg\" class=\"attachment-thumbnail size-thumbnail\" alt=\"\" loading=\"lazy\" \/><\/a>\n\t\t\t<\/dt><\/dl><dl class='gallery-item'>\n\t\t\t<dt class='gallery-icon landscape'>\n\t\t\t\t<a href='https:\/\/www.visit-ulcinj.com\/blog\/wp-content\/uploads\/2010\/12\/PERBYTJET_-ANA-MALIT.24.jpg'><img width=\"150\" height=\"150\" src=\"https:\/\/www.visit-ulcinj.com\/blog\/wp-content\/uploads\/2010\/12\/PERBYTJET_-ANA-MALIT.24-150x150.jpg\" class=\"attachment-thumbnail size-thumbnail\" alt=\"\" loading=\"lazy\" \/><\/a>\n\t\t\t<\/dt><\/dl><dl class='gallery-item'>\n\t\t\t<dt class='gallery-icon landscape'>\n\t\t\t\t<a href='https:\/\/www.visit-ulcinj.com\/blog\/wp-content\/uploads\/2010\/12\/PERBYTJET_-ANA-MALIT.7.jpg'><img width=\"150\" height=\"150\" src=\"https:\/\/www.visit-ulcinj.com\/blog\/wp-content\/uploads\/2010\/12\/PERBYTJET_-ANA-MALIT.7-150x150.jpg\" class=\"attachment-thumbnail size-thumbnail\" alt=\"\" loading=\"lazy\" \/><\/a>\n\t\t\t<\/dt><\/dl><br style=\"clear: both\" \/>\n\t\t<\/div>\n<\/p>\n<p><\/strong><\/p>\n<p><strong> <\/strong><\/p>\n<p><strong> <\/strong><\/p>\n<p><strong> <\/strong><\/p>\n<p><strong> <\/strong><\/p>\n<p><strong> <\/strong><!--YouTube Error: bad URL entered--><br \/>\n<strong>TV KLAN LIVE<br \/>\n[flv width=&#8221;490&#8243; height=&#8221;380&#8243;]http:\/\/www.tvklan.tv\/klanlajme\/klanlajme.flv[\/flv]<br \/>\n<\/strong><\/p>\n","protected":false},"excerpt":{"rendered":"<p>Ulqim 3.12.2010 Ana Malit \u00a0po perjeton nje situate dramatike me permbytjet. Vershimi i lumit Buna vazhdon, ndonese me shum i vrullshem se ditet e kaluara. Por deri kur ujerat e lumit Buna te terhiqen, pamja qe ofrohet nga qielli tregon situaten gati apokaliptike te permbytjeve. Me mijera hektare toke te permbytura ne Ane te Malit [&hellip;]<\/p>\n","protected":false},"author":1,"featured_media":0,"comment_status":"open","ping_status":"closed","sticky":false,"template":"","format":"standard","meta":{"spay_email":"","jetpack_publicize_message":"","jetpack_is_tweetstorm":false,"jetpack_publicize_feature_enabled":true},"categories":[1],"tags":[14351,3505,212,14352,14349,14353,3510,3502,14354,12340,14355,509,16216,16481,14356,3516,14357,3511,16477,3504,14358,3220,16214,14359,3506,3499,14360,14361,3509,16210,16211,14362,14363,3507,14655,3717,3500,1762,4625,3228,14364,4855,13230,3512,16212,11648,95,14365,3227,14366,3513,14348,16478,16479,4642,3514,16476,14367,13203,3501,14368,14369,14370,10472,2083,3231,14371,3617,16202,3508,14372,3503,14373,14374,3515,5589,16215,3498,2800,15160,14375,16480,200,18,16213,14376],"jetpack_publicize_connections":[],"yoast_head":"<!-- This site is optimized with the Yoast SEO plugin v19.1 - https:\/\/yoast.com\/wordpress\/plugins\/seo\/ -->\n<title>Permbytjet ne Ane te Malit: Mij\u00ebra hektar\u00eb e sht\u00ebpi n\u00ebn uj\u00eb - Video LIVE - Lajme nga Ulqini<\/title>\n<meta name=\"description\" content=\"Ulqim 3.12.2010 Ana Malit \u00a0po perjeton nje situate dramatike me permbytjet. Vershimi i lumit Buna vazhdon, ndonese me shum i vrullshem se ditet e kaluara.\" \/>\n<meta name=\"robots\" content=\"index, follow, max-snippet:-1, max-image-preview:large, max-video-preview:-1\" \/>\n<link rel=\"canonical\" href=\"https:\/\/www.visit-ulcinj.com\/blog\/2010\/12\/03\/perbytjet-ne-ane-te-malit-mijera-hektare-e-shtepi-nen-uje\/\" \/>\n<meta property=\"og:locale\" content=\"en_US\" \/>\n<meta property=\"og:type\" content=\"article\" \/>\n<meta property=\"og:title\" content=\"Permbytjet ne Ane te Malit: Mij\u00ebra hektar\u00eb e sht\u00ebpi n\u00ebn uj\u00eb - Video LIVE - Lajme nga Ulqini\" \/>\n<meta property=\"og:description\" content=\"Ulqim 3.12.2010 Ana Malit \u00a0po perjeton nje situate dramatike me permbytjet. Vershimi i lumit Buna vazhdon, ndonese me shum i vrullshem se ditet e kaluara.\" \/>\n<meta property=\"og:url\" content=\"https:\/\/www.visit-ulcinj.com\/blog\/2010\/12\/03\/perbytjet-ne-ane-te-malit-mijera-hektare-e-shtepi-nen-uje\/\" \/>\n<meta property=\"og:site_name\" content=\"Lajme nga Ulqini\" \/>\n<meta property=\"article:published_time\" content=\"2010-12-03T16:23:13+00:00\" \/>\n<meta property=\"article:modified_time\" content=\"2010-12-07T10:51:31+00:00\" \/>\n<meta property=\"og:image\" content=\"https:\/\/www.visit-ulcinj.com\/blog\/wp-content\/uploads\/2010\/12\/PERBYTJET_-ANA-MALIT.24-150x150.jpg\" \/>\n<meta name=\"twitter:label1\" content=\"Written by\" \/>\n\t<meta name=\"twitter:data1\" content=\"ulqini\" \/>\n\t<meta name=\"twitter:label2\" content=\"Est. reading time\" \/>\n\t<meta name=\"twitter:data2\" content=\"2 minutes\" \/>\n<script type=\"application\/ld+json\" class=\"yoast-schema-graph\">{\"@context\":\"https:\/\/schema.org\",\"@graph\":[{\"@type\":\"WebSite\",\"@id\":\"https:\/\/www.visit-ulcinj.com\/blog\/#website\",\"url\":\"https:\/\/www.visit-ulcinj.com\/blog\/\",\"name\":\"Lajme nga Ulqini\",\"description\":\"Lajme,Vijesti,Ulqini,Ulqin,Crna Gora,Mali i Zi\",\"potentialAction\":[{\"@type\":\"SearchAction\",\"target\":{\"@type\":\"EntryPoint\",\"urlTemplate\":\"https:\/\/www.visit-ulcinj.com\/blog\/?s={search_term_string}\"},\"query-input\":\"required name=search_term_string\"}],\"inLanguage\":\"en-US\"},{\"@type\":\"ImageObject\",\"inLanguage\":\"en-US\",\"@id\":\"https:\/\/www.visit-ulcinj.com\/blog\/2010\/12\/03\/perbytjet-ne-ane-te-malit-mijera-hektare-e-shtepi-nen-uje\/#primaryimage\",\"url\":\"https:\/\/www.visit-ulcinj.com\/blog\/wp-content\/uploads\/2010\/12\/PERBYTJET_-ANA-MALIT.1.jpg\",\"contentUrl\":\"https:\/\/www.visit-ulcinj.com\/blog\/wp-content\/uploads\/2010\/12\/PERBYTJET_-ANA-MALIT.1.jpg\",\"width\":\"720\",\"height\":\"540\"},{\"@type\":\"WebPage\",\"@id\":\"https:\/\/www.visit-ulcinj.com\/blog\/2010\/12\/03\/perbytjet-ne-ane-te-malit-mijera-hektare-e-shtepi-nen-uje\/#webpage\",\"url\":\"https:\/\/www.visit-ulcinj.com\/blog\/2010\/12\/03\/perbytjet-ne-ane-te-malit-mijera-hektare-e-shtepi-nen-uje\/\",\"name\":\"Permbytjet ne Ane te Malit: Mij\u00ebra hektar\u00eb e sht\u00ebpi n\u00ebn uj\u00eb - Video LIVE - Lajme nga Ulqini\",\"isPartOf\":{\"@id\":\"https:\/\/www.visit-ulcinj.com\/blog\/#website\"},\"primaryImageOfPage\":{\"@id\":\"https:\/\/www.visit-ulcinj.com\/blog\/2010\/12\/03\/perbytjet-ne-ane-te-malit-mijera-hektare-e-shtepi-nen-uje\/#primaryimage\"},\"datePublished\":\"2010-12-03T16:23:13+00:00\",\"dateModified\":\"2010-12-07T10:51:31+00:00\",\"author\":{\"@id\":\"https:\/\/www.visit-ulcinj.com\/blog\/#\/schema\/person\/dcab619c614d3038751c63bc2aadc06d\"},\"description\":\"Ulqim 3.12.2010 Ana Malit \u00a0po perjeton nje situate dramatike me permbytjet. Vershimi i lumit Buna vazhdon, ndonese me shum i vrullshem se ditet e kaluara.\",\"breadcrumb\":{\"@id\":\"https:\/\/www.visit-ulcinj.com\/blog\/2010\/12\/03\/perbytjet-ne-ane-te-malit-mijera-hektare-e-shtepi-nen-uje\/#breadcrumb\"},\"inLanguage\":\"en-US\",\"potentialAction\":[{\"@type\":\"ReadAction\",\"target\":[\"https:\/\/www.visit-ulcinj.com\/blog\/2010\/12\/03\/perbytjet-ne-ane-te-malit-mijera-hektare-e-shtepi-nen-uje\/\"]}]},{\"@type\":\"BreadcrumbList\",\"@id\":\"https:\/\/www.visit-ulcinj.com\/blog\/2010\/12\/03\/perbytjet-ne-ane-te-malit-mijera-hektare-e-shtepi-nen-uje\/#breadcrumb\",\"itemListElement\":[{\"@type\":\"ListItem\",\"position\":1,\"name\":\"Permbytjet ne Ane te Malit: Mij\u00ebra hektar\u00eb e sht\u00ebpi n\u00ebn uj\u00eb &#8211; Video LIVE\"}]},{\"@type\":\"Person\",\"@id\":\"https:\/\/www.visit-ulcinj.com\/blog\/#\/schema\/person\/dcab619c614d3038751c63bc2aadc06d\",\"name\":\"ulqini\",\"sameAs\":[\"http:\/\/www.visit-ulcinj.com\"],\"url\":\"https:\/\/www.visit-ulcinj.com\/blog\/author\/admin\/\"}]}<\/script>\n<!-- \/ Yoast SEO plugin. -->","yoast_head_json":{"title":"Permbytjet ne Ane te Malit: Mij\u00ebra hektar\u00eb e sht\u00ebpi n\u00ebn uj\u00eb - Video LIVE - Lajme nga Ulqini","description":"Ulqim 3.12.2010 Ana Malit \u00a0po perjeton nje situate dramatike me permbytjet. Vershimi i lumit Buna vazhdon, ndonese me shum i vrullshem se ditet e kaluara.","robots":{"index":"index","follow":"follow","max-snippet":"max-snippet:-1","max-image-preview":"max-image-preview:large","max-video-preview":"max-video-preview:-1"},"canonical":"https:\/\/www.visit-ulcinj.com\/blog\/2010\/12\/03\/perbytjet-ne-ane-te-malit-mijera-hektare-e-shtepi-nen-uje\/","og_locale":"en_US","og_type":"article","og_title":"Permbytjet ne Ane te Malit: Mij\u00ebra hektar\u00eb e sht\u00ebpi n\u00ebn uj\u00eb - Video LIVE - Lajme nga Ulqini","og_description":"Ulqim 3.12.2010 Ana Malit \u00a0po perjeton nje situate dramatike me permbytjet. Vershimi i lumit Buna vazhdon, ndonese me shum i vrullshem se ditet e kaluara.","og_url":"https:\/\/www.visit-ulcinj.com\/blog\/2010\/12\/03\/perbytjet-ne-ane-te-malit-mijera-hektare-e-shtepi-nen-uje\/","og_site_name":"Lajme nga Ulqini","article_published_time":"2010-12-03T16:23:13+00:00","article_modified_time":"2010-12-07T10:51:31+00:00","og_image":[{"url":"https:\/\/www.visit-ulcinj.com\/blog\/wp-content\/uploads\/2010\/12\/PERBYTJET_-ANA-MALIT.24-150x150.jpg"}],"twitter_misc":{"Written by":"ulqini","Est. reading time":"2 minutes"},"schema":{"@context":"https:\/\/schema.org","@graph":[{"@type":"WebSite","@id":"https:\/\/www.visit-ulcinj.com\/blog\/#website","url":"https:\/\/www.visit-ulcinj.com\/blog\/","name":"Lajme nga Ulqini","description":"Lajme,Vijesti,Ulqini,Ulqin,Crna Gora,Mali i Zi","potentialAction":[{"@type":"SearchAction","target":{"@type":"EntryPoint","urlTemplate":"https:\/\/www.visit-ulcinj.com\/blog\/?s={search_term_string}"},"query-input":"required name=search_term_string"}],"inLanguage":"en-US"},{"@type":"ImageObject","inLanguage":"en-US","@id":"https:\/\/www.visit-ulcinj.com\/blog\/2010\/12\/03\/perbytjet-ne-ane-te-malit-mijera-hektare-e-shtepi-nen-uje\/#primaryimage","url":"https:\/\/www.visit-ulcinj.com\/blog\/wp-content\/uploads\/2010\/12\/PERBYTJET_-ANA-MALIT.1.jpg","contentUrl":"https:\/\/www.visit-ulcinj.com\/blog\/wp-content\/uploads\/2010\/12\/PERBYTJET_-ANA-MALIT.1.jpg","width":"720","height":"540"},{"@type":"WebPage","@id":"https:\/\/www.visit-ulcinj.com\/blog\/2010\/12\/03\/perbytjet-ne-ane-te-malit-mijera-hektare-e-shtepi-nen-uje\/#webpage","url":"https:\/\/www.visit-ulcinj.com\/blog\/2010\/12\/03\/perbytjet-ne-ane-te-malit-mijera-hektare-e-shtepi-nen-uje\/","name":"Permbytjet ne Ane te Malit: Mij\u00ebra hektar\u00eb e sht\u00ebpi n\u00ebn uj\u00eb - Video LIVE - Lajme nga Ulqini","isPartOf":{"@id":"https:\/\/www.visit-ulcinj.com\/blog\/#website"},"primaryImageOfPage":{"@id":"https:\/\/www.visit-ulcinj.com\/blog\/2010\/12\/03\/perbytjet-ne-ane-te-malit-mijera-hektare-e-shtepi-nen-uje\/#primaryimage"},"datePublished":"2010-12-03T16:23:13+00:00","dateModified":"2010-12-07T10:51:31+00:00","author":{"@id":"https:\/\/www.visit-ulcinj.com\/blog\/#\/schema\/person\/dcab619c614d3038751c63bc2aadc06d"},"description":"Ulqim 3.12.2010 Ana Malit \u00a0po perjeton nje situate dramatike me permbytjet. Vershimi i lumit Buna vazhdon, ndonese me shum i vrullshem se ditet e kaluara.","breadcrumb":{"@id":"https:\/\/www.visit-ulcinj.com\/blog\/2010\/12\/03\/perbytjet-ne-ane-te-malit-mijera-hektare-e-shtepi-nen-uje\/#breadcrumb"},"inLanguage":"en-US","potentialAction":[{"@type":"ReadAction","target":["https:\/\/www.visit-ulcinj.com\/blog\/2010\/12\/03\/perbytjet-ne-ane-te-malit-mijera-hektare-e-shtepi-nen-uje\/"]}]},{"@type":"BreadcrumbList","@id":"https:\/\/www.visit-ulcinj.com\/blog\/2010\/12\/03\/perbytjet-ne-ane-te-malit-mijera-hektare-e-shtepi-nen-uje\/#breadcrumb","itemListElement":[{"@type":"ListItem","position":1,"name":"Permbytjet ne Ane te Malit: Mij\u00ebra hektar\u00eb e sht\u00ebpi n\u00ebn uj\u00eb &#8211; Video LIVE"}]},{"@type":"Person","@id":"https:\/\/www.visit-ulcinj.com\/blog\/#\/schema\/person\/dcab619c614d3038751c63bc2aadc06d","name":"ulqini","sameAs":["http:\/\/www.visit-ulcinj.com"],"url":"https:\/\/www.visit-ulcinj.com\/blog\/author\/admin\/"}]}},"jetpack_featured_media_url":"","jetpack_sharing_enabled":true,"jetpack_shortlink":"https:\/\/wp.me\/pe6lTn-axd","_links":{"self":[{"href":"https:\/\/www.visit-ulcinj.com\/blog\/wp-json\/wp\/v2\/posts\/40499"}],"collection":[{"href":"https:\/\/www.visit-ulcinj.com\/blog\/wp-json\/wp\/v2\/posts"}],"about":[{"href":"https:\/\/www.visit-ulcinj.com\/blog\/wp-json\/wp\/v2\/types\/post"}],"author":[{"embeddable":true,"href":"https:\/\/www.visit-ulcinj.com\/blog\/wp-json\/wp\/v2\/users\/1"}],"replies":[{"embeddable":true,"href":"https:\/\/www.visit-ulcinj.com\/blog\/wp-json\/wp\/v2\/comments?post=40499"}],"version-history":[{"count":0,"href":"https:\/\/www.visit-ulcinj.com\/blog\/wp-json\/wp\/v2\/posts\/40499\/revisions"}],"wp:attachment":[{"href":"https:\/\/www.visit-ulcinj.com\/blog\/wp-json\/wp\/v2\/media?parent=40499"}],"wp:term":[{"taxonomy":"category","embeddable":true,"href":"https:\/\/www.visit-ulcinj.com\/blog\/wp-json\/wp\/v2\/categories?post=40499"},{"taxonomy":"post_tag","embeddable":true,"href":"https:\/\/www.visit-ulcinj.com\/blog\/wp-json\/wp\/v2\/tags?post=40499"}],"curies":[{"name":"wp","href":"https:\/\/api.w.org\/{rel}","templated":true}]}}