{"id":40534,"date":"2010-12-03T18:23:31","date_gmt":"2010-12-03T17:23:31","guid":{"rendered":"http:\/\/www.visit-ulcinj.com\/blog\/?p=40534"},"modified":"2010-12-03T18:23:31","modified_gmt":"2010-12-03T17:23:31","slug":"ada-bojana-rusicemo-redom-od-16-decembra","status":"publish","type":"post","link":"https:\/\/www.visit-ulcinj.com\/blog\/2010\/12\/03\/ada-bojana-rusicemo-redom-od-16-decembra\/","title":{"rendered":"Ada Bojana: Ru\u0161i\u0107emo redom od 16. decembra"},"content":{"rendered":"<p><strong><img loading=\"lazy\" class=\"alignleft\" title=\"RUSENJE U ADI BOJANI\" src=\"http:\/\/www.visit-ulcinj.com\/blog\/wp-content\/uploads\/2010\/09\/Sruseno-osam-nelegalnih-objekata-_ada-bojana.3.jpg\" alt=\"\" width=\"490\" height=\"353\" \/>Dr\u017eava upozorila da se bli\u017ei rok za legalizaciju ku\u0107a na adi<\/strong><\/p>\n<p>Ulcinj &#8211; Ministarstvo ure\u0111enja prostora i za\u0161tite \u017eivotne sredine i \u201cMorsko dobro\u201d obavijestili su ju\u010de vlasnike ku\u0107ica na Adi Bojani da je 15. decembar posljednji rok za zaklju\u010denje ugovora o naknadi za kori\u0161\u0107enje dr\u017eavnog zemlji\u0161ta.<br \/>\n\u201cUklanjanje objekata, \u010diji vlasnici nijesu izrazili \u017eelju da zaklju\u010de ugovor sa \u201cMorskim dobrom\u201d, po\u010de\u0107e ve\u0107 narednog dana, odnosno 16. decembra\u201d, poru\u010dili su iz Ministarstva i \u201cMorskog dobra\u201d.<\/p>\n<p>U saop\u0161tenju pi\u0161e da \u0107e objekti biti uklanjani prema sa\u010dinjenom planu, \u201cu kome su jasno definisani rokovi, nosioci aktivnosti, kao i subjekti koji \u0107e pru\u017eiti podr\u0161ku u realizaciji plana\u201d.<br \/>\n\u201cU prvoj fazi bi\u0107e uklonjena 22 objekta \u010diji vlasnici nijesu ni podnijeli zahtjeve. U drugoj fazi, bi\u0107e uklonjeni objekti \u010diji su vlasnici podnijeli zahtjeve, ali nijesu zaklju\u010dili ugovor sa \u201cMorskim dobrom\u201d. Njih je na, dana\u0161nji dan, 288, odnosno od 383 podnesena zahtjeva, 95 vlasnika je zaklju\u010dilo ugovor sa \u201cMorskim dobrom\u201d, pi\u0161e u saop\u0161tenju.<\/p>\n<p>Akcija uklanjanja, dodaje se, traja\u0107e sve dok i posljednji objekat, za koji nije zaklju\u010den ugovor, ne bude uklonjen.<br \/>\n\u201cPodvla\u010dimo da \u0107e od 15. decembra, u sklopu aktivnosti na uklanjanju tih objekata, protiv svih vlasnika koji nemaju zaklju\u010den ugovor, biti podnijete krivi\u010dne prijave za nezakonitu gradnju i uzurpaciju dr\u017eavnog zemlji\u0161ta. Objekti, \u010diji vlasnici zaklju\u010de ugovor, bi\u0107e uvr\u0161teni u plan i program privremenih objekata za 2011. i 2012. godinu\u201d, zaklju\u010duje se u saop\u0161tenju.<\/p>\n<p><strong>S.A<\/strong><strong><br \/>\n<a href=\"http:\/\/www.vijesti.me\/\" target=\"_blank\">Vijesti<br \/>\n<\/a><!--YouTube Error: bad URL entered--><a href=\"http:\/\/www.vijesti.me\/\" target=\"_blank\"><\/a><\/strong><\/p>\n<p><strong><br \/>\n<\/strong><\/p>\n","protected":false},"excerpt":{"rendered":"<p>Dr\u017eava upozorila da se bli\u017ei rok za legalizaciju ku\u0107a na adi Ulcinj &#8211; Ministarstvo ure\u0111enja prostora i za\u0161tite \u017eivotne sredine i \u201cMorsko dobro\u201d obavijestili su ju\u010de vlasnike ku\u0107ica na Adi Bojani da je 15. decembar posljednji rok za zaklju\u010denje ugovora o naknadi za kori\u0161\u0107enje dr\u017eavnog zemlji\u0161ta. \u201cUklanjanje objekata, \u010diji vlasnici nijesu izrazili \u017eelju da zaklju\u010de [&hellip;]<\/p>\n","protected":false},"author":1,"featured_media":0,"comment_status":"open","ping_status":"closed","sticky":false,"template":"","format":"standard","meta":{"spay_email":"","jetpack_publicize_message":"","jetpack_is_tweetstorm":false,"jetpack_publicize_feature_enabled":true},"categories":[8337],"tags":[138,20,19],"jetpack_publicize_connections":[],"yoast_head":"<!-- This site is optimized with the Yoast SEO plugin v19.1 - https:\/\/yoast.com\/wordpress\/plugins\/seo\/ -->\n<title>Ada Bojana: Ru\u0161i\u0107emo redom od 16. decembra - Lajme nga Ulqini<\/title>\n<meta name=\"description\" content=\"Dr\u017eava upozorila da se bli\u017ei rok za legalizaciju ku\u0107a na adi Ulcinj - Ministarstvo ure\u0111enja prostora i za\u0161tite \u017eivotne sredine i \u201cMorsko dobro\u201d\" \/>\n<meta name=\"robots\" content=\"index, follow, max-snippet:-1, max-image-preview:large, max-video-preview:-1\" \/>\n<link rel=\"canonical\" href=\"https:\/\/www.visit-ulcinj.com\/blog\/2010\/12\/03\/ada-bojana-rusicemo-redom-od-16-decembra\/\" \/>\n<meta property=\"og:locale\" content=\"en_US\" \/>\n<meta property=\"og:type\" content=\"article\" \/>\n<meta property=\"og:title\" content=\"Ada Bojana: Ru\u0161i\u0107emo redom od 16. decembra - Lajme nga Ulqini\" \/>\n<meta property=\"og:description\" content=\"Dr\u017eava upozorila da se bli\u017ei rok za legalizaciju ku\u0107a na adi Ulcinj - Ministarstvo ure\u0111enja prostora i za\u0161tite \u017eivotne sredine i \u201cMorsko dobro\u201d\" \/>\n<meta property=\"og:url\" content=\"https:\/\/www.visit-ulcinj.com\/blog\/2010\/12\/03\/ada-bojana-rusicemo-redom-od-16-decembra\/\" \/>\n<meta property=\"og:site_name\" content=\"Lajme nga Ulqini\" \/>\n<meta property=\"article:published_time\" content=\"2010-12-03T17:23:31+00:00\" \/>\n<meta property=\"og:image\" content=\"http:\/\/www.visit-ulcinj.com\/blog\/wp-content\/uploads\/2010\/09\/Sruseno-osam-nelegalnih-objekata-_ada-bojana.3.jpg\" \/>\n<meta name=\"twitter:label1\" content=\"Written by\" \/>\n\t<meta name=\"twitter:data1\" content=\"ulqini\" \/>\n\t<meta name=\"twitter:label2\" content=\"Est. reading time\" \/>\n\t<meta name=\"twitter:data2\" content=\"1 minute\" \/>\n<script type=\"application\/ld+json\" class=\"yoast-schema-graph\">{\"@context\":\"https:\/\/schema.org\",\"@graph\":[{\"@type\":\"WebSite\",\"@id\":\"https:\/\/www.visit-ulcinj.com\/blog\/#website\",\"url\":\"https:\/\/www.visit-ulcinj.com\/blog\/\",\"name\":\"Lajme nga Ulqini\",\"description\":\"Lajme,Vijesti,Ulqini,Ulqin,Crna Gora,Mali i Zi\",\"potentialAction\":[{\"@type\":\"SearchAction\",\"target\":{\"@type\":\"EntryPoint\",\"urlTemplate\":\"https:\/\/www.visit-ulcinj.com\/blog\/?s={search_term_string}\"},\"query-input\":\"required name=search_term_string\"}],\"inLanguage\":\"en-US\"},{\"@type\":\"ImageObject\",\"inLanguage\":\"en-US\",\"@id\":\"https:\/\/www.visit-ulcinj.com\/blog\/2010\/12\/03\/ada-bojana-rusicemo-redom-od-16-decembra\/#primaryimage\",\"url\":\"https:\/\/www.visit-ulcinj.com\/blog\/wp-content\/uploads\/2010\/09\/Sruseno-osam-nelegalnih-objekata-_ada-bojana.3.jpg\",\"contentUrl\":\"https:\/\/www.visit-ulcinj.com\/blog\/wp-content\/uploads\/2010\/09\/Sruseno-osam-nelegalnih-objekata-_ada-bojana.3.jpg\",\"width\":\"604\",\"height\":\"453\"},{\"@type\":\"WebPage\",\"@id\":\"https:\/\/www.visit-ulcinj.com\/blog\/2010\/12\/03\/ada-bojana-rusicemo-redom-od-16-decembra\/#webpage\",\"url\":\"https:\/\/www.visit-ulcinj.com\/blog\/2010\/12\/03\/ada-bojana-rusicemo-redom-od-16-decembra\/\",\"name\":\"Ada Bojana: Ru\u0161i\u0107emo redom od 16. decembra - Lajme nga Ulqini\",\"isPartOf\":{\"@id\":\"https:\/\/www.visit-ulcinj.com\/blog\/#website\"},\"primaryImageOfPage\":{\"@id\":\"https:\/\/www.visit-ulcinj.com\/blog\/2010\/12\/03\/ada-bojana-rusicemo-redom-od-16-decembra\/#primaryimage\"},\"datePublished\":\"2010-12-03T17:23:31+00:00\",\"dateModified\":\"2010-12-03T17:23:31+00:00\",\"author\":{\"@id\":\"https:\/\/www.visit-ulcinj.com\/blog\/#\/schema\/person\/dcab619c614d3038751c63bc2aadc06d\"},\"description\":\"Dr\u017eava upozorila da se bli\u017ei rok za legalizaciju ku\u0107a na adi Ulcinj - Ministarstvo ure\u0111enja prostora i za\u0161tite \u017eivotne sredine i \u201cMorsko dobro\u201d\",\"breadcrumb\":{\"@id\":\"https:\/\/www.visit-ulcinj.com\/blog\/2010\/12\/03\/ada-bojana-rusicemo-redom-od-16-decembra\/#breadcrumb\"},\"inLanguage\":\"en-US\",\"potentialAction\":[{\"@type\":\"ReadAction\",\"target\":[\"https:\/\/www.visit-ulcinj.com\/blog\/2010\/12\/03\/ada-bojana-rusicemo-redom-od-16-decembra\/\"]}]},{\"@type\":\"BreadcrumbList\",\"@id\":\"https:\/\/www.visit-ulcinj.com\/blog\/2010\/12\/03\/ada-bojana-rusicemo-redom-od-16-decembra\/#breadcrumb\",\"itemListElement\":[{\"@type\":\"ListItem\",\"position\":1,\"name\":\"Ada Bojana: Ru\u0161i\u0107emo redom od 16. decembra\"}]},{\"@type\":\"Person\",\"@id\":\"https:\/\/www.visit-ulcinj.com\/blog\/#\/schema\/person\/dcab619c614d3038751c63bc2aadc06d\",\"name\":\"ulqini\",\"sameAs\":[\"http:\/\/www.visit-ulcinj.com\"],\"url\":\"https:\/\/www.visit-ulcinj.com\/blog\/author\/admin\/\"}]}<\/script>\n<!-- \/ Yoast SEO plugin. -->","yoast_head_json":{"title":"Ada Bojana: Ru\u0161i\u0107emo redom od 16. decembra - Lajme nga Ulqini","description":"Dr\u017eava upozorila da se bli\u017ei rok za legalizaciju ku\u0107a na adi Ulcinj - Ministarstvo ure\u0111enja prostora i za\u0161tite \u017eivotne sredine i \u201cMorsko dobro\u201d","robots":{"index":"index","follow":"follow","max-snippet":"max-snippet:-1","max-image-preview":"max-image-preview:large","max-video-preview":"max-video-preview:-1"},"canonical":"https:\/\/www.visit-ulcinj.com\/blog\/2010\/12\/03\/ada-bojana-rusicemo-redom-od-16-decembra\/","og_locale":"en_US","og_type":"article","og_title":"Ada Bojana: Ru\u0161i\u0107emo redom od 16. decembra - Lajme nga Ulqini","og_description":"Dr\u017eava upozorila da se bli\u017ei rok za legalizaciju ku\u0107a na adi Ulcinj - Ministarstvo ure\u0111enja prostora i za\u0161tite \u017eivotne sredine i \u201cMorsko dobro\u201d","og_url":"https:\/\/www.visit-ulcinj.com\/blog\/2010\/12\/03\/ada-bojana-rusicemo-redom-od-16-decembra\/","og_site_name":"Lajme nga Ulqini","article_published_time":"2010-12-03T17:23:31+00:00","og_image":[{"url":"http:\/\/www.visit-ulcinj.com\/blog\/wp-content\/uploads\/2010\/09\/Sruseno-osam-nelegalnih-objekata-_ada-bojana.3.jpg"}],"twitter_misc":{"Written by":"ulqini","Est. reading time":"1 minute"},"schema":{"@context":"https:\/\/schema.org","@graph":[{"@type":"WebSite","@id":"https:\/\/www.visit-ulcinj.com\/blog\/#website","url":"https:\/\/www.visit-ulcinj.com\/blog\/","name":"Lajme nga Ulqini","description":"Lajme,Vijesti,Ulqini,Ulqin,Crna Gora,Mali i Zi","potentialAction":[{"@type":"SearchAction","target":{"@type":"EntryPoint","urlTemplate":"https:\/\/www.visit-ulcinj.com\/blog\/?s={search_term_string}"},"query-input":"required name=search_term_string"}],"inLanguage":"en-US"},{"@type":"ImageObject","inLanguage":"en-US","@id":"https:\/\/www.visit-ulcinj.com\/blog\/2010\/12\/03\/ada-bojana-rusicemo-redom-od-16-decembra\/#primaryimage","url":"https:\/\/www.visit-ulcinj.com\/blog\/wp-content\/uploads\/2010\/09\/Sruseno-osam-nelegalnih-objekata-_ada-bojana.3.jpg","contentUrl":"https:\/\/www.visit-ulcinj.com\/blog\/wp-content\/uploads\/2010\/09\/Sruseno-osam-nelegalnih-objekata-_ada-bojana.3.jpg","width":"604","height":"453"},{"@type":"WebPage","@id":"https:\/\/www.visit-ulcinj.com\/blog\/2010\/12\/03\/ada-bojana-rusicemo-redom-od-16-decembra\/#webpage","url":"https:\/\/www.visit-ulcinj.com\/blog\/2010\/12\/03\/ada-bojana-rusicemo-redom-od-16-decembra\/","name":"Ada Bojana: Ru\u0161i\u0107emo redom od 16. decembra - Lajme nga Ulqini","isPartOf":{"@id":"https:\/\/www.visit-ulcinj.com\/blog\/#website"},"primaryImageOfPage":{"@id":"https:\/\/www.visit-ulcinj.com\/blog\/2010\/12\/03\/ada-bojana-rusicemo-redom-od-16-decembra\/#primaryimage"},"datePublished":"2010-12-03T17:23:31+00:00","dateModified":"2010-12-03T17:23:31+00:00","author":{"@id":"https:\/\/www.visit-ulcinj.com\/blog\/#\/schema\/person\/dcab619c614d3038751c63bc2aadc06d"},"description":"Dr\u017eava upozorila da se bli\u017ei rok za legalizaciju ku\u0107a na adi Ulcinj - Ministarstvo ure\u0111enja prostora i za\u0161tite \u017eivotne sredine i \u201cMorsko dobro\u201d","breadcrumb":{"@id":"https:\/\/www.visit-ulcinj.com\/blog\/2010\/12\/03\/ada-bojana-rusicemo-redom-od-16-decembra\/#breadcrumb"},"inLanguage":"en-US","potentialAction":[{"@type":"ReadAction","target":["https:\/\/www.visit-ulcinj.com\/blog\/2010\/12\/03\/ada-bojana-rusicemo-redom-od-16-decembra\/"]}]},{"@type":"BreadcrumbList","@id":"https:\/\/www.visit-ulcinj.com\/blog\/2010\/12\/03\/ada-bojana-rusicemo-redom-od-16-decembra\/#breadcrumb","itemListElement":[{"@type":"ListItem","position":1,"name":"Ada Bojana: Ru\u0161i\u0107emo redom od 16. decembra"}]},{"@type":"Person","@id":"https:\/\/www.visit-ulcinj.com\/blog\/#\/schema\/person\/dcab619c614d3038751c63bc2aadc06d","name":"ulqini","sameAs":["http:\/\/www.visit-ulcinj.com"],"url":"https:\/\/www.visit-ulcinj.com\/blog\/author\/admin\/"}]}},"jetpack_featured_media_url":"","jetpack_sharing_enabled":true,"jetpack_shortlink":"https:\/\/wp.me\/pe6lTn-axM","_links":{"self":[{"href":"https:\/\/www.visit-ulcinj.com\/blog\/wp-json\/wp\/v2\/posts\/40534"}],"collection":[{"href":"https:\/\/www.visit-ulcinj.com\/blog\/wp-json\/wp\/v2\/posts"}],"about":[{"href":"https:\/\/www.visit-ulcinj.com\/blog\/wp-json\/wp\/v2\/types\/post"}],"author":[{"embeddable":true,"href":"https:\/\/www.visit-ulcinj.com\/blog\/wp-json\/wp\/v2\/users\/1"}],"replies":[{"embeddable":true,"href":"https:\/\/www.visit-ulcinj.com\/blog\/wp-json\/wp\/v2\/comments?post=40534"}],"version-history":[{"count":0,"href":"https:\/\/www.visit-ulcinj.com\/blog\/wp-json\/wp\/v2\/posts\/40534\/revisions"}],"wp:attachment":[{"href":"https:\/\/www.visit-ulcinj.com\/blog\/wp-json\/wp\/v2\/media?parent=40534"}],"wp:term":[{"taxonomy":"category","embeddable":true,"href":"https:\/\/www.visit-ulcinj.com\/blog\/wp-json\/wp\/v2\/categories?post=40534"},{"taxonomy":"post_tag","embeddable":true,"href":"https:\/\/www.visit-ulcinj.com\/blog\/wp-json\/wp\/v2\/tags?post=40534"}],"curies":[{"name":"wp","href":"https:\/\/api.w.org\/{rel}","templated":true}]}}