{"id":40537,"date":"2010-12-03T18:34:59","date_gmt":"2010-12-03T17:34:59","guid":{"rendered":"http:\/\/www.visit-ulcinj.com\/blog\/?p=40537"},"modified":"2010-12-03T18:34:59","modified_gmt":"2010-12-03T17:34:59","slug":"da-valdanos-ne-bude-zavala","status":"publish","type":"post","link":"https:\/\/www.visit-ulcinj.com\/blog\/2010\/12\/03\/da-valdanos-ne-bude-zavala\/","title":{"rendered":"Da Valdanos ne bude Zavala"},"content":{"rendered":"<p><strong><a href=\"http:\/\/www.visit-ulcinj.com\/blog\/wp-content\/uploads\/2010\/12\/Dzabir-Hodza_ulcinj.jpg\"><img loading=\"lazy\" class=\"alignleft size-full wp-image-40538\" title=\"Dzabir Hodza_ulcinj\" src=\"http:\/\/www.visit-ulcinj.com\/blog\/wp-content\/uploads\/2010\/12\/Dzabir-Hodza_ulcinj.jpg\" alt=\"\" width=\"490\" height=\"367\" srcset=\"https:\/\/www.visit-ulcinj.com\/blog\/wp-content\/uploads\/2010\/12\/Dzabir-Hodza_ulcinj.jpg 490w, https:\/\/www.visit-ulcinj.com\/blog\/wp-content\/uploads\/2010\/12\/Dzabir-Hodza_ulcinj-300x224.jpg 300w\" sizes=\"(max-width: 490px) 100vw, 490px\" \/><\/a>Grupa nvo i intelektualaca iz Ulcinja op\u0161tine protestuje zbog davanja u zakup popularne uvale, pozivaju i tu\u017eioca reaguje<\/strong><br \/>\nUlcinj &#8211; Grupa nevladinih organizacija i nezavisnih intelektualaca iz Ulcinja pozvala je predsjednika Savjeta za privatizaciju Vujicu Lazovi\u0107a da objelodani detalje ugovora o zakupu Valdanosa, a dr\u017eavnu tu\u017eiteljku Ranku \u010carapi\u0107 da po slu\u017ebenoj du\u017enosti reaguje i za\u0161titi imovinu i interese gra\u0111ana i dr\u017eave.<br \/>\n&#8211; Sva na\u0161a predvi\u0111anja da se radi o krajnje sumnjivom i \u0161tetnom poslu oko izdavanja u dugoro\u010dni zakup na 30, odnosno na 60 godina, uvale Valdanos pokaza\u0107e se, na\u017ealost, opravdanim &#8211; pi\u0161e u zajedni\u010dkom saop\u0161tenju civilnog sektora iz Ulcinja.<\/p>\n<p>Oni ocjenjuju da Vlada na ka\u0161i\u010dicu objavljuje djelove ugovora sa \u201cnerefererntnom firmom iz Velike Britanije\u201d.<br \/>\n&#8211; Zato smo mi, prema Zakonu o slobodnom pristupu informacijama, zatra\u017eili od Vlade da obznani, odmah i u potpunosti, Predlog ugovora o zakupu, kako bi se cijela crnogorska, posebno stru\u010dna javnost, mogla uvjeriti da se radi o dokumentu veoma \u0161tetnom po interese gra\u0111ana i dr\u017eavu Crnu Goru. To posebno o\u010dekujemo od Lazovi\u0107a, \u010dija stranka opravdano tra\u017ei da se javno objavljuju svi ugovori gradskih vlasti u Podgorici &#8211; navodi se u saop\u0161tenju.<\/p>\n<p>\u010carapi\u0107eva se poziva da reaguje \u201ejer Vlada planira da dr\u017eava Crna Gora, a to zna\u010di svi mi, preuzme obavezu da obe\u0161teti vlasnike maslina kada o tome odluku budu donijeli doma\u0107i i Evropski sud za ljudska prava\u201c.<\/p>\n<p>&#8211; Kako \u0107e, gotovo izvjesno, ti ra\u010duni biti visoki desetinama miliona eura, vjerujemo da je pravo vrijeme da reaguju nadle\u017eni organi i sprije\u010de \u201enovu Zavalu\u201c, sa jo\u0161 te\u017eim posljedicama. Za\u0161to da tu obavezu ne preuzme zakupac kada zna u \u0161to sve ulazi &#8211; pitaju se potpisnici saop\u0161tenja i dodaju \u201eda je nevjerovatno da Vlada poku\u0161ava da ubijedi da je dobro \u0161to \u0107e zakupac za tri i po miliona kvadratnih metara najljep\u0161e uvale na Jadranu pla\u0107ati godi\u0161nju zakupninu od 660 hiljada eura, kada se zna da tri puta vi\u0161e vlasnici maslina gube svake godine zato \u0161to ne prikupljaju rod sa tog blagoslovenog drveta\u201c.<\/p>\n<p>&#8211; Tra\u017eimo od Vlade i da nam saop\u0161ti \u010dime to gazduje prvorangirana kompanija? Neka objavi bilans stanja te kompanije? Da li je ta\u010dno da ona nema novaca da okon\u010da jedan projekat u Hrvatskoj vrijedan pet miliona eura, a investicije u Valdanosu su \u010dak 222 miliona? Da li je ta kompanija po\u010dela izgradnju ekskluzivnog naselja na otoku Ugljanu, \u010dija je gradnja bila planirana za kraj pro\u0161le godine &#8211; ka\u017ee se na kraju saop\u0161tenja koje je potpisao D\u017eabir Hod\u017ea.<\/p>\n<p><strong>S.A<br \/>\n<a href=\"http:\/\/www.vijesti.me\/\" target=\"_blank\">Vijesti<\/a><br \/>\n<!--YouTube Error: bad URL entered--><\/strong><\/p>\n","protected":false},"excerpt":{"rendered":"<p>Grupa nvo i intelektualaca iz Ulcinja op\u0161tine protestuje zbog davanja u zakup popularne uvale, pozivaju i tu\u017eioca reaguje Ulcinj &#8211; Grupa nevladinih organizacija i nezavisnih intelektualaca iz Ulcinja pozvala je predsjednika Savjeta za privatizaciju Vujicu Lazovi\u0107a da objelodani detalje ugovora o zakupu Valdanosa, a dr\u017eavnu tu\u017eiteljku Ranku \u010carapi\u0107 da po slu\u017ebenoj du\u017enosti reaguje i za\u0161titi [&hellip;]<\/p>\n","protected":false},"author":1,"featured_media":0,"comment_status":"open","ping_status":"closed","sticky":false,"template":"","format":"standard","meta":{"spay_email":"","jetpack_publicize_message":"","jetpack_is_tweetstorm":false,"jetpack_publicize_feature_enabled":true},"categories":[7],"tags":[10307,16482,19,136],"jetpack_publicize_connections":[],"yoast_head":"<!-- This site is optimized with the Yoast SEO plugin v19.1 - https:\/\/yoast.com\/wordpress\/plugins\/seo\/ -->\n<title>Da Valdanos ne bude Zavala - Lajme nga Ulqini<\/title>\n<meta name=\"description\" content=\"Grupa nvo i intelektualaca iz Ulcinja op\u0161tine protestuje zbog davanja u zakup popularne uvale, pozivaju i tu\u017eioca reaguje Ulcinj - Grupa nevladinih\" \/>\n<meta name=\"robots\" content=\"index, follow, max-snippet:-1, max-image-preview:large, max-video-preview:-1\" \/>\n<link rel=\"canonical\" href=\"https:\/\/www.visit-ulcinj.com\/blog\/2010\/12\/03\/da-valdanos-ne-bude-zavala\/\" \/>\n<meta property=\"og:locale\" content=\"en_US\" \/>\n<meta property=\"og:type\" content=\"article\" \/>\n<meta property=\"og:title\" content=\"Da Valdanos ne bude Zavala - Lajme nga Ulqini\" \/>\n<meta property=\"og:description\" content=\"Grupa nvo i intelektualaca iz Ulcinja op\u0161tine protestuje zbog davanja u zakup popularne uvale, pozivaju i tu\u017eioca reaguje Ulcinj - Grupa nevladinih\" \/>\n<meta property=\"og:url\" content=\"https:\/\/www.visit-ulcinj.com\/blog\/2010\/12\/03\/da-valdanos-ne-bude-zavala\/\" \/>\n<meta property=\"og:site_name\" content=\"Lajme nga Ulqini\" \/>\n<meta property=\"article:published_time\" content=\"2010-12-03T17:34:59+00:00\" \/>\n<meta property=\"og:image\" content=\"http:\/\/www.visit-ulcinj.com\/blog\/wp-content\/uploads\/2010\/12\/Dzabir-Hodza_ulcinj.jpg\" \/>\n<meta name=\"twitter:label1\" content=\"Written by\" \/>\n\t<meta name=\"twitter:data1\" content=\"ulqini\" \/>\n\t<meta name=\"twitter:label2\" content=\"Est. reading time\" \/>\n\t<meta name=\"twitter:data2\" content=\"2 minutes\" \/>\n<script type=\"application\/ld+json\" class=\"yoast-schema-graph\">{\"@context\":\"https:\/\/schema.org\",\"@graph\":[{\"@type\":\"WebSite\",\"@id\":\"https:\/\/www.visit-ulcinj.com\/blog\/#website\",\"url\":\"https:\/\/www.visit-ulcinj.com\/blog\/\",\"name\":\"Lajme nga Ulqini\",\"description\":\"Lajme,Vijesti,Ulqini,Ulqin,Crna Gora,Mali i Zi\",\"potentialAction\":[{\"@type\":\"SearchAction\",\"target\":{\"@type\":\"EntryPoint\",\"urlTemplate\":\"https:\/\/www.visit-ulcinj.com\/blog\/?s={search_term_string}\"},\"query-input\":\"required name=search_term_string\"}],\"inLanguage\":\"en-US\"},{\"@type\":\"ImageObject\",\"inLanguage\":\"en-US\",\"@id\":\"https:\/\/www.visit-ulcinj.com\/blog\/2010\/12\/03\/da-valdanos-ne-bude-zavala\/#primaryimage\",\"url\":\"https:\/\/www.visit-ulcinj.com\/blog\/wp-content\/uploads\/2010\/12\/Dzabir-Hodza_ulcinj.jpg\",\"contentUrl\":\"https:\/\/www.visit-ulcinj.com\/blog\/wp-content\/uploads\/2010\/12\/Dzabir-Hodza_ulcinj.jpg\",\"width\":\"490\",\"height\":\"367\"},{\"@type\":\"WebPage\",\"@id\":\"https:\/\/www.visit-ulcinj.com\/blog\/2010\/12\/03\/da-valdanos-ne-bude-zavala\/#webpage\",\"url\":\"https:\/\/www.visit-ulcinj.com\/blog\/2010\/12\/03\/da-valdanos-ne-bude-zavala\/\",\"name\":\"Da Valdanos ne bude Zavala - Lajme nga Ulqini\",\"isPartOf\":{\"@id\":\"https:\/\/www.visit-ulcinj.com\/blog\/#website\"},\"primaryImageOfPage\":{\"@id\":\"https:\/\/www.visit-ulcinj.com\/blog\/2010\/12\/03\/da-valdanos-ne-bude-zavala\/#primaryimage\"},\"datePublished\":\"2010-12-03T17:34:59+00:00\",\"dateModified\":\"2010-12-03T17:34:59+00:00\",\"author\":{\"@id\":\"https:\/\/www.visit-ulcinj.com\/blog\/#\/schema\/person\/dcab619c614d3038751c63bc2aadc06d\"},\"description\":\"Grupa nvo i intelektualaca iz Ulcinja op\u0161tine protestuje zbog davanja u zakup popularne uvale, pozivaju i tu\u017eioca reaguje Ulcinj - Grupa nevladinih\",\"breadcrumb\":{\"@id\":\"https:\/\/www.visit-ulcinj.com\/blog\/2010\/12\/03\/da-valdanos-ne-bude-zavala\/#breadcrumb\"},\"inLanguage\":\"en-US\",\"potentialAction\":[{\"@type\":\"ReadAction\",\"target\":[\"https:\/\/www.visit-ulcinj.com\/blog\/2010\/12\/03\/da-valdanos-ne-bude-zavala\/\"]}]},{\"@type\":\"BreadcrumbList\",\"@id\":\"https:\/\/www.visit-ulcinj.com\/blog\/2010\/12\/03\/da-valdanos-ne-bude-zavala\/#breadcrumb\",\"itemListElement\":[{\"@type\":\"ListItem\",\"position\":1,\"name\":\"Da Valdanos ne bude Zavala\"}]},{\"@type\":\"Person\",\"@id\":\"https:\/\/www.visit-ulcinj.com\/blog\/#\/schema\/person\/dcab619c614d3038751c63bc2aadc06d\",\"name\":\"ulqini\",\"sameAs\":[\"http:\/\/www.visit-ulcinj.com\"],\"url\":\"https:\/\/www.visit-ulcinj.com\/blog\/author\/admin\/\"}]}<\/script>\n<!-- \/ Yoast SEO plugin. -->","yoast_head_json":{"title":"Da Valdanos ne bude Zavala - Lajme nga Ulqini","description":"Grupa nvo i intelektualaca iz Ulcinja op\u0161tine protestuje zbog davanja u zakup popularne uvale, pozivaju i tu\u017eioca reaguje Ulcinj - Grupa nevladinih","robots":{"index":"index","follow":"follow","max-snippet":"max-snippet:-1","max-image-preview":"max-image-preview:large","max-video-preview":"max-video-preview:-1"},"canonical":"https:\/\/www.visit-ulcinj.com\/blog\/2010\/12\/03\/da-valdanos-ne-bude-zavala\/","og_locale":"en_US","og_type":"article","og_title":"Da Valdanos ne bude Zavala - Lajme nga Ulqini","og_description":"Grupa nvo i intelektualaca iz Ulcinja op\u0161tine protestuje zbog davanja u zakup popularne uvale, pozivaju i tu\u017eioca reaguje Ulcinj - Grupa nevladinih","og_url":"https:\/\/www.visit-ulcinj.com\/blog\/2010\/12\/03\/da-valdanos-ne-bude-zavala\/","og_site_name":"Lajme nga Ulqini","article_published_time":"2010-12-03T17:34:59+00:00","og_image":[{"url":"http:\/\/www.visit-ulcinj.com\/blog\/wp-content\/uploads\/2010\/12\/Dzabir-Hodza_ulcinj.jpg"}],"twitter_misc":{"Written by":"ulqini","Est. reading time":"2 minutes"},"schema":{"@context":"https:\/\/schema.org","@graph":[{"@type":"WebSite","@id":"https:\/\/www.visit-ulcinj.com\/blog\/#website","url":"https:\/\/www.visit-ulcinj.com\/blog\/","name":"Lajme nga Ulqini","description":"Lajme,Vijesti,Ulqini,Ulqin,Crna Gora,Mali i Zi","potentialAction":[{"@type":"SearchAction","target":{"@type":"EntryPoint","urlTemplate":"https:\/\/www.visit-ulcinj.com\/blog\/?s={search_term_string}"},"query-input":"required name=search_term_string"}],"inLanguage":"en-US"},{"@type":"ImageObject","inLanguage":"en-US","@id":"https:\/\/www.visit-ulcinj.com\/blog\/2010\/12\/03\/da-valdanos-ne-bude-zavala\/#primaryimage","url":"https:\/\/www.visit-ulcinj.com\/blog\/wp-content\/uploads\/2010\/12\/Dzabir-Hodza_ulcinj.jpg","contentUrl":"https:\/\/www.visit-ulcinj.com\/blog\/wp-content\/uploads\/2010\/12\/Dzabir-Hodza_ulcinj.jpg","width":"490","height":"367"},{"@type":"WebPage","@id":"https:\/\/www.visit-ulcinj.com\/blog\/2010\/12\/03\/da-valdanos-ne-bude-zavala\/#webpage","url":"https:\/\/www.visit-ulcinj.com\/blog\/2010\/12\/03\/da-valdanos-ne-bude-zavala\/","name":"Da Valdanos ne bude Zavala - Lajme nga Ulqini","isPartOf":{"@id":"https:\/\/www.visit-ulcinj.com\/blog\/#website"},"primaryImageOfPage":{"@id":"https:\/\/www.visit-ulcinj.com\/blog\/2010\/12\/03\/da-valdanos-ne-bude-zavala\/#primaryimage"},"datePublished":"2010-12-03T17:34:59+00:00","dateModified":"2010-12-03T17:34:59+00:00","author":{"@id":"https:\/\/www.visit-ulcinj.com\/blog\/#\/schema\/person\/dcab619c614d3038751c63bc2aadc06d"},"description":"Grupa nvo i intelektualaca iz Ulcinja op\u0161tine protestuje zbog davanja u zakup popularne uvale, pozivaju i tu\u017eioca reaguje Ulcinj - Grupa nevladinih","breadcrumb":{"@id":"https:\/\/www.visit-ulcinj.com\/blog\/2010\/12\/03\/da-valdanos-ne-bude-zavala\/#breadcrumb"},"inLanguage":"en-US","potentialAction":[{"@type":"ReadAction","target":["https:\/\/www.visit-ulcinj.com\/blog\/2010\/12\/03\/da-valdanos-ne-bude-zavala\/"]}]},{"@type":"BreadcrumbList","@id":"https:\/\/www.visit-ulcinj.com\/blog\/2010\/12\/03\/da-valdanos-ne-bude-zavala\/#breadcrumb","itemListElement":[{"@type":"ListItem","position":1,"name":"Da Valdanos ne bude Zavala"}]},{"@type":"Person","@id":"https:\/\/www.visit-ulcinj.com\/blog\/#\/schema\/person\/dcab619c614d3038751c63bc2aadc06d","name":"ulqini","sameAs":["http:\/\/www.visit-ulcinj.com"],"url":"https:\/\/www.visit-ulcinj.com\/blog\/author\/admin\/"}]}},"jetpack_featured_media_url":"","jetpack_sharing_enabled":true,"jetpack_shortlink":"https:\/\/wp.me\/pe6lTn-axP","_links":{"self":[{"href":"https:\/\/www.visit-ulcinj.com\/blog\/wp-json\/wp\/v2\/posts\/40537"}],"collection":[{"href":"https:\/\/www.visit-ulcinj.com\/blog\/wp-json\/wp\/v2\/posts"}],"about":[{"href":"https:\/\/www.visit-ulcinj.com\/blog\/wp-json\/wp\/v2\/types\/post"}],"author":[{"embeddable":true,"href":"https:\/\/www.visit-ulcinj.com\/blog\/wp-json\/wp\/v2\/users\/1"}],"replies":[{"embeddable":true,"href":"https:\/\/www.visit-ulcinj.com\/blog\/wp-json\/wp\/v2\/comments?post=40537"}],"version-history":[{"count":0,"href":"https:\/\/www.visit-ulcinj.com\/blog\/wp-json\/wp\/v2\/posts\/40537\/revisions"}],"wp:attachment":[{"href":"https:\/\/www.visit-ulcinj.com\/blog\/wp-json\/wp\/v2\/media?parent=40537"}],"wp:term":[{"taxonomy":"category","embeddable":true,"href":"https:\/\/www.visit-ulcinj.com\/blog\/wp-json\/wp\/v2\/categories?post=40537"},{"taxonomy":"post_tag","embeddable":true,"href":"https:\/\/www.visit-ulcinj.com\/blog\/wp-json\/wp\/v2\/tags?post=40537"}],"curies":[{"name":"wp","href":"https:\/\/api.w.org\/{rel}","templated":true}]}}