{"id":40544,"date":"2010-12-03T18:56:07","date_gmt":"2010-12-03T17:56:07","guid":{"rendered":"http:\/\/www.visit-ulcinj.com\/blog\/?p=40544"},"modified":"2010-12-03T19:17:45","modified_gmt":"2010-12-03T18:17:45","slug":"dps-hoce-kontrolu-para","status":"publish","type":"post","link":"https:\/\/www.visit-ulcinj.com\/blog\/2010\/12\/03\/dps-hoce-kontrolu-para\/","title":{"rendered":"DPS ho\u0107e kontrolu para"},"content":{"rendered":"<p><strong><a href=\"http:\/\/www.visit-ulcinj.com\/blog\/wp-content\/uploads\/2010\/12\/Luigj-Lui-Shkrela-stab-DPS-a_Ulcinj.jpg\"><img loading=\"lazy\" class=\"alignleft size-full wp-image-40545\" title=\"Luigj Lui Shkrela - stab DPS-a_Ulcinj\" src=\"http:\/\/www.visit-ulcinj.com\/blog\/wp-content\/uploads\/2010\/12\/Luigj-Lui-Shkrela-stab-DPS-a_Ulcinj.jpg\" alt=\"\" width=\"490\" height=\"380\" \/><\/a>U Ulcinju jo\u0161 bez dogovora o formiranju vladaju\u0107e koalicije<\/strong><\/p>\n<p>Ulcinj \u2013 Vi\u0161e od mjesec nakon izbora, vlast u Ulcinju jo\u0161 nije formirana, a spisak zahtjeva za ulazak u gradsku upravu DPS pro\u0161irio je mjestom sekretara finansija.<br \/>\nPredsjednik ulcinjskog DPS-a Ljui\u0111 \u0160krelja kazao je da \u0107e ta stranka tra\u017eiti polovinu funkcija u gradskoj vlasti, negiraju\u0107i da je DPS zainteresovan za mjesto predsjednika Op\u0161tine.<\/p>\n<p>\u201cOsim Sekretarijata za bud\u017eet i privredu te dru\u0161tvene i komunalne djelatnosti koje trenutno pokriva, DPS u novoj raspodjeli vlasti tra\u017ei i Sekretarijat za finansije i funkcije predsjednika i sekretara SO. To je u osnovi ponuda koju smo uputili koaliciji DUA-PDP\u201d, kazao je \u0160krelja \u201cVijestima\u201d.<br \/>\nNa vanrednim izborima 17. oktobra Forca je osvojila 11 mandata, koalicija DUA-PDP 10, DPS sedam, udru\u017eena opozicija predvo\u0111ena SNP i SDP po dva i koalicija Perspektiva jedan mandat. DPS je bez dileme najve\u0107i dobitnik izbora jer nijedna strana ne mo\u017ee formirati ve\u0107inu bez te partije, imaju\u0107i u vidu da je savez Force i DUA trenutno nemogu\u0107 zbog nepremostivih razlika izme\u0111u \u010delnika, pa i dijela \u010dlanstva tih stranaka. \u0160krelja je kazao da funkcija predsjednika Op\u0161tine pripada Demokratskoj uniji Albanaca.<\/p>\n<p>On je kazao da \u0107e o mjestima direktora javnih preduze\u0107a tek biti rije\u010di, isti\u010du\u0107i da je DPS dugo vagao da li da tra\u017ei Sekretarijat za finansije ili Sekretarijat za urbanizam: \u201cPrevagnulo je mi\u0161ljenje da tra\u017eimo Sekretarijat za finansije jer smo ubije\u0111eni da se na tom polju u proteklom periodu moglo uraditi zna\u010dajno vi\u0161e\u201d, istakao je \u0160krelja.<br \/>\nMe\u0111utim, pitanje je da li \u0107e DUA udovoljiti tom zahtjevu DPS-a, budu\u0107i da funkciju sekretara za finansije obavlja Fatmir \u0110eka, vrlo uticajan \u010dlan partije koji je na nekoliko posljednjih izbora Uniji donio ubjedljivu prevagu na podru\u010dju Anamalita.<\/p>\n<p>Lider Partije demokratskog prosperiteta Ali Red\u017ea kazao je da vjeruje u dogovor sa DPS-om. \u201cPartija Demokratskog prosperiteta cilja ozbiljnu i stabilnu koaliciju na du\u017ee staze. Spremni smo i na ustupke oko mjesta koja pokrivaju na\u0161i kadrovi, pod uslovom da nam partneri ponude validnu argumentaciju\u201d, kazao je Red\u017ea \u201cVijestima\u201d.<br \/>\nOn je istakao da bi u novoj raspodjeli vlasti na vitalne funkcije trebalo postaviti prave i stru\u010dne ljude bez obzira na to da li pripadaju DUA, PDP ili DPS.<br \/>\n<strong>S.A<br \/>\n<a href=\"http:\/\/www.vijesti.me\/\" target=\"_blank\">Vijesti<br \/>\n<\/a>[flv width=&#8221;490&#8243; height=&#8221;380&#8243;]http:\/\/a9.video2.blip.tv\/9420007197012\/Rtvvijesti-dnevnik021210407.flv[\/flv]<a href=\"http:\/\/www.vijesti.me\/\" target=\"_blank\"><\/a><\/strong><\/p>\n","protected":false},"excerpt":{"rendered":"<p>U Ulcinju jo\u0161 bez dogovora o formiranju vladaju\u0107e koalicije Ulcinj \u2013 Vi\u0161e od mjesec nakon izbora, vlast u Ulcinju jo\u0161 nije formirana, a spisak zahtjeva za ulazak u gradsku upravu DPS pro\u0161irio je mjestom sekretara finansija. Predsjednik ulcinjskog DPS-a Ljui\u0111 \u0160krelja kazao je da \u0107e ta stranka tra\u017eiti polovinu funkcija u gradskoj vlasti, negiraju\u0107i da [&hellip;]<\/p>\n","protected":false},"author":1,"featured_media":0,"comment_status":"open","ping_status":"closed","sticky":false,"template":"","format":"standard","meta":{"spay_email":"","jetpack_publicize_message":"","jetpack_is_tweetstorm":false,"jetpack_publicize_feature_enabled":true},"categories":[8337],"tags":[4608,16485,16484,19],"jetpack_publicize_connections":[],"yoast_head":"<!-- This site is optimized with the Yoast SEO plugin v19.1 - https:\/\/yoast.com\/wordpress\/plugins\/seo\/ -->\n<title>DPS ho\u0107e kontrolu para - Lajme nga Ulqini<\/title>\n<meta name=\"description\" content=\"U Ulcinju jo\u0161 bez dogovora o formiranju vladaju\u0107e koalicije Ulcinj \u2013 Vi\u0161e od mjesec nakon izbora, vlast u Ulcinju jo\u0161 nije formirana, a spisak zahtjeva za\" \/>\n<meta name=\"robots\" content=\"index, follow, max-snippet:-1, max-image-preview:large, max-video-preview:-1\" \/>\n<link rel=\"canonical\" href=\"https:\/\/www.visit-ulcinj.com\/blog\/2010\/12\/03\/dps-hoce-kontrolu-para\/\" \/>\n<meta property=\"og:locale\" content=\"en_US\" \/>\n<meta property=\"og:type\" content=\"article\" \/>\n<meta property=\"og:title\" content=\"DPS ho\u0107e kontrolu para - Lajme nga Ulqini\" \/>\n<meta property=\"og:description\" content=\"U Ulcinju jo\u0161 bez dogovora o formiranju vladaju\u0107e koalicije Ulcinj \u2013 Vi\u0161e od mjesec nakon izbora, vlast u Ulcinju jo\u0161 nije formirana, a spisak zahtjeva za\" \/>\n<meta property=\"og:url\" content=\"https:\/\/www.visit-ulcinj.com\/blog\/2010\/12\/03\/dps-hoce-kontrolu-para\/\" \/>\n<meta property=\"og:site_name\" content=\"Lajme nga Ulqini\" \/>\n<meta property=\"article:published_time\" content=\"2010-12-03T17:56:07+00:00\" \/>\n<meta property=\"article:modified_time\" content=\"2010-12-03T18:17:45+00:00\" \/>\n<meta property=\"og:image\" content=\"http:\/\/www.visit-ulcinj.com\/blog\/wp-content\/uploads\/2010\/12\/Luigj-Lui-Shkrela-stab-DPS-a_Ulcinj.jpg\" \/>\n<meta name=\"twitter:label1\" content=\"Written by\" \/>\n\t<meta name=\"twitter:data1\" content=\"ulqini\" \/>\n\t<meta name=\"twitter:label2\" content=\"Est. reading time\" \/>\n\t<meta name=\"twitter:data2\" content=\"2 minutes\" \/>\n<script type=\"application\/ld+json\" class=\"yoast-schema-graph\">{\"@context\":\"https:\/\/schema.org\",\"@graph\":[{\"@type\":\"WebSite\",\"@id\":\"https:\/\/www.visit-ulcinj.com\/blog\/#website\",\"url\":\"https:\/\/www.visit-ulcinj.com\/blog\/\",\"name\":\"Lajme nga Ulqini\",\"description\":\"Lajme,Vijesti,Ulqini,Ulqin,Crna Gora,Mali i Zi\",\"potentialAction\":[{\"@type\":\"SearchAction\",\"target\":{\"@type\":\"EntryPoint\",\"urlTemplate\":\"https:\/\/www.visit-ulcinj.com\/blog\/?s={search_term_string}\"},\"query-input\":\"required name=search_term_string\"}],\"inLanguage\":\"en-US\"},{\"@type\":\"ImageObject\",\"inLanguage\":\"en-US\",\"@id\":\"https:\/\/www.visit-ulcinj.com\/blog\/2010\/12\/03\/dps-hoce-kontrolu-para\/#primaryimage\",\"url\":\"https:\/\/www.visit-ulcinj.com\/blog\/wp-content\/uploads\/2010\/12\/Luigj-Lui-Shkrela-stab-DPS-a_Ulcinj.jpg\",\"contentUrl\":\"https:\/\/www.visit-ulcinj.com\/blog\/wp-content\/uploads\/2010\/12\/Luigj-Lui-Shkrela-stab-DPS-a_Ulcinj.jpg\",\"width\":\"720\",\"height\":\"480\"},{\"@type\":\"WebPage\",\"@id\":\"https:\/\/www.visit-ulcinj.com\/blog\/2010\/12\/03\/dps-hoce-kontrolu-para\/#webpage\",\"url\":\"https:\/\/www.visit-ulcinj.com\/blog\/2010\/12\/03\/dps-hoce-kontrolu-para\/\",\"name\":\"DPS ho\u0107e kontrolu para - Lajme nga Ulqini\",\"isPartOf\":{\"@id\":\"https:\/\/www.visit-ulcinj.com\/blog\/#website\"},\"primaryImageOfPage\":{\"@id\":\"https:\/\/www.visit-ulcinj.com\/blog\/2010\/12\/03\/dps-hoce-kontrolu-para\/#primaryimage\"},\"datePublished\":\"2010-12-03T17:56:07+00:00\",\"dateModified\":\"2010-12-03T18:17:45+00:00\",\"author\":{\"@id\":\"https:\/\/www.visit-ulcinj.com\/blog\/#\/schema\/person\/dcab619c614d3038751c63bc2aadc06d\"},\"description\":\"U Ulcinju jo\u0161 bez dogovora o formiranju vladaju\u0107e koalicije Ulcinj \u2013 Vi\u0161e od mjesec nakon izbora, vlast u Ulcinju jo\u0161 nije formirana, a spisak zahtjeva za\",\"breadcrumb\":{\"@id\":\"https:\/\/www.visit-ulcinj.com\/blog\/2010\/12\/03\/dps-hoce-kontrolu-para\/#breadcrumb\"},\"inLanguage\":\"en-US\",\"potentialAction\":[{\"@type\":\"ReadAction\",\"target\":[\"https:\/\/www.visit-ulcinj.com\/blog\/2010\/12\/03\/dps-hoce-kontrolu-para\/\"]}]},{\"@type\":\"BreadcrumbList\",\"@id\":\"https:\/\/www.visit-ulcinj.com\/blog\/2010\/12\/03\/dps-hoce-kontrolu-para\/#breadcrumb\",\"itemListElement\":[{\"@type\":\"ListItem\",\"position\":1,\"name\":\"DPS ho\u0107e kontrolu para\"}]},{\"@type\":\"Person\",\"@id\":\"https:\/\/www.visit-ulcinj.com\/blog\/#\/schema\/person\/dcab619c614d3038751c63bc2aadc06d\",\"name\":\"ulqini\",\"sameAs\":[\"http:\/\/www.visit-ulcinj.com\"],\"url\":\"https:\/\/www.visit-ulcinj.com\/blog\/author\/admin\/\"}]}<\/script>\n<!-- \/ Yoast SEO plugin. -->","yoast_head_json":{"title":"DPS ho\u0107e kontrolu para - Lajme nga Ulqini","description":"U Ulcinju jo\u0161 bez dogovora o formiranju vladaju\u0107e koalicije Ulcinj \u2013 Vi\u0161e od mjesec nakon izbora, vlast u Ulcinju jo\u0161 nije formirana, a spisak zahtjeva za","robots":{"index":"index","follow":"follow","max-snippet":"max-snippet:-1","max-image-preview":"max-image-preview:large","max-video-preview":"max-video-preview:-1"},"canonical":"https:\/\/www.visit-ulcinj.com\/blog\/2010\/12\/03\/dps-hoce-kontrolu-para\/","og_locale":"en_US","og_type":"article","og_title":"DPS ho\u0107e kontrolu para - Lajme nga Ulqini","og_description":"U Ulcinju jo\u0161 bez dogovora o formiranju vladaju\u0107e koalicije Ulcinj \u2013 Vi\u0161e od mjesec nakon izbora, vlast u Ulcinju jo\u0161 nije formirana, a spisak zahtjeva za","og_url":"https:\/\/www.visit-ulcinj.com\/blog\/2010\/12\/03\/dps-hoce-kontrolu-para\/","og_site_name":"Lajme nga Ulqini","article_published_time":"2010-12-03T17:56:07+00:00","article_modified_time":"2010-12-03T18:17:45+00:00","og_image":[{"url":"http:\/\/www.visit-ulcinj.com\/blog\/wp-content\/uploads\/2010\/12\/Luigj-Lui-Shkrela-stab-DPS-a_Ulcinj.jpg"}],"twitter_misc":{"Written by":"ulqini","Est. reading time":"2 minutes"},"schema":{"@context":"https:\/\/schema.org","@graph":[{"@type":"WebSite","@id":"https:\/\/www.visit-ulcinj.com\/blog\/#website","url":"https:\/\/www.visit-ulcinj.com\/blog\/","name":"Lajme nga Ulqini","description":"Lajme,Vijesti,Ulqini,Ulqin,Crna Gora,Mali i Zi","potentialAction":[{"@type":"SearchAction","target":{"@type":"EntryPoint","urlTemplate":"https:\/\/www.visit-ulcinj.com\/blog\/?s={search_term_string}"},"query-input":"required name=search_term_string"}],"inLanguage":"en-US"},{"@type":"ImageObject","inLanguage":"en-US","@id":"https:\/\/www.visit-ulcinj.com\/blog\/2010\/12\/03\/dps-hoce-kontrolu-para\/#primaryimage","url":"https:\/\/www.visit-ulcinj.com\/blog\/wp-content\/uploads\/2010\/12\/Luigj-Lui-Shkrela-stab-DPS-a_Ulcinj.jpg","contentUrl":"https:\/\/www.visit-ulcinj.com\/blog\/wp-content\/uploads\/2010\/12\/Luigj-Lui-Shkrela-stab-DPS-a_Ulcinj.jpg","width":"720","height":"480"},{"@type":"WebPage","@id":"https:\/\/www.visit-ulcinj.com\/blog\/2010\/12\/03\/dps-hoce-kontrolu-para\/#webpage","url":"https:\/\/www.visit-ulcinj.com\/blog\/2010\/12\/03\/dps-hoce-kontrolu-para\/","name":"DPS ho\u0107e kontrolu para - Lajme nga Ulqini","isPartOf":{"@id":"https:\/\/www.visit-ulcinj.com\/blog\/#website"},"primaryImageOfPage":{"@id":"https:\/\/www.visit-ulcinj.com\/blog\/2010\/12\/03\/dps-hoce-kontrolu-para\/#primaryimage"},"datePublished":"2010-12-03T17:56:07+00:00","dateModified":"2010-12-03T18:17:45+00:00","author":{"@id":"https:\/\/www.visit-ulcinj.com\/blog\/#\/schema\/person\/dcab619c614d3038751c63bc2aadc06d"},"description":"U Ulcinju jo\u0161 bez dogovora o formiranju vladaju\u0107e koalicije Ulcinj \u2013 Vi\u0161e od mjesec nakon izbora, vlast u Ulcinju jo\u0161 nije formirana, a spisak zahtjeva za","breadcrumb":{"@id":"https:\/\/www.visit-ulcinj.com\/blog\/2010\/12\/03\/dps-hoce-kontrolu-para\/#breadcrumb"},"inLanguage":"en-US","potentialAction":[{"@type":"ReadAction","target":["https:\/\/www.visit-ulcinj.com\/blog\/2010\/12\/03\/dps-hoce-kontrolu-para\/"]}]},{"@type":"BreadcrumbList","@id":"https:\/\/www.visit-ulcinj.com\/blog\/2010\/12\/03\/dps-hoce-kontrolu-para\/#breadcrumb","itemListElement":[{"@type":"ListItem","position":1,"name":"DPS ho\u0107e kontrolu para"}]},{"@type":"Person","@id":"https:\/\/www.visit-ulcinj.com\/blog\/#\/schema\/person\/dcab619c614d3038751c63bc2aadc06d","name":"ulqini","sameAs":["http:\/\/www.visit-ulcinj.com"],"url":"https:\/\/www.visit-ulcinj.com\/blog\/author\/admin\/"}]}},"jetpack_featured_media_url":"","jetpack_sharing_enabled":true,"jetpack_shortlink":"https:\/\/wp.me\/pe6lTn-axW","_links":{"self":[{"href":"https:\/\/www.visit-ulcinj.com\/blog\/wp-json\/wp\/v2\/posts\/40544"}],"collection":[{"href":"https:\/\/www.visit-ulcinj.com\/blog\/wp-json\/wp\/v2\/posts"}],"about":[{"href":"https:\/\/www.visit-ulcinj.com\/blog\/wp-json\/wp\/v2\/types\/post"}],"author":[{"embeddable":true,"href":"https:\/\/www.visit-ulcinj.com\/blog\/wp-json\/wp\/v2\/users\/1"}],"replies":[{"embeddable":true,"href":"https:\/\/www.visit-ulcinj.com\/blog\/wp-json\/wp\/v2\/comments?post=40544"}],"version-history":[{"count":0,"href":"https:\/\/www.visit-ulcinj.com\/blog\/wp-json\/wp\/v2\/posts\/40544\/revisions"}],"wp:attachment":[{"href":"https:\/\/www.visit-ulcinj.com\/blog\/wp-json\/wp\/v2\/media?parent=40544"}],"wp:term":[{"taxonomy":"category","embeddable":true,"href":"https:\/\/www.visit-ulcinj.com\/blog\/wp-json\/wp\/v2\/categories?post=40544"},{"taxonomy":"post_tag","embeddable":true,"href":"https:\/\/www.visit-ulcinj.com\/blog\/wp-json\/wp\/v2\/tags?post=40544"}],"curies":[{"name":"wp","href":"https:\/\/api.w.org\/{rel}","templated":true}]}}