{"id":40553,"date":"2010-12-04T17:54:47","date_gmt":"2010-12-04T16:54:47","guid":{"rendered":"http:\/\/www.visit-ulcinj.com\/blog\/?p=40553"},"modified":"2010-12-05T19:09:08","modified_gmt":"2010-12-05T18:09:08","slug":"ne-ulqin-situate-e-jashtezakonshme-video-eskluzive-nga-hatixhe-nelaj","status":"publish","type":"post","link":"https:\/\/www.visit-ulcinj.com\/blog\/2010\/12\/04\/ne-ulqin-situate-e-jashtezakonshme-video-eskluzive-nga-hatixhe-nelaj\/","title":{"rendered":"N\u00eb Ulqin situat\u00eb e jasht\u00ebzakonshme &#8211; Video eskluzive nga Hatixhe Nelaj"},"content":{"rendered":"<p><strong><a href=\"http:\/\/www.visit-ulcinj.com\/blog\/wp-content\/uploads\/2010\/12\/Permbytjet-ne-Ane-te-Malit-djetor-2010.1.jpg\"><img loading=\"lazy\" class=\"alignleft size-full wp-image-40554\" title=\"Permbytjet ne Ane te Malit - djetor 2010.1,Amull, Amulli, ana malit, Bijela Gora, BLerim Marshiqi, Bojk\u00eb, Bojku, Brajsha, Brajshe, bratic\u00eb, Briska e Ep\u00ebrme, buna, \u00c7apraj, daj\u00e7i, Darza, Dodaj, Dragaj (Dragina), Dragina, FAMILJET, Fraskanjeli, Fraskanjell, gezim salaj, Gjonzaj, Kaliman, Kalimani, Katerkolla, Klezna e Ep\u00ebrme, Klezna e Poshtme, Kllezna, Kllezna e Nalt, Kllezna e Poshtme, Kod\u00ebr, Kolonza, Kosiq, Kosiqi, KRAVAR, Kravari, kru\u00e7, Krute, krytha, Kryth\u00eb, liqeni shkodres, Lisna Bora, Lisna Bore, Lulejt, Lumi Buna, Mali i Zi, Megjreqi, milla, Mill\u00eb, Muriqani, Muzafer Koliqi, NDIHMO, NDIHMONI, new york, Oblika, Perbytjet ne Ane te Maliulqin, Pistull, popllava, Rashtisha, Rastish, Re\u00e7, Sal\u00e7, Selita, Shas, Shasi, Sh\u00ebngjergj, shkodra, shoqata shqiptaro amerikane \u201cAna e Malit\u201d, Shtegvasha, Shtodh\u00ebr, Shtodri, Shtoj i Ep\u00ebrm, Shtoj i Posht\u00ebm, Shtufi, SOS, Sukobina, Sukubina, Sukubin\u00eb, Suma, Sutjell, UJI, ulqin, ulqini, Zenelejt, Zogaj\" src=\"http:\/\/www.visit-ulcinj.com\/blog\/wp-content\/uploads\/2010\/12\/Permbytjet-ne-Ane-te-Malit-djetor-2010.1.jpg\" alt=\"\" width=\"490\" height=\"390\" \/><\/a>Evakuohen 246 persona nga zonat e p\u00ebrmbytura n\u00eb Ulqin,situat\u00eb e jasht\u00ebzakonshme<\/strong><\/p>\n<p><strong> <\/strong><\/p>\n<p><strong>Nga Hatixhe Nelaj<\/strong><\/p>\n<p><strong>04.12.2010<\/strong><\/p>\n<p>Situata n\u00eb Ulqin \u00ebsht\u00eb shum\u00eb e r\u00ebnduar\u00a0 dhe alarmante, dhe \u00e7ka \u00ebsht\u00eb m\u00eb e keqja gjendja \u00ebsht\u00eb duke u p\u00ebrkeq\u00ebsuar nga ora n\u00eb or\u00eb.<\/p>\n<p>Evakuimi i banor\u00ebve ka filluar,sipas t\u00eb dh\u00ebnave nga Ministria e Pun\u00ebve t\u00eb Brenshme n\u00eb Ulqin sot jan\u00eb evakuar 246 persona,deri sa disa nuk d\u00ebgjojn\u00eb t\u00eb l\u00ebshojn\u00eb shtipit\u00eb e tyre.<\/p>\n<p>Banor\u00ebt e Shtojit,Re\u00e7it,Gj\u00ebn Gjergjit dhe Sutjelit jan\u00eb duke b\u00ebr\u00eb t\u00eb pamund\u00ebr\u00ebn t\u00eb vejn\u00eb thas\u00eb t\u00eb r\u00ebn\u00ebs n\u00eb argjinatur\u00eb p\u00ebr t\u00eb ndalur derdhjen e lumit Buna q\u00eb ka shp\u00ebrthyer n\u00eb disa vende.<\/p>\n<p>Nd\u00ebrkoh\u00eb q\u00eb gjendje \u00ebsht\u00eb p\u00ebrkeq\u00ebsuar edhe n\u00eb t\u00eb gjitha fshatrat n\u00eb An\u00eb t\u00eb Malit q\u00eb jan\u00eb pran\u00eb bregut t\u00eb lumit Buna.<\/p>\n<p>Edhe pse dita e djeshme ju dha nj\u00eb shpres\u00eb t\u00eb rrejshme ,pasi kishte r\u00ebnje t\u00eb nivelit t\u00eb ujit,sot gjendja \u00ebsht\u00eb alarmante.Jan\u00eb goditur fshatrat,Bore,Lis\u00ebn,Fraskanjel,dhe Sukubin\u00eb.Nga nata e mbr\u00ebmshme niveli i lumit Buna \u00ebsht\u00eb rritur p\u00ebr 30 cm.Nga Shtabi i Em\u00ebrgjenc\u00ebs paralajm\u00ebrojn\u00eb se mund t\u00eb vijn\u00eb deri tek derdhja e lumit Buna q\u00eb mund t\u00eb p\u00ebrfshij\u00eb p\u00ebrbytje deri n\u00eb 9 kilomet\u00ebr hap\u00ebsir\u00eb.\u00c7ka \u00ebsht\u00eb \u00a0me r\u00ebnd\u00ebsi t\u00eb ceket se sot me nd\u00ebrhyrjen e kryetarit t\u00eb komun\u00ebs G\u00ebzim Hajdinaga dhe Ministris\u00eb p\u00ebrkat\u00ebse n\u00eb Shqip\u00ebri me hilikopter ushtarak kan\u00eb b\u00ebr\u00eb transportimin e student\u00ebve tan\u00eb q\u00eb studijojn\u00eb n\u00eb Shqip\u00ebri,ku n\u00eb Shkod\u00ebr tash dy dit\u00eb \u00ebsht\u00eb gjendje e jasht\u00ebzakonshme.<\/p>\n<p>Pritet q\u00eb n\u00eb k\u00ebto or\u00eb Ulqinin do ta vizitoj\u00eb presidenti i Malit t\u00eb Zi Filip Vujanoviq,dhe ministri i Mbrojtjes Boro Vu\u00e7iniq p\u00ebr t\u00eb analizuar situat\u00ebn n\u00eb terren dhe nd\u00ebrmarr\u00eb masa konkrete<\/p>\n<p>Forcat ushtarake sot jan\u00eb duke b\u00ebr\u00eb evakuimin e kafsh\u00ebve n\u00eb zonat e p\u00ebrmbytura,si dhe duke ju ofruar ndihma banor\u00ebve t\u00eb k\u00ebsaj Zone.i Gjith\u00eb Shtabi i em\u00ebrgjenc\u00ebs,forcat policore dhe ushtarake jan\u00eb n\u00eb k\u00ebmb\u00eb p\u00ebr t\u00eb shp\u00ebtuar at\u00eb \u00e7far\u00eb mund t\u00eb shp\u00ebtohet,apo t\u00eb themi t\u00eb b\u00ebj\u00eb t\u00eb pamund\u00ebr\u00ebn,pasi q\u00eb Buna \u00ebsht\u00eb \u00e7mend.<br \/>\n\n\t\t<style type=\"text\/css\">\n\t\t\t#gallery-1 {\n\t\t\t\tmargin: auto;\n\t\t\t}\n\t\t\t#gallery-1 .gallery-item {\n\t\t\t\tfloat: left;\n\t\t\t\tmargin-top: 10px;\n\t\t\t\ttext-align: center;\n\t\t\t\twidth: 33%;\n\t\t\t}\n\t\t\t#gallery-1 img {\n\t\t\t\tborder: 2px solid #cfcfcf;\n\t\t\t}\n\t\t\t#gallery-1 .gallery-caption {\n\t\t\t\tmargin-left: 0;\n\t\t\t}\n\t\t\t\/* see gallery_shortcode() in wp-includes\/media.php *\/\n\t\t<\/style>\n\t\t<div id='gallery-1' class='gallery galleryid-40553 gallery-columns-3 gallery-size-thumbnail'><dl class='gallery-item'>\n\t\t\t<dt class='gallery-icon landscape'>\n\t\t\t\t<a href='https:\/\/www.visit-ulcinj.com\/blog\/wp-content\/uploads\/2010\/12\/Permbytjet-ne-Ane-te-Malit-djetor-2010.1.jpg'><img width=\"150\" height=\"150\" src=\"https:\/\/www.visit-ulcinj.com\/blog\/wp-content\/uploads\/2010\/12\/Permbytjet-ne-Ane-te-Malit-djetor-2010.1-150x150.jpg\" class=\"attachment-thumbnail size-thumbnail\" alt=\"\" loading=\"lazy\" \/><\/a>\n\t\t\t<\/dt><\/dl><dl class='gallery-item'>\n\t\t\t<dt class='gallery-icon landscape'>\n\t\t\t\t<a href='https:\/\/www.visit-ulcinj.com\/blog\/wp-content\/uploads\/2010\/12\/Permbytjet-ne-Ane-te-Malit-djetor-2010.2.jpg'><img width=\"150\" height=\"150\" src=\"https:\/\/www.visit-ulcinj.com\/blog\/wp-content\/uploads\/2010\/12\/Permbytjet-ne-Ane-te-Malit-djetor-2010.2-150x150.jpg\" class=\"attachment-thumbnail size-thumbnail\" alt=\"\" loading=\"lazy\" \/><\/a>\n\t\t\t<\/dt><\/dl><dl class='gallery-item'>\n\t\t\t<dt class='gallery-icon landscape'>\n\t\t\t\t<a href='https:\/\/www.visit-ulcinj.com\/blog\/wp-content\/uploads\/2010\/12\/Permbytjet-ne-Ane-te-Malit-djetor-2010.3.jpg'><img width=\"150\" height=\"150\" src=\"https:\/\/www.visit-ulcinj.com\/blog\/wp-content\/uploads\/2010\/12\/Permbytjet-ne-Ane-te-Malit-djetor-2010.3-150x150.jpg\" class=\"attachment-thumbnail size-thumbnail\" alt=\"\" loading=\"lazy\" \/><\/a>\n\t\t\t<\/dt><\/dl><br style=\"clear: both\" \/><dl class='gallery-item'>\n\t\t\t<dt class='gallery-icon landscape'>\n\t\t\t\t<a href='https:\/\/www.visit-ulcinj.com\/blog\/wp-content\/uploads\/2010\/12\/Permbytjet-ne-Ane-te-Malit-djetor-2010.4.jpg'><img width=\"150\" height=\"150\" src=\"https:\/\/www.visit-ulcinj.com\/blog\/wp-content\/uploads\/2010\/12\/Permbytjet-ne-Ane-te-Malit-djetor-2010.4-150x150.jpg\" class=\"attachment-thumbnail size-thumbnail\" alt=\"\" loading=\"lazy\" \/><\/a>\n\t\t\t<\/dt><\/dl><dl class='gallery-item'>\n\t\t\t<dt class='gallery-icon landscape'>\n\t\t\t\t<a href='https:\/\/www.visit-ulcinj.com\/blog\/wp-content\/uploads\/2010\/12\/Permbytjet-ne-Ane-te-Malit-djetor-2010.5.jpg'><img width=\"150\" height=\"150\" src=\"https:\/\/www.visit-ulcinj.com\/blog\/wp-content\/uploads\/2010\/12\/Permbytjet-ne-Ane-te-Malit-djetor-2010.5-150x150.jpg\" class=\"attachment-thumbnail size-thumbnail\" alt=\"\" loading=\"lazy\" \/><\/a>\n\t\t\t<\/dt><\/dl><dl class='gallery-item'>\n\t\t\t<dt class='gallery-icon landscape'>\n\t\t\t\t<a href='https:\/\/www.visit-ulcinj.com\/blog\/wp-content\/uploads\/2010\/12\/Permbytjet-ne-Ane-te-Malit-djetor-2010.6.jpg'><img width=\"150\" height=\"150\" src=\"https:\/\/www.visit-ulcinj.com\/blog\/wp-content\/uploads\/2010\/12\/Permbytjet-ne-Ane-te-Malit-djetor-2010.6-150x150.jpg\" class=\"attachment-thumbnail size-thumbnail\" alt=\"\" loading=\"lazy\" \/><\/a>\n\t\t\t<\/dt><\/dl><br style=\"clear: both\" \/><dl class='gallery-item'>\n\t\t\t<dt class='gallery-icon landscape'>\n\t\t\t\t<a href='https:\/\/www.visit-ulcinj.com\/blog\/wp-content\/uploads\/2010\/12\/Permbytjet-ne-Ane-te-Malit-djetor-2010.7.jpg'><img width=\"150\" height=\"150\" src=\"https:\/\/www.visit-ulcinj.com\/blog\/wp-content\/uploads\/2010\/12\/Permbytjet-ne-Ane-te-Malit-djetor-2010.7-150x150.jpg\" class=\"attachment-thumbnail size-thumbnail\" alt=\"\" loading=\"lazy\" \/><\/a>\n\t\t\t<\/dt><\/dl><dl class='gallery-item'>\n\t\t\t<dt class='gallery-icon landscape'>\n\t\t\t\t<a href='https:\/\/www.visit-ulcinj.com\/blog\/wp-content\/uploads\/2010\/12\/Permbytjet-ne-Ane-te-Malit-djetor-2010.jpg'><img width=\"150\" height=\"150\" src=\"https:\/\/www.visit-ulcinj.com\/blog\/wp-content\/uploads\/2010\/12\/Permbytjet-ne-Ane-te-Malit-djetor-2010-150x150.jpg\" class=\"attachment-thumbnail size-thumbnail\" alt=\"\" loading=\"lazy\" \/><\/a>\n\t\t\t<\/dt><\/dl><dl class='gallery-item'>\n\t\t\t<dt class='gallery-icon landscape'>\n\t\t\t\t<a href='https:\/\/www.visit-ulcinj.com\/blog\/wp-content\/uploads\/2010\/12\/zonat-e-p\u00ebrmbytura-n\u00eb-Ulqin.3.jpg'><img width=\"150\" height=\"150\" src=\"https:\/\/www.visit-ulcinj.com\/blog\/wp-content\/uploads\/2010\/12\/zonat-e-p\u00ebrmbytura-n\u00eb-Ulqin.3-150x150.jpg\" class=\"attachment-thumbnail size-thumbnail\" alt=\"\" loading=\"lazy\" \/><\/a>\n\t\t\t<\/dt><\/dl><br style=\"clear: both\" \/>\n\t\t<\/div>\n<br \/>\n<!--YouTube Error: bad URL entered--><\/p>\n","protected":false},"excerpt":{"rendered":"<p>Evakuohen 246 persona nga zonat e p\u00ebrmbytura n\u00eb Ulqin,situat\u00eb e jasht\u00ebzakonshme Nga Hatixhe Nelaj 04.12.2010 Situata n\u00eb Ulqin \u00ebsht\u00eb shum\u00eb e r\u00ebnduar\u00a0 dhe alarmante, dhe \u00e7ka \u00ebsht\u00eb m\u00eb e keqja gjendja \u00ebsht\u00eb duke u p\u00ebrkeq\u00ebsuar nga ora n\u00eb or\u00eb. Evakuimi i banor\u00ebve ka filluar,sipas t\u00eb dh\u00ebnave nga Ministria e Pun\u00ebve t\u00eb Brenshme n\u00eb Ulqin sot [&hellip;]<\/p>\n","protected":false},"author":1,"featured_media":0,"comment_status":"open","ping_status":"closed","sticky":false,"template":"","format":"standard","meta":{"spay_email":"","jetpack_publicize_message":"","jetpack_is_tweetstorm":false,"jetpack_publicize_feature_enabled":true},"categories":[12],"tags":[14351,3505,212,14352,14349,14353,3510,3502,14354,12340,14355,509,16216,16481,14356,3516,14357,3511,16477,3504,14358,3220,16214,5688,14359,3506,3499,14360,14361,3509,16210,16211,14362,14363,3507,14655,3717,3500,1762,4625,3228,14364,4855,13230,3512,16212,11648,95,14365,3227,14366,3513,14348,16478,16479,4642,3514,16476,14367,13203,3501,14368,14369,14370,10472,2083,3231,14371,3617,16202,3508,14372,3503,14373,14374,3515,16487,5589,16215,3498,2800,15160,14375,2088,16480,200,16486,18,16488,16213,14376],"jetpack_publicize_connections":[],"yoast_head":"<!-- This site is optimized with the Yoast SEO plugin v19.1 - https:\/\/yoast.com\/wordpress\/plugins\/seo\/ -->\n<title>N\u00eb Ulqin situat\u00eb e jasht\u00ebzakonshme - Video eskluzive nga Hatixhe Nelaj - Lajme nga Ulqini<\/title>\n<meta name=\"description\" content=\"Evakuohen 246 persona nga zonat e p\u00ebrmbytura n\u00eb Ulqin,situat\u00eb e jasht\u00ebzakonshme Nga Hatixhe Nelaj 04.12.2010 Situata n\u00eb Ulqin \u00ebsht\u00eb shum\u00eb e r\u00ebnduar\u00a0 dhe\" \/>\n<meta name=\"robots\" content=\"index, follow, max-snippet:-1, max-image-preview:large, max-video-preview:-1\" \/>\n<link rel=\"canonical\" href=\"https:\/\/www.visit-ulcinj.com\/blog\/2010\/12\/04\/ne-ulqin-situate-e-jashtezakonshme-video-eskluzive-nga-hatixhe-nelaj\/\" \/>\n<meta property=\"og:locale\" content=\"en_US\" \/>\n<meta property=\"og:type\" content=\"article\" \/>\n<meta property=\"og:title\" content=\"N\u00eb Ulqin situat\u00eb e jasht\u00ebzakonshme - Video eskluzive nga Hatixhe Nelaj - Lajme nga Ulqini\" \/>\n<meta property=\"og:description\" content=\"Evakuohen 246 persona nga zonat e p\u00ebrmbytura n\u00eb Ulqin,situat\u00eb e jasht\u00ebzakonshme Nga Hatixhe Nelaj 04.12.2010 Situata n\u00eb Ulqin \u00ebsht\u00eb shum\u00eb e r\u00ebnduar\u00a0 dhe\" \/>\n<meta property=\"og:url\" content=\"https:\/\/www.visit-ulcinj.com\/blog\/2010\/12\/04\/ne-ulqin-situate-e-jashtezakonshme-video-eskluzive-nga-hatixhe-nelaj\/\" \/>\n<meta property=\"og:site_name\" content=\"Lajme nga Ulqini\" \/>\n<meta property=\"article:published_time\" content=\"2010-12-04T16:54:47+00:00\" \/>\n<meta property=\"article:modified_time\" content=\"2010-12-05T18:09:08+00:00\" \/>\n<meta property=\"og:image\" content=\"https:\/\/www.visit-ulcinj.com\/blog\/wp-content\/uploads\/2010\/12\/Permbytjet-ne-Ane-te-Malit-djetor-2010.1-150x150.jpg\" \/>\n<meta name=\"twitter:label1\" content=\"Written by\" \/>\n\t<meta name=\"twitter:data1\" content=\"ulqini\" \/>\n\t<meta name=\"twitter:label2\" content=\"Est. reading time\" \/>\n\t<meta name=\"twitter:data2\" content=\"2 minutes\" \/>\n<script type=\"application\/ld+json\" class=\"yoast-schema-graph\">{\"@context\":\"https:\/\/schema.org\",\"@graph\":[{\"@type\":\"WebSite\",\"@id\":\"https:\/\/www.visit-ulcinj.com\/blog\/#website\",\"url\":\"https:\/\/www.visit-ulcinj.com\/blog\/\",\"name\":\"Lajme nga Ulqini\",\"description\":\"Lajme,Vijesti,Ulqini,Ulqin,Crna Gora,Mali i Zi\",\"potentialAction\":[{\"@type\":\"SearchAction\",\"target\":{\"@type\":\"EntryPoint\",\"urlTemplate\":\"https:\/\/www.visit-ulcinj.com\/blog\/?s={search_term_string}\"},\"query-input\":\"required name=search_term_string\"}],\"inLanguage\":\"en-US\"},{\"@type\":\"ImageObject\",\"inLanguage\":\"en-US\",\"@id\":\"https:\/\/www.visit-ulcinj.com\/blog\/2010\/12\/04\/ne-ulqin-situate-e-jashtezakonshme-video-eskluzive-nga-hatixhe-nelaj\/#primaryimage\",\"url\":\"https:\/\/www.visit-ulcinj.com\/blog\/wp-content\/uploads\/2010\/12\/Permbytjet-ne-Ane-te-Malit-djetor-2010.1.jpg\",\"contentUrl\":\"https:\/\/www.visit-ulcinj.com\/blog\/wp-content\/uploads\/2010\/12\/Permbytjet-ne-Ane-te-Malit-djetor-2010.1.jpg\",\"width\":\"720\",\"height\":\"540\"},{\"@type\":\"WebPage\",\"@id\":\"https:\/\/www.visit-ulcinj.com\/blog\/2010\/12\/04\/ne-ulqin-situate-e-jashtezakonshme-video-eskluzive-nga-hatixhe-nelaj\/#webpage\",\"url\":\"https:\/\/www.visit-ulcinj.com\/blog\/2010\/12\/04\/ne-ulqin-situate-e-jashtezakonshme-video-eskluzive-nga-hatixhe-nelaj\/\",\"name\":\"N\u00eb Ulqin situat\u00eb e jasht\u00ebzakonshme - Video eskluzive nga Hatixhe Nelaj - Lajme nga Ulqini\",\"isPartOf\":{\"@id\":\"https:\/\/www.visit-ulcinj.com\/blog\/#website\"},\"primaryImageOfPage\":{\"@id\":\"https:\/\/www.visit-ulcinj.com\/blog\/2010\/12\/04\/ne-ulqin-situate-e-jashtezakonshme-video-eskluzive-nga-hatixhe-nelaj\/#primaryimage\"},\"datePublished\":\"2010-12-04T16:54:47+00:00\",\"dateModified\":\"2010-12-05T18:09:08+00:00\",\"author\":{\"@id\":\"https:\/\/www.visit-ulcinj.com\/blog\/#\/schema\/person\/dcab619c614d3038751c63bc2aadc06d\"},\"description\":\"Evakuohen 246 persona nga zonat e p\u00ebrmbytura n\u00eb Ulqin,situat\u00eb e jasht\u00ebzakonshme Nga Hatixhe Nelaj 04.12.2010 Situata n\u00eb Ulqin \u00ebsht\u00eb shum\u00eb e r\u00ebnduar\u00a0 dhe\",\"breadcrumb\":{\"@id\":\"https:\/\/www.visit-ulcinj.com\/blog\/2010\/12\/04\/ne-ulqin-situate-e-jashtezakonshme-video-eskluzive-nga-hatixhe-nelaj\/#breadcrumb\"},\"inLanguage\":\"en-US\",\"potentialAction\":[{\"@type\":\"ReadAction\",\"target\":[\"https:\/\/www.visit-ulcinj.com\/blog\/2010\/12\/04\/ne-ulqin-situate-e-jashtezakonshme-video-eskluzive-nga-hatixhe-nelaj\/\"]}]},{\"@type\":\"BreadcrumbList\",\"@id\":\"https:\/\/www.visit-ulcinj.com\/blog\/2010\/12\/04\/ne-ulqin-situate-e-jashtezakonshme-video-eskluzive-nga-hatixhe-nelaj\/#breadcrumb\",\"itemListElement\":[{\"@type\":\"ListItem\",\"position\":1,\"name\":\"N\u00eb Ulqin situat\u00eb e jasht\u00ebzakonshme &#8211; Video eskluzive nga Hatixhe Nelaj\"}]},{\"@type\":\"Person\",\"@id\":\"https:\/\/www.visit-ulcinj.com\/blog\/#\/schema\/person\/dcab619c614d3038751c63bc2aadc06d\",\"name\":\"ulqini\",\"sameAs\":[\"http:\/\/www.visit-ulcinj.com\"],\"url\":\"https:\/\/www.visit-ulcinj.com\/blog\/author\/admin\/\"}]}<\/script>\n<!-- \/ Yoast SEO plugin. -->","yoast_head_json":{"title":"N\u00eb Ulqin situat\u00eb e jasht\u00ebzakonshme - Video eskluzive nga Hatixhe Nelaj - Lajme nga Ulqini","description":"Evakuohen 246 persona nga zonat e p\u00ebrmbytura n\u00eb Ulqin,situat\u00eb e jasht\u00ebzakonshme Nga Hatixhe Nelaj 04.12.2010 Situata n\u00eb Ulqin \u00ebsht\u00eb shum\u00eb e r\u00ebnduar\u00a0 dhe","robots":{"index":"index","follow":"follow","max-snippet":"max-snippet:-1","max-image-preview":"max-image-preview:large","max-video-preview":"max-video-preview:-1"},"canonical":"https:\/\/www.visit-ulcinj.com\/blog\/2010\/12\/04\/ne-ulqin-situate-e-jashtezakonshme-video-eskluzive-nga-hatixhe-nelaj\/","og_locale":"en_US","og_type":"article","og_title":"N\u00eb Ulqin situat\u00eb e jasht\u00ebzakonshme - Video eskluzive nga Hatixhe Nelaj - Lajme nga Ulqini","og_description":"Evakuohen 246 persona nga zonat e p\u00ebrmbytura n\u00eb Ulqin,situat\u00eb e jasht\u00ebzakonshme Nga Hatixhe Nelaj 04.12.2010 Situata n\u00eb Ulqin \u00ebsht\u00eb shum\u00eb e r\u00ebnduar\u00a0 dhe","og_url":"https:\/\/www.visit-ulcinj.com\/blog\/2010\/12\/04\/ne-ulqin-situate-e-jashtezakonshme-video-eskluzive-nga-hatixhe-nelaj\/","og_site_name":"Lajme nga Ulqini","article_published_time":"2010-12-04T16:54:47+00:00","article_modified_time":"2010-12-05T18:09:08+00:00","og_image":[{"url":"https:\/\/www.visit-ulcinj.com\/blog\/wp-content\/uploads\/2010\/12\/Permbytjet-ne-Ane-te-Malit-djetor-2010.1-150x150.jpg"}],"twitter_misc":{"Written by":"ulqini","Est. reading time":"2 minutes"},"schema":{"@context":"https:\/\/schema.org","@graph":[{"@type":"WebSite","@id":"https:\/\/www.visit-ulcinj.com\/blog\/#website","url":"https:\/\/www.visit-ulcinj.com\/blog\/","name":"Lajme nga Ulqini","description":"Lajme,Vijesti,Ulqini,Ulqin,Crna Gora,Mali i Zi","potentialAction":[{"@type":"SearchAction","target":{"@type":"EntryPoint","urlTemplate":"https:\/\/www.visit-ulcinj.com\/blog\/?s={search_term_string}"},"query-input":"required name=search_term_string"}],"inLanguage":"en-US"},{"@type":"ImageObject","inLanguage":"en-US","@id":"https:\/\/www.visit-ulcinj.com\/blog\/2010\/12\/04\/ne-ulqin-situate-e-jashtezakonshme-video-eskluzive-nga-hatixhe-nelaj\/#primaryimage","url":"https:\/\/www.visit-ulcinj.com\/blog\/wp-content\/uploads\/2010\/12\/Permbytjet-ne-Ane-te-Malit-djetor-2010.1.jpg","contentUrl":"https:\/\/www.visit-ulcinj.com\/blog\/wp-content\/uploads\/2010\/12\/Permbytjet-ne-Ane-te-Malit-djetor-2010.1.jpg","width":"720","height":"540"},{"@type":"WebPage","@id":"https:\/\/www.visit-ulcinj.com\/blog\/2010\/12\/04\/ne-ulqin-situate-e-jashtezakonshme-video-eskluzive-nga-hatixhe-nelaj\/#webpage","url":"https:\/\/www.visit-ulcinj.com\/blog\/2010\/12\/04\/ne-ulqin-situate-e-jashtezakonshme-video-eskluzive-nga-hatixhe-nelaj\/","name":"N\u00eb Ulqin situat\u00eb e jasht\u00ebzakonshme - Video eskluzive nga Hatixhe Nelaj - Lajme nga Ulqini","isPartOf":{"@id":"https:\/\/www.visit-ulcinj.com\/blog\/#website"},"primaryImageOfPage":{"@id":"https:\/\/www.visit-ulcinj.com\/blog\/2010\/12\/04\/ne-ulqin-situate-e-jashtezakonshme-video-eskluzive-nga-hatixhe-nelaj\/#primaryimage"},"datePublished":"2010-12-04T16:54:47+00:00","dateModified":"2010-12-05T18:09:08+00:00","author":{"@id":"https:\/\/www.visit-ulcinj.com\/blog\/#\/schema\/person\/dcab619c614d3038751c63bc2aadc06d"},"description":"Evakuohen 246 persona nga zonat e p\u00ebrmbytura n\u00eb Ulqin,situat\u00eb e jasht\u00ebzakonshme Nga Hatixhe Nelaj 04.12.2010 Situata n\u00eb Ulqin \u00ebsht\u00eb shum\u00eb e r\u00ebnduar\u00a0 dhe","breadcrumb":{"@id":"https:\/\/www.visit-ulcinj.com\/blog\/2010\/12\/04\/ne-ulqin-situate-e-jashtezakonshme-video-eskluzive-nga-hatixhe-nelaj\/#breadcrumb"},"inLanguage":"en-US","potentialAction":[{"@type":"ReadAction","target":["https:\/\/www.visit-ulcinj.com\/blog\/2010\/12\/04\/ne-ulqin-situate-e-jashtezakonshme-video-eskluzive-nga-hatixhe-nelaj\/"]}]},{"@type":"BreadcrumbList","@id":"https:\/\/www.visit-ulcinj.com\/blog\/2010\/12\/04\/ne-ulqin-situate-e-jashtezakonshme-video-eskluzive-nga-hatixhe-nelaj\/#breadcrumb","itemListElement":[{"@type":"ListItem","position":1,"name":"N\u00eb Ulqin situat\u00eb e jasht\u00ebzakonshme &#8211; Video eskluzive nga Hatixhe Nelaj"}]},{"@type":"Person","@id":"https:\/\/www.visit-ulcinj.com\/blog\/#\/schema\/person\/dcab619c614d3038751c63bc2aadc06d","name":"ulqini","sameAs":["http:\/\/www.visit-ulcinj.com"],"url":"https:\/\/www.visit-ulcinj.com\/blog\/author\/admin\/"}]}},"jetpack_featured_media_url":"","jetpack_sharing_enabled":true,"jetpack_shortlink":"https:\/\/wp.me\/pe6lTn-ay5","_links":{"self":[{"href":"https:\/\/www.visit-ulcinj.com\/blog\/wp-json\/wp\/v2\/posts\/40553"}],"collection":[{"href":"https:\/\/www.visit-ulcinj.com\/blog\/wp-json\/wp\/v2\/posts"}],"about":[{"href":"https:\/\/www.visit-ulcinj.com\/blog\/wp-json\/wp\/v2\/types\/post"}],"author":[{"embeddable":true,"href":"https:\/\/www.visit-ulcinj.com\/blog\/wp-json\/wp\/v2\/users\/1"}],"replies":[{"embeddable":true,"href":"https:\/\/www.visit-ulcinj.com\/blog\/wp-json\/wp\/v2\/comments?post=40553"}],"version-history":[{"count":0,"href":"https:\/\/www.visit-ulcinj.com\/blog\/wp-json\/wp\/v2\/posts\/40553\/revisions"}],"wp:attachment":[{"href":"https:\/\/www.visit-ulcinj.com\/blog\/wp-json\/wp\/v2\/media?parent=40553"}],"wp:term":[{"taxonomy":"category","embeddable":true,"href":"https:\/\/www.visit-ulcinj.com\/blog\/wp-json\/wp\/v2\/categories?post=40553"},{"taxonomy":"post_tag","embeddable":true,"href":"https:\/\/www.visit-ulcinj.com\/blog\/wp-json\/wp\/v2\/tags?post=40553"}],"curies":[{"name":"wp","href":"https:\/\/api.w.org\/{rel}","templated":true}]}}