{"id":40568,"date":"2010-12-04T18:53:21","date_gmt":"2010-12-04T17:53:21","guid":{"rendered":"http:\/\/www.visit-ulcinj.com\/blog\/?p=40568"},"modified":"2010-12-04T18:56:42","modified_gmt":"2010-12-04T17:56:42","slug":"permbytjet-mali-i-zi-i-kerkon-ndihme-nato-s","status":"publish","type":"post","link":"https:\/\/www.visit-ulcinj.com\/blog\/2010\/12\/04\/permbytjet-mali-i-zi-i-kerkon-ndihme-nato-s\/","title":{"rendered":"P\u00ebrmbytjet, Mali i Zi i k\u00ebrkon ndihm\u00eb NATO-s &#8211; Video"},"content":{"rendered":"<p><strong><a href=\"http:\/\/www.visit-ulcinj.com\/blog\/wp-content\/uploads\/2010\/12\/zonat-e-p\u00ebrmbytura-n\u00eb-Ulqin.31.jpg\"><img loading=\"lazy\" class=\"alignleft size-full wp-image-40569\" title=\"zonat e p\u00ebrmbytura n\u00eb Ulqin.3\" src=\"http:\/\/www.visit-ulcinj.com\/blog\/wp-content\/uploads\/2010\/12\/zonat-e-p\u00ebrmbytura-n\u00eb-Ulqin.31.jpg\" alt=\"\" width=\"490\" height=\"380\" \/><\/a>PODGORIC\u00cb-<\/strong> Reshjet e dendura t\u00eb shirave q\u00eb po regjistrohen prej disa dit\u00ebsh n\u00eb rajonin e Ballkanit kan\u00eb shkaktuar p\u00ebrmbytje n\u00eb shum\u00eb rajone t\u00eb Malit t\u00eb Zi, q\u00eb sot k\u00ebrkoi ndihm\u00eb nga NATO.<\/p>\n<p>Nj\u00ebmb\u00ebdhjet\u00eb prej 21 provincave t\u00eb vendit ish-jugosllav p\u00ebrfshir\u00eb nga nj\u00eb val\u00eb e konsiderueshme uji e shkaktuar nga shtimi i nivelit t\u00eb t\u00eb gjith\u00eb lumenjve. Rreth 1 mij\u00eb persona jan\u00eb detyruar t\u00eb braktisin banesat e tyre nga disa lokalitete t\u00eb Malit t\u00eb Zi, ku jan\u00eb t\u00eb shumta rrug\u00ebt p\u00ebrmbytura.<\/p>\n<p>Ministria e Mbrojtjes n\u00eb Podgoric\u00eb ka k\u00ebrkuar ndihm\u00eb nga NATO, p\u00ebr mjete ujore dhe materiale t\u00eb nevojshme jetese p\u00ebr popullsin\u00eb e evakuar. Nd\u00ebrkoh\u00eb q\u00eb vazhdojn\u00eb reshjet e shirave, me temperatura ende tep\u00ebr t\u00eb larta p\u00ebr stin\u00ebn aktuale, n\u00eb Podgoric\u00eb sot temperaturat arrit\u00ebn 20 grad\u00eb Celsius.<br \/>\n<strong>(m.a\/ansa\/BalkanWeb)<br \/>\n[flv width=&#8221;490&#8243; height=&#8221;380&#8243;]http:\/\/rtvin.me\/flv\/03_11_post_vojska.flv[\/flv]<\/strong><\/p>\n","protected":false},"excerpt":{"rendered":"<p>PODGORIC\u00cb- Reshjet e dendura t\u00eb shirave q\u00eb po regjistrohen prej disa dit\u00ebsh n\u00eb rajonin e Ballkanit kan\u00eb shkaktuar p\u00ebrmbytje n\u00eb shum\u00eb rajone t\u00eb Malit t\u00eb Zi, q\u00eb sot k\u00ebrkoi ndihm\u00eb nga NATO. Nj\u00ebmb\u00ebdhjet\u00eb prej 21 provincave t\u00eb vendit ish-jugosllav p\u00ebrfshir\u00eb nga nj\u00eb val\u00eb e konsiderueshme uji e shkaktuar nga shtimi i nivelit t\u00eb t\u00eb gjith\u00eb [&hellip;]<\/p>\n","protected":false},"author":1,"featured_media":0,"comment_status":"open","ping_status":"closed","sticky":false,"template":"","format":"standard","meta":{"spay_email":"","jetpack_publicize_message":"","jetpack_is_tweetstorm":false,"jetpack_publicize_feature_enabled":true},"categories":[14],"tags":[95,15931,200],"jetpack_publicize_connections":[],"yoast_head":"<!-- This site is optimized with the Yoast SEO plugin v19.1 - https:\/\/yoast.com\/wordpress\/plugins\/seo\/ -->\n<title>P\u00ebrmbytjet, Mali i Zi i k\u00ebrkon ndihm\u00eb NATO-s - Video - Lajme nga Ulqini<\/title>\n<meta name=\"description\" content=\"PODGORIC\u00cb- Reshjet e dendura t\u00eb shirave q\u00eb po regjistrohen prej disa dit\u00ebsh n\u00eb rajonin e Ballkanit kan\u00eb shkaktuar p\u00ebrmbytje n\u00eb shum\u00eb rajone t\u00eb Malit t\u00eb\" \/>\n<meta name=\"robots\" content=\"index, follow, max-snippet:-1, max-image-preview:large, max-video-preview:-1\" \/>\n<link rel=\"canonical\" href=\"https:\/\/www.visit-ulcinj.com\/blog\/2010\/12\/04\/permbytjet-mali-i-zi-i-kerkon-ndihme-nato-s\/\" \/>\n<meta property=\"og:locale\" content=\"en_US\" \/>\n<meta property=\"og:type\" content=\"article\" \/>\n<meta property=\"og:title\" content=\"P\u00ebrmbytjet, Mali i Zi i k\u00ebrkon ndihm\u00eb NATO-s - Video - Lajme nga Ulqini\" \/>\n<meta property=\"og:description\" content=\"PODGORIC\u00cb- Reshjet e dendura t\u00eb shirave q\u00eb po regjistrohen prej disa dit\u00ebsh n\u00eb rajonin e Ballkanit kan\u00eb shkaktuar p\u00ebrmbytje n\u00eb shum\u00eb rajone t\u00eb Malit t\u00eb\" \/>\n<meta property=\"og:url\" content=\"https:\/\/www.visit-ulcinj.com\/blog\/2010\/12\/04\/permbytjet-mali-i-zi-i-kerkon-ndihme-nato-s\/\" \/>\n<meta property=\"og:site_name\" content=\"Lajme nga Ulqini\" \/>\n<meta property=\"article:published_time\" content=\"2010-12-04T17:53:21+00:00\" \/>\n<meta property=\"article:modified_time\" content=\"2010-12-04T17:56:42+00:00\" \/>\n<meta name=\"twitter:label1\" content=\"Written by\" \/>\n\t<meta name=\"twitter:data1\" content=\"ulqini\" \/>\n\t<meta name=\"twitter:label2\" content=\"Est. reading time\" \/>\n\t<meta name=\"twitter:data2\" content=\"1 minute\" \/>\n<script type=\"application\/ld+json\" class=\"yoast-schema-graph\">{\"@context\":\"https:\/\/schema.org\",\"@graph\":[{\"@type\":\"WebSite\",\"@id\":\"https:\/\/www.visit-ulcinj.com\/blog\/#website\",\"url\":\"https:\/\/www.visit-ulcinj.com\/blog\/\",\"name\":\"Lajme nga Ulqini\",\"description\":\"Lajme,Vijesti,Ulqini,Ulqin,Crna Gora,Mali i Zi\",\"potentialAction\":[{\"@type\":\"SearchAction\",\"target\":{\"@type\":\"EntryPoint\",\"urlTemplate\":\"https:\/\/www.visit-ulcinj.com\/blog\/?s={search_term_string}\"},\"query-input\":\"required name=search_term_string\"}],\"inLanguage\":\"en-US\"},{\"@type\":\"WebPage\",\"@id\":\"https:\/\/www.visit-ulcinj.com\/blog\/2010\/12\/04\/permbytjet-mali-i-zi-i-kerkon-ndihme-nato-s\/#webpage\",\"url\":\"https:\/\/www.visit-ulcinj.com\/blog\/2010\/12\/04\/permbytjet-mali-i-zi-i-kerkon-ndihme-nato-s\/\",\"name\":\"P\u00ebrmbytjet, Mali i Zi i k\u00ebrkon ndihm\u00eb NATO-s - Video - Lajme nga Ulqini\",\"isPartOf\":{\"@id\":\"https:\/\/www.visit-ulcinj.com\/blog\/#website\"},\"datePublished\":\"2010-12-04T17:53:21+00:00\",\"dateModified\":\"2010-12-04T17:56:42+00:00\",\"author\":{\"@id\":\"https:\/\/www.visit-ulcinj.com\/blog\/#\/schema\/person\/dcab619c614d3038751c63bc2aadc06d\"},\"description\":\"PODGORIC\u00cb- Reshjet e dendura t\u00eb shirave q\u00eb po regjistrohen prej disa dit\u00ebsh n\u00eb rajonin e Ballkanit kan\u00eb shkaktuar p\u00ebrmbytje n\u00eb shum\u00eb rajone t\u00eb Malit t\u00eb\",\"breadcrumb\":{\"@id\":\"https:\/\/www.visit-ulcinj.com\/blog\/2010\/12\/04\/permbytjet-mali-i-zi-i-kerkon-ndihme-nato-s\/#breadcrumb\"},\"inLanguage\":\"en-US\",\"potentialAction\":[{\"@type\":\"ReadAction\",\"target\":[\"https:\/\/www.visit-ulcinj.com\/blog\/2010\/12\/04\/permbytjet-mali-i-zi-i-kerkon-ndihme-nato-s\/\"]}]},{\"@type\":\"BreadcrumbList\",\"@id\":\"https:\/\/www.visit-ulcinj.com\/blog\/2010\/12\/04\/permbytjet-mali-i-zi-i-kerkon-ndihme-nato-s\/#breadcrumb\",\"itemListElement\":[{\"@type\":\"ListItem\",\"position\":1,\"name\":\"P\u00ebrmbytjet, Mali i Zi i k\u00ebrkon ndihm\u00eb NATO-s &#8211; Video\"}]},{\"@type\":\"Person\",\"@id\":\"https:\/\/www.visit-ulcinj.com\/blog\/#\/schema\/person\/dcab619c614d3038751c63bc2aadc06d\",\"name\":\"ulqini\",\"sameAs\":[\"http:\/\/www.visit-ulcinj.com\"],\"url\":\"https:\/\/www.visit-ulcinj.com\/blog\/author\/admin\/\"}]}<\/script>\n<!-- \/ Yoast SEO plugin. -->","yoast_head_json":{"title":"P\u00ebrmbytjet, Mali i Zi i k\u00ebrkon ndihm\u00eb NATO-s - Video - Lajme nga Ulqini","description":"PODGORIC\u00cb- Reshjet e dendura t\u00eb shirave q\u00eb po regjistrohen prej disa dit\u00ebsh n\u00eb rajonin e Ballkanit kan\u00eb shkaktuar p\u00ebrmbytje n\u00eb shum\u00eb rajone t\u00eb Malit t\u00eb","robots":{"index":"index","follow":"follow","max-snippet":"max-snippet:-1","max-image-preview":"max-image-preview:large","max-video-preview":"max-video-preview:-1"},"canonical":"https:\/\/www.visit-ulcinj.com\/blog\/2010\/12\/04\/permbytjet-mali-i-zi-i-kerkon-ndihme-nato-s\/","og_locale":"en_US","og_type":"article","og_title":"P\u00ebrmbytjet, Mali i Zi i k\u00ebrkon ndihm\u00eb NATO-s - Video - Lajme nga Ulqini","og_description":"PODGORIC\u00cb- Reshjet e dendura t\u00eb shirave q\u00eb po regjistrohen prej disa dit\u00ebsh n\u00eb rajonin e Ballkanit kan\u00eb shkaktuar p\u00ebrmbytje n\u00eb shum\u00eb rajone t\u00eb Malit t\u00eb","og_url":"https:\/\/www.visit-ulcinj.com\/blog\/2010\/12\/04\/permbytjet-mali-i-zi-i-kerkon-ndihme-nato-s\/","og_site_name":"Lajme nga Ulqini","article_published_time":"2010-12-04T17:53:21+00:00","article_modified_time":"2010-12-04T17:56:42+00:00","twitter_misc":{"Written by":"ulqini","Est. reading time":"1 minute"},"schema":{"@context":"https:\/\/schema.org","@graph":[{"@type":"WebSite","@id":"https:\/\/www.visit-ulcinj.com\/blog\/#website","url":"https:\/\/www.visit-ulcinj.com\/blog\/","name":"Lajme nga Ulqini","description":"Lajme,Vijesti,Ulqini,Ulqin,Crna Gora,Mali i Zi","potentialAction":[{"@type":"SearchAction","target":{"@type":"EntryPoint","urlTemplate":"https:\/\/www.visit-ulcinj.com\/blog\/?s={search_term_string}"},"query-input":"required name=search_term_string"}],"inLanguage":"en-US"},{"@type":"WebPage","@id":"https:\/\/www.visit-ulcinj.com\/blog\/2010\/12\/04\/permbytjet-mali-i-zi-i-kerkon-ndihme-nato-s\/#webpage","url":"https:\/\/www.visit-ulcinj.com\/blog\/2010\/12\/04\/permbytjet-mali-i-zi-i-kerkon-ndihme-nato-s\/","name":"P\u00ebrmbytjet, Mali i Zi i k\u00ebrkon ndihm\u00eb NATO-s - Video - Lajme nga Ulqini","isPartOf":{"@id":"https:\/\/www.visit-ulcinj.com\/blog\/#website"},"datePublished":"2010-12-04T17:53:21+00:00","dateModified":"2010-12-04T17:56:42+00:00","author":{"@id":"https:\/\/www.visit-ulcinj.com\/blog\/#\/schema\/person\/dcab619c614d3038751c63bc2aadc06d"},"description":"PODGORIC\u00cb- Reshjet e dendura t\u00eb shirave q\u00eb po regjistrohen prej disa dit\u00ebsh n\u00eb rajonin e Ballkanit kan\u00eb shkaktuar p\u00ebrmbytje n\u00eb shum\u00eb rajone t\u00eb Malit t\u00eb","breadcrumb":{"@id":"https:\/\/www.visit-ulcinj.com\/blog\/2010\/12\/04\/permbytjet-mali-i-zi-i-kerkon-ndihme-nato-s\/#breadcrumb"},"inLanguage":"en-US","potentialAction":[{"@type":"ReadAction","target":["https:\/\/www.visit-ulcinj.com\/blog\/2010\/12\/04\/permbytjet-mali-i-zi-i-kerkon-ndihme-nato-s\/"]}]},{"@type":"BreadcrumbList","@id":"https:\/\/www.visit-ulcinj.com\/blog\/2010\/12\/04\/permbytjet-mali-i-zi-i-kerkon-ndihme-nato-s\/#breadcrumb","itemListElement":[{"@type":"ListItem","position":1,"name":"P\u00ebrmbytjet, Mali i Zi i k\u00ebrkon ndihm\u00eb NATO-s &#8211; Video"}]},{"@type":"Person","@id":"https:\/\/www.visit-ulcinj.com\/blog\/#\/schema\/person\/dcab619c614d3038751c63bc2aadc06d","name":"ulqini","sameAs":["http:\/\/www.visit-ulcinj.com"],"url":"https:\/\/www.visit-ulcinj.com\/blog\/author\/admin\/"}]}},"jetpack_featured_media_url":"","jetpack_sharing_enabled":true,"jetpack_shortlink":"https:\/\/wp.me\/pe6lTn-ayk","_links":{"self":[{"href":"https:\/\/www.visit-ulcinj.com\/blog\/wp-json\/wp\/v2\/posts\/40568"}],"collection":[{"href":"https:\/\/www.visit-ulcinj.com\/blog\/wp-json\/wp\/v2\/posts"}],"about":[{"href":"https:\/\/www.visit-ulcinj.com\/blog\/wp-json\/wp\/v2\/types\/post"}],"author":[{"embeddable":true,"href":"https:\/\/www.visit-ulcinj.com\/blog\/wp-json\/wp\/v2\/users\/1"}],"replies":[{"embeddable":true,"href":"https:\/\/www.visit-ulcinj.com\/blog\/wp-json\/wp\/v2\/comments?post=40568"}],"version-history":[{"count":0,"href":"https:\/\/www.visit-ulcinj.com\/blog\/wp-json\/wp\/v2\/posts\/40568\/revisions"}],"wp:attachment":[{"href":"https:\/\/www.visit-ulcinj.com\/blog\/wp-json\/wp\/v2\/media?parent=40568"}],"wp:term":[{"taxonomy":"category","embeddable":true,"href":"https:\/\/www.visit-ulcinj.com\/blog\/wp-json\/wp\/v2\/categories?post=40568"},{"taxonomy":"post_tag","embeddable":true,"href":"https:\/\/www.visit-ulcinj.com\/blog\/wp-json\/wp\/v2\/tags?post=40568"}],"curies":[{"name":"wp","href":"https:\/\/api.w.org\/{rel}","templated":true}]}}