{"id":40573,"date":"2010-12-05T08:11:13","date_gmt":"2010-12-05T07:11:13","guid":{"rendered":"http:\/\/www.visit-ulcinj.com\/blog\/?p=40573"},"modified":"2010-12-05T19:08:33","modified_gmt":"2010-12-05T18:08:33","slug":"permbytjet-ne-katunde-e-komunes-se-ulqinit-e-tuzit-video","status":"publish","type":"post","link":"https:\/\/www.visit-ulcinj.com\/blog\/2010\/12\/05\/permbytjet-ne-katunde-e-komunes-se-ulqinit-e-tuzit-video\/","title":{"rendered":"P\u00ebrmbytjet n\u00eb katunde e komun\u00ebs s\u00eb Ulqinit e Tuzit &#8211; Video"},"content":{"rendered":"<p><a href=\"http:\/\/www.visit-ulcinj.com\/blog\/wp-content\/uploads\/2010\/12\/Zonat-e-p\u00ebrmbytura-n\u00eb-Ulqin.jpg\"><img loading=\"lazy\" class=\"alignleft size-full wp-image-40574\" title=\"Zonat e p\u00ebrmbytura n\u00eb Ulqin,Amull, Amulli, ana malit, Bijela Gora, BLerim Marshiqi, Bojk\u00eb, Bojku, Brajsha, Brajshe, bratic\u00eb, Briska e Ep\u00ebrme, buna, \u00c7apraj, daj\u00e7i, Darza, Dodaj, Dragaj (Dragina), Dragina, FAMILJET, Fraskanjeli, Fraskanjell, gezim salaj, Gjonzaj, Hatixhe Nelaj, Kaliman, Kalimani, Katerkolla, Klezna e Ep\u00ebrme, Klezna e Poshtme, Kllezna, Kllezna e Nalt, Kllezna e Poshtme, Kod\u00ebr, Kolonza, Kosiq, Kosiqi, KRAVAR, Kravari, kru\u00e7, Krute, krytha, Kryth\u00eb, liqeni shkodres, Lisna Bora, Lisna Bore, Lulejt, Lumi Buna, Mali i Zi, Megjreqi, milla, Mill\u00eb, Muriqani, Muzafer Koliqi, NDIHMO, NDIHMONI, new york, Oblika, Perbytjet ne Ane te Maliulqin, Pistull, popllava, Rashtisha, Rastish, Re\u00e7, Sal\u00e7, Selita, Shas, Shasi, Sh\u00ebngjergj, shkodra, shoqata shqiptaro amerikane \u201cAna e Malit\u201d, Shtegvasha, Shtodh\u00ebr, Shtodri, Shtoj i Ep\u00ebrm, Shtoj i Posht\u00ebm, Shtufi, Situata n\u00eb Ulqin, SOS, Sukobina, Sukubina, Sukubin\u00eb, Suma, Sutjell, TV Teuta, UJI, ulqin, Ulqin situat\u00eb e jasht\u00ebzakonshme, ulqini, Video eskluzive, Zenelejt, Zogaj\" src=\"http:\/\/www.visit-ulcinj.com\/blog\/wp-content\/uploads\/2010\/12\/Zonat-e-p\u00ebrmbytura-n\u00eb-Ulqin.jpg\" alt=\"\" width=\"490\" height=\"380\" \/><\/a>Ulqin, 4 dhjetor &#8211; Niveli i ujit n\u00eb liqenin e Shkodr\u00ebs, e me k\u00ebt\u00eb edhe n\u00eb lumin Buna vazhdon t\u00eb rritet, jeta n\u00eb zonat e p\u00ebrmbytura po b\u00ebhet gjithnj\u00eb e m\u00eb kritike n\u00eb Ulqin edhe n\u00eb Tuz.<br \/>\nFshatrat m\u00eb t\u00eb rrezikuara n\u00eb territorin e komun\u00ebs s\u00eb Ulqinit jan\u00eb at\u00eb pran\u00eb lumit Buna n\u00eb zon\u00ebn e An\u00ebs s\u00eb Malit, mbi t\u00eb gjitha n\u00eb Bore, Shtod\u00ebr, Freskanjel, Re\u00e7, Sh\u00ebngjergj, dhe pjesa fushore e Sukubin\u00ebs, ku vazhdon t\u00eb jet\u00eb i mbyllur vendkalimi kufitar me Shkodr\u00ebn.<br \/>\nZaim Osmani nga brezi m\u00eb i prekur nga p\u00ebrmbytjet n\u00eb An\u00eb t\u00eb Malit thot\u00eb se stihia e ujit ka hyr\u00eb n\u00ebp\u00ebr sht\u00ebpi, n\u00ebn serrat bujq\u00ebsore nga banor\u00ebt sigurojn\u00eb ekzistenc\u00ebn, dhe \u00e7do e mir\u00eb ekonomike \u00ebsht\u00eb asgj\u00ebsuar.<br \/>\nNga vendbanimet m\u00eb kritike jan\u00eb evakuuar t\u00eb moshuarit, f\u00ebmij\u00ebt dhe bag\u00ebtit\u00eb, raporton KosovaLive. L\u00ebvizja b\u00ebhet vet\u00ebm me varka. Banor\u00ebt e rrezikuar, p\u00ebrve\u00e7 ndihmave n\u00eb artikuj ushqimor\u00eb p\u00ebr njer\u00ebz dhe bag\u00ebti, dhe ata apelojn\u00eb t\u2019u d\u00ebrgohen \u00e7izme, t\u00eb cil\u00ebt tashm\u00eb, jo vet\u00ebm n\u00eb tregun e Ulqinit, por n\u00eb mbar\u00eb Malin e Zi jan\u00eb b\u00ebr\u00eb malli m\u00eb i k\u00ebrkuar.<br \/>\nShefi i Partis\u00eb Demokratike t\u00eb Socialist\u00ebve t\u00eb Milo Djukanoviqit, Luigj Shkreli, deputet i k\u00ebsaj partie n\u00eb Parlamentin malazias, jeton nja 300 m larg nivelit t\u00eb lumit Buna.<br \/>\n\u201cT\u00eb gjith\u00eb duhet t\u00eb kontribuojm\u00eb p\u00ebr ta tejkaluar k\u00ebt\u00eb fatkeq\u00ebsi natyrore. N\u00eb k\u00ebt\u00eb gjendje, duhet t\u00eb nd\u00ebrhyj\u00eb shteti,\u201d shton ai.<br \/>\nPor bashk\u00ebfshatar\u00ebt e tij, t\u00eb v\u00ebllaz\u00ebrive Hoti, Sel\u00e7anin dhe Elezaj, thon\u00eb se po p\u00ebrjetojn\u00eb nj\u00eb gjendje shum\u00eb dramatike duke luftuar me stihin\u00eb e ujit. Ata ankohen se askush nuk \u00ebsht\u00eb solidarizuar me ta, duke apostrofuar k\u00ebtu pun\u00ebtor\u00ebt e Nd\u00ebrmarrjes Publike Komunale, t\u00eb cil\u00ebt posa p\u00ebrfunduan orarin e pun\u00ebs, nuk vazhduan t\u00eb evitojn\u00eb rrezikun potencial t\u00eb p\u00ebrmbytjeve t\u00eb t\u00eb gjitha zonave t\u00eb Shtojit dhe t\u00eb Plazhit t\u00eb Madh.<br \/>\nEdhe kryetari i komun\u00ebs urbane t\u00eb Tuzit, Nikoll\u00eb Gegaj njofton opinionin se edhe atje situata \u00ebsht\u00eb shum\u00eb alarmante n\u00eb katundet pran\u00eb liqenit t\u00eb Shkodr\u00ebs, si n\u00eb Narhelm, Sukruq, Kod\u00ebr Budan.<\/p>\n<p><strong>KOHA NET<br \/>\n\n\t\t<style type=\"text\/css\">\n\t\t\t#gallery-1 {\n\t\t\t\tmargin: auto;\n\t\t\t}\n\t\t\t#gallery-1 .gallery-item {\n\t\t\t\tfloat: left;\n\t\t\t\tmargin-top: 10px;\n\t\t\t\ttext-align: center;\n\t\t\t\twidth: 33%;\n\t\t\t}\n\t\t\t#gallery-1 img {\n\t\t\t\tborder: 2px solid #cfcfcf;\n\t\t\t}\n\t\t\t#gallery-1 .gallery-caption {\n\t\t\t\tmargin-left: 0;\n\t\t\t}\n\t\t\t\/* see gallery_shortcode() in wp-includes\/media.php *\/\n\t\t<\/style>\n\t\t<div id='gallery-1' class='gallery galleryid-40573 gallery-columns-3 gallery-size-thumbnail'><dl class='gallery-item'>\n\t\t\t<dt class='gallery-icon landscape'>\n\t\t\t\t<a href='https:\/\/www.visit-ulcinj.com\/blog\/wp-content\/uploads\/2010\/12\/Zonat-e-p\u00ebrmbytura-n\u00eb-Ulqin.jpg'><img width=\"150\" height=\"150\" src=\"https:\/\/www.visit-ulcinj.com\/blog\/wp-content\/uploads\/2010\/12\/Zonat-e-p\u00ebrmbytura-n\u00eb-Ulqin-150x150.jpg\" class=\"attachment-thumbnail size-thumbnail\" alt=\"\" loading=\"lazy\" \/><\/a>\n\t\t\t<\/dt><\/dl><dl class='gallery-item'>\n\t\t\t<dt class='gallery-icon landscape'>\n\t\t\t\t<a href='https:\/\/www.visit-ulcinj.com\/blog\/wp-content\/uploads\/2010\/12\/Permbytjet-ne-Ane-te-Malit-djetor-2010.31.jpg'><img width=\"150\" height=\"150\" src=\"https:\/\/www.visit-ulcinj.com\/blog\/wp-content\/uploads\/2010\/12\/Permbytjet-ne-Ane-te-Malit-djetor-2010.31-150x150.jpg\" class=\"attachment-thumbnail size-thumbnail\" alt=\"\" loading=\"lazy\" \/><\/a>\n\t\t\t<\/dt><\/dl><dl class='gallery-item'>\n\t\t\t<dt class='gallery-icon landscape'>\n\t\t\t\t<a href='https:\/\/www.visit-ulcinj.com\/blog\/wp-content\/uploads\/2010\/12\/Permbytjet-ne-Ane-te-Malit-djetor-2010.51.jpg'><img width=\"150\" height=\"150\" src=\"https:\/\/www.visit-ulcinj.com\/blog\/wp-content\/uploads\/2010\/12\/Permbytjet-ne-Ane-te-Malit-djetor-2010.51-150x150.jpg\" class=\"attachment-thumbnail size-thumbnail\" alt=\"\" loading=\"lazy\" \/><\/a>\n\t\t\t<\/dt><\/dl><br style=\"clear: both\" \/><dl class='gallery-item'>\n\t\t\t<dt class='gallery-icon landscape'>\n\t\t\t\t<a href='https:\/\/www.visit-ulcinj.com\/blog\/wp-content\/uploads\/2010\/12\/zonat-e-p\u00ebrmbytura-n\u00eb-Ulqin.7.jpg'><img width=\"150\" height=\"150\" src=\"https:\/\/www.visit-ulcinj.com\/blog\/wp-content\/uploads\/2010\/12\/zonat-e-p\u00ebrmbytura-n\u00eb-Ulqin.7-150x150.jpg\" class=\"attachment-thumbnail size-thumbnail\" alt=\"\" loading=\"lazy\" \/><\/a>\n\t\t\t<\/dt><\/dl><dl class='gallery-item'>\n\t\t\t<dt class='gallery-icon portrait'>\n\t\t\t\t<a href='https:\/\/www.visit-ulcinj.com\/blog\/wp-content\/uploads\/2010\/12\/zonat-e-p\u00ebrmbytura-n\u00eb-Ulqin.5.jpg'><img width=\"150\" height=\"150\" src=\"https:\/\/www.visit-ulcinj.com\/blog\/wp-content\/uploads\/2010\/12\/zonat-e-p\u00ebrmbytura-n\u00eb-Ulqin.5-150x150.jpg\" class=\"attachment-thumbnail size-thumbnail\" alt=\"\" loading=\"lazy\" \/><\/a>\n\t\t\t<\/dt><\/dl><dl class='gallery-item'>\n\t\t\t<dt class='gallery-icon landscape'>\n\t\t\t\t<a href='https:\/\/www.visit-ulcinj.com\/blog\/wp-content\/uploads\/2010\/12\/zonat-e-p\u00ebrmbytura-n\u00eb-Ulqin.6.jpg'><img width=\"150\" height=\"150\" src=\"https:\/\/www.visit-ulcinj.com\/blog\/wp-content\/uploads\/2010\/12\/zonat-e-p\u00ebrmbytura-n\u00eb-Ulqin.6-150x150.jpg\" class=\"attachment-thumbnail size-thumbnail\" alt=\"\" loading=\"lazy\" \/><\/a>\n\t\t\t<\/dt><\/dl><br style=\"clear: both\" \/><dl class='gallery-item'>\n\t\t\t<dt class='gallery-icon landscape'>\n\t\t\t\t<a href='https:\/\/www.visit-ulcinj.com\/blog\/wp-content\/uploads\/2010\/12\/Kisha-e-Shen-GJERGJIT_komuna-Ulqin.jpg'><img width=\"150\" height=\"150\" src=\"https:\/\/www.visit-ulcinj.com\/blog\/wp-content\/uploads\/2010\/12\/Kisha-e-Shen-GJERGJIT_komuna-Ulqin-150x150.jpg\" class=\"attachment-thumbnail size-thumbnail\" alt=\"\" loading=\"lazy\" \/><\/a>\n\t\t\t<\/dt><\/dl><dl class='gallery-item'>\n\t\t\t<dt class='gallery-icon landscape'>\n\t\t\t\t<a href='https:\/\/www.visit-ulcinj.com\/blog\/wp-content\/uploads\/2010\/12\/Kisha-e-Shen-GJERGJIT_komuna-Ulqin.2.jpg'><img width=\"150\" height=\"150\" src=\"https:\/\/www.visit-ulcinj.com\/blog\/wp-content\/uploads\/2010\/12\/Kisha-e-Shen-GJERGJIT_komuna-Ulqin.2-150x150.jpg\" class=\"attachment-thumbnail size-thumbnail\" alt=\"\" loading=\"lazy\" \/><\/a>\n\t\t\t<\/dt><\/dl><dl class='gallery-item'>\n\t\t\t<dt class='gallery-icon landscape'>\n\t\t\t\t<a href='https:\/\/www.visit-ulcinj.com\/blog\/wp-content\/uploads\/2010\/12\/restorantet-ne-bun_ulqin.jpg'><img width=\"150\" height=\"150\" src=\"https:\/\/www.visit-ulcinj.com\/blog\/wp-content\/uploads\/2010\/12\/restorantet-ne-bun_ulqin-150x150.jpg\" class=\"attachment-thumbnail size-thumbnail\" alt=\"\" loading=\"lazy\" \/><\/a>\n\t\t\t<\/dt><\/dl><br style=\"clear: both\" \/>\n\t\t<\/div>\n<br \/>\n<\/strong><!--YouTube Error: bad URL entered--><\/p>\n","protected":false},"excerpt":{"rendered":"<p>Ulqin, 4 dhjetor &#8211; Niveli i ujit n\u00eb liqenin e Shkodr\u00ebs, e me k\u00ebt\u00eb edhe n\u00eb lumin Buna vazhdon t\u00eb rritet, jeta n\u00eb zonat e p\u00ebrmbytura po b\u00ebhet gjithnj\u00eb e m\u00eb kritike n\u00eb Ulqin edhe n\u00eb Tuz. Fshatrat m\u00eb t\u00eb rrezikuara n\u00eb territorin e komun\u00ebs s\u00eb Ulqinit jan\u00eb at\u00eb pran\u00eb lumit Buna n\u00eb zon\u00ebn e [&hellip;]<\/p>\n","protected":false},"author":1,"featured_media":0,"comment_status":"open","ping_status":"closed","sticky":false,"template":"","format":"standard","meta":{"spay_email":"","jetpack_publicize_message":"","jetpack_is_tweetstorm":false,"jetpack_publicize_feature_enabled":true},"categories":[10],"tags":[14351,3505,212,14352,14349,14353,3510,16449,3502,14354,12340,14355,509,16216,16481,14356,3516,14357,3511,16477,10203,3504,14358,3220,16214,5688,16249,14359,3506,3499,14360,14361,3509,16210,16211,14362,14363,3507,14655,3717,3500,1762,4625,3228,14364,4855,13230,3512,16489,16212,11648,95,14365,3227,14366,3513,14348,16478,16479,4642,3514,16476,15931,14367,13203,3501,14368,14369,14370,10472,2083,3231,14371,3617,16202,3508,14372,3503,14373,14374,3515,16487,5589,16215,3498,2800,15160,14375,2088,16480,200,16486,18,16488,16213,14376],"jetpack_publicize_connections":[],"yoast_head":"<!-- This site is optimized with the Yoast SEO plugin v19.1 - https:\/\/yoast.com\/wordpress\/plugins\/seo\/ -->\n<title>P\u00ebrmbytjet n\u00eb katunde e komun\u00ebs s\u00eb Ulqinit e Tuzit - Video - Lajme nga Ulqini<\/title>\n<meta name=\"description\" content=\"Ulqin, 4 dhjetor - Niveli i ujit n\u00eb liqenin e Shkodr\u00ebs, e me k\u00ebt\u00eb edhe n\u00eb lumin Buna vazhdon t\u00eb rritet, jeta n\u00eb zonat e p\u00ebrmbytura po b\u00ebhet gjithnj\u00eb e m\u00eb\" \/>\n<meta name=\"robots\" content=\"index, follow, max-snippet:-1, max-image-preview:large, max-video-preview:-1\" \/>\n<link rel=\"canonical\" href=\"https:\/\/www.visit-ulcinj.com\/blog\/2010\/12\/05\/permbytjet-ne-katunde-e-komunes-se-ulqinit-e-tuzit-video\/\" \/>\n<meta property=\"og:locale\" content=\"en_US\" \/>\n<meta property=\"og:type\" content=\"article\" \/>\n<meta property=\"og:title\" content=\"P\u00ebrmbytjet n\u00eb katunde e komun\u00ebs s\u00eb Ulqinit e Tuzit - Video - Lajme nga Ulqini\" \/>\n<meta property=\"og:description\" content=\"Ulqin, 4 dhjetor - Niveli i ujit n\u00eb liqenin e Shkodr\u00ebs, e me k\u00ebt\u00eb edhe n\u00eb lumin Buna vazhdon t\u00eb rritet, jeta n\u00eb zonat e p\u00ebrmbytura po b\u00ebhet gjithnj\u00eb e m\u00eb\" \/>\n<meta property=\"og:url\" content=\"https:\/\/www.visit-ulcinj.com\/blog\/2010\/12\/05\/permbytjet-ne-katunde-e-komunes-se-ulqinit-e-tuzit-video\/\" \/>\n<meta property=\"og:site_name\" content=\"Lajme nga Ulqini\" \/>\n<meta property=\"article:published_time\" content=\"2010-12-05T07:11:13+00:00\" \/>\n<meta property=\"article:modified_time\" content=\"2010-12-05T18:08:33+00:00\" \/>\n<meta property=\"og:image\" content=\"https:\/\/www.visit-ulcinj.com\/blog\/wp-content\/uploads\/2010\/12\/Zonat-e-p\u00ebrmbytura-n\u00eb-Ulqin-150x150.jpg\" \/>\n<meta name=\"twitter:label1\" content=\"Written by\" \/>\n\t<meta name=\"twitter:data1\" content=\"ulqini\" \/>\n\t<meta name=\"twitter:label2\" content=\"Est. reading time\" \/>\n\t<meta name=\"twitter:data2\" content=\"2 minutes\" \/>\n<script type=\"application\/ld+json\" class=\"yoast-schema-graph\">{\"@context\":\"https:\/\/schema.org\",\"@graph\":[{\"@type\":\"WebSite\",\"@id\":\"https:\/\/www.visit-ulcinj.com\/blog\/#website\",\"url\":\"https:\/\/www.visit-ulcinj.com\/blog\/\",\"name\":\"Lajme nga Ulqini\",\"description\":\"Lajme,Vijesti,Ulqini,Ulqin,Crna Gora,Mali i Zi\",\"potentialAction\":[{\"@type\":\"SearchAction\",\"target\":{\"@type\":\"EntryPoint\",\"urlTemplate\":\"https:\/\/www.visit-ulcinj.com\/blog\/?s={search_term_string}\"},\"query-input\":\"required name=search_term_string\"}],\"inLanguage\":\"en-US\"},{\"@type\":\"WebPage\",\"@id\":\"https:\/\/www.visit-ulcinj.com\/blog\/2010\/12\/05\/permbytjet-ne-katunde-e-komunes-se-ulqinit-e-tuzit-video\/#webpage\",\"url\":\"https:\/\/www.visit-ulcinj.com\/blog\/2010\/12\/05\/permbytjet-ne-katunde-e-komunes-se-ulqinit-e-tuzit-video\/\",\"name\":\"P\u00ebrmbytjet n\u00eb katunde e komun\u00ebs s\u00eb Ulqinit e Tuzit - Video - Lajme nga Ulqini\",\"isPartOf\":{\"@id\":\"https:\/\/www.visit-ulcinj.com\/blog\/#website\"},\"datePublished\":\"2010-12-05T07:11:13+00:00\",\"dateModified\":\"2010-12-05T18:08:33+00:00\",\"author\":{\"@id\":\"https:\/\/www.visit-ulcinj.com\/blog\/#\/schema\/person\/dcab619c614d3038751c63bc2aadc06d\"},\"description\":\"Ulqin, 4 dhjetor - Niveli i ujit n\u00eb liqenin e Shkodr\u00ebs, e me k\u00ebt\u00eb edhe n\u00eb lumin Buna vazhdon t\u00eb rritet, jeta n\u00eb zonat e p\u00ebrmbytura po b\u00ebhet gjithnj\u00eb e m\u00eb\",\"breadcrumb\":{\"@id\":\"https:\/\/www.visit-ulcinj.com\/blog\/2010\/12\/05\/permbytjet-ne-katunde-e-komunes-se-ulqinit-e-tuzit-video\/#breadcrumb\"},\"inLanguage\":\"en-US\",\"potentialAction\":[{\"@type\":\"ReadAction\",\"target\":[\"https:\/\/www.visit-ulcinj.com\/blog\/2010\/12\/05\/permbytjet-ne-katunde-e-komunes-se-ulqinit-e-tuzit-video\/\"]}]},{\"@type\":\"BreadcrumbList\",\"@id\":\"https:\/\/www.visit-ulcinj.com\/blog\/2010\/12\/05\/permbytjet-ne-katunde-e-komunes-se-ulqinit-e-tuzit-video\/#breadcrumb\",\"itemListElement\":[{\"@type\":\"ListItem\",\"position\":1,\"name\":\"P\u00ebrmbytjet n\u00eb katunde e komun\u00ebs s\u00eb Ulqinit e Tuzit &#8211; Video\"}]},{\"@type\":\"Person\",\"@id\":\"https:\/\/www.visit-ulcinj.com\/blog\/#\/schema\/person\/dcab619c614d3038751c63bc2aadc06d\",\"name\":\"ulqini\",\"sameAs\":[\"http:\/\/www.visit-ulcinj.com\"],\"url\":\"https:\/\/www.visit-ulcinj.com\/blog\/author\/admin\/\"}]}<\/script>\n<!-- \/ Yoast SEO plugin. -->","yoast_head_json":{"title":"P\u00ebrmbytjet n\u00eb katunde e komun\u00ebs s\u00eb Ulqinit e Tuzit - Video - Lajme nga Ulqini","description":"Ulqin, 4 dhjetor - Niveli i ujit n\u00eb liqenin e Shkodr\u00ebs, e me k\u00ebt\u00eb edhe n\u00eb lumin Buna vazhdon t\u00eb rritet, jeta n\u00eb zonat e p\u00ebrmbytura po b\u00ebhet gjithnj\u00eb e m\u00eb","robots":{"index":"index","follow":"follow","max-snippet":"max-snippet:-1","max-image-preview":"max-image-preview:large","max-video-preview":"max-video-preview:-1"},"canonical":"https:\/\/www.visit-ulcinj.com\/blog\/2010\/12\/05\/permbytjet-ne-katunde-e-komunes-se-ulqinit-e-tuzit-video\/","og_locale":"en_US","og_type":"article","og_title":"P\u00ebrmbytjet n\u00eb katunde e komun\u00ebs s\u00eb Ulqinit e Tuzit - Video - Lajme nga Ulqini","og_description":"Ulqin, 4 dhjetor - Niveli i ujit n\u00eb liqenin e Shkodr\u00ebs, e me k\u00ebt\u00eb edhe n\u00eb lumin Buna vazhdon t\u00eb rritet, jeta n\u00eb zonat e p\u00ebrmbytura po b\u00ebhet gjithnj\u00eb e m\u00eb","og_url":"https:\/\/www.visit-ulcinj.com\/blog\/2010\/12\/05\/permbytjet-ne-katunde-e-komunes-se-ulqinit-e-tuzit-video\/","og_site_name":"Lajme nga Ulqini","article_published_time":"2010-12-05T07:11:13+00:00","article_modified_time":"2010-12-05T18:08:33+00:00","og_image":[{"url":"https:\/\/www.visit-ulcinj.com\/blog\/wp-content\/uploads\/2010\/12\/Zonat-e-p\u00ebrmbytura-n\u00eb-Ulqin-150x150.jpg"}],"twitter_misc":{"Written by":"ulqini","Est. reading time":"2 minutes"},"schema":{"@context":"https:\/\/schema.org","@graph":[{"@type":"WebSite","@id":"https:\/\/www.visit-ulcinj.com\/blog\/#website","url":"https:\/\/www.visit-ulcinj.com\/blog\/","name":"Lajme nga Ulqini","description":"Lajme,Vijesti,Ulqini,Ulqin,Crna Gora,Mali i Zi","potentialAction":[{"@type":"SearchAction","target":{"@type":"EntryPoint","urlTemplate":"https:\/\/www.visit-ulcinj.com\/blog\/?s={search_term_string}"},"query-input":"required name=search_term_string"}],"inLanguage":"en-US"},{"@type":"WebPage","@id":"https:\/\/www.visit-ulcinj.com\/blog\/2010\/12\/05\/permbytjet-ne-katunde-e-komunes-se-ulqinit-e-tuzit-video\/#webpage","url":"https:\/\/www.visit-ulcinj.com\/blog\/2010\/12\/05\/permbytjet-ne-katunde-e-komunes-se-ulqinit-e-tuzit-video\/","name":"P\u00ebrmbytjet n\u00eb katunde e komun\u00ebs s\u00eb Ulqinit e Tuzit - Video - Lajme nga Ulqini","isPartOf":{"@id":"https:\/\/www.visit-ulcinj.com\/blog\/#website"},"datePublished":"2010-12-05T07:11:13+00:00","dateModified":"2010-12-05T18:08:33+00:00","author":{"@id":"https:\/\/www.visit-ulcinj.com\/blog\/#\/schema\/person\/dcab619c614d3038751c63bc2aadc06d"},"description":"Ulqin, 4 dhjetor - Niveli i ujit n\u00eb liqenin e Shkodr\u00ebs, e me k\u00ebt\u00eb edhe n\u00eb lumin Buna vazhdon t\u00eb rritet, jeta n\u00eb zonat e p\u00ebrmbytura po b\u00ebhet gjithnj\u00eb e m\u00eb","breadcrumb":{"@id":"https:\/\/www.visit-ulcinj.com\/blog\/2010\/12\/05\/permbytjet-ne-katunde-e-komunes-se-ulqinit-e-tuzit-video\/#breadcrumb"},"inLanguage":"en-US","potentialAction":[{"@type":"ReadAction","target":["https:\/\/www.visit-ulcinj.com\/blog\/2010\/12\/05\/permbytjet-ne-katunde-e-komunes-se-ulqinit-e-tuzit-video\/"]}]},{"@type":"BreadcrumbList","@id":"https:\/\/www.visit-ulcinj.com\/blog\/2010\/12\/05\/permbytjet-ne-katunde-e-komunes-se-ulqinit-e-tuzit-video\/#breadcrumb","itemListElement":[{"@type":"ListItem","position":1,"name":"P\u00ebrmbytjet n\u00eb katunde e komun\u00ebs s\u00eb Ulqinit e Tuzit &#8211; Video"}]},{"@type":"Person","@id":"https:\/\/www.visit-ulcinj.com\/blog\/#\/schema\/person\/dcab619c614d3038751c63bc2aadc06d","name":"ulqini","sameAs":["http:\/\/www.visit-ulcinj.com"],"url":"https:\/\/www.visit-ulcinj.com\/blog\/author\/admin\/"}]}},"jetpack_featured_media_url":"","jetpack_sharing_enabled":true,"jetpack_shortlink":"https:\/\/wp.me\/pe6lTn-ayp","_links":{"self":[{"href":"https:\/\/www.visit-ulcinj.com\/blog\/wp-json\/wp\/v2\/posts\/40573"}],"collection":[{"href":"https:\/\/www.visit-ulcinj.com\/blog\/wp-json\/wp\/v2\/posts"}],"about":[{"href":"https:\/\/www.visit-ulcinj.com\/blog\/wp-json\/wp\/v2\/types\/post"}],"author":[{"embeddable":true,"href":"https:\/\/www.visit-ulcinj.com\/blog\/wp-json\/wp\/v2\/users\/1"}],"replies":[{"embeddable":true,"href":"https:\/\/www.visit-ulcinj.com\/blog\/wp-json\/wp\/v2\/comments?post=40573"}],"version-history":[{"count":0,"href":"https:\/\/www.visit-ulcinj.com\/blog\/wp-json\/wp\/v2\/posts\/40573\/revisions"}],"wp:attachment":[{"href":"https:\/\/www.visit-ulcinj.com\/blog\/wp-json\/wp\/v2\/media?parent=40573"}],"wp:term":[{"taxonomy":"category","embeddable":true,"href":"https:\/\/www.visit-ulcinj.com\/blog\/wp-json\/wp\/v2\/categories?post=40573"},{"taxonomy":"post_tag","embeddable":true,"href":"https:\/\/www.visit-ulcinj.com\/blog\/wp-json\/wp\/v2\/tags?post=40573"}],"curies":[{"name":"wp","href":"https:\/\/api.w.org\/{rel}","templated":true}]}}