{"id":40588,"date":"2010-12-05T17:13:42","date_gmt":"2010-12-05T16:13:42","guid":{"rendered":"http:\/\/www.visit-ulcinj.com\/blog\/?p=40588"},"modified":"2010-12-05T17:13:42","modified_gmt":"2010-12-05T16:13:42","slug":"interviste-me-naser-cobajkryetar-i-shoqates-ana-e-malit-ne-new-york","status":"publish","type":"post","link":"https:\/\/www.visit-ulcinj.com\/blog\/2010\/12\/05\/interviste-me-naser-cobajkryetar-i-shoqates-ana-e-malit-ne-new-york\/","title":{"rendered":"Intervist\u00eb me Naser \u00c7obaj,Kryetar i Shoqates Ana e Malit n\u00eb New York"},"content":{"rendered":"<p><em><strong><a href=\"http:\/\/www.visit-ulcinj.com\/blog\/wp-content\/uploads\/2010\/12\/Naser-CobajKryetar-i-Shoqates-Ana-e-Malit-n\u00eb-New-York.jpg\"><img loading=\"lazy\" class=\"alignleft size-full wp-image-40589\" title=\"Naser Cobaj,Kryetar i Shoqates Ana e Malit n\u00eb New York\" src=\"http:\/\/www.visit-ulcinj.com\/blog\/wp-content\/uploads\/2010\/12\/Naser-CobajKryetar-i-Shoqates-Ana-e-Malit-n\u00eb-New-York.jpg\" alt=\"\" width=\"490\" height=\"380\" \/><\/a>IIlyria: Keto dite shoqata &#8220;Ana eMalit&#8221; qe ju e drejtoni organizoi nj\u00eb forum biznesi n\u00eb Staten Island, NY. cili ishte qellimi i k\u00ebtij organizimi dhe \u00e7far\u00eb rezultate u arriten?<\/strong><\/em><\/p>\n<p><strong>N. \u00c7obaj:<\/strong> Pasi qe organizata jone fusheveprimin e saj e ka te fokusuar ne diaspore dhe vendlindje, ky ishte nje prej aktiviteteve te cilin e ka organizuar shoqata per bashkepunim me komunitetin. Qellimi i ketij takimi ishte krijimi i nje forme te re te bashkepunimit me pronaret e bizneseve, profesionistet dhe studentet. Kjo eshte bere nisur nga fakti se gershetimi i pervojave, kapitalit si edhe potenciali intelektual e profesional mund te ndihmoje shoqaten per te realizuar synimin e saj ne realizimin e misionit te cilin ajo e ka ne ruajtjen e indentitetit dhe mundesine e krijimit te rrjetit te bashkepunimit i cili do te ishte i karakterit reciprok per te gjithe pjesemarresit. Ne takimin e pare jemi munduar te prekim tri tema te cilat jane elaboruar nga Avokat i ri Gentian Gjoni &#8211; &#8220;Rinia dhe ruajtja e trashigimise&#8221;, Shpresa Suka Hopper &#8211; &#8220;Roli i Komunitetit dhe ngritja e fondeve&#8221; dhe Cafo Boga &#8211; &#8220;Ana e Malit mundesi e pashfrytezuar e biznesit&#8221;. Gjat ketij takimi u arrit qe te shkembehen mendime dhe u diskutua per projekte konkrete qe mund te realizohen gjate vitit ne vijim.<\/p>\n<p><em><strong>IIlyria: Na thoni nje histori te shoqates &#8220;Ana e Malit&#8221;. Kur u themelua dhe \u00e7fare programi ka ajo?<\/strong><\/em><strong><\/strong><\/p>\n<p><strong>N.\u00c7obaj:<\/strong> Shoqata Ana e Malit, e cila mban emrin e treves autoktone shqiptare ne mes te Ulqinit dhe Shkodres, eshte regjistruar si shoqate jo-perfituese prane shtetit te Nju Jorkut. Themelimi i shoqates eshte b\u00ebre ne janar te vitit 1994. Ishte kjo koha kur filloi shperbetja e ish-Jugosllavise, kur situata e popullates shqiptare u keqesua pa mase dhe si rezulltat i saj erdhi deri te aktivizimi spontan i komunitetit duke u organizuar ne shoqate.<br \/>\nAktiviteti i pare i saj ishte mbledhja e fondeve per nxenes, studente dhe te vobeket. Programi i shoqates, si\u00e7 e ceka edhe me lart, eshte i segmentuar ne komunitet dhe vendlindje. Angazhimi jone ne komunitet eshte i perqendruar ne sensibilizimin e nevojes per te ruajtur kulturen dhe identitetin tone kombetar, si edhe te jemi te organizuar ne artikullimin e kerkesave dhe nevojave qe i ka diaspora ne ruajtjen e pasurise se patundshme apo investimeve ne vendlindje. Dhe disa here e kam thene, se eshte gabim qe diaspora te trajtohet si &#8220;Kryq i Kuq&#8221; vetem per ndihma humanitare. Ne tentimet tona per inkuadrimin e diaspores ne zhvillimin e qendrueshem te Komunes se Ulqinit, deri tani nuk kemi hase ne perkrahje nga subjektet politike dhe administrata lokale, edhe pse eshte fakt se diaspora nga Ana e Malit eshte pronare e ndoshta diku rreth 40% te pasurise se patundshme ne vendlindje. Kurse segmenti i dyte i programit te shoqates eshte ndihma ndaj vendlindjes. Koncepti te cilin shoqata do te mundohet ta aplikoje eshte ne nivelin humanitar, kulturor, investues dhe politik. Keto kater fusha jane ngushte te nderlidhura, ku nese ekzistron vullneti dhe klima politike, atehere eshte lehte te investohet, gje qe krijon mjete per ruajtjen e identitetit dhe eliminon nevojen humanitare. E kemi cekur disa here: Uliqini dhe Ana e Malit i kane te gjitha potencialet qe te jene zona te zhvilluara dhe te jene terheqese edhe per mergimtaret qe te investojne, apo te kthehen ne vendlindje, por kusht i pare eshte vullneti i faktorve politik dhe i administrates lokale.<\/p>\n<p><em><strong>Illyria: Cilatjane te arriturat e shoqates?<\/strong><\/em><strong><\/strong><\/p>\n<p><strong>N. \u00c7obaj:<\/strong> Shoqata me aktivitetet e saj ka kontribuar ne organizimin e komunitetit, permes organizimit te manifestimeve kombetare, piknikut, takimeve me komunitetin, si edhe ka ndihmuar te varferit, edukimin, kulturen dhe sportin ne vendlindje. Po ashtu vlene per tu permendur edhe fushata per ndihme financiare te luftes per \u00e7lirimin e Kosoves, ku ajo kontribuoi me diku rreth 300 mije dollare. Illyria: Sa banore nga Ana e Malit ka n\u00eb Amerik\u00eb dhe me se merren kryesisht? N. Gobaj: Ne si shoqate kemi filluar regjistrimin e familjeve nga Ana e Malit, i cili proces akoma vazhdon, por ne baze te disa analizave jane diku prej 3500 deri ne 5000 banore. Duke u nisur nga identifikimi i migrimit ne tre ekzoduse te shqiptareve nga treva jone ajo para vitit 1981, pas vitit 1981 si edhe koha e shperberjes se ish-Jugosllavise, ne kemi te bejme me tre grupacione, i pari ekonomik, i dyti mund te indentifikohet si politik dhe grupacioni i trete qe eshte rinia ne mase te madhe e eila largohet nen presionin e rekrutimit per lufte. Deri sa ne grupin e pare kemi popullaten e cila eshte marre me sherbime, grupi i dyte dhe i trete paraqet nje angazhim me masovik te shqiptareve ne \u00e7eljen e bizneseve te vogla si edhe edukimin e punesimin e tyre ne firma prestigjioze, apo \u00e7eljen e sherbimeve profesionale private.<\/p>\n<p><em><strong>Illyria: Sa e p\u00ebrkrahin ata shoqat\u00ebt tuaj?<\/strong><\/em><strong><\/strong><\/p>\n<p><strong>N. \u00c7obaj:<\/strong> Si \u00e7do aktivitet probono edhe ne kemi peripetit\u00eb tona, por gradualisht me qartsimin e aktiviteteve tona eshte paraqitur edhe nje interesim me i madh i komunitetit ne perkrahje te shoqates dhe inkurajuese eshte se kemi nje fryme te re te rinise e cila ka lindur ne SHBA, dhe e cila dita dites eshte me e interesuar te jete pjese e shoqates dhe angazhimeve tona ne komunitet.<\/p>\n<p><em><strong>Illyria: Ana e Malit per \u00e7do vit organizon festimin e 28 Nentorit. Si do ta kremtoni sivjet kete feste komb\u00ebtare?<\/strong><\/em><strong><\/strong><\/p>\n<p>N. <strong>\u00c7<\/strong>obaj: Shoqata Ana e Malit prej viteve 90-ta, e ka festuar tradicionalisht Festen e Flamurit dhe spontanisht eshte bere tradite qe njekohesisht te jete edhe darka e shoqates. Prandaj edhe sivjet shoqata ne hashkepunim me komunitetin nga Ana e Malit dhe mysafire do te organizoje manifestimin e saj ne Staten Island, ku eshte edhe i perqendruar komuniteti Anamalas. Kemi pasur disa kritika, se gjoja shqiptaret duhet te jene te bashkuar ne nje manifestim. Dhe personalisht nuk jam kunder nje manifestimi qendror, por do te ishte jo-reale qe te plotesohen nevojat e nje kornuniteti prej 200 mije shqiptareve, me nje lokal, prandaj une do te kisha dashur te apeloj te te gjitha shoqatat qe \u00e7do 28 Nentor gjate dites te organizohet tradicionalisht nje akademi solemne nga te gjitha shoqatat dhe Konsullata e Shqiperise, kurse secila shoqate sa me masovikisht me ate berthamen e vet te festoj kete dite te shenjte te popullit tone.<\/p>\n<p><strong>Gazeta Illyria<br \/>\n<\/strong><\/p>\n","protected":false},"excerpt":{"rendered":"<p>IIlyria: Keto dite shoqata &#8220;Ana eMalit&#8221; qe ju e drejtoni organizoi nj\u00eb forum biznesi n\u00eb Staten Island, NY. cili ishte qellimi i k\u00ebtij organizimi dhe \u00e7far\u00eb rezultate u arriten? N. \u00c7obaj: Pasi qe organizata jone fusheveprimin e saj e ka te fokusuar ne diaspore dhe vendlindje, ky ishte nje prej aktiviteteve te cilin e ka [&hellip;]<\/p>\n","protected":false},"author":1,"featured_media":0,"comment_status":"open","ping_status":"closed","sticky":false,"template":"","format":"standard","meta":{"spay_email":"","jetpack_publicize_message":"","jetpack_is_tweetstorm":false,"jetpack_publicize_feature_enabled":true},"categories":[5],"tags":[14351,3505,212,14352,14349,14353,3510,3502,14354,12340,14355,16216,14356,3516,14357,3511,3504,14358,3220,16214,8966,16491,14359,3506,3499,14360,14361,3509,16210,16211,14362,14363,3507,14655,3717,3500,1762,4625,16490,3228,14364,22008,13230,3512,16212,95,14365,3227,14366,3513,14348,1082,4642,3514,14367,3501,14368,14369,14370,10472,2083,3231,14371,3617,16202,3508,14372,3503,14373,14374,3515,16215,3498,2800,15160,14375,200,18,1388,16213,14376],"jetpack_publicize_connections":[],"yoast_head":"<!-- This site is optimized with the Yoast SEO plugin v19.1 - https:\/\/yoast.com\/wordpress\/plugins\/seo\/ -->\n<title>Intervist\u00eb me Naser \u00c7obaj,Kryetar i Shoqates Ana e Malit n\u00eb New York - Lajme nga Ulqini<\/title>\n<meta name=\"description\" content=\"IIlyria: Keto dite shoqata &quot;Ana eMalit&quot; qe ju e drejtoni organizoi nj\u00eb forum biznesi n\u00eb Staten Island, NY. cili ishte qellimi i k\u00ebtij organizimi dhe \u00e7far\u00eb\" \/>\n<meta name=\"robots\" content=\"index, follow, max-snippet:-1, max-image-preview:large, max-video-preview:-1\" \/>\n<link rel=\"canonical\" href=\"https:\/\/www.visit-ulcinj.com\/blog\/2010\/12\/05\/interviste-me-naser-cobajkryetar-i-shoqates-ana-e-malit-ne-new-york\/\" \/>\n<meta property=\"og:locale\" content=\"en_US\" \/>\n<meta property=\"og:type\" content=\"article\" \/>\n<meta property=\"og:title\" content=\"Intervist\u00eb me Naser \u00c7obaj,Kryetar i Shoqates Ana e Malit n\u00eb New York - Lajme nga Ulqini\" \/>\n<meta property=\"og:description\" content=\"IIlyria: Keto dite shoqata &quot;Ana eMalit&quot; qe ju e drejtoni organizoi nj\u00eb forum biznesi n\u00eb Staten Island, NY. cili ishte qellimi i k\u00ebtij organizimi dhe \u00e7far\u00eb\" \/>\n<meta property=\"og:url\" content=\"https:\/\/www.visit-ulcinj.com\/blog\/2010\/12\/05\/interviste-me-naser-cobajkryetar-i-shoqates-ana-e-malit-ne-new-york\/\" \/>\n<meta property=\"og:site_name\" content=\"Lajme nga Ulqini\" \/>\n<meta property=\"article:published_time\" content=\"2010-12-05T16:13:42+00:00\" \/>\n<meta name=\"twitter:label1\" content=\"Written by\" \/>\n\t<meta name=\"twitter:data1\" content=\"ulqini\" \/>\n\t<meta name=\"twitter:label2\" content=\"Est. reading time\" \/>\n\t<meta name=\"twitter:data2\" content=\"5 minutes\" \/>\n<script type=\"application\/ld+json\" class=\"yoast-schema-graph\">{\"@context\":\"https:\/\/schema.org\",\"@graph\":[{\"@type\":\"WebSite\",\"@id\":\"https:\/\/www.visit-ulcinj.com\/blog\/#website\",\"url\":\"https:\/\/www.visit-ulcinj.com\/blog\/\",\"name\":\"Lajme nga Ulqini\",\"description\":\"Lajme,Vijesti,Ulqini,Ulqin,Crna Gora,Mali i Zi\",\"potentialAction\":[{\"@type\":\"SearchAction\",\"target\":{\"@type\":\"EntryPoint\",\"urlTemplate\":\"https:\/\/www.visit-ulcinj.com\/blog\/?s={search_term_string}\"},\"query-input\":\"required name=search_term_string\"}],\"inLanguage\":\"en-US\"},{\"@type\":\"WebPage\",\"@id\":\"https:\/\/www.visit-ulcinj.com\/blog\/2010\/12\/05\/interviste-me-naser-cobajkryetar-i-shoqates-ana-e-malit-ne-new-york\/#webpage\",\"url\":\"https:\/\/www.visit-ulcinj.com\/blog\/2010\/12\/05\/interviste-me-naser-cobajkryetar-i-shoqates-ana-e-malit-ne-new-york\/\",\"name\":\"Intervist\u00eb me Naser \u00c7obaj,Kryetar i Shoqates Ana e Malit n\u00eb New York - Lajme nga Ulqini\",\"isPartOf\":{\"@id\":\"https:\/\/www.visit-ulcinj.com\/blog\/#website\"},\"datePublished\":\"2010-12-05T16:13:42+00:00\",\"dateModified\":\"2010-12-05T16:13:42+00:00\",\"author\":{\"@id\":\"https:\/\/www.visit-ulcinj.com\/blog\/#\/schema\/person\/dcab619c614d3038751c63bc2aadc06d\"},\"description\":\"IIlyria: Keto dite shoqata \\\"Ana eMalit\\\" qe ju e drejtoni organizoi nj\u00eb forum biznesi n\u00eb Staten Island, NY. cili ishte qellimi i k\u00ebtij organizimi dhe \u00e7far\u00eb\",\"breadcrumb\":{\"@id\":\"https:\/\/www.visit-ulcinj.com\/blog\/2010\/12\/05\/interviste-me-naser-cobajkryetar-i-shoqates-ana-e-malit-ne-new-york\/#breadcrumb\"},\"inLanguage\":\"en-US\",\"potentialAction\":[{\"@type\":\"ReadAction\",\"target\":[\"https:\/\/www.visit-ulcinj.com\/blog\/2010\/12\/05\/interviste-me-naser-cobajkryetar-i-shoqates-ana-e-malit-ne-new-york\/\"]}]},{\"@type\":\"BreadcrumbList\",\"@id\":\"https:\/\/www.visit-ulcinj.com\/blog\/2010\/12\/05\/interviste-me-naser-cobajkryetar-i-shoqates-ana-e-malit-ne-new-york\/#breadcrumb\",\"itemListElement\":[{\"@type\":\"ListItem\",\"position\":1,\"name\":\"Intervist\u00eb me Naser \u00c7obaj,Kryetar i Shoqates Ana e Malit n\u00eb New York\"}]},{\"@type\":\"Person\",\"@id\":\"https:\/\/www.visit-ulcinj.com\/blog\/#\/schema\/person\/dcab619c614d3038751c63bc2aadc06d\",\"name\":\"ulqini\",\"sameAs\":[\"http:\/\/www.visit-ulcinj.com\"],\"url\":\"https:\/\/www.visit-ulcinj.com\/blog\/author\/admin\/\"}]}<\/script>\n<!-- \/ Yoast SEO plugin. -->","yoast_head_json":{"title":"Intervist\u00eb me Naser \u00c7obaj,Kryetar i Shoqates Ana e Malit n\u00eb New York - Lajme nga Ulqini","description":"IIlyria: Keto dite shoqata \"Ana eMalit\" qe ju e drejtoni organizoi nj\u00eb forum biznesi n\u00eb Staten Island, NY. cili ishte qellimi i k\u00ebtij organizimi dhe \u00e7far\u00eb","robots":{"index":"index","follow":"follow","max-snippet":"max-snippet:-1","max-image-preview":"max-image-preview:large","max-video-preview":"max-video-preview:-1"},"canonical":"https:\/\/www.visit-ulcinj.com\/blog\/2010\/12\/05\/interviste-me-naser-cobajkryetar-i-shoqates-ana-e-malit-ne-new-york\/","og_locale":"en_US","og_type":"article","og_title":"Intervist\u00eb me Naser \u00c7obaj,Kryetar i Shoqates Ana e Malit n\u00eb New York - Lajme nga Ulqini","og_description":"IIlyria: Keto dite shoqata \"Ana eMalit\" qe ju e drejtoni organizoi nj\u00eb forum biznesi n\u00eb Staten Island, NY. cili ishte qellimi i k\u00ebtij organizimi dhe \u00e7far\u00eb","og_url":"https:\/\/www.visit-ulcinj.com\/blog\/2010\/12\/05\/interviste-me-naser-cobajkryetar-i-shoqates-ana-e-malit-ne-new-york\/","og_site_name":"Lajme nga Ulqini","article_published_time":"2010-12-05T16:13:42+00:00","twitter_misc":{"Written by":"ulqini","Est. reading time":"5 minutes"},"schema":{"@context":"https:\/\/schema.org","@graph":[{"@type":"WebSite","@id":"https:\/\/www.visit-ulcinj.com\/blog\/#website","url":"https:\/\/www.visit-ulcinj.com\/blog\/","name":"Lajme nga Ulqini","description":"Lajme,Vijesti,Ulqini,Ulqin,Crna Gora,Mali i Zi","potentialAction":[{"@type":"SearchAction","target":{"@type":"EntryPoint","urlTemplate":"https:\/\/www.visit-ulcinj.com\/blog\/?s={search_term_string}"},"query-input":"required name=search_term_string"}],"inLanguage":"en-US"},{"@type":"WebPage","@id":"https:\/\/www.visit-ulcinj.com\/blog\/2010\/12\/05\/interviste-me-naser-cobajkryetar-i-shoqates-ana-e-malit-ne-new-york\/#webpage","url":"https:\/\/www.visit-ulcinj.com\/blog\/2010\/12\/05\/interviste-me-naser-cobajkryetar-i-shoqates-ana-e-malit-ne-new-york\/","name":"Intervist\u00eb me Naser \u00c7obaj,Kryetar i Shoqates Ana e Malit n\u00eb New York - Lajme nga Ulqini","isPartOf":{"@id":"https:\/\/www.visit-ulcinj.com\/blog\/#website"},"datePublished":"2010-12-05T16:13:42+00:00","dateModified":"2010-12-05T16:13:42+00:00","author":{"@id":"https:\/\/www.visit-ulcinj.com\/blog\/#\/schema\/person\/dcab619c614d3038751c63bc2aadc06d"},"description":"IIlyria: Keto dite shoqata \"Ana eMalit\" qe ju e drejtoni organizoi nj\u00eb forum biznesi n\u00eb Staten Island, NY. cili ishte qellimi i k\u00ebtij organizimi dhe \u00e7far\u00eb","breadcrumb":{"@id":"https:\/\/www.visit-ulcinj.com\/blog\/2010\/12\/05\/interviste-me-naser-cobajkryetar-i-shoqates-ana-e-malit-ne-new-york\/#breadcrumb"},"inLanguage":"en-US","potentialAction":[{"@type":"ReadAction","target":["https:\/\/www.visit-ulcinj.com\/blog\/2010\/12\/05\/interviste-me-naser-cobajkryetar-i-shoqates-ana-e-malit-ne-new-york\/"]}]},{"@type":"BreadcrumbList","@id":"https:\/\/www.visit-ulcinj.com\/blog\/2010\/12\/05\/interviste-me-naser-cobajkryetar-i-shoqates-ana-e-malit-ne-new-york\/#breadcrumb","itemListElement":[{"@type":"ListItem","position":1,"name":"Intervist\u00eb me Naser \u00c7obaj,Kryetar i Shoqates Ana e Malit n\u00eb New York"}]},{"@type":"Person","@id":"https:\/\/www.visit-ulcinj.com\/blog\/#\/schema\/person\/dcab619c614d3038751c63bc2aadc06d","name":"ulqini","sameAs":["http:\/\/www.visit-ulcinj.com"],"url":"https:\/\/www.visit-ulcinj.com\/blog\/author\/admin\/"}]}},"jetpack_featured_media_url":"","jetpack_sharing_enabled":true,"jetpack_shortlink":"https:\/\/wp.me\/pe6lTn-ayE","_links":{"self":[{"href":"https:\/\/www.visit-ulcinj.com\/blog\/wp-json\/wp\/v2\/posts\/40588"}],"collection":[{"href":"https:\/\/www.visit-ulcinj.com\/blog\/wp-json\/wp\/v2\/posts"}],"about":[{"href":"https:\/\/www.visit-ulcinj.com\/blog\/wp-json\/wp\/v2\/types\/post"}],"author":[{"embeddable":true,"href":"https:\/\/www.visit-ulcinj.com\/blog\/wp-json\/wp\/v2\/users\/1"}],"replies":[{"embeddable":true,"href":"https:\/\/www.visit-ulcinj.com\/blog\/wp-json\/wp\/v2\/comments?post=40588"}],"version-history":[{"count":0,"href":"https:\/\/www.visit-ulcinj.com\/blog\/wp-json\/wp\/v2\/posts\/40588\/revisions"}],"wp:attachment":[{"href":"https:\/\/www.visit-ulcinj.com\/blog\/wp-json\/wp\/v2\/media?parent=40588"}],"wp:term":[{"taxonomy":"category","embeddable":true,"href":"https:\/\/www.visit-ulcinj.com\/blog\/wp-json\/wp\/v2\/categories?post=40588"},{"taxonomy":"post_tag","embeddable":true,"href":"https:\/\/www.visit-ulcinj.com\/blog\/wp-json\/wp\/v2\/tags?post=40588"}],"curies":[{"name":"wp","href":"https:\/\/api.w.org\/{rel}","templated":true}]}}